{"id":5293,"date":"2010-12-28T20:05:43","date_gmt":"2010-12-28T19:05:43","guid":{"rendered":"http:\/\/blog.zeit.de\/stoerungsmelder\/?p=5293"},"modified":"2010-12-28T20:05:43","modified_gmt":"2010-12-28T19:05:43","slug":"neonazis-beschmieren-protestburo","status":"publish","type":"post","link":"https:\/\/blog.zeit.de\/stoerungsmelder\/2010\/12\/28\/neonazis-beschmieren-protestburo_5293","title":{"rendered":"Neonazis beschmieren Protestb\u00fcro"},"content":{"rendered":"<p><a href=\"https:\/\/blog.zeit.de\/stoerungsmelder\/files\/2010\/12\/dresden.gif\"><img loading=\"lazy\" decoding=\"async\" class=\"aligncenter size-full wp-image-5237\" title=\"dresden\" src=\"https:\/\/blog.zeit.de\/stoerungsmelder\/files\/2010\/12\/dresden.gif\" alt=\"\" width=\"535\" height=\"80\" srcset=\"https:\/\/blog.zeit.de\/stoerungsmelder\/files\/2010\/12\/dresden.gif 800w, https:\/\/blog.zeit.de\/stoerungsmelder\/files\/2010\/12\/dresden-300x45.gif 300w\" sizes=\"auto, (max-width: 535px) 100vw, 535px\" \/><\/a><\/p>\n<p>Wenige Wochen vor den Massenblockaden gegen den Naziaufmarsch im Februar in Dresden versuchen Neonazis das Protestb\u00fcndnis einzusch\u00fcchtern. In der Nacht von Sonntag auf Montag wurde in Dresden das Infob\u00fcro des  B\u00fcndnis \u00bbNazifrei! &#8211; Dresden stellt sich quer\u00ab am Bischofsplatz von  bislang unbekannten T\u00e4tern mit rechten Parolen und Symbolen beschmiert.<!--more--><\/p>\n<p>\u00bbWir  lassen uns von solchen Angriffen nicht einsch\u00fcchtern\u00ab, erkl\u00e4rt  B\u00fcndnissprecherin Franziska Radtke. \u00bbAuch wenn wir leider mit derartigen  Anschl\u00e4gen rechnen m\u00fcssen: Wir mobilisieren weiter zu den Blockaden des  Naziaufmarschs nach Dresden. Eine solche Aktion macht erneut deutlich,  dass es mehr als notwendig ist, den Nazis mit kontinuierlichem und  entschlossenem Widerstand zu begegnen. Genau das werden wir im Februar  tun und die Nazis blockieren!\u00ab<\/p>\n<p>Auch w\u00e4hrend der Vorbereitung der  Blockaden im vergangen Februar gab es in Dresden <a href=\"https:\/\/blog.zeit.de\/stoerungsmelder\/2010\/08\/30\/serie-von-brandanschlagen-in-sachsen_4464\">immer wieder Anschl\u00e4ge<\/a> gegen linke L\u00e4den und Einrichtungen. Zuletzt wurden in Dresden linke  Hausprojekte und ein Geb\u00e4ude auf dem j\u00fcdischen Friedhof mit  Molotov-Cocktails von Nazis angegriffen.<\/p>\n<p>Das B\u00fcndnis \u00bbNazifrei! &#8211;  Dresden stellt sich quer\u00ab, bestehend aus antifaschistischen und  zivilgesellschaftlichen Gruppen, Gewerkschaften, Parteien, sowie Jugend-  und Studierendenverb\u00e4nden, will im Februar 2011 an den diesj\u00e4hrigen  Erfolg der Massenblockaden ankn\u00fcpfen, an denen sich mehr als 12.000  Menschen beteiligt hatten.<\/p>\n","protected":false},"excerpt":{"rendered":"<p>Wenige Wochen vor den Massenblockaden gegen den Naziaufmarsch im Februar in Dresden versuchen Neonazis das Protestb\u00fcndnis einzusch\u00fcchtern. In der Nacht von Sonntag auf Montag wurde in Dresden das Infob\u00fcro des B\u00fcndnis \u00bbNazifrei! &#8211; Dresden stellt sich quer\u00ab am Bischofsplatz von bislang unbekannten T\u00e4tern mit rechten Parolen und Symbolen beschmiert.<\/p>\n","protected":false},"author":229,"featured_media":0,"comment_status":"open","ping_status":"open","sticky":false,"template":"","format":"standard","meta":{"_jetpack_memberships_contains_paid_content":false,"footnotes":""},"categories":[1456],"tags":[1707,1752,1755,2089,1858,1859],"class_list":["post-5293","post","type-post","status-publish","format-standard","hentry","category-sachsen","tag-naziaufmarsch","tag-protest","tag-rechte-gewalt","tag-sitzblockaden","tag-zivilcourage","tag-ziviler-ungehorsam"],"yoast_head":"<!-- This site is optimized with the Yoast SEO plugin v21.0 - https:\/\/yoast.com\/wordpress\/plugins\/seo\/ -->\n<title>Neonazis beschmieren Protestb\u00fcro - St\u00f6rungsmelder<\/title>\n<meta name=\"robots\" content=\"index, follow, max-snippet:-1, max-image-preview:large, max-video-preview:-1\" \/>\n<link rel=\"canonical\" href=\"https:\/\/blog.zeit.de\/stoerungsmelder\/2010\/12\/28\/neonazis-beschmieren-protestburo_5293\" \/>\n<meta property=\"og:locale\" content=\"de_DE\" \/>\n<meta property=\"og:type\" content=\"article\" \/>\n<meta property=\"og:title\" content=\"Neonazis beschmieren Protestb\u00fcro - St\u00f6rungsmelder\" \/>\n<meta property=\"og:description\" content=\"Wenige Wochen vor den Massenblockaden gegen den Naziaufmarsch im Februar in Dresden versuchen Neonazis das Protestb\u00fcndnis einzusch\u00fcchtern. In der Nacht von Sonntag auf Montag wurde in Dresden das Infob\u00fcro des B\u00fcndnis \u00bbNazifrei! &#8211; Dresden stellt sich quer\u00ab am Bischofsplatz von bislang unbekannten T\u00e4tern mit rechten Parolen und Symbolen beschmiert.\" \/>\n<meta property=\"og:url\" content=\"https:\/\/blog.zeit.de\/stoerungsmelder\/2010\/12\/28\/neonazis-beschmieren-protestburo_5293\" \/>\n<meta property=\"og:site_name\" content=\"St\u00f6rungsmelder\" \/>\n<meta property=\"article:published_time\" content=\"2010-12-28T19:05:43+00:00\" \/>\n<meta property=\"og:image\" content=\"https:\/\/blog.zeit.de\/stoerungsmelder\/files\/2010\/12\/dresden.gif\" \/>\n<meta name=\"author\" content=\"St\u00f6rungsmelder\" \/>\n<meta name=\"twitter:card\" content=\"summary_large_image\" \/>\n<meta name=\"twitter:label1\" content=\"Geschrieben von\" \/>\n\t<meta name=\"twitter:data1\" content=\"St\u00f6rungsmelder\" \/>\n\t<meta name=\"twitter:label2\" content=\"Gesch\u00e4tzte Lesezeit\" \/>\n\t<meta name=\"twitter:data2\" content=\"1\u00a0Minute\" \/>\n<script type=\"application\/ld+json\" class=\"yoast-schema-graph\">{\"@context\":\"https:\/\/schema.org\",\"@graph\":[{\"@type\":\"WebPage\",\"@id\":\"https:\/\/blog.zeit.de\/stoerungsmelder\/2010\/12\/28\/neonazis-beschmieren-protestburo_5293\",\"url\":\"https:\/\/blog.zeit.de\/stoerungsmelder\/2010\/12\/28\/neonazis-beschmieren-protestburo_5293\",\"name\":\"Neonazis beschmieren Protestb\u00fcro - St\u00f6rungsmelder\",\"isPartOf\":{\"@id\":\"https:\/\/blog.zeit.de\/stoerungsmelder\/#website\"},\"datePublished\":\"2010-12-28T19:05:43+00:00\",\"dateModified\":\"2010-12-28T19:05:43+00:00\",\"author\":{\"@id\":\"https:\/\/blog.zeit.de\/stoerungsmelder\/#\/schema\/person\/fdd0b9818f65738672810b6d6f037f71\"},\"breadcrumb\":{\"@id\":\"https:\/\/blog.zeit.de\/stoerungsmelder\/2010\/12\/28\/neonazis-beschmieren-protestburo_5293#breadcrumb\"},\"inLanguage\":\"de\",\"potentialAction\":[{\"@type\":\"ReadAction\",\"target\":[\"https:\/\/blog.zeit.de\/stoerungsmelder\/2010\/12\/28\/neonazis-beschmieren-protestburo_5293\"]}]},{\"@type\":\"BreadcrumbList\",\"@id\":\"https:\/\/blog.zeit.de\/stoerungsmelder\/2010\/12\/28\/neonazis-beschmieren-protestburo_5293#breadcrumb\",\"itemListElement\":[{\"@type\":\"ListItem\",\"position\":1,\"name\":\"Startseite\",\"item\":\"https:\/\/blog.zeit.de\/stoerungsmelder\"},{\"@type\":\"ListItem\",\"position\":2,\"name\":\"Neonazis beschmieren Protestb\u00fcro\"}]},{\"@type\":\"WebSite\",\"@id\":\"https:\/\/blog.zeit.de\/stoerungsmelder\/#website\",\"url\":\"https:\/\/blog.zeit.de\/stoerungsmelder\/\",\"name\":\"St\u00f6rungsmelder\",\"description\":\"Recherchen und Analysen \u00fcber die extreme Rechte\",\"potentialAction\":[{\"@type\":\"SearchAction\",\"target\":{\"@type\":\"EntryPoint\",\"urlTemplate\":\"https:\/\/blog.zeit.de\/stoerungsmelder\/?s={search_term_string}\"},\"query-input\":\"required name=search_term_string\"}],\"inLanguage\":\"de\"},{\"@type\":\"Person\",\"@id\":\"https:\/\/blog.zeit.de\/stoerungsmelder\/#\/schema\/person\/fdd0b9818f65738672810b6d6f037f71\",\"name\":\"St\u00f6rungsmelder\",\"image\":{\"@type\":\"ImageObject\",\"inLanguage\":\"de\",\"@id\":\"https:\/\/blog.zeit.de\/stoerungsmelder\/#\/schema\/person\/image\/\",\"url\":\"https:\/\/secure.gravatar.com\/avatar\/dfa4be514c3e82a71e4f9a0020035d38192d080ccaa5e4e6d7a1472c763535c5?s=96&d=mm&r=pg\",\"contentUrl\":\"https:\/\/secure.gravatar.com\/avatar\/dfa4be514c3e82a71e4f9a0020035d38192d080ccaa5e4e6d7a1472c763535c5?s=96&d=mm&r=pg\",\"caption\":\"St\u00f6rungsmelder\"},\"url\":\"https:\/\/blog.zeit.de\/stoerungsmelder\/author\/stoerungsmelder\"}]}<\/script>\n<!-- \/ Yoast SEO plugin. -->","yoast_head_json":{"title":"Neonazis beschmieren Protestb\u00fcro - St\u00f6rungsmelder","robots":{"index":"index","follow":"follow","max-snippet":"max-snippet:-1","max-image-preview":"max-image-preview:large","max-video-preview":"max-video-preview:-1"},"canonical":"https:\/\/blog.zeit.de\/stoerungsmelder\/2010\/12\/28\/neonazis-beschmieren-protestburo_5293","og_locale":"de_DE","og_type":"article","og_title":"Neonazis beschmieren Protestb\u00fcro - St\u00f6rungsmelder","og_description":"Wenige Wochen vor den Massenblockaden gegen den Naziaufmarsch im Februar in Dresden versuchen Neonazis das Protestb\u00fcndnis einzusch\u00fcchtern. In der Nacht von Sonntag auf Montag wurde in Dresden das Infob\u00fcro des B\u00fcndnis \u00bbNazifrei! &#8211; Dresden stellt sich quer\u00ab am Bischofsplatz von bislang unbekannten T\u00e4tern mit rechten Parolen und Symbolen beschmiert.","og_url":"https:\/\/blog.zeit.de\/stoerungsmelder\/2010\/12\/28\/neonazis-beschmieren-protestburo_5293","og_site_name":"St\u00f6rungsmelder","article_published_time":"2010-12-28T19:05:43+00:00","og_image":[{"url":"https:\/\/blog.zeit.de\/stoerungsmelder\/files\/2010\/12\/dresden.gif"}],"author":"St\u00f6rungsmelder","twitter_card":"summary_large_image","twitter_misc":{"Geschrieben von":"St\u00f6rungsmelder","Gesch\u00e4tzte Lesezeit":"1\u00a0Minute"},"schema":{"@context":"https:\/\/schema.org","@graph":[{"@type":"WebPage","@id":"https:\/\/blog.zeit.de\/stoerungsmelder\/2010\/12\/28\/neonazis-beschmieren-protestburo_5293","url":"https:\/\/blog.zeit.de\/stoerungsmelder\/2010\/12\/28\/neonazis-beschmieren-protestburo_5293","name":"Neonazis beschmieren Protestb\u00fcro - St\u00f6rungsmelder","isPartOf":{"@id":"https:\/\/blog.zeit.de\/stoerungsmelder\/#website"},"datePublished":"2010-12-28T19:05:43+00:00","dateModified":"2010-12-28T19:05:43+00:00","author":{"@id":"https:\/\/blog.zeit.de\/stoerungsmelder\/#\/schema\/person\/fdd0b9818f65738672810b6d6f037f71"},"breadcrumb":{"@id":"https:\/\/blog.zeit.de\/stoerungsmelder\/2010\/12\/28\/neonazis-beschmieren-protestburo_5293#breadcrumb"},"inLanguage":"de","potentialAction":[{"@type":"ReadAction","target":["https:\/\/blog.zeit.de\/stoerungsmelder\/2010\/12\/28\/neonazis-beschmieren-protestburo_5293"]}]},{"@type":"BreadcrumbList","@id":"https:\/\/blog.zeit.de\/stoerungsmelder\/2010\/12\/28\/neonazis-beschmieren-protestburo_5293#breadcrumb","itemListElement":[{"@type":"ListItem","position":1,"name":"Startseite","item":"https:\/\/blog.zeit.de\/stoerungsmelder"},{"@type":"ListItem","position":2,"name":"Neonazis beschmieren Protestb\u00fcro"}]},{"@type":"WebSite","@id":"https:\/\/blog.zeit.de\/stoerungsmelder\/#website","url":"https:\/\/blog.zeit.de\/stoerungsmelder\/","name":"St\u00f6rungsmelder","description":"Recherchen und Analysen \u00fcber die extreme Rechte","potentialAction":[{"@type":"SearchAction","target":{"@type":"EntryPoint","urlTemplate":"https:\/\/blog.zeit.de\/stoerungsmelder\/?s={search_term_string}"},"query-input":"required name=search_term_string"}],"inLanguage":"de"},{"@type":"Person","@id":"https:\/\/blog.zeit.de\/stoerungsmelder\/#\/schema\/person\/fdd0b9818f65738672810b6d6f037f71","name":"St\u00f6rungsmelder","image":{"@type":"ImageObject","inLanguage":"de","@id":"https:\/\/blog.zeit.de\/stoerungsmelder\/#\/schema\/person\/image\/","url":"https:\/\/secure.gravatar.com\/avatar\/dfa4be514c3e82a71e4f9a0020035d38192d080ccaa5e4e6d7a1472c763535c5?s=96&d=mm&r=pg","contentUrl":"https:\/\/secure.gravatar.com\/avatar\/dfa4be514c3e82a71e4f9a0020035d38192d080ccaa5e4e6d7a1472c763535c5?s=96&d=mm&r=pg","caption":"St\u00f6rungsmelder"},"url":"https:\/\/blog.zeit.de\/stoerungsmelder\/author\/stoerungsmelder"}]}},"jetpack_featured_media_url":"","jetpack_sharing_enabled":true,"_links":{"self":[{"href":"https:\/\/blog.zeit.de\/stoerungsmelder\/wp-json\/wp\/v2\/posts\/5293","targetHints":{"allow":["GET"]}}],"collection":[{"href":"https:\/\/blog.zeit.de\/stoerungsmelder\/wp-json\/wp\/v2\/posts"}],"about":[{"href":"https:\/\/blog.zeit.de\/stoerungsmelder\/wp-json\/wp\/v2\/types\/post"}],"author":[{"embeddable":true,"href":"https:\/\/blog.zeit.de\/stoerungsmelder\/wp-json\/wp\/v2\/users\/229"}],"replies":[{"embeddable":true,"href":"https:\/\/blog.zeit.de\/stoerungsmelder\/wp-json\/wp\/v2\/comments?post=5293"}],"version-history":[{"count":3,"href":"https:\/\/blog.zeit.de\/stoerungsmelder\/wp-json\/wp\/v2\/posts\/5293\/revisions"}],"predecessor-version":[{"id":5296,"href":"https:\/\/blog.zeit.de\/stoerungsmelder\/wp-json\/wp\/v2\/posts\/5293\/revisions\/5296"}],"wp:attachment":[{"href":"https:\/\/blog.zeit.de\/stoerungsmelder\/wp-json\/wp\/v2\/media?parent=5293"}],"wp:term":[{"taxonomy":"category","embeddable":true,"href":"https:\/\/blog.zeit.de\/stoerungsmelder\/wp-json\/wp\/v2\/categories?post=5293"},{"taxonomy":"post_tag","embeddable":true,"href":"https:\/\/blog.zeit.de\/stoerungsmelder\/wp-json\/wp\/v2\/tags?post=5293"}],"curies":[{"name":"wp","href":"https:\/\/api.w.org\/{rel}","templated":true}]}}