{"id":535,"date":"2008-11-04T09:45:22","date_gmt":"2008-11-04T08:45:22","guid":{"rendered":"http:\/\/blog.zeit.de\/stoerungsmelder\/?p=535"},"modified":"2008-11-04T09:45:22","modified_gmt":"2008-11-04T08:45:22","slug":"totalitarismus-als-absorption-der-zivilgesellschaft-antonio-gramsci-hannah-arendt-und-der-italienische-faschismus","status":"publish","type":"post","link":"https:\/\/blog.zeit.de\/stoerungsmelder\/2008\/11\/04\/totalitarismus-als-absorption-der-zivilgesellschaft-antonio-gramsci-hannah-arendt-und-der-italienische-faschismus_535","title":{"rendered":"Totalitarismus als Absorption der Zivilgesellschaft: Antonio Gramsci, Hannah Arendt und der italienische Faschismus"},"content":{"rendered":"<p>Auf Basis seine Zivilgesellschaftstheorie und vor dem historischen Hintergrund des italienischen Faschismus hat es der Kommunist Antonio Gramsci (1891-1937)\u00a0 als einer der ersten Intellektuellen zu einer eigenen Theorie des Totalitarismus gebracht. Zum Verst\u00e4ndnis dieses theoretischen Ansatzes sind vor allem zwei Begriffe von Bedeutung \u2013 eben der Begriff der \u201eZivilgesellschaft\u201c sowie der der \u201epassiven Revolution\u201d. <!--more--><\/p>\n<p>Gramsci wurde im Jahr 1926 unter der faschistischen Herrschaft Mussolinis verhaftet und verfasste im Kerker seine ber\u00fchmten \u201eGef\u00e4ngnishefte\u201c (1929ff). In diesen stellte er sich u.a. die Frage, warum ausgerechnet im r\u00fcckst\u00e4ndigen Russland im Jahr 1917 mit der \u201eOktoberrevolution\u201c eine proletarische Revolution siegreich sein konnte, w\u00e4hrend diese im entwickelten Westen auf sich warten lie\u00df. Als Antwort auf diese Frage verweist Gramsci auf die Zivilgesellschaft (societ\u00e0 civile). In den entwickelten L\u00e4ndern habe sich oberhalb der \u00f6konomischen Struktur und unterhalb des Staates ein Bereich freiwilliger politischer Initiative entwickelt, eben die Zivilgesellschaft. Diese besteht aus zahlreichen Vereinigungen aus den Bereichen Kultur und Sport, aber auch aus den Gewerkschaften und der Presse, soweit diese meinungsbildende Effekte hervorruft. Gramsci versteht unter \u201eZivilgesellschaft\u201c letztlich all jene freiwilligen Bet\u00e4tigungen und Vereinigungen, die auf meinungsbildende und herrschaftssichernde Prozesse Einfluss nehmen. Diese fungierten, so Gramsci in den \u201eGef\u00e4ngnisheften, als \u201eSch\u00fctzengraben\u201c der westlichen Demokratien.<\/p>\n<p>Eine M\u00f6glichkeit, in diesem \u201eSch\u00fctzengraben\u201c feindliche Krieger\u00a0 auszuschalten und das kapitalistische System zu erhalten, ist nach Gramsci dabei die \u201epassive Revolution\u201c. Hierunter versteht er eine politische Strategie, mit deren Hilfe die hegemoniale Position der f\u00fchrenden Gruppe trotz massiver Pr\u00e4senz oppositioneller Kr\u00e4fte aufrechterhalten wird. Hierzu eignet sich die f\u00fchrende Gruppe Momente des politischen Programms der oppositionellen an und versucht au\u00dferdem, deren Intellektuelle abzuwerben: \u201eIn diesem Sinne ist die politische F\u00fchrung zu einem Aspekt der Herrschaftsfunktion geworden, insofern die Absorption der Eliten der feindlichen Gruppen zu deren Enthauptung and Vernichtung f\u00fcr einen oftmals sehr langen Zeitraum f\u00fchrt.\u201d So kommt es laut Gramsci zu einer ,,Revolution ohne Revolution\u201d, ,,ohne Terreur\u201d, zu einer ,,passiven Revolution\u201d (Heft 19, \u00a7 24) \u2013 also letztlich einer Systemstabilisierung.<\/p>\n<p>Auf dieser Grundlage charakterisiert er den italienischen Faschismus als erste totalit\u00e4re politische Bewegung, die eine passive Revolution zu etablieren versucht. Unter ,,totalit\u00e4r\u201d (totalitaria) versteht Gramsci dabei eine politische Bewegung, deren Ziel die Abschaffung der Zivilgesellschaft, also des Raums des politischen Handelns jenseits des Staates ist: ,,Der moderne Staat ersetzt den mechanischen Block der gesellschaftlichen Gruppen durch ihre Unterordnung unter die aktive Hegemonie der f\u00fchrenden and herrschenden Gruppe, beseitigt folglich einige Selbst\u00e4ndigkeiten, die jedoch in anderen Formen, als Parteien, Gewerkschaften, Bildungsvereine wiedererstehen. Die zeitgen\u00f6ssischen Diktaturen beseitigen auf legale Weise auch diese neuen Formen von Selbst\u00e4ndigkeit und bem\u00fchen sich, sie der staatlichen Aktivit\u00e4t einzuverleiben: die legale Zentralisierung des gesamten nationalen Lebens in den H\u00e4nden der herrschenden Gruppe wird ,totalit\u00e4r\u2019.\u201d (Heft 25, \u00a7 4).<\/p>\n<p>Diese Absorption der Zivilgesellschaft in den Staat f\u00fchrt zum Niedergang des parlamentarischen Systems, das von Gramsci als Zugest\u00e4ndnis des Staates an die Zivilgesellschaft interpretiert wird (Heft 15, \u00a7 47). Mit der Wandlung zum totalit\u00e4ren Regime wandelt sich au\u00dferdem die Funktion des \u201emodernen F\u00fcrsten\u201d Partei. Sie wird vom Subjekt der politischen Aktion haupts\u00e4chlich in das Objekt staatlicher Initiative verwandelt: ,,M. [Mussolini, M.B.] bedient sich des Staates, um die Partei zu beherrschen, und der Partei nur teilweise und in schwierigen Augenblicken, um den Staat zu beherrschen.\u201d (Heft 2, \u00a7 75) Mit dem Verschwinden anderer legaler Parteien und damit der Zivilgesellschaft als Ort politischen Handelns verliert auch die f\u00fchrende totalit\u00e4re Partei ihren politischen Charakter im eigentlichen Sinne: Ihre Funktionen sind ,,nunmehr technische der Propaganda, der Polizei, des moralischen and kulturellen Einflusses.[&#8230;] Die politischen Fragen kleiden sich in kulturelle Formen und werden als solche unl\u00f6sbar.\u201d (Heft 17, \u00a7 37)<\/p>\n<p>Als ,,passive Revolution\u201d des 20. Jahrhunderts bezeichnet Gramsci den italienischen Faschismus deshalb, weil er die Forderungen nach einer programmatisch-regulierten \u00d6konomie von der sozialistischen Bewegung \u00fcbernimmt und sie auf seine Weise in den Staat transferiert. Er nimmt der sozialistischen Bewegung so ihre programmatische Durchschlagskraft und enthauptet sie intellektuell, um die b\u00fcrgerliche Ordnung, so Gramscis Auffassung, dem Grundsatz nach aufrecht zu erhalten. Die individualistische Ordnung wird in einer \u201eplangem\u00e4\u00dfe \u00d6konomie (gelenkte Wirtschaft) transformiert\u201c (Heft 8, \u00a7 23)<\/p>\n<p>Geradezu verbl\u00fcffend sind dabei die Parallelen, die sich hinsichtlich des Begriffs des Totalit\u00e4ren zwischen Antonio Gramsci und Hannah Arendt ergeben. Ebenso wie Gramsci sieht es Arendt als das Kernmerkmal totalit\u00e4rer Gesellschaften an, dass sie den \u00f6ffentlich-politischen Raum zwischen den Menschen, der ihnen das Zusammenhandeln erst erm\u00f6glichen k\u00f6nnte, zerst\u00f6ren. F\u00fcr diesen Zwischenraum, den Gramsci ,,Zivilgesellschaft\u201d nennt, hat Arendt keinen speziellen Begriff und dennoch sind beide Konzepte auf dieser Allgemeinheitsebene sachlich identisch: ,,Das Wesentliche der totalit\u00e4ren Herrschaft liegt also [&#8230;] darin, [&#8230;] da\u00df der Raum des Handelns, und dies allein ist die Wirklichkeit der Freiheit, verschwindet.\u201d (\u201eElemente und Urspr\u00fcnge totaler Herrschaft\u201c, 1955) Das f\u00fcr den Menschen eigent\u00fcmliche Verm\u00f6gen, gemeinsam mit anderen Menschen zu handeln, kann sich in der totalit\u00e4ren Gesellschaft folglich nicht mehr entfalten; es kommt damit zu einer Dehumanisierung.<\/p>\n<p>Allerdings besteht auch ein spezifischer Unterschied zur Theorie Gramscis. Dieser stirbt bekannterma\u00dfen zu fr\u00fch, um die negativen H\u00f6henpunkte totalit\u00e4rer Herrschaft noch zu erleben. So kann er nicht mehr reflektieren, welche Rolle der Terror in den totalit\u00e4ren Gesellschaften des 20. Jahrhunderts spielt. ,,Totalit\u00e4re Herrschaft wird wahrhaft total in dem Augenblick \u2013 und sie pflegt sich dieser Leistung auch immer geb\u00fchrend zu r\u00fchmen \u2013 wenn sie das privat-gesellschaftliche Leben der ihr Unterworfenen in das eiserne Band des Terrors spannt.\u201d, so Arendt. Nachdem also die Zivilgesellschaft als Ort der Politik vom Staat absorbiert ist, geht das totalit\u00e4re Regime in einer zweiten Etappe mit Hilfe des Terrors dazu \u00fcber, auch noch jedwede private Beziehung zwischen den Menschen aufzuheben. Damit werden selbst die Bedingungen zur m\u00f6glichen Rekonstruktion der Zivilgesellschaft destruiert.<\/p>\n<p>Zu Recht hat allerdings Alex Demirovic darauf hingewiesen, dass totalit\u00e4re Gesellschaften auch als \u201ev\u00f6llig \u00fcberpolitisierte Gesellschaften\u201d (\u201eDemokratie und Herrschaft\u201c, 1997) interpretiert werden k\u00f6nnen. Gerade ein totalit\u00e4res System f\u00fchrt dazu, dass die Menschen permanent mit Fragen der \u00d6ffentlichkeit und insofern auch mit Politik konfrontiert sind, wenngleich sowohl Arendt als auch Gramsci der Auffassung gewesen sein d\u00fcrften, dass der Gegenstand totalit\u00e4rer Propaganda und ,,Politik\u201d gerade nicht genuin politisch ist. Totalit\u00e4re Gesellschaften k\u00f6nnten folglich auch umgekehrt als Systeme interpretiert werden, in denen nicht die Politik, sondern das Recht, sich der Politik zu enthalten, abgeschafft ist. Wenn also Gramscis and Arendts Totalitarismustheorien dennoch berechtigt sein sollen, muss ein weiterer Begriff hervorgehoben werden, n\u00e4mlich der der Freiheit: Politik ersch\u00f6pft sich dann ganz im Geiste Arendts nicht in der Beschreibung dessen, was im \u00f6ffentlichen Raum verhandelt wird, sondern erhielte eine normative Konnotation, deren Grundlage im Begriff der Freiheit zu finden ist. Was nicht unter den Bedingungen von Freiheit and Freiwilligkeit geschieht, k\u00f6nnte demnach nicht politisch genannt werden; und in diesem Sinne w\u00e4re es v\u00f6llig angemessen davon zu sprechen, dass totalit\u00e4re Gesellschaften solche sind, in denen die Zivilgesellschaft als Raum der \u00f6ffentlichen Freiheit zerst\u00f6rt ist.<\/p>\n<p><a href=\"http:\/\/www.endstation-rechts.de\/index.php?option=com_content&amp;view=article&amp;id=2295\"><img decoding=\"async\" src=\"http:\/\/www.endstation-rechts.de\/er-logo.gif\" border=\"0\" alt=\"ER\" hspace=\"10\" vspace=\"5\" width=\"50\" align=\"left\" \/><\/a><br \/>\nweitere Informationen: <a href=\"http:\/\/www.endstation-rechts.de\/index.php?option=com_content&amp;view=article&amp;id=2295\">http:\/\/www.endstation-rechts.de<\/a><\/p>\n","protected":false},"excerpt":{"rendered":"<p>Auf Basis seine Zivilgesellschaftstheorie und vor dem historischen Hintergrund des italienischen Faschismus hat es der Kommunist Antonio Gramsci (1891-1937)\u00a0 als einer der ersten Intellektuellen zu einer eigenen Theorie des Totalitarismus gebracht. Zum Verst\u00e4ndnis dieses theoretischen Ansatzes sind vor allem zwei Begriffe von Bedeutung \u2013 eben der Begriff der \u201eZivilgesellschaft\u201c sowie der der \u201epassiven Revolution\u201d.<\/p>\n","protected":false},"author":239,"featured_media":0,"comment_status":"open","ping_status":"open","sticky":false,"template":"","format":"standard","meta":{"_jetpack_memberships_contains_paid_content":false,"footnotes":""},"categories":[1515],"tags":[1558],"class_list":["post-535","post","type-post","status-publish","format-standard","hentry","category-bundesweit","tag-faschismus"],"yoast_head":"<!-- This site is optimized with the Yoast SEO plugin v21.0 - https:\/\/yoast.com\/wordpress\/plugins\/seo\/ -->\n<title>Totalitarismus als Absorption der Zivilgesellschaft: Antonio Gramsci, Hannah Arendt und der italienische Faschismus - St\u00f6rungsmelder<\/title>\n<meta name=\"robots\" content=\"index, follow, max-snippet:-1, max-image-preview:large, max-video-preview:-1\" \/>\n<link rel=\"canonical\" href=\"https:\/\/blog.zeit.de\/stoerungsmelder\/2008\/11\/04\/totalitarismus-als-absorption-der-zivilgesellschaft-antonio-gramsci-hannah-arendt-und-der-italienische-faschismus_535\" \/>\n<meta property=\"og:locale\" content=\"de_DE\" \/>\n<meta property=\"og:type\" content=\"article\" \/>\n<meta property=\"og:title\" content=\"Totalitarismus als Absorption der Zivilgesellschaft: Antonio Gramsci, Hannah Arendt und der italienische Faschismus - St\u00f6rungsmelder\" \/>\n<meta property=\"og:description\" content=\"Auf Basis seine Zivilgesellschaftstheorie und vor dem historischen Hintergrund des italienischen Faschismus hat es der Kommunist Antonio Gramsci (1891-1937)\u00a0 als einer der ersten Intellektuellen zu einer eigenen Theorie des Totalitarismus gebracht. Zum Verst\u00e4ndnis dieses theoretischen Ansatzes sind vor allem zwei Begriffe von Bedeutung \u2013 eben der Begriff der \u201eZivilgesellschaft\u201c sowie der der \u201epassiven Revolution\u201d.\" \/>\n<meta property=\"og:url\" content=\"https:\/\/blog.zeit.de\/stoerungsmelder\/2008\/11\/04\/totalitarismus-als-absorption-der-zivilgesellschaft-antonio-gramsci-hannah-arendt-und-der-italienische-faschismus_535\" \/>\n<meta property=\"og:site_name\" content=\"St\u00f6rungsmelder\" \/>\n<meta property=\"article:published_time\" content=\"2008-11-04T08:45:22+00:00\" \/>\n<meta property=\"og:image\" content=\"http:\/\/www.endstation-rechts.de\/er-logo.gif\" \/>\n<meta name=\"author\" content=\"Mathias Brodkorb\" \/>\n<meta name=\"twitter:card\" content=\"summary_large_image\" \/>\n<meta name=\"twitter:label1\" content=\"Geschrieben von\" \/>\n\t<meta name=\"twitter:data1\" content=\"Mathias Brodkorb\" \/>\n\t<meta name=\"twitter:label2\" content=\"Gesch\u00e4tzte Lesezeit\" \/>\n\t<meta name=\"twitter:data2\" content=\"6\u00a0Minuten\" \/>\n<script type=\"application\/ld+json\" class=\"yoast-schema-graph\">{\"@context\":\"https:\/\/schema.org\",\"@graph\":[{\"@type\":\"WebPage\",\"@id\":\"https:\/\/blog.zeit.de\/stoerungsmelder\/2008\/11\/04\/totalitarismus-als-absorption-der-zivilgesellschaft-antonio-gramsci-hannah-arendt-und-der-italienische-faschismus_535\",\"url\":\"https:\/\/blog.zeit.de\/stoerungsmelder\/2008\/11\/04\/totalitarismus-als-absorption-der-zivilgesellschaft-antonio-gramsci-hannah-arendt-und-der-italienische-faschismus_535\",\"name\":\"Totalitarismus als Absorption der Zivilgesellschaft: Antonio Gramsci, Hannah Arendt und der italienische Faschismus - St\u00f6rungsmelder\",\"isPartOf\":{\"@id\":\"https:\/\/blog.zeit.de\/stoerungsmelder\/#website\"},\"datePublished\":\"2008-11-04T08:45:22+00:00\",\"dateModified\":\"2008-11-04T08:45:22+00:00\",\"author\":{\"@id\":\"https:\/\/blog.zeit.de\/stoerungsmelder\/#\/schema\/person\/dfe941804ae69466e49dbc5cd6f1beca\"},\"breadcrumb\":{\"@id\":\"https:\/\/blog.zeit.de\/stoerungsmelder\/2008\/11\/04\/totalitarismus-als-absorption-der-zivilgesellschaft-antonio-gramsci-hannah-arendt-und-der-italienische-faschismus_535#breadcrumb\"},\"inLanguage\":\"de\",\"potentialAction\":[{\"@type\":\"ReadAction\",\"target\":[\"https:\/\/blog.zeit.de\/stoerungsmelder\/2008\/11\/04\/totalitarismus-als-absorption-der-zivilgesellschaft-antonio-gramsci-hannah-arendt-und-der-italienische-faschismus_535\"]}]},{\"@type\":\"BreadcrumbList\",\"@id\":\"https:\/\/blog.zeit.de\/stoerungsmelder\/2008\/11\/04\/totalitarismus-als-absorption-der-zivilgesellschaft-antonio-gramsci-hannah-arendt-und-der-italienische-faschismus_535#breadcrumb\",\"itemListElement\":[{\"@type\":\"ListItem\",\"position\":1,\"name\":\"Startseite\",\"item\":\"https:\/\/blog.zeit.de\/stoerungsmelder\"},{\"@type\":\"ListItem\",\"position\":2,\"name\":\"Totalitarismus als Absorption der Zivilgesellschaft: Antonio Gramsci, Hannah Arendt und der italienische Faschismus\"}]},{\"@type\":\"WebSite\",\"@id\":\"https:\/\/blog.zeit.de\/stoerungsmelder\/#website\",\"url\":\"https:\/\/blog.zeit.de\/stoerungsmelder\/\",\"name\":\"St\u00f6rungsmelder\",\"description\":\"Recherchen und Analysen \u00fcber die extreme Rechte\",\"potentialAction\":[{\"@type\":\"SearchAction\",\"target\":{\"@type\":\"EntryPoint\",\"urlTemplate\":\"https:\/\/blog.zeit.de\/stoerungsmelder\/?s={search_term_string}\"},\"query-input\":\"required name=search_term_string\"}],\"inLanguage\":\"de\"},{\"@type\":\"Person\",\"@id\":\"https:\/\/blog.zeit.de\/stoerungsmelder\/#\/schema\/person\/dfe941804ae69466e49dbc5cd6f1beca\",\"name\":\"Mathias Brodkorb\",\"image\":{\"@type\":\"ImageObject\",\"inLanguage\":\"de\",\"@id\":\"https:\/\/blog.zeit.de\/stoerungsmelder\/#\/schema\/person\/image\/\",\"url\":\"https:\/\/secure.gravatar.com\/avatar\/3b19999ee4389202766a7fbbf21812f28592ca91b09b4b11ad962b1f3e8f7e25?s=96&d=mm&r=pg\",\"contentUrl\":\"https:\/\/secure.gravatar.com\/avatar\/3b19999ee4389202766a7fbbf21812f28592ca91b09b4b11ad962b1f3e8f7e25?s=96&d=mm&r=pg\",\"caption\":\"Mathias Brodkorb\"},\"url\":\"https:\/\/blog.zeit.de\/stoerungsmelder\/author\/mathias-brodkorb\"}]}<\/script>\n<!-- \/ Yoast SEO plugin. -->","yoast_head_json":{"title":"Totalitarismus als Absorption der Zivilgesellschaft: Antonio Gramsci, Hannah Arendt und der italienische Faschismus - St\u00f6rungsmelder","robots":{"index":"index","follow":"follow","max-snippet":"max-snippet:-1","max-image-preview":"max-image-preview:large","max-video-preview":"max-video-preview:-1"},"canonical":"https:\/\/blog.zeit.de\/stoerungsmelder\/2008\/11\/04\/totalitarismus-als-absorption-der-zivilgesellschaft-antonio-gramsci-hannah-arendt-und-der-italienische-faschismus_535","og_locale":"de_DE","og_type":"article","og_title":"Totalitarismus als Absorption der Zivilgesellschaft: Antonio Gramsci, Hannah Arendt und der italienische Faschismus - St\u00f6rungsmelder","og_description":"Auf Basis seine Zivilgesellschaftstheorie und vor dem historischen Hintergrund des italienischen Faschismus hat es der Kommunist Antonio Gramsci (1891-1937)\u00a0 als einer der ersten Intellektuellen zu einer eigenen Theorie des Totalitarismus gebracht. Zum Verst\u00e4ndnis dieses theoretischen Ansatzes sind vor allem zwei Begriffe von Bedeutung \u2013 eben der Begriff der \u201eZivilgesellschaft\u201c sowie der der \u201epassiven Revolution\u201d.","og_url":"https:\/\/blog.zeit.de\/stoerungsmelder\/2008\/11\/04\/totalitarismus-als-absorption-der-zivilgesellschaft-antonio-gramsci-hannah-arendt-und-der-italienische-faschismus_535","og_site_name":"St\u00f6rungsmelder","article_published_time":"2008-11-04T08:45:22+00:00","og_image":[{"url":"http:\/\/www.endstation-rechts.de\/er-logo.gif"}],"author":"Mathias Brodkorb","twitter_card":"summary_large_image","twitter_misc":{"Geschrieben von":"Mathias Brodkorb","Gesch\u00e4tzte Lesezeit":"6\u00a0Minuten"},"schema":{"@context":"https:\/\/schema.org","@graph":[{"@type":"WebPage","@id":"https:\/\/blog.zeit.de\/stoerungsmelder\/2008\/11\/04\/totalitarismus-als-absorption-der-zivilgesellschaft-antonio-gramsci-hannah-arendt-und-der-italienische-faschismus_535","url":"https:\/\/blog.zeit.de\/stoerungsmelder\/2008\/11\/04\/totalitarismus-als-absorption-der-zivilgesellschaft-antonio-gramsci-hannah-arendt-und-der-italienische-faschismus_535","name":"Totalitarismus als Absorption der Zivilgesellschaft: Antonio Gramsci, Hannah Arendt und der italienische Faschismus - St\u00f6rungsmelder","isPartOf":{"@id":"https:\/\/blog.zeit.de\/stoerungsmelder\/#website"},"datePublished":"2008-11-04T08:45:22+00:00","dateModified":"2008-11-04T08:45:22+00:00","author":{"@id":"https:\/\/blog.zeit.de\/stoerungsmelder\/#\/schema\/person\/dfe941804ae69466e49dbc5cd6f1beca"},"breadcrumb":{"@id":"https:\/\/blog.zeit.de\/stoerungsmelder\/2008\/11\/04\/totalitarismus-als-absorption-der-zivilgesellschaft-antonio-gramsci-hannah-arendt-und-der-italienische-faschismus_535#breadcrumb"},"inLanguage":"de","potentialAction":[{"@type":"ReadAction","target":["https:\/\/blog.zeit.de\/stoerungsmelder\/2008\/11\/04\/totalitarismus-als-absorption-der-zivilgesellschaft-antonio-gramsci-hannah-arendt-und-der-italienische-faschismus_535"]}]},{"@type":"BreadcrumbList","@id":"https:\/\/blog.zeit.de\/stoerungsmelder\/2008\/11\/04\/totalitarismus-als-absorption-der-zivilgesellschaft-antonio-gramsci-hannah-arendt-und-der-italienische-faschismus_535#breadcrumb","itemListElement":[{"@type":"ListItem","position":1,"name":"Startseite","item":"https:\/\/blog.zeit.de\/stoerungsmelder"},{"@type":"ListItem","position":2,"name":"Totalitarismus als Absorption der Zivilgesellschaft: Antonio Gramsci, Hannah Arendt und der italienische Faschismus"}]},{"@type":"WebSite","@id":"https:\/\/blog.zeit.de\/stoerungsmelder\/#website","url":"https:\/\/blog.zeit.de\/stoerungsmelder\/","name":"St\u00f6rungsmelder","description":"Recherchen und Analysen \u00fcber die extreme Rechte","potentialAction":[{"@type":"SearchAction","target":{"@type":"EntryPoint","urlTemplate":"https:\/\/blog.zeit.de\/stoerungsmelder\/?s={search_term_string}"},"query-input":"required name=search_term_string"}],"inLanguage":"de"},{"@type":"Person","@id":"https:\/\/blog.zeit.de\/stoerungsmelder\/#\/schema\/person\/dfe941804ae69466e49dbc5cd6f1beca","name":"Mathias Brodkorb","image":{"@type":"ImageObject","inLanguage":"de","@id":"https:\/\/blog.zeit.de\/stoerungsmelder\/#\/schema\/person\/image\/","url":"https:\/\/secure.gravatar.com\/avatar\/3b19999ee4389202766a7fbbf21812f28592ca91b09b4b11ad962b1f3e8f7e25?s=96&d=mm&r=pg","contentUrl":"https:\/\/secure.gravatar.com\/avatar\/3b19999ee4389202766a7fbbf21812f28592ca91b09b4b11ad962b1f3e8f7e25?s=96&d=mm&r=pg","caption":"Mathias Brodkorb"},"url":"https:\/\/blog.zeit.de\/stoerungsmelder\/author\/mathias-brodkorb"}]}},"jetpack_featured_media_url":"","jetpack_sharing_enabled":true,"_links":{"self":[{"href":"https:\/\/blog.zeit.de\/stoerungsmelder\/wp-json\/wp\/v2\/posts\/535","targetHints":{"allow":["GET"]}}],"collection":[{"href":"https:\/\/blog.zeit.de\/stoerungsmelder\/wp-json\/wp\/v2\/posts"}],"about":[{"href":"https:\/\/blog.zeit.de\/stoerungsmelder\/wp-json\/wp\/v2\/types\/post"}],"author":[{"embeddable":true,"href":"https:\/\/blog.zeit.de\/stoerungsmelder\/wp-json\/wp\/v2\/users\/239"}],"replies":[{"embeddable":true,"href":"https:\/\/blog.zeit.de\/stoerungsmelder\/wp-json\/wp\/v2\/comments?post=535"}],"version-history":[{"count":0,"href":"https:\/\/blog.zeit.de\/stoerungsmelder\/wp-json\/wp\/v2\/posts\/535\/revisions"}],"wp:attachment":[{"href":"https:\/\/blog.zeit.de\/stoerungsmelder\/wp-json\/wp\/v2\/media?parent=535"}],"wp:term":[{"taxonomy":"category","embeddable":true,"href":"https:\/\/blog.zeit.de\/stoerungsmelder\/wp-json\/wp\/v2\/categories?post=535"},{"taxonomy":"post_tag","embeddable":true,"href":"https:\/\/blog.zeit.de\/stoerungsmelder\/wp-json\/wp\/v2\/tags?post=535"}],"curies":[{"name":"wp","href":"https:\/\/api.w.org\/{rel}","templated":true}]}}