{"id":5366,"date":"2011-01-12T10:54:30","date_gmt":"2011-01-12T09:54:30","guid":{"rendered":"http:\/\/blog.zeit.de\/stoerungsmelder\/?p=5366"},"modified":"2011-01-12T10:54:30","modified_gmt":"2011-01-12T09:54:30","slug":"neonazis-in-geldnoten","status":"publish","type":"post","link":"https:\/\/blog.zeit.de\/stoerungsmelder\/2011\/01\/12\/neonazis-in-geldnoten_5366","title":{"rendered":"Neonazis in Geldn\u00f6ten"},"content":{"rendered":"<p><figure id=\"attachment_4906\" aria-describedby=\"caption-attachment-4906\" style=\"width: 540px\" class=\"wp-caption aligncenter\"><a href=\"https:\/\/blog.zeit.de\/stoerungsmelder\/files\/2010\/11\/npd-dvu-540.jpg\"><img loading=\"lazy\" decoding=\"async\" class=\"size-full wp-image-4906\" title=\"npd-dvu-540\" src=\"https:\/\/blog.zeit.de\/stoerungsmelder\/files\/2010\/11\/npd-dvu-540.jpg\" alt=\"\" width=\"540\" height=\"200\" srcset=\"https:\/\/blog.zeit.de\/stoerungsmelder\/files\/2010\/11\/npd-dvu-540.jpg 540w, https:\/\/blog.zeit.de\/stoerungsmelder\/files\/2010\/11\/npd-dvu-540-300x111.jpg 300w\" sizes=\"auto, (max-width: 540px) 100vw, 540px\" \/><\/a><figcaption id=\"caption-attachment-4906\" class=\"wp-caption-text\">Fr\u00fcher DVU-Chef, jetzt NPD-Funktion\u00e4r: Matthias Faust (r.) im Sommer beim NPD-Parteitag in Bamberg<\/figcaption><\/figure><\/p>\n<p>Ein militanter Kameradschafter aus der s\u00e4chsischen Provinz und der fr\u00fchere Bundesvorsitzende der DVU \u2013 sie vermag auf den ersten Blick nichts zu verbinden und dennoch besteht zwischen ihnen eine praktische Beziehung. Derzeit kursiert in diversen neonazistischen Blogs ein Spendenaufruf f\u00fcr das indizierte Portal \u201emittelsachsen.org\u201c. Die Spendenseite liegt auf dem Serverplatz des mittlerweile stellvertretenden NPD-Vorsitzenden Matthias Faust. Wie kommt es dazu?<!--more--><\/p>\n<p>Wie bereits im Jahr 2009 bekannt wurde, beauftragte die inzwischen mit der NPD fusionierte Neonazi-Partei DVU einen s\u00e4chsischen Kameradschafter, das Partei-Portal &#8222;Europa wehrt sich&#8220; zu gestalten. Es handelt sich dabei um Fabian Spanuth aus Mittweida in der N\u00e4he von Chemnitz. Auch sonst ist Spanuth eifrig dabei, der rechten Szene im Internet einen modernen Anstrich zu verpassen. Er bezeichnet sich selbst als Freiberufler im Bereich Mediendesign und schl\u00e4gt sich \u00fcberdies mit Nebenjobs als Security und mit anderen k\u00f6rperlichen Arbeiten durch. Der Verdacht liegt nahe, dass Spanuths finanzielles Wohl\u00a0 von seiner Auftragslage als Webdesigner abh\u00e4ngt und diese setzt sich vor allem aus Arbeiten f\u00fcr die bundesweite Neonaziszene zusammen.<\/p>\n<p>Spanuth, der viele Jahre in Rostock als Sch\u00fcler verbrachte, zeichnete sich dort schon verantwortlich f\u00fcr den Internetauftritt der Kameradschaft \u201eNS Rostock\u201c. Sp\u00e4ter zog er zur\u00fcck nach Mittweida, den Ort seiner Kindheit. Dort betrieb er zusammen mit drei weiteren Mitstreitern lange Zeit die Internetseite \u201emittelsachsen.org\u201c. Unter den Autoren befand sich unter anderem auch Tony Gerber, NPD-Kandidat aus Zwickau.<\/p>\n<p>Befl\u00fcgelt von mehr als 4000 Besuchern, erneuerte er bald das Design mehrerer Web-Pr\u00e4senzen Freier Kameradschaften aus Sachsen, welche sich 2007 unter dem Label \u201eFreies Netz\u201c zusammenschlossen. Ende 2009 wurde \u201emittelsachsen.org\u201c allerdings von der Bundespr\u00fcfstelle f\u00fcr jugendgef\u00e4hrdende Medien<strong> <\/strong>indiziert. Spanuth als Betreiber wurde verpflichtet, den Inhalt f\u00fcr Minderj\u00e4hrige unzug\u00e4nglich zu machen. Das Portal musste vom Netz genommen werden, ein Gerichtsprozess des Landkreises Mittelsachsen gegen Spanuth folgte.<\/p>\n<p>Zur gleichen Zeit im fernen Hamburg: Der Vorsitzende der sich in Aufl\u00f6sung befindenden DVU, Matthias Faust, betreibt im Stadtteil Barmbek eine Selbstbedienungsvideothek. Kunden vertrauen dem unbekannten Betreiber, ist die Videothek doch g\u00fcnstig und 24 Stunden am Tag ge\u00f6ffnet. Doch eines Tages stehen die Kunden vor verschlossenen T\u00fcren, Faust hat sein Gesch\u00e4ft aufgegeben. Noch nachdem in dem Gesch\u00e4ft in einer belebten Einkaufsstra\u00dfe bereits ein anderer Betreiber ein Lebensmittelgesch\u00e4ft er\u00f6ffnet hat, kommen \u00fcberraschte Kunden Fausts in den Laden und beschweren sich, dass sie im Voraus bezahlt haben und nun keine Videos mehr ausleihen k\u00f6nnen. Die Verk\u00e4uferin erz\u00e4hlt, der Vermieter habe nun nach einem zuverl\u00e4ssigeren Nachmieter gesucht. Auf so einen wie Faust wollte er nicht noch mal reinfallen.<\/p>\n<p>Zur\u00fcck in Mittweida: Der schriftliche Gerichtsprozess gegen Fabian Spanuth ist beendet. Der Angeklagte wird zu einer Zahlung von \u00fcber 4000 \u20ac verpflichtet, Anwaltskosten kommen noch dazu. Bezahlen kann er das von seinen Eink\u00fcnften nicht, deshalb setzt er eine Seite auf, auf der er um Spenden bittet. Er streut die Nachricht \u00fcber zahlreiche neonazistische Blogs aus dem gesamten Bundesgebiet.<\/p>\n<p>Die Spendenseite mit einem Scan des Prozessverlaufes l\u00e4dt er auf den Serverplatz von Fausts Videothek. Auf dessen Domain ist bislang kein weiterer Inhalt zu finden, schlie\u00dflich betreibt der Parteivorsitzende sein Gesch\u00e4ft schon \u00fcber ein Jahr nicht mehr. Und wof\u00fcr Spanuth keinen Auftrag bekommt, das kann er wenigstens f\u00fcr andere Zwecke einsetzen. Nun muss er auf die Solidarit\u00e4t der Volksgemeinschaft setzen. Ob diese viel aufrichtiger ist als Videothekbetreiber Faust, bleibt fraglich. Bisher sind von erbetenen 8000 Euro gerade einmal 370 Euro eingegangen.<\/p>\n","protected":false},"excerpt":{"rendered":"<p>Ein militanter Kameradschafter aus der s\u00e4chsischen Provinz und der fr\u00fchere Bundesvorsitzende der DVU \u2013 sie vermag auf den ersten Blick nichts zu verbinden und dennoch besteht zwischen ihnen eine praktische Beziehung. Derzeit kursiert in diversen neonazistischen Blogs ein Spendenaufruf f\u00fcr das indizierte Portal \u201emittelsachsen.org\u201c. Die Spendenseite liegt auf dem Serverplatz des mittlerweile stellvertretenden NPD-Vorsitzenden Matthias Faust. Wie kommt es dazu?<\/p>\n","protected":false},"author":317,"featured_media":0,"comment_status":"open","ping_status":"open","sticky":false,"template":"","format":"standard","meta":{"_jetpack_memberships_contains_paid_content":false,"footnotes":""},"categories":[90,1456],"tags":[1542,6392,1679,1716,6391],"class_list":["post-5366","post","type-post","status-publish","format-standard","hentry","category-mecklenburg-vorpommern","category-sachsen","tag-dvu","tag-fabian-spanuth","tag-matthias-faust","tag-npd","tag-tony-gerber"],"yoast_head":"<!-- This site is optimized with the Yoast SEO plugin v21.0 - https:\/\/yoast.com\/wordpress\/plugins\/seo\/ -->\n<title>Neonazis in Geldn\u00f6ten - St\u00f6rungsmelder<\/title>\n<meta name=\"robots\" content=\"index, follow, max-snippet:-1, max-image-preview:large, max-video-preview:-1\" \/>\n<link rel=\"canonical\" href=\"https:\/\/blog.zeit.de\/stoerungsmelder\/2011\/01\/12\/neonazis-in-geldnoten_5366\" \/>\n<meta property=\"og:locale\" content=\"de_DE\" \/>\n<meta property=\"og:type\" content=\"article\" \/>\n<meta property=\"og:title\" content=\"Neonazis in Geldn\u00f6ten - St\u00f6rungsmelder\" \/>\n<meta property=\"og:description\" content=\"Ein militanter Kameradschafter aus der s\u00e4chsischen Provinz und der fr\u00fchere Bundesvorsitzende der DVU \u2013 sie vermag auf den ersten Blick nichts zu verbinden und dennoch besteht zwischen ihnen eine praktische Beziehung. Derzeit kursiert in diversen neonazistischen Blogs ein Spendenaufruf f\u00fcr das indizierte Portal \u201emittelsachsen.org\u201c. Die Spendenseite liegt auf dem Serverplatz des mittlerweile stellvertretenden NPD-Vorsitzenden Matthias Faust. Wie kommt es dazu?\" \/>\n<meta property=\"og:url\" content=\"https:\/\/blog.zeit.de\/stoerungsmelder\/2011\/01\/12\/neonazis-in-geldnoten_5366\" \/>\n<meta property=\"og:site_name\" content=\"St\u00f6rungsmelder\" \/>\n<meta property=\"article:published_time\" content=\"2011-01-12T09:54:30+00:00\" \/>\n<meta property=\"og:image\" content=\"https:\/\/blog.zeit.de\/stoerungsmelder\/files\/2010\/11\/npd-dvu-540.jpg\" \/>\n<meta name=\"author\" content=\"Johannes Grunert\" \/>\n<meta name=\"twitter:card\" content=\"summary_large_image\" \/>\n<meta name=\"twitter:label1\" content=\"Geschrieben von\" \/>\n\t<meta name=\"twitter:data1\" content=\"Johannes Grunert\" \/>\n\t<meta name=\"twitter:label2\" content=\"Gesch\u00e4tzte Lesezeit\" \/>\n\t<meta name=\"twitter:data2\" content=\"3\u00a0Minuten\" \/>\n<script type=\"application\/ld+json\" class=\"yoast-schema-graph\">{\"@context\":\"https:\/\/schema.org\",\"@graph\":[{\"@type\":\"WebPage\",\"@id\":\"https:\/\/blog.zeit.de\/stoerungsmelder\/2011\/01\/12\/neonazis-in-geldnoten_5366\",\"url\":\"https:\/\/blog.zeit.de\/stoerungsmelder\/2011\/01\/12\/neonazis-in-geldnoten_5366\",\"name\":\"Neonazis in Geldn\u00f6ten - St\u00f6rungsmelder\",\"isPartOf\":{\"@id\":\"https:\/\/blog.zeit.de\/stoerungsmelder\/#website\"},\"datePublished\":\"2011-01-12T09:54:30+00:00\",\"dateModified\":\"2011-01-12T09:54:30+00:00\",\"author\":{\"@id\":\"https:\/\/blog.zeit.de\/stoerungsmelder\/#\/schema\/person\/f2babdce4ba2bf80d6135b70423c07e9\"},\"breadcrumb\":{\"@id\":\"https:\/\/blog.zeit.de\/stoerungsmelder\/2011\/01\/12\/neonazis-in-geldnoten_5366#breadcrumb\"},\"inLanguage\":\"de\",\"potentialAction\":[{\"@type\":\"ReadAction\",\"target\":[\"https:\/\/blog.zeit.de\/stoerungsmelder\/2011\/01\/12\/neonazis-in-geldnoten_5366\"]}]},{\"@type\":\"BreadcrumbList\",\"@id\":\"https:\/\/blog.zeit.de\/stoerungsmelder\/2011\/01\/12\/neonazis-in-geldnoten_5366#breadcrumb\",\"itemListElement\":[{\"@type\":\"ListItem\",\"position\":1,\"name\":\"Startseite\",\"item\":\"https:\/\/blog.zeit.de\/stoerungsmelder\"},{\"@type\":\"ListItem\",\"position\":2,\"name\":\"Neonazis in Geldn\u00f6ten\"}]},{\"@type\":\"WebSite\",\"@id\":\"https:\/\/blog.zeit.de\/stoerungsmelder\/#website\",\"url\":\"https:\/\/blog.zeit.de\/stoerungsmelder\/\",\"name\":\"St\u00f6rungsmelder\",\"description\":\"Recherchen und Analysen \u00fcber die extreme Rechte\",\"potentialAction\":[{\"@type\":\"SearchAction\",\"target\":{\"@type\":\"EntryPoint\",\"urlTemplate\":\"https:\/\/blog.zeit.de\/stoerungsmelder\/?s={search_term_string}\"},\"query-input\":\"required name=search_term_string\"}],\"inLanguage\":\"de\"},{\"@type\":\"Person\",\"@id\":\"https:\/\/blog.zeit.de\/stoerungsmelder\/#\/schema\/person\/f2babdce4ba2bf80d6135b70423c07e9\",\"name\":\"Johannes Grunert\",\"image\":{\"@type\":\"ImageObject\",\"inLanguage\":\"de\",\"@id\":\"https:\/\/blog.zeit.de\/stoerungsmelder\/#\/schema\/person\/image\/\",\"url\":\"https:\/\/secure.gravatar.com\/avatar\/81bb3d8a47bef24a9fb795ee56e925f92beda13e6a2f95c71c213d59321211ab?s=96&d=mm&r=pg\",\"contentUrl\":\"https:\/\/secure.gravatar.com\/avatar\/81bb3d8a47bef24a9fb795ee56e925f92beda13e6a2f95c71c213d59321211ab?s=96&d=mm&r=pg\",\"caption\":\"Johannes Grunert\"},\"url\":\"https:\/\/blog.zeit.de\/stoerungsmelder\/author\/johannes-grunert\"}]}<\/script>\n<!-- \/ Yoast SEO plugin. -->","yoast_head_json":{"title":"Neonazis in Geldn\u00f6ten - St\u00f6rungsmelder","robots":{"index":"index","follow":"follow","max-snippet":"max-snippet:-1","max-image-preview":"max-image-preview:large","max-video-preview":"max-video-preview:-1"},"canonical":"https:\/\/blog.zeit.de\/stoerungsmelder\/2011\/01\/12\/neonazis-in-geldnoten_5366","og_locale":"de_DE","og_type":"article","og_title":"Neonazis in Geldn\u00f6ten - St\u00f6rungsmelder","og_description":"Ein militanter Kameradschafter aus der s\u00e4chsischen Provinz und der fr\u00fchere Bundesvorsitzende der DVU \u2013 sie vermag auf den ersten Blick nichts zu verbinden und dennoch besteht zwischen ihnen eine praktische Beziehung. Derzeit kursiert in diversen neonazistischen Blogs ein Spendenaufruf f\u00fcr das indizierte Portal \u201emittelsachsen.org\u201c. Die Spendenseite liegt auf dem Serverplatz des mittlerweile stellvertretenden NPD-Vorsitzenden Matthias Faust. Wie kommt es dazu?","og_url":"https:\/\/blog.zeit.de\/stoerungsmelder\/2011\/01\/12\/neonazis-in-geldnoten_5366","og_site_name":"St\u00f6rungsmelder","article_published_time":"2011-01-12T09:54:30+00:00","og_image":[{"url":"https:\/\/blog.zeit.de\/stoerungsmelder\/files\/2010\/11\/npd-dvu-540.jpg"}],"author":"Johannes Grunert","twitter_card":"summary_large_image","twitter_misc":{"Geschrieben von":"Johannes Grunert","Gesch\u00e4tzte Lesezeit":"3\u00a0Minuten"},"schema":{"@context":"https:\/\/schema.org","@graph":[{"@type":"WebPage","@id":"https:\/\/blog.zeit.de\/stoerungsmelder\/2011\/01\/12\/neonazis-in-geldnoten_5366","url":"https:\/\/blog.zeit.de\/stoerungsmelder\/2011\/01\/12\/neonazis-in-geldnoten_5366","name":"Neonazis in Geldn\u00f6ten - St\u00f6rungsmelder","isPartOf":{"@id":"https:\/\/blog.zeit.de\/stoerungsmelder\/#website"},"datePublished":"2011-01-12T09:54:30+00:00","dateModified":"2011-01-12T09:54:30+00:00","author":{"@id":"https:\/\/blog.zeit.de\/stoerungsmelder\/#\/schema\/person\/f2babdce4ba2bf80d6135b70423c07e9"},"breadcrumb":{"@id":"https:\/\/blog.zeit.de\/stoerungsmelder\/2011\/01\/12\/neonazis-in-geldnoten_5366#breadcrumb"},"inLanguage":"de","potentialAction":[{"@type":"ReadAction","target":["https:\/\/blog.zeit.de\/stoerungsmelder\/2011\/01\/12\/neonazis-in-geldnoten_5366"]}]},{"@type":"BreadcrumbList","@id":"https:\/\/blog.zeit.de\/stoerungsmelder\/2011\/01\/12\/neonazis-in-geldnoten_5366#breadcrumb","itemListElement":[{"@type":"ListItem","position":1,"name":"Startseite","item":"https:\/\/blog.zeit.de\/stoerungsmelder"},{"@type":"ListItem","position":2,"name":"Neonazis in Geldn\u00f6ten"}]},{"@type":"WebSite","@id":"https:\/\/blog.zeit.de\/stoerungsmelder\/#website","url":"https:\/\/blog.zeit.de\/stoerungsmelder\/","name":"St\u00f6rungsmelder","description":"Recherchen und Analysen \u00fcber die extreme Rechte","potentialAction":[{"@type":"SearchAction","target":{"@type":"EntryPoint","urlTemplate":"https:\/\/blog.zeit.de\/stoerungsmelder\/?s={search_term_string}"},"query-input":"required name=search_term_string"}],"inLanguage":"de"},{"@type":"Person","@id":"https:\/\/blog.zeit.de\/stoerungsmelder\/#\/schema\/person\/f2babdce4ba2bf80d6135b70423c07e9","name":"Johannes Grunert","image":{"@type":"ImageObject","inLanguage":"de","@id":"https:\/\/blog.zeit.de\/stoerungsmelder\/#\/schema\/person\/image\/","url":"https:\/\/secure.gravatar.com\/avatar\/81bb3d8a47bef24a9fb795ee56e925f92beda13e6a2f95c71c213d59321211ab?s=96&d=mm&r=pg","contentUrl":"https:\/\/secure.gravatar.com\/avatar\/81bb3d8a47bef24a9fb795ee56e925f92beda13e6a2f95c71c213d59321211ab?s=96&d=mm&r=pg","caption":"Johannes Grunert"},"url":"https:\/\/blog.zeit.de\/stoerungsmelder\/author\/johannes-grunert"}]}},"jetpack_featured_media_url":"","jetpack_sharing_enabled":true,"_links":{"self":[{"href":"https:\/\/blog.zeit.de\/stoerungsmelder\/wp-json\/wp\/v2\/posts\/5366","targetHints":{"allow":["GET"]}}],"collection":[{"href":"https:\/\/blog.zeit.de\/stoerungsmelder\/wp-json\/wp\/v2\/posts"}],"about":[{"href":"https:\/\/blog.zeit.de\/stoerungsmelder\/wp-json\/wp\/v2\/types\/post"}],"author":[{"embeddable":true,"href":"https:\/\/blog.zeit.de\/stoerungsmelder\/wp-json\/wp\/v2\/users\/317"}],"replies":[{"embeddable":true,"href":"https:\/\/blog.zeit.de\/stoerungsmelder\/wp-json\/wp\/v2\/comments?post=5366"}],"version-history":[{"count":6,"href":"https:\/\/blog.zeit.de\/stoerungsmelder\/wp-json\/wp\/v2\/posts\/5366\/revisions"}],"predecessor-version":[{"id":5377,"href":"https:\/\/blog.zeit.de\/stoerungsmelder\/wp-json\/wp\/v2\/posts\/5366\/revisions\/5377"}],"wp:attachment":[{"href":"https:\/\/blog.zeit.de\/stoerungsmelder\/wp-json\/wp\/v2\/media?parent=5366"}],"wp:term":[{"taxonomy":"category","embeddable":true,"href":"https:\/\/blog.zeit.de\/stoerungsmelder\/wp-json\/wp\/v2\/categories?post=5366"},{"taxonomy":"post_tag","embeddable":true,"href":"https:\/\/blog.zeit.de\/stoerungsmelder\/wp-json\/wp\/v2\/tags?post=5366"}],"curies":[{"name":"wp","href":"https:\/\/api.w.org\/{rel}","templated":true}]}}