{"id":5448,"date":"2011-01-18T23:43:01","date_gmt":"2011-01-18T22:43:01","guid":{"rendered":"http:\/\/blog.zeit.de\/stoerungsmelder\/?p=5448"},"modified":"2011-01-19T19:18:22","modified_gmt":"2011-01-19T18:18:22","slug":"erscheint-die-verbotene-%e2%80%9estimme-des-gewissens%e2%80%9c-unter-anderem-namen-weiter","status":"publish","type":"post","link":"https:\/\/blog.zeit.de\/stoerungsmelder\/2011\/01\/18\/erscheint-die-verbotene-%e2%80%9estimme-des-gewissens%e2%80%9c-unter-anderem-namen-weiter_5448","title":{"rendered":"Erscheint die verbotene \u201eStimme des Gewissens\u201c unter anderem Namen weiter?"},"content":{"rendered":"<p><a href=\"https:\/\/blog.zeit.de\/stoerungsmelder\/files\/2011\/01\/haverb1.jpg\"><img loading=\"lazy\" decoding=\"async\" class=\"alignnone size-full wp-image-5449\" title=\"haverb1\" src=\"https:\/\/blog.zeit.de\/stoerungsmelder\/files\/2011\/01\/haverb1.jpg\" alt=\"\" width=\"540\" height=\"200\" srcset=\"https:\/\/blog.zeit.de\/stoerungsmelder\/files\/2011\/01\/haverb1.jpg 540w, https:\/\/blog.zeit.de\/stoerungsmelder\/files\/2011\/01\/haverb1-300x111.jpg 300w\" sizes=\"auto, (max-width: 540px) 100vw, 540px\" \/><\/a><\/p>\n<p>Die Bundesregierung sieht offenbar keinen Grund, gegen die rechtsextreme Zeitschrift \u201eStimme des Reiches\u201c rechtliche Schritte einzuleiten. Das geht aus der Antwort der Regierung auf eine Kleine Anfrage der SPD-Bundestagsfraktion hervor. Die SPD wollte damit pr\u00fcfen lassen, ob der inzwischen verbotene Verein \u201eCollegium Humanum\u201c seine indizierte Zeitschrift unter dem Namen \u201eStimme des Reiches\u201c fortf\u00fchrt. Nach Angaben des SPD-Bundestagsabgeordneten Stefan Schwartze geht die Anfrage auf eine Initiative des \u201eVlothoer B\u00fcndnis gegen das Collegium Humanum\u201c zur\u00fcck. In der nordrhein-westf\u00e4lischen Stadt hatte der Verein um die Holocaustleugnerin Ursula Haverbeck seinen Sitz.<!--more--><\/p>\n<p>Der \u201eCollegium Humanum e.V.\u201c wurde im Mai 2008 verboten, rund ein Jahr sp\u00e4ter best\u00e4tigte das Bundesverwaltungsgericht das Verbot. In der Begr\u00fcndung hie\u00df es, der Verein richte sich \u201egegen die verfassungsm\u00e4\u00dfige Ordnung der Bundesrepublik Deutschland\u201c und versto\u00dfe durch die \u201efortgesetzte Leugnung des Holocaust gegen geltendes Recht\u201c. Mit seinen T\u00e4tigkeiten und Zwecken laufe der Verein den Strafgesetzen zuwider und richte sich gegen die verfassungsm\u00e4\u00dfige Ordnung. In Artikeln der Vereinszeitschrift \u201eStimme des Gewissens\u201c sei immer wieder der Holocaust geleugnet bzw. verharmlost worden.<\/p>\n<p><strong>Holocaustleugnung in Heftform<\/strong><\/p>\n<p><figure id=\"attachment_5451\" aria-describedby=\"caption-attachment-5451\" style=\"width: 300px\" class=\"wp-caption alignleft\"><a href=\"https:\/\/blog.zeit.de\/stoerungsmelder\/files\/2011\/01\/stimme3.jpg\"><img loading=\"lazy\" decoding=\"async\" class=\"size-medium wp-image-5451\" title=\"stimme3\" src=\"https:\/\/blog.zeit.de\/stoerungsmelder\/files\/2011\/01\/stimme3-300x100.jpg\" alt=\"verbotene Zeitschrift &quot;Stimme des Gewissens&quot;\" width=\"300\" height=\"100\" srcset=\"https:\/\/blog.zeit.de\/stoerungsmelder\/files\/2011\/01\/stimme3-300x100.jpg 300w, https:\/\/blog.zeit.de\/stoerungsmelder\/files\/2011\/01\/stimme3.jpg 491w\" sizes=\"auto, (max-width: 300px) 100vw, 300px\" \/><\/a><figcaption id=\"caption-attachment-5451\" class=\"wp-caption-text\">verbotene Zeitschrift &quot;Stimme des Gewissens&quot;<\/figcaption><\/figure><\/p>\n<p>Unter dem Namen \u201eDas Reich\u201c kam bereits wenige Wochen nach dem Verbot eine neue Publikation heraus, inzwischen erscheint sie im Zweimonatsrhythmus unter dem Titel \u201eStimme des Reiches\u201c. Auch diese Zeitschrift m\u00fcsse verboten werden, fordert Schwartze und weist auf die Autoren des Heftchens hin. Sie seien zum Gro\u00dfteil Mitglieder der inzwischen  verbotenen Vereine gewesen wie dem \u201eCollegium Humanum\u201c, der \u201eBauernhilfe e.V.\u201c oder des \u201eVerein zur Rehabilitierung der wegen Bestreitens des Holocausts Verfolgten\u201c. Auch die \u201eStimme des Reiches\u201c habe im wesentlichen antisemitische Inhalte und leugne den Holocaust \u2013 trotz dieser \u00dcberschneidung wurde  bislang lediglich ein Ermittlungsverfahren wegen einer Ausgabe von Anfang des Jahres 2009 eingeleitet.<\/p>\n<p><figure id=\"attachment_5452\" aria-describedby=\"caption-attachment-5452\" style=\"width: 300px\" class=\"wp-caption alignright\"><a href=\"https:\/\/blog.zeit.de\/stoerungsmelder\/files\/2011\/01\/stimme11.jpg\"><img loading=\"lazy\" decoding=\"async\" class=\"size-medium wp-image-5452\" title=\"stimme1\" src=\"https:\/\/blog.zeit.de\/stoerungsmelder\/files\/2011\/01\/stimme11-300x244.jpg\" alt=\"&quot;Stimme des Reiches&quot; - aus alt mach neu?\" width=\"300\" height=\"244\" srcset=\"https:\/\/blog.zeit.de\/stoerungsmelder\/files\/2011\/01\/stimme11-300x244.jpg 300w, https:\/\/blog.zeit.de\/stoerungsmelder\/files\/2011\/01\/stimme11.jpg 510w\" sizes=\"auto, (max-width: 300px) 100vw, 300px\" \/><\/a><figcaption id=\"caption-attachment-5452\" class=\"wp-caption-text\">&quot;Stimme des Reiches&quot; - aus alt mach neu?<\/figcaption><\/figure><\/p>\n<p>Ein Blick in die bisher erschienen Ausgaben der \u201eStimme des Reiches\u201c st\u00fctzt diese Annahme nicht nur wegen des Layouts des 20-seitigen Heftchens, das dem der \u201eStimme des Gewissens\u201c aufs Haar gleicht. Gleiches gilt f\u00fcr die Verwendung des Begriffs Lebensschutz, dem sich die \u201eStimme des Reiches\u201c \u201ebesonders verpflichtet\u201c f\u00fchlt. Schon in der Vorg\u00e4ngerpublikation prangte der Begriff \u201eLebensschutzinformation\u201c direkt \u00fcber dem Titel. Neben den Autoren, die sich gr\u00f6\u00dftenteils aus den Reihen der 2008 verbotenen Vereine speisen bleibt auch die inhaltliche Sto\u00dfrichtung die gleiche. So findet sich in einer Nummer der \u201eStimme des Reiches\u201c aus dem Jahr 2009 erneut ein Brief von der Hauptautorin Ursula Haverbeck an die damalige Vorsitzende des Zentralrates der Juden, Charlotte Knobloch. Bereits kurz vor dem Verbot hatte die Holocaustleugnerin Knobloch unverhohlen gedroht: \u201eMachen Sie so weiter wie bisher, dann k\u00f6nnte sich ein neues Pogrom ereignen, das entsetzlich w\u00fcrde\u201c. In dem sp\u00e4ter abgedruckten Brief aus dem November 2008 hei\u00dft es nun im gewohnten Jargon: \u201eDen Holocaust zu leugnen ist in der Bundesrepublik Deutschland strafbar, weil er das gr\u00f6\u00dfte, singul\u00e4re Verbrechen darstellt, welches die Deutschen begangen haben sollen. Lange Zeit wurde das auf Auschwitz bezogen. Dort sollte nach Plan V\u00f6lkermord haben, dem Juden Opfer fielen, die mit -B vergast sein sollten, Diese These aber wurde offiziell zur\u00fcckgenommen: Der Plan war nicht zu beweisen. In den heute noch als echt gezeigten Gaskammern in Auschwitz konnten nach Aussagen von Experten aus drei verschiedenen Fakult\u00e4ten nie Vergasungen von Menschen mit Zyklon-B stattgefunden haben.\u201c In der Antwort der Bundesregierung wird diese Holocaustleugnung lakonisch mit der Bemerkung kommentiert: \u201e(es) ist zu bemerken, dass \u00fcberzeugte Aktivisten verbotener Vereine h\u00e4ufig an ihren subjektiven extremistischen \u00dcberzeugungen festhalten und diese (\u2026) zum Ausdruck bringen\u201c.<\/p>\n<p><strong>Haverbeck zu Gast bei gewaltbereiten Neonazis<\/strong><\/p>\n<p><figure id=\"attachment_5453\" aria-describedby=\"caption-attachment-5453\" style=\"width: 192px\" class=\"wp-caption alignleft\"><a href=\"https:\/\/blog.zeit.de\/stoerungsmelder\/files\/2011\/01\/haverb.jpg\"><img loading=\"lazy\" decoding=\"async\" class=\"size-medium wp-image-5453  \" title=\"haverb\" src=\"https:\/\/blog.zeit.de\/stoerungsmelder\/files\/2011\/01\/haverb-300x226.jpg\" alt=\"Ursula Haverbeck 2010 in Bad Nenndorf\" width=\"192\" height=\"145\" srcset=\"https:\/\/blog.zeit.de\/stoerungsmelder\/files\/2011\/01\/haverb-300x226.jpg 300w, https:\/\/blog.zeit.de\/stoerungsmelder\/files\/2011\/01\/haverb.jpg 900w\" sizes=\"auto, (max-width: 192px) 100vw, 192px\" \/><\/a><figcaption id=\"caption-attachment-5453\" class=\"wp-caption-text\">Ursula Haverbeck 2010 in Bad Nenndorf<\/figcaption><\/figure><\/p>\n<p>Hinweise darauf, dass Mitglieder der verbotenen Vereine \u201eimmer n\u00e4her zum militanten Neonazismus r\u00fccken\u201c (SPD Anfrage), liegen der Regierung nicht vor: \u201eEine verst\u00e4rkte Hinwendung zum militanten Neonazismus lassen sich daraus nicht ableiten\u201c, hei\u00df es in der Antwort. Dabei ist die mehrfach vorbestrafte Holocaustleugnerin Haverbeck inzwischen besonders dort gern gesehen, wo sich radikale und militante Neonazis die Klinke in die Hand geben. Ob beim geschichtsrevisionistischen Neonaziaufmarsch in Bad Nenndorf, bei einer Tagung der Jungen Nationaldemokraten im Nieders\u00e4chsischen Landkreis Diepholz oder vor gewaltbereiten Rechtsextremen in Dortmund nach einem Aufmarsch in Remagen: die \u201ebraune Ikone\u201c (Andrea R\u00f6pke) verbindet das Lager alter Holocaustleugner mit dem der militanten Neonazis. Die Antwort der Regierung ist beim SPD-Abgeordneten Schwartze auf Entt\u00e4uschung und Kritik gesto\u00dfen. \u201eLeider unzureichend\u201c nennt er die Ausf\u00fchrungen auf die Kleine Anfrage, auf manche Fragen werde gar nicht erst eingegangen. Ursula Haverbeck hingegen beruft sich in einem Kommentar auf die im Grundgesetz verankerte Pressefreiheit. Ausgerechnet die verurteilte Volksverhetzerin spricht angesichts der Forderung nach einem Verbot von einem \u201eschwerwiegenden Eingriff in die Pressefreiheit\u201c. Offensichtlich bef\u00fcrchtet sie aus Erfahrung eine neue Beschlagnahme eines der von ihr mit initiierten Projekte.<\/p>\n<p><strong>Collegium-Immobilien stehen zum Verkauf<\/strong><\/p>\n<p><figure id=\"attachment_5457\" aria-describedby=\"caption-attachment-5457\" style=\"width: 180px\" class=\"wp-caption alignright\"><a href=\"https:\/\/blog.zeit.de\/stoerungsmelder\/files\/2011\/01\/schule1.jpg\"><img loading=\"lazy\" decoding=\"async\" class=\"size-medium wp-image-5457 \" title=\"schule\" src=\"https:\/\/blog.zeit.de\/stoerungsmelder\/files\/2011\/01\/schule1-300x223.jpg\" alt=\"Schulgeb\u00e4ude zu verkaufen\" width=\"180\" height=\"134\" srcset=\"https:\/\/blog.zeit.de\/stoerungsmelder\/files\/2011\/01\/schule1-300x223.jpg 300w, https:\/\/blog.zeit.de\/stoerungsmelder\/files\/2011\/01\/schule1.jpg 534w\" sizes=\"auto, (max-width: 180px) 100vw, 180px\" \/><\/a><figcaption id=\"caption-attachment-5457\" class=\"wp-caption-text\">Schulgeb\u00e4ude zu verkaufen<\/figcaption><\/figure><\/p>\n<p>Schon nach dem Verbot des \u201eCollegium Humanum\u201c hatte die 1928 geborene Rechtsextremistin zusehen m\u00fcssen, wie die Immobilien des verbotenen Vereins beschlagnahmt worden waren. Das Schulungsgeb\u00e4ude und die landwirtschaftlichen Fl\u00e4chen waren im Oktober 2010 zum Verkauf ausgeschrieben worden. Nach Angaben des Bundesamtes f\u00fcr Immobilienaufgaben hat es mehrere seri\u00f6se Interessenten f\u00fcr das Objekt gegeben. \u00dcber einen m\u00f6glichen Verkaufszeitpunkt k\u00f6nne sie aber keine Angaben machen, sagte eine Sprecherin des Bundesverwaltungsamtes auf Anfrage. Das Amt hatte im Vorfeld \u201eentsprechende vertragliche Regelungen\u201c angek\u00fcndigt, um zu verhindern, dass das Haus wieder in die H\u00e4nde von Rechtsextremen f\u00e4llt.<\/p>\n","protected":false},"excerpt":{"rendered":"<p>Die Bundesregierung sieht offenbar keinen Grund, gegen die rechtsextreme Zeitschrift \u201eStimme des Reiches\u201c rechtliche Schritte einzuleiten. Das geht aus der Antwort der Regierung auf eine Kleine Anfrage der SPD-Bundestagsfraktion hervor. Die SPD wollte damit pr\u00fcfen lassen, ob der inzwischen verbotene Verein \u201eCollegium Humanum\u201c seine indizierte Zeitschrift unter dem Namen \u201eStimme des Reiches\u201c fortf\u00fchrt. Nach Angaben [&hellip;]<\/p>\n","protected":false},"author":254,"featured_media":0,"comment_status":"open","ping_status":"open","sticky":false,"template":"","format":"standard","meta":{"_jetpack_memberships_contains_paid_content":false,"footnotes":""},"categories":[1515,1291],"tags":[6397,1607,6398,1838],"class_list":["post-5448","post","type-post","status-publish","format-standard","hentry","category-bundesweit","category-nordrhein-westfalen","tag-collegium-humanum","tag-holocaust-leugnung","tag-ursula-haverbeck","tag-volksverhetzung"],"yoast_head":"<!-- This site is optimized with the Yoast SEO plugin v21.0 - https:\/\/yoast.com\/wordpress\/plugins\/seo\/ -->\n<title>Erscheint die verbotene \u201eStimme des Gewissens\u201c unter anderem Namen weiter? - St\u00f6rungsmelder<\/title>\n<meta name=\"robots\" content=\"index, follow, max-snippet:-1, max-image-preview:large, max-video-preview:-1\" \/>\n<link rel=\"canonical\" href=\"https:\/\/blog.zeit.de\/stoerungsmelder\/2011\/01\/18\/erscheint-die-verbotene-\u201estimme-des-gewissens\u201c-unter-anderem-namen-weiter_5448\" \/>\n<meta property=\"og:locale\" content=\"de_DE\" \/>\n<meta property=\"og:type\" content=\"article\" \/>\n<meta property=\"og:title\" content=\"Erscheint die verbotene \u201eStimme des Gewissens\u201c unter anderem Namen weiter? - St\u00f6rungsmelder\" \/>\n<meta property=\"og:description\" content=\"Die Bundesregierung sieht offenbar keinen Grund, gegen die rechtsextreme Zeitschrift \u201eStimme des Reiches\u201c rechtliche Schritte einzuleiten. Das geht aus der Antwort der Regierung auf eine Kleine Anfrage der SPD-Bundestagsfraktion hervor. Die SPD wollte damit pr\u00fcfen lassen, ob der inzwischen verbotene Verein \u201eCollegium Humanum\u201c seine indizierte Zeitschrift unter dem Namen \u201eStimme des Reiches\u201c fortf\u00fchrt. Nach Angaben [&hellip;]\" \/>\n<meta property=\"og:url\" content=\"https:\/\/blog.zeit.de\/stoerungsmelder\/2011\/01\/18\/erscheint-die-verbotene-\u201estimme-des-gewissens\u201c-unter-anderem-namen-weiter_5448\" \/>\n<meta property=\"og:site_name\" content=\"St\u00f6rungsmelder\" \/>\n<meta property=\"article:published_time\" content=\"2011-01-18T22:43:01+00:00\" \/>\n<meta property=\"article:modified_time\" content=\"2011-01-19T18:18:22+00:00\" \/>\n<meta property=\"og:image\" content=\"https:\/\/blog.zeit.de\/stoerungsmelder\/files\/2011\/01\/haverb1.jpg\" \/>\n<meta name=\"author\" content=\"Kai Budler\" \/>\n<meta name=\"twitter:card\" content=\"summary_large_image\" \/>\n<meta name=\"twitter:label1\" content=\"Geschrieben von\" \/>\n\t<meta name=\"twitter:data1\" content=\"Kai Budler\" \/>\n\t<meta name=\"twitter:label2\" content=\"Gesch\u00e4tzte Lesezeit\" \/>\n\t<meta name=\"twitter:data2\" content=\"5\u00a0Minuten\" \/>\n<script type=\"application\/ld+json\" class=\"yoast-schema-graph\">{\"@context\":\"https:\/\/schema.org\",\"@graph\":[{\"@type\":\"WebPage\",\"@id\":\"https:\/\/blog.zeit.de\/stoerungsmelder\/2011\/01\/18\/erscheint-die-verbotene-%e2%80%9estimme-des-gewissens%e2%80%9c-unter-anderem-namen-weiter_5448\",\"url\":\"https:\/\/blog.zeit.de\/stoerungsmelder\/2011\/01\/18\/erscheint-die-verbotene-%e2%80%9estimme-des-gewissens%e2%80%9c-unter-anderem-namen-weiter_5448\",\"name\":\"Erscheint die verbotene \u201eStimme des Gewissens\u201c unter anderem Namen weiter? - St\u00f6rungsmelder\",\"isPartOf\":{\"@id\":\"https:\/\/blog.zeit.de\/stoerungsmelder\/#website\"},\"datePublished\":\"2011-01-18T22:43:01+00:00\",\"dateModified\":\"2011-01-19T18:18:22+00:00\",\"author\":{\"@id\":\"https:\/\/blog.zeit.de\/stoerungsmelder\/#\/schema\/person\/58f28fa43c55337b17b93e3622cc8b37\"},\"breadcrumb\":{\"@id\":\"https:\/\/blog.zeit.de\/stoerungsmelder\/2011\/01\/18\/erscheint-die-verbotene-%e2%80%9estimme-des-gewissens%e2%80%9c-unter-anderem-namen-weiter_5448#breadcrumb\"},\"inLanguage\":\"de\",\"potentialAction\":[{\"@type\":\"ReadAction\",\"target\":[\"https:\/\/blog.zeit.de\/stoerungsmelder\/2011\/01\/18\/erscheint-die-verbotene-%e2%80%9estimme-des-gewissens%e2%80%9c-unter-anderem-namen-weiter_5448\"]}]},{\"@type\":\"BreadcrumbList\",\"@id\":\"https:\/\/blog.zeit.de\/stoerungsmelder\/2011\/01\/18\/erscheint-die-verbotene-%e2%80%9estimme-des-gewissens%e2%80%9c-unter-anderem-namen-weiter_5448#breadcrumb\",\"itemListElement\":[{\"@type\":\"ListItem\",\"position\":1,\"name\":\"Startseite\",\"item\":\"https:\/\/blog.zeit.de\/stoerungsmelder\"},{\"@type\":\"ListItem\",\"position\":2,\"name\":\"Erscheint die verbotene \u201eStimme des Gewissens\u201c unter anderem Namen weiter?\"}]},{\"@type\":\"WebSite\",\"@id\":\"https:\/\/blog.zeit.de\/stoerungsmelder\/#website\",\"url\":\"https:\/\/blog.zeit.de\/stoerungsmelder\/\",\"name\":\"St\u00f6rungsmelder\",\"description\":\"Recherchen und Analysen \u00fcber die extreme Rechte\",\"potentialAction\":[{\"@type\":\"SearchAction\",\"target\":{\"@type\":\"EntryPoint\",\"urlTemplate\":\"https:\/\/blog.zeit.de\/stoerungsmelder\/?s={search_term_string}\"},\"query-input\":\"required name=search_term_string\"}],\"inLanguage\":\"de\"},{\"@type\":\"Person\",\"@id\":\"https:\/\/blog.zeit.de\/stoerungsmelder\/#\/schema\/person\/58f28fa43c55337b17b93e3622cc8b37\",\"name\":\"Kai Budler\",\"image\":{\"@type\":\"ImageObject\",\"inLanguage\":\"de\",\"@id\":\"https:\/\/blog.zeit.de\/stoerungsmelder\/#\/schema\/person\/image\/\",\"url\":\"https:\/\/secure.gravatar.com\/avatar\/126c2f44b51c178dc1db1bb6e040fcff157c88000cfae96c983070e6153484e3?s=96&d=mm&r=pg\",\"contentUrl\":\"https:\/\/secure.gravatar.com\/avatar\/126c2f44b51c178dc1db1bb6e040fcff157c88000cfae96c983070e6153484e3?s=96&d=mm&r=pg\",\"caption\":\"Kai Budler\"},\"url\":\"https:\/\/blog.zeit.de\/stoerungsmelder\/author\/kai-budler\"}]}<\/script>\n<!-- \/ Yoast SEO plugin. -->","yoast_head_json":{"title":"Erscheint die verbotene \u201eStimme des Gewissens\u201c unter anderem Namen weiter? - St\u00f6rungsmelder","robots":{"index":"index","follow":"follow","max-snippet":"max-snippet:-1","max-image-preview":"max-image-preview:large","max-video-preview":"max-video-preview:-1"},"canonical":"https:\/\/blog.zeit.de\/stoerungsmelder\/2011\/01\/18\/erscheint-die-verbotene-\u201estimme-des-gewissens\u201c-unter-anderem-namen-weiter_5448","og_locale":"de_DE","og_type":"article","og_title":"Erscheint die verbotene \u201eStimme des Gewissens\u201c unter anderem Namen weiter? - St\u00f6rungsmelder","og_description":"Die Bundesregierung sieht offenbar keinen Grund, gegen die rechtsextreme Zeitschrift \u201eStimme des Reiches\u201c rechtliche Schritte einzuleiten. Das geht aus der Antwort der Regierung auf eine Kleine Anfrage der SPD-Bundestagsfraktion hervor. Die SPD wollte damit pr\u00fcfen lassen, ob der inzwischen verbotene Verein \u201eCollegium Humanum\u201c seine indizierte Zeitschrift unter dem Namen \u201eStimme des Reiches\u201c fortf\u00fchrt. Nach Angaben [&hellip;]","og_url":"https:\/\/blog.zeit.de\/stoerungsmelder\/2011\/01\/18\/erscheint-die-verbotene-\u201estimme-des-gewissens\u201c-unter-anderem-namen-weiter_5448","og_site_name":"St\u00f6rungsmelder","article_published_time":"2011-01-18T22:43:01+00:00","article_modified_time":"2011-01-19T18:18:22+00:00","og_image":[{"url":"https:\/\/blog.zeit.de\/stoerungsmelder\/files\/2011\/01\/haverb1.jpg"}],"author":"Kai Budler","twitter_card":"summary_large_image","twitter_misc":{"Geschrieben von":"Kai Budler","Gesch\u00e4tzte Lesezeit":"5\u00a0Minuten"},"schema":{"@context":"https:\/\/schema.org","@graph":[{"@type":"WebPage","@id":"https:\/\/blog.zeit.de\/stoerungsmelder\/2011\/01\/18\/erscheint-die-verbotene-%e2%80%9estimme-des-gewissens%e2%80%9c-unter-anderem-namen-weiter_5448","url":"https:\/\/blog.zeit.de\/stoerungsmelder\/2011\/01\/18\/erscheint-die-verbotene-%e2%80%9estimme-des-gewissens%e2%80%9c-unter-anderem-namen-weiter_5448","name":"Erscheint die verbotene \u201eStimme des Gewissens\u201c unter anderem Namen weiter? - St\u00f6rungsmelder","isPartOf":{"@id":"https:\/\/blog.zeit.de\/stoerungsmelder\/#website"},"datePublished":"2011-01-18T22:43:01+00:00","dateModified":"2011-01-19T18:18:22+00:00","author":{"@id":"https:\/\/blog.zeit.de\/stoerungsmelder\/#\/schema\/person\/58f28fa43c55337b17b93e3622cc8b37"},"breadcrumb":{"@id":"https:\/\/blog.zeit.de\/stoerungsmelder\/2011\/01\/18\/erscheint-die-verbotene-%e2%80%9estimme-des-gewissens%e2%80%9c-unter-anderem-namen-weiter_5448#breadcrumb"},"inLanguage":"de","potentialAction":[{"@type":"ReadAction","target":["https:\/\/blog.zeit.de\/stoerungsmelder\/2011\/01\/18\/erscheint-die-verbotene-%e2%80%9estimme-des-gewissens%e2%80%9c-unter-anderem-namen-weiter_5448"]}]},{"@type":"BreadcrumbList","@id":"https:\/\/blog.zeit.de\/stoerungsmelder\/2011\/01\/18\/erscheint-die-verbotene-%e2%80%9estimme-des-gewissens%e2%80%9c-unter-anderem-namen-weiter_5448#breadcrumb","itemListElement":[{"@type":"ListItem","position":1,"name":"Startseite","item":"https:\/\/blog.zeit.de\/stoerungsmelder"},{"@type":"ListItem","position":2,"name":"Erscheint die verbotene \u201eStimme des Gewissens\u201c unter anderem Namen weiter?"}]},{"@type":"WebSite","@id":"https:\/\/blog.zeit.de\/stoerungsmelder\/#website","url":"https:\/\/blog.zeit.de\/stoerungsmelder\/","name":"St\u00f6rungsmelder","description":"Recherchen und Analysen \u00fcber die extreme Rechte","potentialAction":[{"@type":"SearchAction","target":{"@type":"EntryPoint","urlTemplate":"https:\/\/blog.zeit.de\/stoerungsmelder\/?s={search_term_string}"},"query-input":"required name=search_term_string"}],"inLanguage":"de"},{"@type":"Person","@id":"https:\/\/blog.zeit.de\/stoerungsmelder\/#\/schema\/person\/58f28fa43c55337b17b93e3622cc8b37","name":"Kai Budler","image":{"@type":"ImageObject","inLanguage":"de","@id":"https:\/\/blog.zeit.de\/stoerungsmelder\/#\/schema\/person\/image\/","url":"https:\/\/secure.gravatar.com\/avatar\/126c2f44b51c178dc1db1bb6e040fcff157c88000cfae96c983070e6153484e3?s=96&d=mm&r=pg","contentUrl":"https:\/\/secure.gravatar.com\/avatar\/126c2f44b51c178dc1db1bb6e040fcff157c88000cfae96c983070e6153484e3?s=96&d=mm&r=pg","caption":"Kai Budler"},"url":"https:\/\/blog.zeit.de\/stoerungsmelder\/author\/kai-budler"}]}},"jetpack_featured_media_url":"","jetpack_sharing_enabled":true,"_links":{"self":[{"href":"https:\/\/blog.zeit.de\/stoerungsmelder\/wp-json\/wp\/v2\/posts\/5448","targetHints":{"allow":["GET"]}}],"collection":[{"href":"https:\/\/blog.zeit.de\/stoerungsmelder\/wp-json\/wp\/v2\/posts"}],"about":[{"href":"https:\/\/blog.zeit.de\/stoerungsmelder\/wp-json\/wp\/v2\/types\/post"}],"author":[{"embeddable":true,"href":"https:\/\/blog.zeit.de\/stoerungsmelder\/wp-json\/wp\/v2\/users\/254"}],"replies":[{"embeddable":true,"href":"https:\/\/blog.zeit.de\/stoerungsmelder\/wp-json\/wp\/v2\/comments?post=5448"}],"version-history":[{"count":6,"href":"https:\/\/blog.zeit.de\/stoerungsmelder\/wp-json\/wp\/v2\/posts\/5448\/revisions"}],"predecessor-version":[{"id":5469,"href":"https:\/\/blog.zeit.de\/stoerungsmelder\/wp-json\/wp\/v2\/posts\/5448\/revisions\/5469"}],"wp:attachment":[{"href":"https:\/\/blog.zeit.de\/stoerungsmelder\/wp-json\/wp\/v2\/media?parent=5448"}],"wp:term":[{"taxonomy":"category","embeddable":true,"href":"https:\/\/blog.zeit.de\/stoerungsmelder\/wp-json\/wp\/v2\/categories?post=5448"},{"taxonomy":"post_tag","embeddable":true,"href":"https:\/\/blog.zeit.de\/stoerungsmelder\/wp-json\/wp\/v2\/tags?post=5448"}],"curies":[{"name":"wp","href":"https:\/\/api.w.org\/{rel}","templated":true}]}}