{"id":5471,"date":"2011-01-20T10:43:13","date_gmt":"2011-01-20T09:43:13","guid":{"rendered":"http:\/\/blog.zeit.de\/stoerungsmelder\/?p=5471"},"modified":"2011-01-20T10:46:45","modified_gmt":"2011-01-20T09:46:45","slug":"rechtsextremismus-auf-dem-dorf-zwischen-lageanalysen-und-zonen-der-angst","status":"publish","type":"post","link":"https:\/\/blog.zeit.de\/stoerungsmelder\/2011\/01\/20\/rechtsextremismus-auf-dem-dorf-zwischen-lageanalysen-und-zonen-der-angst_5471","title":{"rendered":"Rechtsextremismus auf dem Dorf: Zwischen Lageanalysen und Zonen der Angst"},"content":{"rendered":"<div id=\"attachment_10062\">\n<p><a href=\"http:\/\/npd-blog.info\/wp-content\/uploads\/2010\/04\/corel.jpg\"><img loading=\"lazy\" decoding=\"async\" title=\"corel\" src=\"http:\/\/npd-blog.info\/wp-content\/uploads\/2010\/04\/corel-300x223.jpg\" alt=\"\" width=\"240\" height=\"178\" \/><\/a>Wissenschaftler der Universit\u00e4ten Rostock und Greifswald haben eine Studie \u00fcber Strategien gegen Rechtsextremismus auf dem Land vorgelegt. Die Forscher betonen, das in Gro\u00dfst\u00e4dten \u00fcbliche Vorgehen helfe den Einwohnern in D\u00f6rfern kaum. Dierk Borstel, Mitautor der Studie, betonte im NDR zun\u00e4chst, es gebe eine differenzierte Lage auf dem Land in MVP. Teilweise tr\u00e4ten Neonazis als K\u00fcmmerer auf, teilweise seien aber auch gar keine rechtsextremen Strukturen vorhanden, dies variiere von Dorf zu Dorf. Fast \u00fcberall gebe es hingegen ein grunds\u00e4tzliches Problem, n\u00e4mlich die fehlende \u201cdemokratische Infratstruktur\u201d auf D\u00f6rfern.\u00a0<!--more--><\/p>\n<\/div>\n<p>Zudem funktionierten D\u00f6rfer ganz anders als St\u00e4dte, so Borstel: \u201cJeder kennt jeden, man kann sich nicht aus dem Weg gehen.\u201d Dies sei eine andere Basis als im st\u00e4dtischen Raum. Man sei bei den Untersuchungen auch auf ganze \u201cZonen der Angst\u201d gesto\u00dfen. Daher sei es wichtig, zun\u00e4chst eine lokale Lageanalyse vorzunehmen. Zun\u00e4chst m\u00fcsse ehrlich, m\u00f6glicherweise auch mit Hilfe von au\u00dfen, festgestellt werden, wie gro\u00df das rechtsextreme Potenzial sei. Dann m\u00fcsste eine \u201cseri\u00f6se Beschreibung der eigenen Potenziale\u201d folgen, also was kann man eigentlich leisten. Daraus k\u00f6nnten realistische Ziele abgeleitet werden. Das Buch soll helfen, diese Ziele zu formulieren, denn oft werde erst gehandelt, wenn sich ein Problem nicht mehr ignorieren lasse. Auch eine vern\u00fcnftige Lageanalyse sei selten.\u00a0<\/p>\n<blockquote><p>Ein aktuelles Beispiel, wie Rechtsextremismus ignoriert und geduldet wird, weil keine seri\u00f6se Lageanalyse zugelassen wird, ist die Gemeinde Limbach-Oberfrohna in Sachsen: <a href=\"http:\/\/npd-blog.info\/2010\/11\/16\/zum-beispiel-limbach-oberfrohna\/\" target=\"_blank\">Ignorant gegen Rechts: Zum Beispiel Limbach-Oberfrohna<\/a>\u00a0<\/p><\/blockquote>\n<p>Borstel und andere Wissenschaftler aus Mecklenburg-Vorpommern haben bereits mehrere wertvolle Studien zum Rechtsextremismus in dem Bundesland vorgelegt, beispielsweise \u00fcber die Arbeit der NPD im Landtag oder auch zu dem Auftreten der Neonazis in den Kommunen.\u00a0<\/p>\n<blockquote><p>Die Studie \u00fcber Gegenstrategien im l\u00e4ndlichen Raum ist leider nicht online verf\u00fcgbar.\u00a0<\/p><\/blockquote>\n<p>Allerdings sind die Erkenntnisse in Sachen Dorf zwar richtig und auch wichtig f\u00fcr die Entwicklung von Strategien, aber auch nicht ganz neu.\u00a0Im Juni 2007 hatte die\u00a0Gr\u00fcne-Bundestagsfraktion die Ergebnisse der Studie \u2018Grenzen lokaler Demokratie -Zivilgesellschaftliche Strukturen gegen Nazis im l\u00e4ndlichen Raum\u2019 vorgestellt.\u00a0<\/p>\n<div id=\"attachment_9481\">\n<p><a href=\"http:\/\/npd-blog.info\/wp-content\/uploads\/2010\/03\/corel5.jpg\"><img loading=\"lazy\" decoding=\"async\" title=\"corel\" src=\"http:\/\/npd-blog.info\/wp-content\/uploads\/2010\/03\/corel5-300x162.jpg\" alt=\"Neonazistische Lokalbl\u00e4ttchen sind in einigen Regionen fast konkurrenzlos.\" width=\"300\" height=\"162\" \/><\/a> Neonazistische Lokalbl\u00e4ttchen sind in einigen Regionen fast konkurrenzlos.<\/p>\n<p>Die Bundestagsabgeordnete Monika Lazar, Sprecherin f\u00fcr Strategien gegen Rechtsextremismus, kommentierte damals, ohne die Offenheit der B\u00fcrgermeister gehe nichts. Als Grund f\u00fcr die Probleme von Antinazi-Initiativen in D\u00f6rfern und Kleinst\u00e4dten ermittelte die Studie ein Demokratiedefizit. \u201cAndere Meinungen in wichtigen politischen Fragen werden kaum ertragen\u201d, so Doris Liebscher (Antidiskriminierungsb\u00fcro Leipzig) und Dr. Christian Schmidt (S\u00e4chsische Akademie der Wissenschaften zu Leipzig), die Autorinnen und Autoren der Studie. Entsprechend schwer haben es politische Gruppen, mit ihrer Kritik von den kommunalpolitisch Verantwortlichen geh\u00f6rt zu werden. Wer Kritik an den Beh\u00f6rden \u00fcbt, gilt schnell selbst als extrem. Dies belegen viele Interviews, die mit Personen von unterschiedlichen Beh\u00f6rden und Initiativen durchgef\u00fchrt wurden.<\/p>\n<\/div>\n<p><strong>`Spezifisch siedlungsstrukturelles Problem`<\/strong>\u00c4hnlich hatten sich <a href=\"http:\/\/npd-blog.info\/?p=1030\">der Experte Bernd Wagner<\/a> sowie der Wissenschaftler Wilhelm Heitmeyer j\u00fcngst ge\u00e4u\u00dfert. <a href=\"http:\/\/npd-blog.info\/?p=1033\">Heitmeyer sagte im Gespr\u00e4ch,\u00a0statt neuer B\u00fcrokratie und Imagepolitik brauche man Unruhe in Ostdeutschland<\/a>. Empirische Untersuchungen h\u00e4tten gezeigt: Ostdeutschland habe ein spezifisch siedlungsstrukturelles Problem \u2013 durch die vielen kleinen Gemeinden und Kleinst\u00e4dte. `Die gut ausgebildeten Menschen, die Widerworte geben, die wandern ab. Dadurch wird die Struktur immer homogener, sowohl sozial als auch von den Einstellungsmustern her`, erkl\u00e4rte Heitmeyer. `Und von homogenen Gruppen geht an vielen Stellen weit mehr Gefahr aus als von heterogenen Gruppen. Weiterhin herrscht ein hoher Konformit\u00e4tsdruck in diesen kleinen Gemeinden, man kennt sich, es ist kaum m\u00f6glich, alternative Bekanntschaften und Freundeskreise aufzubauen \u2013 anders als in Gro\u00dfst\u00e4dten.`\u00a0<\/p>\n<p>Siehe auch: <a rel=\"bookmark\" href=\"http:\/\/npd-blog.info\/2009\/06\/22\/kummerer-partei-die-medien-fallen-zu-leicht-auf-die-npd-propaganda-rein\/\">K\u00fcmmerer-Partei: Die Medien fallen zu leicht auf die NPD-Propaganda rein<\/a>, <a rel=\"bookmark\" href=\"http:\/\/npd-blog.info\/2008\/07\/29\/studie-zur-arbeit-der-npd-fraktion-in-mvp\/\">Studie: NPD-Fraktion gelingt \u201cinterne Balance\u201d<\/a>, <a rel=\"bookmark\" href=\"http:\/\/npd-blog.info\/2007\/08\/30\/mvp-studie-uber-rechtsextremismus-auf-dem-land\/\">MVP: Studie \u00fcber Rechtsextremismus auf dem Land<\/a><br \/>\n<img loading=\"lazy\" decoding=\"async\" src=\"http:\/\/vg04.met.vgwort.de\/na\/da561b90643a4ab79a33f4527aed9e26\" alt=\"\" width=\"1\" height=\"1\" \/><\/p>\n","protected":false},"excerpt":{"rendered":"<p>Wissenschaftler der Universit\u00e4ten Rostock und Greifswald haben eine Studie \u00fcber Strategien gegen Rechtsextremismus auf dem Land vorgelegt. Die Forscher betonen, das in Gro\u00dfst\u00e4dten \u00fcbliche Vorgehen helfe den Einwohnern in D\u00f6rfern kaum. Dierk Borstel, Mitautor der Studie, betonte im NDR zun\u00e4chst, es gebe eine differenzierte Lage auf dem Land in MVP. Teilweise tr\u00e4ten Neonazis als K\u00fcmmerer [&hellip;]<\/p>\n","protected":false},"author":295,"featured_media":0,"comment_status":"open","ping_status":"open","sticky":false,"template":"","format":"standard","meta":{"_jetpack_memberships_contains_paid_content":false,"footnotes":""},"categories":[1,90],"tags":[],"class_list":["post-5471","post","type-post","status-publish","format-standard","hentry","category-allgemein","category-mecklenburg-vorpommern"],"yoast_head":"<!-- This site is optimized with the Yoast SEO plugin v21.0 - https:\/\/yoast.com\/wordpress\/plugins\/seo\/ -->\n<title>Rechtsextremismus auf dem Dorf: Zwischen Lageanalysen und Zonen der Angst - St\u00f6rungsmelder<\/title>\n<meta name=\"robots\" content=\"index, follow, max-snippet:-1, max-image-preview:large, max-video-preview:-1\" \/>\n<link rel=\"canonical\" href=\"https:\/\/blog.zeit.de\/stoerungsmelder\/2011\/01\/20\/rechtsextremismus-auf-dem-dorf-zwischen-lageanalysen-und-zonen-der-angst_5471\" \/>\n<meta property=\"og:locale\" content=\"de_DE\" \/>\n<meta property=\"og:type\" content=\"article\" \/>\n<meta property=\"og:title\" content=\"Rechtsextremismus auf dem Dorf: Zwischen Lageanalysen und Zonen der Angst - St\u00f6rungsmelder\" \/>\n<meta property=\"og:description\" content=\"Wissenschaftler der Universit\u00e4ten Rostock und Greifswald haben eine Studie \u00fcber Strategien gegen Rechtsextremismus auf dem Land vorgelegt. Die Forscher betonen, das in Gro\u00dfst\u00e4dten \u00fcbliche Vorgehen helfe den Einwohnern in D\u00f6rfern kaum. Dierk Borstel, Mitautor der Studie, betonte im NDR zun\u00e4chst, es gebe eine differenzierte Lage auf dem Land in MVP. Teilweise tr\u00e4ten Neonazis als K\u00fcmmerer [&hellip;]\" \/>\n<meta property=\"og:url\" content=\"https:\/\/blog.zeit.de\/stoerungsmelder\/2011\/01\/20\/rechtsextremismus-auf-dem-dorf-zwischen-lageanalysen-und-zonen-der-angst_5471\" \/>\n<meta property=\"og:site_name\" content=\"St\u00f6rungsmelder\" \/>\n<meta property=\"article:published_time\" content=\"2011-01-20T09:43:13+00:00\" \/>\n<meta property=\"article:modified_time\" content=\"2011-01-20T09:46:45+00:00\" \/>\n<meta property=\"og:image\" content=\"http:\/\/npd-blog.info\/wp-content\/uploads\/2010\/04\/corel-300x223.jpg\" \/>\n<meta name=\"author\" content=\"npdbloginfo\" \/>\n<meta name=\"twitter:card\" content=\"summary_large_image\" \/>\n<meta name=\"twitter:label1\" content=\"Geschrieben von\" \/>\n\t<meta name=\"twitter:data1\" content=\"npdbloginfo\" \/>\n\t<meta name=\"twitter:label2\" content=\"Gesch\u00e4tzte Lesezeit\" \/>\n\t<meta name=\"twitter:data2\" content=\"3\u00a0Minuten\" \/>\n<script type=\"application\/ld+json\" class=\"yoast-schema-graph\">{\"@context\":\"https:\/\/schema.org\",\"@graph\":[{\"@type\":\"WebPage\",\"@id\":\"https:\/\/blog.zeit.de\/stoerungsmelder\/2011\/01\/20\/rechtsextremismus-auf-dem-dorf-zwischen-lageanalysen-und-zonen-der-angst_5471\",\"url\":\"https:\/\/blog.zeit.de\/stoerungsmelder\/2011\/01\/20\/rechtsextremismus-auf-dem-dorf-zwischen-lageanalysen-und-zonen-der-angst_5471\",\"name\":\"Rechtsextremismus auf dem Dorf: Zwischen Lageanalysen und Zonen der Angst - St\u00f6rungsmelder\",\"isPartOf\":{\"@id\":\"https:\/\/blog.zeit.de\/stoerungsmelder\/#website\"},\"datePublished\":\"2011-01-20T09:43:13+00:00\",\"dateModified\":\"2011-01-20T09:46:45+00:00\",\"author\":{\"@id\":\"https:\/\/blog.zeit.de\/stoerungsmelder\/#\/schema\/person\/36c66b1a7a2ff6e8ac09f8782af00536\"},\"breadcrumb\":{\"@id\":\"https:\/\/blog.zeit.de\/stoerungsmelder\/2011\/01\/20\/rechtsextremismus-auf-dem-dorf-zwischen-lageanalysen-und-zonen-der-angst_5471#breadcrumb\"},\"inLanguage\":\"de\",\"potentialAction\":[{\"@type\":\"ReadAction\",\"target\":[\"https:\/\/blog.zeit.de\/stoerungsmelder\/2011\/01\/20\/rechtsextremismus-auf-dem-dorf-zwischen-lageanalysen-und-zonen-der-angst_5471\"]}]},{\"@type\":\"BreadcrumbList\",\"@id\":\"https:\/\/blog.zeit.de\/stoerungsmelder\/2011\/01\/20\/rechtsextremismus-auf-dem-dorf-zwischen-lageanalysen-und-zonen-der-angst_5471#breadcrumb\",\"itemListElement\":[{\"@type\":\"ListItem\",\"position\":1,\"name\":\"Startseite\",\"item\":\"https:\/\/blog.zeit.de\/stoerungsmelder\"},{\"@type\":\"ListItem\",\"position\":2,\"name\":\"Rechtsextremismus auf dem Dorf: Zwischen Lageanalysen und Zonen der Angst\"}]},{\"@type\":\"WebSite\",\"@id\":\"https:\/\/blog.zeit.de\/stoerungsmelder\/#website\",\"url\":\"https:\/\/blog.zeit.de\/stoerungsmelder\/\",\"name\":\"St\u00f6rungsmelder\",\"description\":\"Recherchen und Analysen \u00fcber die extreme Rechte\",\"potentialAction\":[{\"@type\":\"SearchAction\",\"target\":{\"@type\":\"EntryPoint\",\"urlTemplate\":\"https:\/\/blog.zeit.de\/stoerungsmelder\/?s={search_term_string}\"},\"query-input\":\"required name=search_term_string\"}],\"inLanguage\":\"de\"},{\"@type\":\"Person\",\"@id\":\"https:\/\/blog.zeit.de\/stoerungsmelder\/#\/schema\/person\/36c66b1a7a2ff6e8ac09f8782af00536\",\"name\":\"npdbloginfo\",\"image\":{\"@type\":\"ImageObject\",\"inLanguage\":\"de\",\"@id\":\"https:\/\/blog.zeit.de\/stoerungsmelder\/#\/schema\/person\/image\/\",\"url\":\"https:\/\/secure.gravatar.com\/avatar\/d788862a9764e18d9d9d94bed018327dcbdccc6776903d0eb9d6e0658888a017?s=96&d=mm&r=pg\",\"contentUrl\":\"https:\/\/secure.gravatar.com\/avatar\/d788862a9764e18d9d9d94bed018327dcbdccc6776903d0eb9d6e0658888a017?s=96&d=mm&r=pg\",\"caption\":\"npdbloginfo\"},\"description\":\"Das Watchblog NPD-BLOG.INFO berichtet seit 2005 kontinuierlich \u00fcber die rechtsextreme NPD.\",\"sameAs\":[\"http:\/\/npd-blog.info\"],\"url\":\"https:\/\/blog.zeit.de\/stoerungsmelder\/author\/npdbloginfo\"}]}<\/script>\n<!-- \/ Yoast SEO plugin. -->","yoast_head_json":{"title":"Rechtsextremismus auf dem Dorf: Zwischen Lageanalysen und Zonen der Angst - St\u00f6rungsmelder","robots":{"index":"index","follow":"follow","max-snippet":"max-snippet:-1","max-image-preview":"max-image-preview:large","max-video-preview":"max-video-preview:-1"},"canonical":"https:\/\/blog.zeit.de\/stoerungsmelder\/2011\/01\/20\/rechtsextremismus-auf-dem-dorf-zwischen-lageanalysen-und-zonen-der-angst_5471","og_locale":"de_DE","og_type":"article","og_title":"Rechtsextremismus auf dem Dorf: Zwischen Lageanalysen und Zonen der Angst - St\u00f6rungsmelder","og_description":"Wissenschaftler der Universit\u00e4ten Rostock und Greifswald haben eine Studie \u00fcber Strategien gegen Rechtsextremismus auf dem Land vorgelegt. Die Forscher betonen, das in Gro\u00dfst\u00e4dten \u00fcbliche Vorgehen helfe den Einwohnern in D\u00f6rfern kaum. Dierk Borstel, Mitautor der Studie, betonte im NDR zun\u00e4chst, es gebe eine differenzierte Lage auf dem Land in MVP. Teilweise tr\u00e4ten Neonazis als K\u00fcmmerer [&hellip;]","og_url":"https:\/\/blog.zeit.de\/stoerungsmelder\/2011\/01\/20\/rechtsextremismus-auf-dem-dorf-zwischen-lageanalysen-und-zonen-der-angst_5471","og_site_name":"St\u00f6rungsmelder","article_published_time":"2011-01-20T09:43:13+00:00","article_modified_time":"2011-01-20T09:46:45+00:00","og_image":[{"url":"http:\/\/npd-blog.info\/wp-content\/uploads\/2010\/04\/corel-300x223.jpg"}],"author":"npdbloginfo","twitter_card":"summary_large_image","twitter_misc":{"Geschrieben von":"npdbloginfo","Gesch\u00e4tzte Lesezeit":"3\u00a0Minuten"},"schema":{"@context":"https:\/\/schema.org","@graph":[{"@type":"WebPage","@id":"https:\/\/blog.zeit.de\/stoerungsmelder\/2011\/01\/20\/rechtsextremismus-auf-dem-dorf-zwischen-lageanalysen-und-zonen-der-angst_5471","url":"https:\/\/blog.zeit.de\/stoerungsmelder\/2011\/01\/20\/rechtsextremismus-auf-dem-dorf-zwischen-lageanalysen-und-zonen-der-angst_5471","name":"Rechtsextremismus auf dem Dorf: Zwischen Lageanalysen und Zonen der Angst - St\u00f6rungsmelder","isPartOf":{"@id":"https:\/\/blog.zeit.de\/stoerungsmelder\/#website"},"datePublished":"2011-01-20T09:43:13+00:00","dateModified":"2011-01-20T09:46:45+00:00","author":{"@id":"https:\/\/blog.zeit.de\/stoerungsmelder\/#\/schema\/person\/36c66b1a7a2ff6e8ac09f8782af00536"},"breadcrumb":{"@id":"https:\/\/blog.zeit.de\/stoerungsmelder\/2011\/01\/20\/rechtsextremismus-auf-dem-dorf-zwischen-lageanalysen-und-zonen-der-angst_5471#breadcrumb"},"inLanguage":"de","potentialAction":[{"@type":"ReadAction","target":["https:\/\/blog.zeit.de\/stoerungsmelder\/2011\/01\/20\/rechtsextremismus-auf-dem-dorf-zwischen-lageanalysen-und-zonen-der-angst_5471"]}]},{"@type":"BreadcrumbList","@id":"https:\/\/blog.zeit.de\/stoerungsmelder\/2011\/01\/20\/rechtsextremismus-auf-dem-dorf-zwischen-lageanalysen-und-zonen-der-angst_5471#breadcrumb","itemListElement":[{"@type":"ListItem","position":1,"name":"Startseite","item":"https:\/\/blog.zeit.de\/stoerungsmelder"},{"@type":"ListItem","position":2,"name":"Rechtsextremismus auf dem Dorf: Zwischen Lageanalysen und Zonen der Angst"}]},{"@type":"WebSite","@id":"https:\/\/blog.zeit.de\/stoerungsmelder\/#website","url":"https:\/\/blog.zeit.de\/stoerungsmelder\/","name":"St\u00f6rungsmelder","description":"Recherchen und Analysen \u00fcber die extreme Rechte","potentialAction":[{"@type":"SearchAction","target":{"@type":"EntryPoint","urlTemplate":"https:\/\/blog.zeit.de\/stoerungsmelder\/?s={search_term_string}"},"query-input":"required name=search_term_string"}],"inLanguage":"de"},{"@type":"Person","@id":"https:\/\/blog.zeit.de\/stoerungsmelder\/#\/schema\/person\/36c66b1a7a2ff6e8ac09f8782af00536","name":"npdbloginfo","image":{"@type":"ImageObject","inLanguage":"de","@id":"https:\/\/blog.zeit.de\/stoerungsmelder\/#\/schema\/person\/image\/","url":"https:\/\/secure.gravatar.com\/avatar\/d788862a9764e18d9d9d94bed018327dcbdccc6776903d0eb9d6e0658888a017?s=96&d=mm&r=pg","contentUrl":"https:\/\/secure.gravatar.com\/avatar\/d788862a9764e18d9d9d94bed018327dcbdccc6776903d0eb9d6e0658888a017?s=96&d=mm&r=pg","caption":"npdbloginfo"},"description":"Das Watchblog NPD-BLOG.INFO berichtet seit 2005 kontinuierlich \u00fcber die rechtsextreme NPD.","sameAs":["http:\/\/npd-blog.info"],"url":"https:\/\/blog.zeit.de\/stoerungsmelder\/author\/npdbloginfo"}]}},"jetpack_featured_media_url":"","jetpack_sharing_enabled":true,"_links":{"self":[{"href":"https:\/\/blog.zeit.de\/stoerungsmelder\/wp-json\/wp\/v2\/posts\/5471","targetHints":{"allow":["GET"]}}],"collection":[{"href":"https:\/\/blog.zeit.de\/stoerungsmelder\/wp-json\/wp\/v2\/posts"}],"about":[{"href":"https:\/\/blog.zeit.de\/stoerungsmelder\/wp-json\/wp\/v2\/types\/post"}],"author":[{"embeddable":true,"href":"https:\/\/blog.zeit.de\/stoerungsmelder\/wp-json\/wp\/v2\/users\/295"}],"replies":[{"embeddable":true,"href":"https:\/\/blog.zeit.de\/stoerungsmelder\/wp-json\/wp\/v2\/comments?post=5471"}],"version-history":[{"count":4,"href":"https:\/\/blog.zeit.de\/stoerungsmelder\/wp-json\/wp\/v2\/posts\/5471\/revisions"}],"predecessor-version":[{"id":5474,"href":"https:\/\/blog.zeit.de\/stoerungsmelder\/wp-json\/wp\/v2\/posts\/5471\/revisions\/5474"}],"wp:attachment":[{"href":"https:\/\/blog.zeit.de\/stoerungsmelder\/wp-json\/wp\/v2\/media?parent=5471"}],"wp:term":[{"taxonomy":"category","embeddable":true,"href":"https:\/\/blog.zeit.de\/stoerungsmelder\/wp-json\/wp\/v2\/categories?post=5471"},{"taxonomy":"post_tag","embeddable":true,"href":"https:\/\/blog.zeit.de\/stoerungsmelder\/wp-json\/wp\/v2\/tags?post=5471"}],"curies":[{"name":"wp","href":"https:\/\/api.w.org\/{rel}","templated":true}]}}