{"id":5476,"date":"2011-01-20T12:21:17","date_gmt":"2011-01-20T11:21:17","guid":{"rendered":"http:\/\/blog.zeit.de\/stoerungsmelder\/?p=5476"},"modified":"2011-01-24T09:02:58","modified_gmt":"2011-01-24T08:02:58","slug":"apfel-sturmwehr-und-die-npd-in-limbach-oberfrohna","status":"publish","type":"post","link":"https:\/\/blog.zeit.de\/stoerungsmelder\/2011\/01\/20\/apfel-sturmwehr-und-die-npd-in-limbach-oberfrohna_5476","title":{"rendered":"Apfel, Sturmwehr und die NPD"},"content":{"rendered":"<p>Die NPD-Sachsen veranstaltet am 22. Januar 2011 ihre \u201cgro\u00dfe Jahresauftaktveranstaltung\u201d. Einmal mehr l\u00e4dt die Neonazi-Partei nach Limbach-Oberfrohna ein. Beginn der Veranstaltung soll 14.00 Uhr sein, als Redner werden Holger Apfel (NPD-Fraktionsvorsitzender im S\u00e4chsischen Landtag), Udo Voigt (NPD-Parteivorsitzender) und Matthias Heyder (NPD-Spitzenkandidat in Sachsen-Anhalt) angek\u00fcndigt.\u00a0\u00a0Damit es nicht zu schnarchig wird, soll als \u201cLiedermacher [&#8230;] Jens von \u2026\u201dSturmwehr\u201d auftreten\u201d. Die Band tritt seit Jahren bei NPD-Veranstaltungen auf, mehrere ihrer Tontr\u00e4ger sind indiziert. <!--more-->Bei Konzerten spielte die Gruppe bisweilen auch Songs des Seitenprojekts \u201cSturm 18\u2033. Bei Wikipedia hei\u00dft es dazu:<\/p>\n<p><em>die Zahl 18 steht dabei als Abk\u00fcrzung f\u00fcr Adolf Hitler \u2013 aus dem Jahre 2002, welches laut des Fanzine Panzerb\u00e4r unter anderem Jens Brucherseifer zuzuschreiben ist. Sturm 18 ruft mit Texten \u201eWir werden Terroristen sein, [\u2026] wir r\u00e4umen hier auf, wir r\u00e4uchern sie aus, macht der Rattenbande den Garaus\u201c offen zum Mord auf. Paradoxerweise bezeichnet sich Sturmwehr in ihren Liedern als nationalistisch und distanziert sich eher vom Nazi-Image, tr\u00e4gt aber als Sturm 18 eine deutlich neonazistische Gesinnung zur Schau.<\/em>\u00a0<\/p>\n<blockquote>\n<div id=\"attachment_7964\">\n<p><a href=\"http:\/\/npd-blog.info\/wp-content\/uploads\/2010\/01\/sascha_wagner-schwarze_sonne-sturmwehr_marekp.jpg\"><img loading=\"lazy\" decoding=\"async\" title=\"sascha_wagner-schwarze_sonne-sturmwehr_marekp\" src=\"http:\/\/npd-blog.info\/wp-content\/uploads\/2010\/01\/sascha_wagner-schwarze_sonne-sturmwehr_marekp-200x300.jpg\" alt=\"Szene-Gr\u00f6\u00dfe mit Sturmwehr-&quot;T-Hemd&quot; (Foto: Marek Peters)\" width=\"200\" height=\"300\" \/><\/a>\u00a0 Szene-Gr\u00f6\u00dfe mit Sturmwehr-&#8222;T-Hemd&#8220; (Foto: Marek Peters)\u00a0<\/p>\n<\/div>\n<\/blockquote>\n<p>Der Eintritt zu diesem kulturellen H\u00f6hepunkt deutscher Schaffenskraft ist laut NPD frei, allerdings sollen sich Interessierte offenbar \u00fcber ein Kontakttelefon anmelden. Die Mobilfunknummer wurde bereits bei anderen Veranstaltungen des Landesverbandes angegeben.\u00a0<\/p>\n<p><strong>Immer wieder Limbach-Oberfrohna<\/strong>\u00a0<\/p>\n<p>Bislang wird die Veranstaltung nur \u00fcber interne Verteiler beworben, ob die Partei mit \u00f6ffentlichem Widerstand rechnet, erscheint unklar. Bis heute war Limbach-Oberfrohna f\u00fcr die NPD ein fast optimaler Gastgeber. 2009 veranstaltete die NPD-Sachsen ihren Personalparteitag in Limbach-Oberfrohna. Im gleichen Jahr organisierte das \u201cFreie Netz\u201d und der NPD-Kreisverband Nordsachsen laut <a href=\"http:\/\/www.recherche-ost.com\/content\/view\/48\/2\/\" target=\"_blank\">Recherche Ost<\/a> eine Veranstaltung, bei der Udo Voigt und Udo Past\u00f6rs in einer Podiumsdiskussion den Fragen der \u201cFreien Kr\u00e4fte\u201d und der weiteren Zuh\u00f6rerschaft Rede und Antwort stehen sollten. Im Januar 2010 kamen nach Angaben von <a href=\"http:\/\/www.recherche-ost.com\/content\/view\/103\/2\/\" target=\"_blank\">Recherche Ost<\/a> etwa 100 NPD-Anh\u00e4nger nach Limbach-Oberfrohna. Der Veranstaltungsort, die\u00a0Gastst\u00e4tte \u201cMannheim\u201d habe sich mittlerweile als Treffpunkt f\u00fcr die \u00fcberregionale Neonaziszene etabliert. Grund hierf\u00fcr d\u00fcrfte laut Recherche Ost\u00a0nicht zuletzt der bislang geringe Widerstand aus der Bev\u00f6lkerung gepaart mit ausreichend gro\u00dfen R\u00e4umlichkeiten sein. Dadurch sei es der Partei w\u00e4hrend der letzten Zusammenk\u00fcnfte sogar m\u00f6glich gewesen, den Parkplatz eines benachbarten Supermarktes zu nutzen, kontrolliert vom NPD-Ordnerdienst.\u00a0<\/p>\n<div id=\"attachment_15177\">\n<p><a href=\"http:\/\/npd-blog.info\/wp-content\/uploads\/2010\/11\/mannheim.jpg\"><img loading=\"lazy\" decoding=\"async\" title=\"mannheim\" src=\"http:\/\/npd-blog.info\/wp-content\/uploads\/2010\/11\/mannheim-300x200.jpg\" alt=\"\u00dcberregionaler Treffpunkt f\u00fcr Neonazis: Die Gastst\u00e4tte &quot;Mannheim&quot; in Limbach-Oberfrohna\" width=\"300\" height=\"200\" \/><\/a>\u00a0 \u00dcberregionaler Treffpunkt f\u00fcr Neonazis: Die Gastst\u00e4tte &#8222;Mannheim&#8220; in Limbach-Oberfrohna<\/p>\n<p>Limbach-Oberfrohna machte zuletzt Schlagzeilen, da ein alternativer Jugendclub \u2013 nach mehrmaligen Drohungen aus der Neonazi-Szene \u2013 durch einen Anschlag weitgehend zerst\u00f6rt wurde.\u00a0Zeugen und die Opferberatung Sachsen-RAA in Chemnitz machten Rechtsextreme f\u00fcr den Anschlag verantwortlich. In einer Mitteilung wird von einer \u201cneuen Stufe rechter Gewalt in Limbach-Oberfrohna\u201d und der naheliegenden Vermutung gesprochen, \u201cdass es sich bei den T\u00e4tern um Neonazis handelt\u201d. Dem Rechtsextremismusexperten der Gr\u00fcnen-Landtagsfraktion, Miro Jennerjahn, zufolge ist die die Existenz einer massiven rechtsextremen Szene in Limbach-Oberfrohna seit langem bekannt. Er warf Oberb\u00fcrgermeister Hans-Christian Rickauer (CDU) vor, das Problem zu ignorieren. Stattdessen habe das Stadtoberhaupt diejenigen diskreditiert, die versuchten, das Problem anzusprechen. In Limbach-Oberfrohna gab es in letzter Zeit mehrfach rechtsmotivierte \u00dcbergriffe und Nazischmierereien.<\/p>\n<\/div>\n<p>Siehe auch: <a rel=\"bookmark\" href=\"http:\/\/npd-blog.info\/2010\/11\/24\/wann-brennt-dein-haus\/\">Anschlag auf Jugendclub: Wann brennt dein Haus?<\/a>, <a rel=\"bookmark\" href=\"http:\/\/npd-blog.info\/2010\/11\/16\/zum-beispiel-limbach-oberfrohna\/\">Ignorant gegen Rechts: Zum Beispiel Limbach-Oberfrohna<\/a>, <a rel=\"bookmark\" href=\"http:\/\/npd-blog.info\/2010\/11\/16\/jugendclub-nach-brandanschlag-zerstort\/\">Jugendclub nach Brandanschlag zerst\u00f6rt<\/a><br \/>\n<img loading=\"lazy\" decoding=\"async\" src=\"http:\/\/vg04.met.vgwort.de\/na\/f6cbaed4d99b4cb7858c1a9f3464195e\" alt=\"\" width=\"1\" height=\"1\" \/><\/p>\n","protected":false},"excerpt":{"rendered":"<p>Die NPD-Sachsen veranstaltet am 22. Januar 2011 ihre \u201cgro\u00dfe Jahresauftaktveranstaltung\u201d. Einmal mehr l\u00e4dt die Neonazi-Partei nach Limbach-Oberfrohna ein. Beginn der Veranstaltung soll 14.00 Uhr sein, als Redner werden Holger Apfel (NPD-Fraktionsvorsitzender im S\u00e4chsischen Landtag), Udo Voigt (NPD-Parteivorsitzender) und Matthias Heyder (NPD-Spitzenkandidat in Sachsen-Anhalt) angek\u00fcndigt.\u00a0\u00a0Damit es nicht zu schnarchig wird, soll als \u201cLiedermacher [&#8230;] Jens von [&hellip;]<\/p>\n","protected":false},"author":295,"featured_media":0,"comment_status":"open","ping_status":"open","sticky":false,"template":"","format":"standard","meta":{"_jetpack_memberships_contains_paid_content":false,"footnotes":""},"categories":[1,1456],"tags":[],"class_list":["post-5476","post","type-post","status-publish","format-standard","hentry","category-allgemein","category-sachsen"],"yoast_head":"<!-- This site is optimized with the Yoast SEO plugin v21.0 - https:\/\/yoast.com\/wordpress\/plugins\/seo\/ -->\n<title>Apfel, Sturmwehr und die NPD - St\u00f6rungsmelder<\/title>\n<meta name=\"robots\" content=\"index, follow, max-snippet:-1, max-image-preview:large, max-video-preview:-1\" \/>\n<link rel=\"canonical\" href=\"https:\/\/blog.zeit.de\/stoerungsmelder\/2011\/01\/20\/apfel-sturmwehr-und-die-npd-in-limbach-oberfrohna_5476\" \/>\n<meta property=\"og:locale\" content=\"de_DE\" \/>\n<meta property=\"og:type\" content=\"article\" \/>\n<meta property=\"og:title\" content=\"Apfel, Sturmwehr und die NPD - St\u00f6rungsmelder\" \/>\n<meta property=\"og:description\" content=\"Die NPD-Sachsen veranstaltet am 22. Januar 2011 ihre \u201cgro\u00dfe Jahresauftaktveranstaltung\u201d. Einmal mehr l\u00e4dt die Neonazi-Partei nach Limbach-Oberfrohna ein. Beginn der Veranstaltung soll 14.00 Uhr sein, als Redner werden Holger Apfel (NPD-Fraktionsvorsitzender im S\u00e4chsischen Landtag), Udo Voigt (NPD-Parteivorsitzender) und Matthias Heyder (NPD-Spitzenkandidat in Sachsen-Anhalt) angek\u00fcndigt.\u00a0\u00a0Damit es nicht zu schnarchig wird, soll als \u201cLiedermacher [&#8230;] Jens von [&hellip;]\" \/>\n<meta property=\"og:url\" content=\"https:\/\/blog.zeit.de\/stoerungsmelder\/2011\/01\/20\/apfel-sturmwehr-und-die-npd-in-limbach-oberfrohna_5476\" \/>\n<meta property=\"og:site_name\" content=\"St\u00f6rungsmelder\" \/>\n<meta property=\"article:published_time\" content=\"2011-01-20T11:21:17+00:00\" \/>\n<meta property=\"article:modified_time\" content=\"2011-01-24T08:02:58+00:00\" \/>\n<meta property=\"og:image\" content=\"http:\/\/npd-blog.info\/wp-content\/uploads\/2010\/01\/sascha_wagner-schwarze_sonne-sturmwehr_marekp-200x300.jpg\" \/>\n<meta name=\"author\" content=\"npdbloginfo\" \/>\n<meta name=\"twitter:card\" content=\"summary_large_image\" \/>\n<meta name=\"twitter:label1\" content=\"Geschrieben von\" \/>\n\t<meta name=\"twitter:data1\" content=\"npdbloginfo\" \/>\n\t<meta name=\"twitter:label2\" content=\"Gesch\u00e4tzte Lesezeit\" \/>\n\t<meta name=\"twitter:data2\" content=\"3\u00a0Minuten\" \/>\n<script type=\"application\/ld+json\" class=\"yoast-schema-graph\">{\"@context\":\"https:\/\/schema.org\",\"@graph\":[{\"@type\":\"WebPage\",\"@id\":\"https:\/\/blog.zeit.de\/stoerungsmelder\/2011\/01\/20\/apfel-sturmwehr-und-die-npd-in-limbach-oberfrohna_5476\",\"url\":\"https:\/\/blog.zeit.de\/stoerungsmelder\/2011\/01\/20\/apfel-sturmwehr-und-die-npd-in-limbach-oberfrohna_5476\",\"name\":\"Apfel, Sturmwehr und die NPD - St\u00f6rungsmelder\",\"isPartOf\":{\"@id\":\"https:\/\/blog.zeit.de\/stoerungsmelder\/#website\"},\"datePublished\":\"2011-01-20T11:21:17+00:00\",\"dateModified\":\"2011-01-24T08:02:58+00:00\",\"author\":{\"@id\":\"https:\/\/blog.zeit.de\/stoerungsmelder\/#\/schema\/person\/36c66b1a7a2ff6e8ac09f8782af00536\"},\"breadcrumb\":{\"@id\":\"https:\/\/blog.zeit.de\/stoerungsmelder\/2011\/01\/20\/apfel-sturmwehr-und-die-npd-in-limbach-oberfrohna_5476#breadcrumb\"},\"inLanguage\":\"de\",\"potentialAction\":[{\"@type\":\"ReadAction\",\"target\":[\"https:\/\/blog.zeit.de\/stoerungsmelder\/2011\/01\/20\/apfel-sturmwehr-und-die-npd-in-limbach-oberfrohna_5476\"]}]},{\"@type\":\"BreadcrumbList\",\"@id\":\"https:\/\/blog.zeit.de\/stoerungsmelder\/2011\/01\/20\/apfel-sturmwehr-und-die-npd-in-limbach-oberfrohna_5476#breadcrumb\",\"itemListElement\":[{\"@type\":\"ListItem\",\"position\":1,\"name\":\"Startseite\",\"item\":\"https:\/\/blog.zeit.de\/stoerungsmelder\"},{\"@type\":\"ListItem\",\"position\":2,\"name\":\"Apfel, Sturmwehr und die NPD\"}]},{\"@type\":\"WebSite\",\"@id\":\"https:\/\/blog.zeit.de\/stoerungsmelder\/#website\",\"url\":\"https:\/\/blog.zeit.de\/stoerungsmelder\/\",\"name\":\"St\u00f6rungsmelder\",\"description\":\"Recherchen und Analysen \u00fcber die extreme Rechte\",\"potentialAction\":[{\"@type\":\"SearchAction\",\"target\":{\"@type\":\"EntryPoint\",\"urlTemplate\":\"https:\/\/blog.zeit.de\/stoerungsmelder\/?s={search_term_string}\"},\"query-input\":\"required name=search_term_string\"}],\"inLanguage\":\"de\"},{\"@type\":\"Person\",\"@id\":\"https:\/\/blog.zeit.de\/stoerungsmelder\/#\/schema\/person\/36c66b1a7a2ff6e8ac09f8782af00536\",\"name\":\"npdbloginfo\",\"image\":{\"@type\":\"ImageObject\",\"inLanguage\":\"de\",\"@id\":\"https:\/\/blog.zeit.de\/stoerungsmelder\/#\/schema\/person\/image\/\",\"url\":\"https:\/\/secure.gravatar.com\/avatar\/d788862a9764e18d9d9d94bed018327dcbdccc6776903d0eb9d6e0658888a017?s=96&d=mm&r=pg\",\"contentUrl\":\"https:\/\/secure.gravatar.com\/avatar\/d788862a9764e18d9d9d94bed018327dcbdccc6776903d0eb9d6e0658888a017?s=96&d=mm&r=pg\",\"caption\":\"npdbloginfo\"},\"description\":\"Das Watchblog NPD-BLOG.INFO berichtet seit 2005 kontinuierlich \u00fcber die rechtsextreme NPD.\",\"sameAs\":[\"http:\/\/npd-blog.info\"],\"url\":\"https:\/\/blog.zeit.de\/stoerungsmelder\/author\/npdbloginfo\"}]}<\/script>\n<!-- \/ Yoast SEO plugin. -->","yoast_head_json":{"title":"Apfel, Sturmwehr und die NPD - St\u00f6rungsmelder","robots":{"index":"index","follow":"follow","max-snippet":"max-snippet:-1","max-image-preview":"max-image-preview:large","max-video-preview":"max-video-preview:-1"},"canonical":"https:\/\/blog.zeit.de\/stoerungsmelder\/2011\/01\/20\/apfel-sturmwehr-und-die-npd-in-limbach-oberfrohna_5476","og_locale":"de_DE","og_type":"article","og_title":"Apfel, Sturmwehr und die NPD - St\u00f6rungsmelder","og_description":"Die NPD-Sachsen veranstaltet am 22. Januar 2011 ihre \u201cgro\u00dfe Jahresauftaktveranstaltung\u201d. Einmal mehr l\u00e4dt die Neonazi-Partei nach Limbach-Oberfrohna ein. Beginn der Veranstaltung soll 14.00 Uhr sein, als Redner werden Holger Apfel (NPD-Fraktionsvorsitzender im S\u00e4chsischen Landtag), Udo Voigt (NPD-Parteivorsitzender) und Matthias Heyder (NPD-Spitzenkandidat in Sachsen-Anhalt) angek\u00fcndigt.\u00a0\u00a0Damit es nicht zu schnarchig wird, soll als \u201cLiedermacher [&#8230;] Jens von [&hellip;]","og_url":"https:\/\/blog.zeit.de\/stoerungsmelder\/2011\/01\/20\/apfel-sturmwehr-und-die-npd-in-limbach-oberfrohna_5476","og_site_name":"St\u00f6rungsmelder","article_published_time":"2011-01-20T11:21:17+00:00","article_modified_time":"2011-01-24T08:02:58+00:00","og_image":[{"url":"http:\/\/npd-blog.info\/wp-content\/uploads\/2010\/01\/sascha_wagner-schwarze_sonne-sturmwehr_marekp-200x300.jpg"}],"author":"npdbloginfo","twitter_card":"summary_large_image","twitter_misc":{"Geschrieben von":"npdbloginfo","Gesch\u00e4tzte Lesezeit":"3\u00a0Minuten"},"schema":{"@context":"https:\/\/schema.org","@graph":[{"@type":"WebPage","@id":"https:\/\/blog.zeit.de\/stoerungsmelder\/2011\/01\/20\/apfel-sturmwehr-und-die-npd-in-limbach-oberfrohna_5476","url":"https:\/\/blog.zeit.de\/stoerungsmelder\/2011\/01\/20\/apfel-sturmwehr-und-die-npd-in-limbach-oberfrohna_5476","name":"Apfel, Sturmwehr und die NPD - St\u00f6rungsmelder","isPartOf":{"@id":"https:\/\/blog.zeit.de\/stoerungsmelder\/#website"},"datePublished":"2011-01-20T11:21:17+00:00","dateModified":"2011-01-24T08:02:58+00:00","author":{"@id":"https:\/\/blog.zeit.de\/stoerungsmelder\/#\/schema\/person\/36c66b1a7a2ff6e8ac09f8782af00536"},"breadcrumb":{"@id":"https:\/\/blog.zeit.de\/stoerungsmelder\/2011\/01\/20\/apfel-sturmwehr-und-die-npd-in-limbach-oberfrohna_5476#breadcrumb"},"inLanguage":"de","potentialAction":[{"@type":"ReadAction","target":["https:\/\/blog.zeit.de\/stoerungsmelder\/2011\/01\/20\/apfel-sturmwehr-und-die-npd-in-limbach-oberfrohna_5476"]}]},{"@type":"BreadcrumbList","@id":"https:\/\/blog.zeit.de\/stoerungsmelder\/2011\/01\/20\/apfel-sturmwehr-und-die-npd-in-limbach-oberfrohna_5476#breadcrumb","itemListElement":[{"@type":"ListItem","position":1,"name":"Startseite","item":"https:\/\/blog.zeit.de\/stoerungsmelder"},{"@type":"ListItem","position":2,"name":"Apfel, Sturmwehr und die NPD"}]},{"@type":"WebSite","@id":"https:\/\/blog.zeit.de\/stoerungsmelder\/#website","url":"https:\/\/blog.zeit.de\/stoerungsmelder\/","name":"St\u00f6rungsmelder","description":"Recherchen und Analysen \u00fcber die extreme Rechte","potentialAction":[{"@type":"SearchAction","target":{"@type":"EntryPoint","urlTemplate":"https:\/\/blog.zeit.de\/stoerungsmelder\/?s={search_term_string}"},"query-input":"required name=search_term_string"}],"inLanguage":"de"},{"@type":"Person","@id":"https:\/\/blog.zeit.de\/stoerungsmelder\/#\/schema\/person\/36c66b1a7a2ff6e8ac09f8782af00536","name":"npdbloginfo","image":{"@type":"ImageObject","inLanguage":"de","@id":"https:\/\/blog.zeit.de\/stoerungsmelder\/#\/schema\/person\/image\/","url":"https:\/\/secure.gravatar.com\/avatar\/d788862a9764e18d9d9d94bed018327dcbdccc6776903d0eb9d6e0658888a017?s=96&d=mm&r=pg","contentUrl":"https:\/\/secure.gravatar.com\/avatar\/d788862a9764e18d9d9d94bed018327dcbdccc6776903d0eb9d6e0658888a017?s=96&d=mm&r=pg","caption":"npdbloginfo"},"description":"Das Watchblog NPD-BLOG.INFO berichtet seit 2005 kontinuierlich \u00fcber die rechtsextreme NPD.","sameAs":["http:\/\/npd-blog.info"],"url":"https:\/\/blog.zeit.de\/stoerungsmelder\/author\/npdbloginfo"}]}},"jetpack_featured_media_url":"","jetpack_sharing_enabled":true,"_links":{"self":[{"href":"https:\/\/blog.zeit.de\/stoerungsmelder\/wp-json\/wp\/v2\/posts\/5476","targetHints":{"allow":["GET"]}}],"collection":[{"href":"https:\/\/blog.zeit.de\/stoerungsmelder\/wp-json\/wp\/v2\/posts"}],"about":[{"href":"https:\/\/blog.zeit.de\/stoerungsmelder\/wp-json\/wp\/v2\/types\/post"}],"author":[{"embeddable":true,"href":"https:\/\/blog.zeit.de\/stoerungsmelder\/wp-json\/wp\/v2\/users\/295"}],"replies":[{"embeddable":true,"href":"https:\/\/blog.zeit.de\/stoerungsmelder\/wp-json\/wp\/v2\/comments?post=5476"}],"version-history":[{"count":6,"href":"https:\/\/blog.zeit.de\/stoerungsmelder\/wp-json\/wp\/v2\/posts\/5476\/revisions"}],"predecessor-version":[{"id":5481,"href":"https:\/\/blog.zeit.de\/stoerungsmelder\/wp-json\/wp\/v2\/posts\/5476\/revisions\/5481"}],"wp:attachment":[{"href":"https:\/\/blog.zeit.de\/stoerungsmelder\/wp-json\/wp\/v2\/media?parent=5476"}],"wp:term":[{"taxonomy":"category","embeddable":true,"href":"https:\/\/blog.zeit.de\/stoerungsmelder\/wp-json\/wp\/v2\/categories?post=5476"},{"taxonomy":"post_tag","embeddable":true,"href":"https:\/\/blog.zeit.de\/stoerungsmelder\/wp-json\/wp\/v2\/tags?post=5476"}],"curies":[{"name":"wp","href":"https:\/\/api.w.org\/{rel}","templated":true}]}}