{"id":5510,"date":"2011-01-26T11:55:50","date_gmt":"2011-01-26T10:55:50","guid":{"rendered":"http:\/\/blog.zeit.de\/stoerungsmelder\/?p=5510"},"modified":"2011-01-26T11:55:50","modified_gmt":"2011-01-26T10:55:50","slug":"nrw-neonazis-wollen-gegen-gewalt-demonstrieren","status":"publish","type":"post","link":"https:\/\/blog.zeit.de\/stoerungsmelder\/2011\/01\/26\/nrw-neonazis-wollen-gegen-gewalt-demonstrieren_5510","title":{"rendered":"NRW: Neonazis wollen gegen Gewalt demonstrieren"},"content":{"rendered":"<p><a href=\"https:\/\/blog.zeit.de\/stoerungsmelder\/files\/2011\/01\/plakat-kl.jpg\"><img loading=\"lazy\" decoding=\"async\" class=\"alignleft size-full wp-image-5511\" title=\"plakat-kl\" src=\"https:\/\/blog.zeit.de\/stoerungsmelder\/files\/2011\/01\/plakat-kl.jpg\" alt=\"\" width=\"210\" height=\"297\" \/><\/a>Neonazis aus NRW wollen am 29. Januar 2011 in Wuppertal gegen \u201clinke Gewalt\u201d demonstrieren. Angemeldet ist die Demonstration von dem K\u00f6lner Neonazi-Kader Axel Reitz, unterst\u00fctzt wird er von Freien Kameradschaften und der NPD D\u00fcsseldorf\/Mettmann. Bereits Anfang Januar war Reitz (in Begleitung von Kevin Koch) bei der Polizei Wuppertal \u2013 zu \u201cKooperationsgespr\u00e4chen\u201d.<\/p>\n<p><!--more--><\/p>\n<p>In einem Mobilisierungsvideo schwadronieren die Neonazis dann von \u201cantideutscher Hetze\u201d und \u201cantifaschistischem Terror\u201d. Reitz fabuliert \u00fcber \u201clinksextreme Nachrichtenagenturen\u201d, \u201cNationale\u201d werden angeblich zum Freiwild, lamentieren die Kameraden \u2013 und schlendern dabei durch eine Parkanlage. Weiterhin wird behauptet, \u201cder\u201d Antifaschismus sei eine \u201cAusgeburt des Kommunismus\u201d, welcher wiederum f\u00fcr 100 Millionen Tote verantwortlich sei. Und dies sei der wahre geschichtliche Hintergrund dieser \u201cheuchlerischen Gutmenschen\u201d. Die Neonazis fordern die \u201cZerschlagung von antifaschistischen Gruppen\u201d und fordern Aufkl\u00e4rung \u00fcber deren \u201cHinterm\u00e4nner\u201d und staatlichen Geldgeber.<\/p>\n<p><a href=\"http:\/\/npd-blog.info\/wp-content\/uploads\/2011\/01\/plakat-kl.jpg\"><\/a>Gegen diese verschw\u00f6rungstheoretische Nazi-Propaganda mobilisieren DGB und antifaschistische Gruppen. Das Wuppertaler B\u00fcndnis gegen Rechts ruft auf: WUPPERTAL HAT KEINEN PLATZ F\u00dcR NAZIS ! Um der menschenverachtenden Propaganda der Nazis den \u00f6ffentlichen Raum nicht unwidersprochen zu \u00fcberlassen, ruft das B\u00fcndnis zu Protesten gegen die angek\u00fcndigte Demo auf. Wuppertal sei eine weltoffene und tolerante Stadt, hei\u00dft es auf den <a href=\"http:\/\/www.wuppertal.dgb.de\/Demos_und_Aktionstage\/2011_01_29_nazis\/index_html\" target=\"_blank\">Seiten des DGB<\/a> dazu, und Wuppertal habe Platz f\u00fcr das friedliche Zusammenleben unterschiedlicher Kulturen und Religionen. Wuppertal habe aber keinen Platz f\u00fcr Nazis! Den Aufruf zu der Demo gibt es <a href=\"http:\/\/www.wuppertal.dgb.de\/Demos_und_Aktionstage\/2011_01_29_nazis\/flyer.pdf\" target=\"_blank\">hier<\/a>. Auf den Seiten von <a href=\"http:\/\/wuppertal-gegen-rechts.de\/\" target=\"_blank\">Wuppertal gegen Rechts<\/a> k\u00f6nnen sich zudem Unterst\u00fctzer eintragen.<\/p>\n<p>Der Neonazi Axel Reitz ist ein langj\u00e4hriger Weggef\u00e4hrte von Thomas Brehl, der <a href=\"http:\/\/npd-blog.info\/2011\/01\/01\/neonazi-thomas-brehl-verstorben\/\" target=\"_blank\">k\u00fcrzlich verstorben ist<\/a>.\u00a0Er war gemeinsam mit Brehl im \u201cKampfbund Deutscher Sozialisten\u201d (KDS) aktiv. Dieser wurde allerdings im Sommer 2008 aufgel\u00f6st; dabei r\u00e4umten Brehl und Reitz eine d\u00fcrftige Bilanz ein.\u00a0Reitz sollte 2010 f\u00fcr die NPD kandidieren, die Partei zog den Kandidaten aber wieder zur\u00fcck, Gr\u00fcnde wurden nicht genannt. Beobachter vermuteten, es habe nicht ausreichend Unterst\u00fctzerunterschriften gegeben, zudem gilt Reitz als umstritten in der Szene.<\/p>\n<p>Siehe auch: <a href=\"http:\/\/npd-blog.info\/2009\/06\/03\/neonazi-reitz-kandidiert-fur-die-npd-in-siegen-wittgenstein\/\" target=\"_blank\">Neonazi Reitz kandidiert f\u00fcr die NPD in Siegen-Wittgenstein<\/a>, <a href=\"http:\/\/npd-blog.info\/2008\/08\/01\/auflosung-des-kds-durftige-bilanz\/\" target=\"_blank\">Aufl\u00f6sung des KDS \u2013 d\u00fcrftige Bilanz<\/a><img loading=\"lazy\" decoding=\"async\" src=\"http:\/\/vg08.met.vgwort.de\/na\/f11a24a3815a4f149188553a28f29a59\" width=\"1\" height=\"1\" alt=\"\"><\/p>\n","protected":false},"excerpt":{"rendered":"<p>Neonazis aus NRW wollen am 29. Januar 2011 in Wuppertal gegen \u201clinke Gewalt\u201d demonstrieren. Angemeldet ist die Demonstration von dem K\u00f6lner Neonazi-Kader Axel Reitz, unterst\u00fctzt wird er von Freien Kameradschaften und der NPD D\u00fcsseldorf\/Mettmann. Bereits Anfang Januar war Reitz (in Begleitung von Kevin Koch) bei der Polizei Wuppertal \u2013 zu \u201cKooperationsgespr\u00e4chen\u201d.<\/p>\n","protected":false},"author":295,"featured_media":0,"comment_status":"open","ping_status":"open","sticky":false,"template":"","format":"standard","meta":{"_jetpack_memberships_contains_paid_content":false,"footnotes":""},"categories":[1,1291],"tags":[],"class_list":["post-5510","post","type-post","status-publish","format-standard","hentry","category-allgemein","category-nordrhein-westfalen"],"yoast_head":"<!-- This site is optimized with the Yoast SEO plugin v21.0 - https:\/\/yoast.com\/wordpress\/plugins\/seo\/ -->\n<title>NRW: Neonazis wollen gegen Gewalt demonstrieren - St\u00f6rungsmelder<\/title>\n<meta name=\"robots\" content=\"index, follow, max-snippet:-1, max-image-preview:large, max-video-preview:-1\" \/>\n<link rel=\"canonical\" href=\"https:\/\/blog.zeit.de\/stoerungsmelder\/2011\/01\/26\/nrw-neonazis-wollen-gegen-gewalt-demonstrieren_5510\" \/>\n<meta property=\"og:locale\" content=\"de_DE\" \/>\n<meta property=\"og:type\" content=\"article\" \/>\n<meta property=\"og:title\" content=\"NRW: Neonazis wollen gegen Gewalt demonstrieren - St\u00f6rungsmelder\" \/>\n<meta property=\"og:description\" content=\"Neonazis aus NRW wollen am 29. Januar 2011 in Wuppertal gegen \u201clinke Gewalt\u201d demonstrieren. Angemeldet ist die Demonstration von dem K\u00f6lner Neonazi-Kader Axel Reitz, unterst\u00fctzt wird er von Freien Kameradschaften und der NPD D\u00fcsseldorf\/Mettmann. Bereits Anfang Januar war Reitz (in Begleitung von Kevin Koch) bei der Polizei Wuppertal \u2013 zu \u201cKooperationsgespr\u00e4chen\u201d.\" \/>\n<meta property=\"og:url\" content=\"https:\/\/blog.zeit.de\/stoerungsmelder\/2011\/01\/26\/nrw-neonazis-wollen-gegen-gewalt-demonstrieren_5510\" \/>\n<meta property=\"og:site_name\" content=\"St\u00f6rungsmelder\" \/>\n<meta property=\"article:published_time\" content=\"2011-01-26T10:55:50+00:00\" \/>\n<meta property=\"og:image\" content=\"https:\/\/blog.zeit.de\/stoerungsmelder\/files\/2011\/01\/plakat-kl.jpg\" \/>\n<meta name=\"author\" content=\"npdbloginfo\" \/>\n<meta name=\"twitter:card\" content=\"summary_large_image\" \/>\n<meta name=\"twitter:label1\" content=\"Geschrieben von\" \/>\n\t<meta name=\"twitter:data1\" content=\"npdbloginfo\" \/>\n\t<meta name=\"twitter:label2\" content=\"Gesch\u00e4tzte Lesezeit\" \/>\n\t<meta name=\"twitter:data2\" content=\"2\u00a0Minuten\" \/>\n<script type=\"application\/ld+json\" class=\"yoast-schema-graph\">{\"@context\":\"https:\/\/schema.org\",\"@graph\":[{\"@type\":\"WebPage\",\"@id\":\"https:\/\/blog.zeit.de\/stoerungsmelder\/2011\/01\/26\/nrw-neonazis-wollen-gegen-gewalt-demonstrieren_5510\",\"url\":\"https:\/\/blog.zeit.de\/stoerungsmelder\/2011\/01\/26\/nrw-neonazis-wollen-gegen-gewalt-demonstrieren_5510\",\"name\":\"NRW: Neonazis wollen gegen Gewalt demonstrieren - St\u00f6rungsmelder\",\"isPartOf\":{\"@id\":\"https:\/\/blog.zeit.de\/stoerungsmelder\/#website\"},\"datePublished\":\"2011-01-26T10:55:50+00:00\",\"dateModified\":\"2011-01-26T10:55:50+00:00\",\"author\":{\"@id\":\"https:\/\/blog.zeit.de\/stoerungsmelder\/#\/schema\/person\/36c66b1a7a2ff6e8ac09f8782af00536\"},\"breadcrumb\":{\"@id\":\"https:\/\/blog.zeit.de\/stoerungsmelder\/2011\/01\/26\/nrw-neonazis-wollen-gegen-gewalt-demonstrieren_5510#breadcrumb\"},\"inLanguage\":\"de\",\"potentialAction\":[{\"@type\":\"ReadAction\",\"target\":[\"https:\/\/blog.zeit.de\/stoerungsmelder\/2011\/01\/26\/nrw-neonazis-wollen-gegen-gewalt-demonstrieren_5510\"]}]},{\"@type\":\"BreadcrumbList\",\"@id\":\"https:\/\/blog.zeit.de\/stoerungsmelder\/2011\/01\/26\/nrw-neonazis-wollen-gegen-gewalt-demonstrieren_5510#breadcrumb\",\"itemListElement\":[{\"@type\":\"ListItem\",\"position\":1,\"name\":\"Startseite\",\"item\":\"https:\/\/blog.zeit.de\/stoerungsmelder\"},{\"@type\":\"ListItem\",\"position\":2,\"name\":\"NRW: Neonazis wollen gegen Gewalt demonstrieren\"}]},{\"@type\":\"WebSite\",\"@id\":\"https:\/\/blog.zeit.de\/stoerungsmelder\/#website\",\"url\":\"https:\/\/blog.zeit.de\/stoerungsmelder\/\",\"name\":\"St\u00f6rungsmelder\",\"description\":\"Recherchen und Analysen \u00fcber die extreme Rechte\",\"potentialAction\":[{\"@type\":\"SearchAction\",\"target\":{\"@type\":\"EntryPoint\",\"urlTemplate\":\"https:\/\/blog.zeit.de\/stoerungsmelder\/?s={search_term_string}\"},\"query-input\":\"required name=search_term_string\"}],\"inLanguage\":\"de\"},{\"@type\":\"Person\",\"@id\":\"https:\/\/blog.zeit.de\/stoerungsmelder\/#\/schema\/person\/36c66b1a7a2ff6e8ac09f8782af00536\",\"name\":\"npdbloginfo\",\"image\":{\"@type\":\"ImageObject\",\"inLanguage\":\"de\",\"@id\":\"https:\/\/blog.zeit.de\/stoerungsmelder\/#\/schema\/person\/image\/\",\"url\":\"https:\/\/secure.gravatar.com\/avatar\/d788862a9764e18d9d9d94bed018327dcbdccc6776903d0eb9d6e0658888a017?s=96&d=mm&r=pg\",\"contentUrl\":\"https:\/\/secure.gravatar.com\/avatar\/d788862a9764e18d9d9d94bed018327dcbdccc6776903d0eb9d6e0658888a017?s=96&d=mm&r=pg\",\"caption\":\"npdbloginfo\"},\"description\":\"Das Watchblog NPD-BLOG.INFO berichtet seit 2005 kontinuierlich \u00fcber die rechtsextreme NPD.\",\"sameAs\":[\"http:\/\/npd-blog.info\"],\"url\":\"https:\/\/blog.zeit.de\/stoerungsmelder\/author\/npdbloginfo\"}]}<\/script>\n<!-- \/ Yoast SEO plugin. -->","yoast_head_json":{"title":"NRW: Neonazis wollen gegen Gewalt demonstrieren - St\u00f6rungsmelder","robots":{"index":"index","follow":"follow","max-snippet":"max-snippet:-1","max-image-preview":"max-image-preview:large","max-video-preview":"max-video-preview:-1"},"canonical":"https:\/\/blog.zeit.de\/stoerungsmelder\/2011\/01\/26\/nrw-neonazis-wollen-gegen-gewalt-demonstrieren_5510","og_locale":"de_DE","og_type":"article","og_title":"NRW: Neonazis wollen gegen Gewalt demonstrieren - St\u00f6rungsmelder","og_description":"Neonazis aus NRW wollen am 29. Januar 2011 in Wuppertal gegen \u201clinke Gewalt\u201d demonstrieren. Angemeldet ist die Demonstration von dem K\u00f6lner Neonazi-Kader Axel Reitz, unterst\u00fctzt wird er von Freien Kameradschaften und der NPD D\u00fcsseldorf\/Mettmann. Bereits Anfang Januar war Reitz (in Begleitung von Kevin Koch) bei der Polizei Wuppertal \u2013 zu \u201cKooperationsgespr\u00e4chen\u201d.","og_url":"https:\/\/blog.zeit.de\/stoerungsmelder\/2011\/01\/26\/nrw-neonazis-wollen-gegen-gewalt-demonstrieren_5510","og_site_name":"St\u00f6rungsmelder","article_published_time":"2011-01-26T10:55:50+00:00","og_image":[{"url":"https:\/\/blog.zeit.de\/stoerungsmelder\/files\/2011\/01\/plakat-kl.jpg"}],"author":"npdbloginfo","twitter_card":"summary_large_image","twitter_misc":{"Geschrieben von":"npdbloginfo","Gesch\u00e4tzte Lesezeit":"2\u00a0Minuten"},"schema":{"@context":"https:\/\/schema.org","@graph":[{"@type":"WebPage","@id":"https:\/\/blog.zeit.de\/stoerungsmelder\/2011\/01\/26\/nrw-neonazis-wollen-gegen-gewalt-demonstrieren_5510","url":"https:\/\/blog.zeit.de\/stoerungsmelder\/2011\/01\/26\/nrw-neonazis-wollen-gegen-gewalt-demonstrieren_5510","name":"NRW: Neonazis wollen gegen Gewalt demonstrieren - St\u00f6rungsmelder","isPartOf":{"@id":"https:\/\/blog.zeit.de\/stoerungsmelder\/#website"},"datePublished":"2011-01-26T10:55:50+00:00","dateModified":"2011-01-26T10:55:50+00:00","author":{"@id":"https:\/\/blog.zeit.de\/stoerungsmelder\/#\/schema\/person\/36c66b1a7a2ff6e8ac09f8782af00536"},"breadcrumb":{"@id":"https:\/\/blog.zeit.de\/stoerungsmelder\/2011\/01\/26\/nrw-neonazis-wollen-gegen-gewalt-demonstrieren_5510#breadcrumb"},"inLanguage":"de","potentialAction":[{"@type":"ReadAction","target":["https:\/\/blog.zeit.de\/stoerungsmelder\/2011\/01\/26\/nrw-neonazis-wollen-gegen-gewalt-demonstrieren_5510"]}]},{"@type":"BreadcrumbList","@id":"https:\/\/blog.zeit.de\/stoerungsmelder\/2011\/01\/26\/nrw-neonazis-wollen-gegen-gewalt-demonstrieren_5510#breadcrumb","itemListElement":[{"@type":"ListItem","position":1,"name":"Startseite","item":"https:\/\/blog.zeit.de\/stoerungsmelder"},{"@type":"ListItem","position":2,"name":"NRW: Neonazis wollen gegen Gewalt demonstrieren"}]},{"@type":"WebSite","@id":"https:\/\/blog.zeit.de\/stoerungsmelder\/#website","url":"https:\/\/blog.zeit.de\/stoerungsmelder\/","name":"St\u00f6rungsmelder","description":"Recherchen und Analysen \u00fcber die extreme Rechte","potentialAction":[{"@type":"SearchAction","target":{"@type":"EntryPoint","urlTemplate":"https:\/\/blog.zeit.de\/stoerungsmelder\/?s={search_term_string}"},"query-input":"required name=search_term_string"}],"inLanguage":"de"},{"@type":"Person","@id":"https:\/\/blog.zeit.de\/stoerungsmelder\/#\/schema\/person\/36c66b1a7a2ff6e8ac09f8782af00536","name":"npdbloginfo","image":{"@type":"ImageObject","inLanguage":"de","@id":"https:\/\/blog.zeit.de\/stoerungsmelder\/#\/schema\/person\/image\/","url":"https:\/\/secure.gravatar.com\/avatar\/d788862a9764e18d9d9d94bed018327dcbdccc6776903d0eb9d6e0658888a017?s=96&d=mm&r=pg","contentUrl":"https:\/\/secure.gravatar.com\/avatar\/d788862a9764e18d9d9d94bed018327dcbdccc6776903d0eb9d6e0658888a017?s=96&d=mm&r=pg","caption":"npdbloginfo"},"description":"Das Watchblog NPD-BLOG.INFO berichtet seit 2005 kontinuierlich \u00fcber die rechtsextreme NPD.","sameAs":["http:\/\/npd-blog.info"],"url":"https:\/\/blog.zeit.de\/stoerungsmelder\/author\/npdbloginfo"}]}},"jetpack_featured_media_url":"","jetpack_sharing_enabled":true,"_links":{"self":[{"href":"https:\/\/blog.zeit.de\/stoerungsmelder\/wp-json\/wp\/v2\/posts\/5510","targetHints":{"allow":["GET"]}}],"collection":[{"href":"https:\/\/blog.zeit.de\/stoerungsmelder\/wp-json\/wp\/v2\/posts"}],"about":[{"href":"https:\/\/blog.zeit.de\/stoerungsmelder\/wp-json\/wp\/v2\/types\/post"}],"author":[{"embeddable":true,"href":"https:\/\/blog.zeit.de\/stoerungsmelder\/wp-json\/wp\/v2\/users\/295"}],"replies":[{"embeddable":true,"href":"https:\/\/blog.zeit.de\/stoerungsmelder\/wp-json\/wp\/v2\/comments?post=5510"}],"version-history":[{"count":1,"href":"https:\/\/blog.zeit.de\/stoerungsmelder\/wp-json\/wp\/v2\/posts\/5510\/revisions"}],"predecessor-version":[{"id":5512,"href":"https:\/\/blog.zeit.de\/stoerungsmelder\/wp-json\/wp\/v2\/posts\/5510\/revisions\/5512"}],"wp:attachment":[{"href":"https:\/\/blog.zeit.de\/stoerungsmelder\/wp-json\/wp\/v2\/media?parent=5510"}],"wp:term":[{"taxonomy":"category","embeddable":true,"href":"https:\/\/blog.zeit.de\/stoerungsmelder\/wp-json\/wp\/v2\/categories?post=5510"},{"taxonomy":"post_tag","embeddable":true,"href":"https:\/\/blog.zeit.de\/stoerungsmelder\/wp-json\/wp\/v2\/tags?post=5510"}],"curies":[{"name":"wp","href":"https:\/\/api.w.org\/{rel}","templated":true}]}}