{"id":5557,"date":"2011-02-03T12:49:04","date_gmt":"2011-02-03T11:49:04","guid":{"rendered":"http:\/\/blog.zeit.de\/stoerungsmelder\/?p=5557"},"modified":"2011-02-03T12:49:04","modified_gmt":"2011-02-03T11:49:04","slug":"dresden-proteste-auch-am-13-februar","status":"publish","type":"post","link":"https:\/\/blog.zeit.de\/stoerungsmelder\/2011\/02\/03\/dresden-proteste-auch-am-13-februar_5557","title":{"rendered":"Dresden-Proteste auch am 13. Februar"},"content":{"rendered":"<p><a href=\"https:\/\/blog.zeit.de\/stoerungsmelder\/files\/2011\/02\/buttons.jpg\"><img loading=\"lazy\" decoding=\"async\" class=\"alignleft size-full wp-image-5558\" title=\"buttons\" src=\"https:\/\/blog.zeit.de\/stoerungsmelder\/files\/2011\/02\/buttons.jpg\" alt=\"\" width=\"185\" height=\"233\" \/><\/a><\/p>\n<p>Das B\u00fcndnis <a href=\"http:\/\/www.dresden-nazifrei.com\">\u201eNazifrei! &#8211; Dresden stellt sich quer\u201c<\/a> ruft f\u00fcr den 13. Februar unter dem Motto \u201eNicht lange Fackeln \u2013 Naziaufmarsch entgegentreten\u201c dazu auf, sich dem so genannten Trauermarsch mit vielf\u00e4ltigen und kreativen Aktionen entgegenzustellen. An diesem Tag wollen bis zu 2000 Neonazis mit Fackeln und Trommeln durch Dresden marschieren. F\u00fcr den 19. Februar werden hingegen rund 6000 Rechtsextremisten erwartet.<!--more--><\/p>\n<p>\u201eAm 13. Februar wollen die Nazis in Ruhe mit Fackeln durch Dresden laufen. Doch wir werden ihnen keine Ruhe lassen und ihre menschenverachtende Gesinnung ans Licht zerren\u201c, erkl\u00e4rt Franziska Radtke, Sprecherin des B\u00fcndnisses \u201eDresden \u2013 Nazifrei!\u201c. \u201eJede und jeder ist an diesem Tag gefragt, sich mit vielf\u00e4ltigen, kreativen, bunten und dezentralen Aktionen den Nazis in den Weg zustellen.\u201c Die zentrale Kundgebung des B\u00fcndnisses wird ab 14 Uhr am Hauptbahnhof stattfinden.<\/p>\n<p>Dort soll auch ein antifaschistischer Spaziergang auf den Spuren der NS-T\u00e4ter enden. Dieser \u201eT\u00e4tergang\u201c wird um 11 Uhr auf dem Comeniusplatz starten und mehrere Stationen wie zum Beispiel den Wohnort des damaligen NSDAP-Gauleiters und Ministerpr\u00e4sidenten Sachsens, Martin Mutschmann umfassen, der Juden und politische Gegner grausam verfolgen lie\u00df. \u201eDurch eine Begehung der Orte der T\u00e4ter sowie durch das Erinnern an die Opfer des Nationalsozialismus wollen wir in den Gedenkdiskurs eingreifen und gegen das geschichtsrevisionistische Gedenken der Nazis und die Verdrehung von T\u00e4tern und Opfern protestieren\u201c, so Franziska Radtke.<\/p>\n<p>F\u00fcr den 19. Februar mobilisiert das B\u00fcndnis \u201eNazifrei! \u2013 Dresden stellt sich quer\u201c weiterhin bundesweit nach Dresden, um mittels Massenblockaden die Gro\u00dfveranstaltung der Nazis zu verhindern.<\/p>\n","protected":false},"excerpt":{"rendered":"<p>Das B\u00fcndnis \u201eNazifrei! &#8211; Dresden stellt sich quer\u201c ruft f\u00fcr den 13. Februar unter dem Motto \u201eNicht lange Fackeln \u2013 Naziaufmarsch entgegentreten\u201c dazu auf, sich dem so genannten Trauermarsch mit vielf\u00e4ltigen und kreativen Aktionen entgegenzustellen. An diesem Tag wollen bis zu 2000 Neonazis mit Fackeln und Trommeln durch Dresden marschieren. F\u00fcr den 19. Februar werden [&hellip;]<\/p>\n","protected":false},"author":229,"featured_media":0,"comment_status":"open","ping_status":"open","sticky":false,"template":"","format":"standard","meta":{"_jetpack_memberships_contains_paid_content":false,"footnotes":""},"categories":[1456],"tags":[1707,1752,2089,1858],"class_list":["post-5557","post","type-post","status-publish","format-standard","hentry","category-sachsen","tag-naziaufmarsch","tag-protest","tag-sitzblockaden","tag-zivilcourage"],"yoast_head":"<!-- This site is optimized with the Yoast SEO plugin v21.0 - https:\/\/yoast.com\/wordpress\/plugins\/seo\/ -->\n<title>Dresden-Proteste auch am 13. Februar - St\u00f6rungsmelder<\/title>\n<meta name=\"robots\" content=\"index, follow, max-snippet:-1, max-image-preview:large, max-video-preview:-1\" \/>\n<link rel=\"canonical\" href=\"https:\/\/blog.zeit.de\/stoerungsmelder\/2011\/02\/03\/dresden-proteste-auch-am-13-februar_5557\" \/>\n<meta property=\"og:locale\" content=\"de_DE\" \/>\n<meta property=\"og:type\" content=\"article\" \/>\n<meta property=\"og:title\" content=\"Dresden-Proteste auch am 13. Februar - St\u00f6rungsmelder\" \/>\n<meta property=\"og:description\" content=\"Das B\u00fcndnis \u201eNazifrei! &#8211; Dresden stellt sich quer\u201c ruft f\u00fcr den 13. Februar unter dem Motto \u201eNicht lange Fackeln \u2013 Naziaufmarsch entgegentreten\u201c dazu auf, sich dem so genannten Trauermarsch mit vielf\u00e4ltigen und kreativen Aktionen entgegenzustellen. An diesem Tag wollen bis zu 2000 Neonazis mit Fackeln und Trommeln durch Dresden marschieren. F\u00fcr den 19. Februar werden [&hellip;]\" \/>\n<meta property=\"og:url\" content=\"https:\/\/blog.zeit.de\/stoerungsmelder\/2011\/02\/03\/dresden-proteste-auch-am-13-februar_5557\" \/>\n<meta property=\"og:site_name\" content=\"St\u00f6rungsmelder\" \/>\n<meta property=\"article:published_time\" content=\"2011-02-03T11:49:04+00:00\" \/>\n<meta property=\"og:image\" content=\"https:\/\/blog.zeit.de\/stoerungsmelder\/files\/2011\/02\/buttons.jpg\" \/>\n<meta name=\"author\" content=\"St\u00f6rungsmelder\" \/>\n<meta name=\"twitter:card\" content=\"summary_large_image\" \/>\n<meta name=\"twitter:label1\" content=\"Geschrieben von\" \/>\n\t<meta name=\"twitter:data1\" content=\"St\u00f6rungsmelder\" \/>\n\t<meta name=\"twitter:label2\" content=\"Gesch\u00e4tzte Lesezeit\" \/>\n\t<meta name=\"twitter:data2\" content=\"1\u00a0Minute\" \/>\n<script type=\"application\/ld+json\" class=\"yoast-schema-graph\">{\"@context\":\"https:\/\/schema.org\",\"@graph\":[{\"@type\":\"WebPage\",\"@id\":\"https:\/\/blog.zeit.de\/stoerungsmelder\/2011\/02\/03\/dresden-proteste-auch-am-13-februar_5557\",\"url\":\"https:\/\/blog.zeit.de\/stoerungsmelder\/2011\/02\/03\/dresden-proteste-auch-am-13-februar_5557\",\"name\":\"Dresden-Proteste auch am 13. Februar - St\u00f6rungsmelder\",\"isPartOf\":{\"@id\":\"https:\/\/blog.zeit.de\/stoerungsmelder\/#website\"},\"datePublished\":\"2011-02-03T11:49:04+00:00\",\"dateModified\":\"2011-02-03T11:49:04+00:00\",\"author\":{\"@id\":\"https:\/\/blog.zeit.de\/stoerungsmelder\/#\/schema\/person\/fdd0b9818f65738672810b6d6f037f71\"},\"breadcrumb\":{\"@id\":\"https:\/\/blog.zeit.de\/stoerungsmelder\/2011\/02\/03\/dresden-proteste-auch-am-13-februar_5557#breadcrumb\"},\"inLanguage\":\"de\",\"potentialAction\":[{\"@type\":\"ReadAction\",\"target\":[\"https:\/\/blog.zeit.de\/stoerungsmelder\/2011\/02\/03\/dresden-proteste-auch-am-13-februar_5557\"]}]},{\"@type\":\"BreadcrumbList\",\"@id\":\"https:\/\/blog.zeit.de\/stoerungsmelder\/2011\/02\/03\/dresden-proteste-auch-am-13-februar_5557#breadcrumb\",\"itemListElement\":[{\"@type\":\"ListItem\",\"position\":1,\"name\":\"Startseite\",\"item\":\"https:\/\/blog.zeit.de\/stoerungsmelder\"},{\"@type\":\"ListItem\",\"position\":2,\"name\":\"Dresden-Proteste auch am 13. Februar\"}]},{\"@type\":\"WebSite\",\"@id\":\"https:\/\/blog.zeit.de\/stoerungsmelder\/#website\",\"url\":\"https:\/\/blog.zeit.de\/stoerungsmelder\/\",\"name\":\"St\u00f6rungsmelder\",\"description\":\"Recherchen und Analysen \u00fcber die extreme Rechte\",\"potentialAction\":[{\"@type\":\"SearchAction\",\"target\":{\"@type\":\"EntryPoint\",\"urlTemplate\":\"https:\/\/blog.zeit.de\/stoerungsmelder\/?s={search_term_string}\"},\"query-input\":\"required name=search_term_string\"}],\"inLanguage\":\"de\"},{\"@type\":\"Person\",\"@id\":\"https:\/\/blog.zeit.de\/stoerungsmelder\/#\/schema\/person\/fdd0b9818f65738672810b6d6f037f71\",\"name\":\"St\u00f6rungsmelder\",\"image\":{\"@type\":\"ImageObject\",\"inLanguage\":\"de\",\"@id\":\"https:\/\/blog.zeit.de\/stoerungsmelder\/#\/schema\/person\/image\/\",\"url\":\"https:\/\/secure.gravatar.com\/avatar\/dfa4be514c3e82a71e4f9a0020035d38192d080ccaa5e4e6d7a1472c763535c5?s=96&d=mm&r=pg\",\"contentUrl\":\"https:\/\/secure.gravatar.com\/avatar\/dfa4be514c3e82a71e4f9a0020035d38192d080ccaa5e4e6d7a1472c763535c5?s=96&d=mm&r=pg\",\"caption\":\"St\u00f6rungsmelder\"},\"url\":\"https:\/\/blog.zeit.de\/stoerungsmelder\/author\/stoerungsmelder\"}]}<\/script>\n<!-- \/ Yoast SEO plugin. -->","yoast_head_json":{"title":"Dresden-Proteste auch am 13. Februar - St\u00f6rungsmelder","robots":{"index":"index","follow":"follow","max-snippet":"max-snippet:-1","max-image-preview":"max-image-preview:large","max-video-preview":"max-video-preview:-1"},"canonical":"https:\/\/blog.zeit.de\/stoerungsmelder\/2011\/02\/03\/dresden-proteste-auch-am-13-februar_5557","og_locale":"de_DE","og_type":"article","og_title":"Dresden-Proteste auch am 13. Februar - St\u00f6rungsmelder","og_description":"Das B\u00fcndnis \u201eNazifrei! &#8211; Dresden stellt sich quer\u201c ruft f\u00fcr den 13. Februar unter dem Motto \u201eNicht lange Fackeln \u2013 Naziaufmarsch entgegentreten\u201c dazu auf, sich dem so genannten Trauermarsch mit vielf\u00e4ltigen und kreativen Aktionen entgegenzustellen. An diesem Tag wollen bis zu 2000 Neonazis mit Fackeln und Trommeln durch Dresden marschieren. F\u00fcr den 19. Februar werden [&hellip;]","og_url":"https:\/\/blog.zeit.de\/stoerungsmelder\/2011\/02\/03\/dresden-proteste-auch-am-13-februar_5557","og_site_name":"St\u00f6rungsmelder","article_published_time":"2011-02-03T11:49:04+00:00","og_image":[{"url":"https:\/\/blog.zeit.de\/stoerungsmelder\/files\/2011\/02\/buttons.jpg"}],"author":"St\u00f6rungsmelder","twitter_card":"summary_large_image","twitter_misc":{"Geschrieben von":"St\u00f6rungsmelder","Gesch\u00e4tzte Lesezeit":"1\u00a0Minute"},"schema":{"@context":"https:\/\/schema.org","@graph":[{"@type":"WebPage","@id":"https:\/\/blog.zeit.de\/stoerungsmelder\/2011\/02\/03\/dresden-proteste-auch-am-13-februar_5557","url":"https:\/\/blog.zeit.de\/stoerungsmelder\/2011\/02\/03\/dresden-proteste-auch-am-13-februar_5557","name":"Dresden-Proteste auch am 13. Februar - St\u00f6rungsmelder","isPartOf":{"@id":"https:\/\/blog.zeit.de\/stoerungsmelder\/#website"},"datePublished":"2011-02-03T11:49:04+00:00","dateModified":"2011-02-03T11:49:04+00:00","author":{"@id":"https:\/\/blog.zeit.de\/stoerungsmelder\/#\/schema\/person\/fdd0b9818f65738672810b6d6f037f71"},"breadcrumb":{"@id":"https:\/\/blog.zeit.de\/stoerungsmelder\/2011\/02\/03\/dresden-proteste-auch-am-13-februar_5557#breadcrumb"},"inLanguage":"de","potentialAction":[{"@type":"ReadAction","target":["https:\/\/blog.zeit.de\/stoerungsmelder\/2011\/02\/03\/dresden-proteste-auch-am-13-februar_5557"]}]},{"@type":"BreadcrumbList","@id":"https:\/\/blog.zeit.de\/stoerungsmelder\/2011\/02\/03\/dresden-proteste-auch-am-13-februar_5557#breadcrumb","itemListElement":[{"@type":"ListItem","position":1,"name":"Startseite","item":"https:\/\/blog.zeit.de\/stoerungsmelder"},{"@type":"ListItem","position":2,"name":"Dresden-Proteste auch am 13. Februar"}]},{"@type":"WebSite","@id":"https:\/\/blog.zeit.de\/stoerungsmelder\/#website","url":"https:\/\/blog.zeit.de\/stoerungsmelder\/","name":"St\u00f6rungsmelder","description":"Recherchen und Analysen \u00fcber die extreme Rechte","potentialAction":[{"@type":"SearchAction","target":{"@type":"EntryPoint","urlTemplate":"https:\/\/blog.zeit.de\/stoerungsmelder\/?s={search_term_string}"},"query-input":"required name=search_term_string"}],"inLanguage":"de"},{"@type":"Person","@id":"https:\/\/blog.zeit.de\/stoerungsmelder\/#\/schema\/person\/fdd0b9818f65738672810b6d6f037f71","name":"St\u00f6rungsmelder","image":{"@type":"ImageObject","inLanguage":"de","@id":"https:\/\/blog.zeit.de\/stoerungsmelder\/#\/schema\/person\/image\/","url":"https:\/\/secure.gravatar.com\/avatar\/dfa4be514c3e82a71e4f9a0020035d38192d080ccaa5e4e6d7a1472c763535c5?s=96&d=mm&r=pg","contentUrl":"https:\/\/secure.gravatar.com\/avatar\/dfa4be514c3e82a71e4f9a0020035d38192d080ccaa5e4e6d7a1472c763535c5?s=96&d=mm&r=pg","caption":"St\u00f6rungsmelder"},"url":"https:\/\/blog.zeit.de\/stoerungsmelder\/author\/stoerungsmelder"}]}},"jetpack_featured_media_url":"","jetpack_sharing_enabled":true,"_links":{"self":[{"href":"https:\/\/blog.zeit.de\/stoerungsmelder\/wp-json\/wp\/v2\/posts\/5557","targetHints":{"allow":["GET"]}}],"collection":[{"href":"https:\/\/blog.zeit.de\/stoerungsmelder\/wp-json\/wp\/v2\/posts"}],"about":[{"href":"https:\/\/blog.zeit.de\/stoerungsmelder\/wp-json\/wp\/v2\/types\/post"}],"author":[{"embeddable":true,"href":"https:\/\/blog.zeit.de\/stoerungsmelder\/wp-json\/wp\/v2\/users\/229"}],"replies":[{"embeddable":true,"href":"https:\/\/blog.zeit.de\/stoerungsmelder\/wp-json\/wp\/v2\/comments?post=5557"}],"version-history":[{"count":2,"href":"https:\/\/blog.zeit.de\/stoerungsmelder\/wp-json\/wp\/v2\/posts\/5557\/revisions"}],"predecessor-version":[{"id":5560,"href":"https:\/\/blog.zeit.de\/stoerungsmelder\/wp-json\/wp\/v2\/posts\/5557\/revisions\/5560"}],"wp:attachment":[{"href":"https:\/\/blog.zeit.de\/stoerungsmelder\/wp-json\/wp\/v2\/media?parent=5557"}],"wp:term":[{"taxonomy":"category","embeddable":true,"href":"https:\/\/blog.zeit.de\/stoerungsmelder\/wp-json\/wp\/v2\/categories?post=5557"},{"taxonomy":"post_tag","embeddable":true,"href":"https:\/\/blog.zeit.de\/stoerungsmelder\/wp-json\/wp\/v2\/tags?post=5557"}],"curies":[{"name":"wp","href":"https:\/\/api.w.org\/{rel}","templated":true}]}}