{"id":5561,"date":"2011-02-03T13:25:52","date_gmt":"2011-02-03T12:25:52","guid":{"rendered":"http:\/\/blog.zeit.de\/stoerungsmelder\/?p=5561"},"modified":"2011-02-03T13:50:59","modified_gmt":"2011-02-03T12:50:59","slug":"sitzblockaden-sind-meiner-meinung-nach-ein-wirkungsvolles-mittel","status":"publish","type":"post","link":"https:\/\/blog.zeit.de\/stoerungsmelder\/2011\/02\/03\/sitzblockaden-sind-meiner-meinung-nach-ein-wirkungsvolles-mittel_5561","title":{"rendered":"&#8222;Sitzblockaden sind meiner Meinung nach ein wirkungsvolles Mittel&#8220;"},"content":{"rendered":"<p><figure id=\"attachment_5562\" aria-describedby=\"caption-attachment-5562\" style=\"width: 300px\" class=\"wp-caption alignleft\"><a href=\"https:\/\/blog.zeit.de\/stoerungsmelder\/files\/2011\/02\/Pressefoto_2008_DTH_Credit_Dieter_Eikelpoth_klein.jpg\"><img loading=\"lazy\" decoding=\"async\" class=\"size-full wp-image-5562 \" title=\"Pressefoto_2008_DTH_Credit_Dieter_Eikelpoth_klein\" src=\"https:\/\/blog.zeit.de\/stoerungsmelder\/files\/2011\/02\/Pressefoto_2008_DTH_Credit_Dieter_Eikelpoth_klein.jpg\" alt=\"\" width=\"300\" height=\"399\" srcset=\"https:\/\/blog.zeit.de\/stoerungsmelder\/files\/2011\/02\/Pressefoto_2008_DTH_Credit_Dieter_Eikelpoth_klein.jpg 500w, https:\/\/blog.zeit.de\/stoerungsmelder\/files\/2011\/02\/Pressefoto_2008_DTH_Credit_Dieter_Eikelpoth_klein-225x300.jpg 225w\" sizes=\"auto, (max-width: 300px) 100vw, 300px\" \/><\/a><figcaption id=\"caption-attachment-5562\" class=\"wp-caption-text\">Seit 30 Jahren aktiv gegen Rechts - Die Toten Hosen  \u00a9 Dieter Eikelpoth<\/figcaption><\/figure><\/p>\n<p>Wie schon 2010 rufen die <a href=\"http:\/\/www.totenhosen.de\">Toten Hosen<\/a> erneut dazu auf, sich an den Massenblockaden am 19. Februar in Dresden zu beteiligen. Kurz bevor es los geht, hat Gitarrist Breiti die Fragen vom <a href=\"http:\/\/www.dresden-nazifrei.com\">B\u00fcndnis Dresden-Nazifrei<\/a> beantwortet, die wir hier dokumentieren.<!--more--><\/p>\n<p><strong>Hallo Breiti, als wir Dich vor einem Jahr gefragt haben, ob du glaubst, dass es zu schaffen ist den j\u00e4hrlichen Aufmarsch in Dresden zu verhindern, hast Du noch vorsichtig geantwortet \u201eWirklich stoppen vielleicht nicht, aber auf jeden Fall wesentlich behindern\u201c. Das und noch viel mehr haben wir mit 12 000 Menschen hinbekommen. Die 6000 Nazis konnten nicht einen Meter ihrer Route marschieren. Meinst Du die geben irgendwann auf, wenn die Massenblockaden dieses Jahr wieder so gut funktionieren?<\/strong><\/p>\n<p>Breiti: Sollten die Proteste wieder so wirksam sein, werden die Nazis irgendwann die Lust verlieren. Man sollte allerdings nicht davon ausgehen, dass sie so einfach aufgeben. Wom\u00f6glich stellt sich das Problem im n\u00e4chsten Jahr wieder.<\/p>\n<p><strong>Im vergangenen Jahr hat die Justiz ganz sch\u00f6n Druck gegen die Proteste gemacht. Es gab Razzien wegen des Blockadeaufrufs und gegen ein paar Politiker wurden sogar Verfahren wegen der Teilnahme an den Sitzblockaden eingeleitet. H\u00e4ltst Du weiterhin daran fest, dass Sitzblockaden das richtige Mittel sind, um den Naziaufmarsch zu verhindern?<\/strong><\/p>\n<p>Daran hat sich nichts ge\u00e4ndert. Sitzblockaden sind meiner Meinung nach ein wirkungsvolles Mittel, um den Naziaufmarsch zu behindern und im besten Fall zu verhindern. Jeder muss f\u00fcr sich selbst entscheiden, ob er den Mut hat, mitzumachen und notfalls auch eine Anzeige zu riskieren. Wenn man abw\u00e4gt, um welches Ziel es geht, halte ich Sitzblockaden in jedem Fall f\u00fcr legitim.<\/p>\n<p><strong>Warum ist es Deiner Meinung nach gerade bei Naziaufm\u00e4rschen so wichtig direkt auf der Stra\u00dfe Flagge zu zeigen? Manche Politiker behaupten ja regelm\u00e4\u00dfig, es w\u00e4re eine bessere Idee die Aufm\u00e4rsche zu ignorieren oder weit ab davon ein kleines Demokratiefest zu veranstalten.<\/strong><\/p>\n<p>Viele Politiker haben leider die sch\u00e4dliche Einstellung, dass man sich mit Nazis nicht auseinandersetzen sollte. Ich finde, dass Gegenteil ist der Fall. Es ist wichtig, direkt vor Ort dagegen zu halten. Dadurch werden die Nazis an der Verbreitung ihrer Ideen gehindert, ihr Aufmarsch l\u00e4sst sich nicht als Erfolg verkaufen, um neue Anh\u00e4nger zu gewinnen, und in den Medien wird der Protest zum Thema.<\/p>\n<p><strong>Ihr engagiert Euch als Band schon seit vielen Jahren gegen Neonazis und Rassismus. Was treibt Euch da bis heute an?<\/strong><\/p>\n<p>Nazis haben die Grundeinstellung, dass sie zu einer Gruppe geh\u00f6ren, die alle Anderen nach Belieben diskriminieren, verpr\u00fcgeln, versklaven oder t\u00f6ten darf. &#8222;Die Anderen&#8220; k\u00f6nnen Juden, Moslems, Christen, Antirassisten, Demokraten, Obdachlose, Punks, Schwarze, Weisse, Asiaten oder sonst jemand sein. Je nachdem, wen sich die Nazis gerade als Ziel ihrer Aggression aussuchen.<\/p>\n<p>Diese Haltung war f\u00fcr uns nie akzeptabel und wir fanden immer, dass man dagegen etwas unternehmen muss. Nat\u00fcrlich auch vor dem Hintergrund, dass viele Deutsche w\u00e4hrend der Nazi-Herrschaft  den sadistischen Massenmord an Millionen von Menschen organisiert haben. Allein schon, um die W\u00fcrde der Opfer zu wahren, muss man gegen die Nazis etwas tun.<\/p>\n<p>Au\u00dferdem finde ich, dass Meinungsfreiheit, Religionsfreiheit, Gleichheit vor dem Gesetz usw. alles andere als selbstverst\u00e4ndlich sind, wie der Blick auf andere L\u00e4nder oder unsere Geschichte zeigt. Daf\u00fcr muss man dauernd etwas tun.<\/p>\n<p><img loading=\"lazy\" decoding=\"async\" src=\"http:\/\/vg01.met.vgwort.de\/na\/6d1b21e28efb41caa657392e71bab5f8\" width=\"1\" height=\"1\" alt=\"\"><\/p>\n","protected":false},"excerpt":{"rendered":"<p>Wie schon 2010 rufen die Toten Hosen erneut dazu auf, sich an den Massenblockaden am 19. Februar in Dresden zu beteiligen. Kurz bevor es los geht, hat Gitarrist Breiti die Fragen vom B\u00fcndnis Dresden-Nazifrei beantwortet, die wir hier dokumentieren.<\/p>\n","protected":false},"author":229,"featured_media":0,"comment_status":"open","ping_status":"open","sticky":false,"template":"","format":"standard","meta":{"_jetpack_memberships_contains_paid_content":false,"footnotes":""},"categories":[1456],"tags":[1707,1752,1825,1858],"class_list":["post-5561","post","type-post","status-publish","format-standard","hentry","category-sachsen","tag-naziaufmarsch","tag-protest","tag-toten-hosen","tag-zivilcourage"],"yoast_head":"<!-- This site is optimized with the Yoast SEO plugin v21.0 - https:\/\/yoast.com\/wordpress\/plugins\/seo\/ -->\n<title>&quot;Sitzblockaden sind meiner Meinung nach ein wirkungsvolles Mittel&quot; - St\u00f6rungsmelder<\/title>\n<meta name=\"robots\" content=\"index, follow, max-snippet:-1, max-image-preview:large, max-video-preview:-1\" \/>\n<link rel=\"canonical\" href=\"https:\/\/blog.zeit.de\/stoerungsmelder\/2011\/02\/03\/sitzblockaden-sind-meiner-meinung-nach-ein-wirkungsvolles-mittel_5561\" \/>\n<meta property=\"og:locale\" content=\"de_DE\" \/>\n<meta property=\"og:type\" content=\"article\" \/>\n<meta property=\"og:title\" content=\"&quot;Sitzblockaden sind meiner Meinung nach ein wirkungsvolles Mittel&quot; - St\u00f6rungsmelder\" \/>\n<meta property=\"og:description\" content=\"Wie schon 2010 rufen die Toten Hosen erneut dazu auf, sich an den Massenblockaden am 19. Februar in Dresden zu beteiligen. Kurz bevor es los geht, hat Gitarrist Breiti die Fragen vom B\u00fcndnis Dresden-Nazifrei beantwortet, die wir hier dokumentieren.\" \/>\n<meta property=\"og:url\" content=\"https:\/\/blog.zeit.de\/stoerungsmelder\/2011\/02\/03\/sitzblockaden-sind-meiner-meinung-nach-ein-wirkungsvolles-mittel_5561\" \/>\n<meta property=\"og:site_name\" content=\"St\u00f6rungsmelder\" \/>\n<meta property=\"article:published_time\" content=\"2011-02-03T12:25:52+00:00\" \/>\n<meta property=\"article:modified_time\" content=\"2011-02-03T12:50:59+00:00\" \/>\n<meta property=\"og:image\" content=\"https:\/\/blog.zeit.de\/stoerungsmelder\/files\/2011\/02\/Pressefoto_2008_DTH_Credit_Dieter_Eikelpoth_klein.jpg\" \/>\n<meta name=\"author\" content=\"St\u00f6rungsmelder\" \/>\n<meta name=\"twitter:card\" content=\"summary_large_image\" \/>\n<meta name=\"twitter:label1\" content=\"Geschrieben von\" \/>\n\t<meta name=\"twitter:data1\" content=\"St\u00f6rungsmelder\" \/>\n\t<meta name=\"twitter:label2\" content=\"Gesch\u00e4tzte Lesezeit\" \/>\n\t<meta name=\"twitter:data2\" content=\"3\u00a0Minuten\" \/>\n<script type=\"application\/ld+json\" class=\"yoast-schema-graph\">{\"@context\":\"https:\/\/schema.org\",\"@graph\":[{\"@type\":\"WebPage\",\"@id\":\"https:\/\/blog.zeit.de\/stoerungsmelder\/2011\/02\/03\/sitzblockaden-sind-meiner-meinung-nach-ein-wirkungsvolles-mittel_5561\",\"url\":\"https:\/\/blog.zeit.de\/stoerungsmelder\/2011\/02\/03\/sitzblockaden-sind-meiner-meinung-nach-ein-wirkungsvolles-mittel_5561\",\"name\":\"\\\"Sitzblockaden sind meiner Meinung nach ein wirkungsvolles Mittel\\\" - St\u00f6rungsmelder\",\"isPartOf\":{\"@id\":\"https:\/\/blog.zeit.de\/stoerungsmelder\/#website\"},\"datePublished\":\"2011-02-03T12:25:52+00:00\",\"dateModified\":\"2011-02-03T12:50:59+00:00\",\"author\":{\"@id\":\"https:\/\/blog.zeit.de\/stoerungsmelder\/#\/schema\/person\/fdd0b9818f65738672810b6d6f037f71\"},\"breadcrumb\":{\"@id\":\"https:\/\/blog.zeit.de\/stoerungsmelder\/2011\/02\/03\/sitzblockaden-sind-meiner-meinung-nach-ein-wirkungsvolles-mittel_5561#breadcrumb\"},\"inLanguage\":\"de\",\"potentialAction\":[{\"@type\":\"ReadAction\",\"target\":[\"https:\/\/blog.zeit.de\/stoerungsmelder\/2011\/02\/03\/sitzblockaden-sind-meiner-meinung-nach-ein-wirkungsvolles-mittel_5561\"]}]},{\"@type\":\"BreadcrumbList\",\"@id\":\"https:\/\/blog.zeit.de\/stoerungsmelder\/2011\/02\/03\/sitzblockaden-sind-meiner-meinung-nach-ein-wirkungsvolles-mittel_5561#breadcrumb\",\"itemListElement\":[{\"@type\":\"ListItem\",\"position\":1,\"name\":\"Startseite\",\"item\":\"https:\/\/blog.zeit.de\/stoerungsmelder\"},{\"@type\":\"ListItem\",\"position\":2,\"name\":\"&#8222;Sitzblockaden sind meiner Meinung nach ein wirkungsvolles Mittel&#8220;\"}]},{\"@type\":\"WebSite\",\"@id\":\"https:\/\/blog.zeit.de\/stoerungsmelder\/#website\",\"url\":\"https:\/\/blog.zeit.de\/stoerungsmelder\/\",\"name\":\"St\u00f6rungsmelder\",\"description\":\"Recherchen und Analysen \u00fcber die extreme Rechte\",\"potentialAction\":[{\"@type\":\"SearchAction\",\"target\":{\"@type\":\"EntryPoint\",\"urlTemplate\":\"https:\/\/blog.zeit.de\/stoerungsmelder\/?s={search_term_string}\"},\"query-input\":\"required name=search_term_string\"}],\"inLanguage\":\"de\"},{\"@type\":\"Person\",\"@id\":\"https:\/\/blog.zeit.de\/stoerungsmelder\/#\/schema\/person\/fdd0b9818f65738672810b6d6f037f71\",\"name\":\"St\u00f6rungsmelder\",\"image\":{\"@type\":\"ImageObject\",\"inLanguage\":\"de\",\"@id\":\"https:\/\/blog.zeit.de\/stoerungsmelder\/#\/schema\/person\/image\/\",\"url\":\"https:\/\/secure.gravatar.com\/avatar\/dfa4be514c3e82a71e4f9a0020035d38192d080ccaa5e4e6d7a1472c763535c5?s=96&d=mm&r=pg\",\"contentUrl\":\"https:\/\/secure.gravatar.com\/avatar\/dfa4be514c3e82a71e4f9a0020035d38192d080ccaa5e4e6d7a1472c763535c5?s=96&d=mm&r=pg\",\"caption\":\"St\u00f6rungsmelder\"},\"url\":\"https:\/\/blog.zeit.de\/stoerungsmelder\/author\/stoerungsmelder\"}]}<\/script>\n<!-- \/ Yoast SEO plugin. -->","yoast_head_json":{"title":"\"Sitzblockaden sind meiner Meinung nach ein wirkungsvolles Mittel\" - St\u00f6rungsmelder","robots":{"index":"index","follow":"follow","max-snippet":"max-snippet:-1","max-image-preview":"max-image-preview:large","max-video-preview":"max-video-preview:-1"},"canonical":"https:\/\/blog.zeit.de\/stoerungsmelder\/2011\/02\/03\/sitzblockaden-sind-meiner-meinung-nach-ein-wirkungsvolles-mittel_5561","og_locale":"de_DE","og_type":"article","og_title":"\"Sitzblockaden sind meiner Meinung nach ein wirkungsvolles Mittel\" - St\u00f6rungsmelder","og_description":"Wie schon 2010 rufen die Toten Hosen erneut dazu auf, sich an den Massenblockaden am 19. Februar in Dresden zu beteiligen. Kurz bevor es los geht, hat Gitarrist Breiti die Fragen vom B\u00fcndnis Dresden-Nazifrei beantwortet, die wir hier dokumentieren.","og_url":"https:\/\/blog.zeit.de\/stoerungsmelder\/2011\/02\/03\/sitzblockaden-sind-meiner-meinung-nach-ein-wirkungsvolles-mittel_5561","og_site_name":"St\u00f6rungsmelder","article_published_time":"2011-02-03T12:25:52+00:00","article_modified_time":"2011-02-03T12:50:59+00:00","og_image":[{"url":"https:\/\/blog.zeit.de\/stoerungsmelder\/files\/2011\/02\/Pressefoto_2008_DTH_Credit_Dieter_Eikelpoth_klein.jpg"}],"author":"St\u00f6rungsmelder","twitter_card":"summary_large_image","twitter_misc":{"Geschrieben von":"St\u00f6rungsmelder","Gesch\u00e4tzte Lesezeit":"3\u00a0Minuten"},"schema":{"@context":"https:\/\/schema.org","@graph":[{"@type":"WebPage","@id":"https:\/\/blog.zeit.de\/stoerungsmelder\/2011\/02\/03\/sitzblockaden-sind-meiner-meinung-nach-ein-wirkungsvolles-mittel_5561","url":"https:\/\/blog.zeit.de\/stoerungsmelder\/2011\/02\/03\/sitzblockaden-sind-meiner-meinung-nach-ein-wirkungsvolles-mittel_5561","name":"\"Sitzblockaden sind meiner Meinung nach ein wirkungsvolles Mittel\" - St\u00f6rungsmelder","isPartOf":{"@id":"https:\/\/blog.zeit.de\/stoerungsmelder\/#website"},"datePublished":"2011-02-03T12:25:52+00:00","dateModified":"2011-02-03T12:50:59+00:00","author":{"@id":"https:\/\/blog.zeit.de\/stoerungsmelder\/#\/schema\/person\/fdd0b9818f65738672810b6d6f037f71"},"breadcrumb":{"@id":"https:\/\/blog.zeit.de\/stoerungsmelder\/2011\/02\/03\/sitzblockaden-sind-meiner-meinung-nach-ein-wirkungsvolles-mittel_5561#breadcrumb"},"inLanguage":"de","potentialAction":[{"@type":"ReadAction","target":["https:\/\/blog.zeit.de\/stoerungsmelder\/2011\/02\/03\/sitzblockaden-sind-meiner-meinung-nach-ein-wirkungsvolles-mittel_5561"]}]},{"@type":"BreadcrumbList","@id":"https:\/\/blog.zeit.de\/stoerungsmelder\/2011\/02\/03\/sitzblockaden-sind-meiner-meinung-nach-ein-wirkungsvolles-mittel_5561#breadcrumb","itemListElement":[{"@type":"ListItem","position":1,"name":"Startseite","item":"https:\/\/blog.zeit.de\/stoerungsmelder"},{"@type":"ListItem","position":2,"name":"&#8222;Sitzblockaden sind meiner Meinung nach ein wirkungsvolles Mittel&#8220;"}]},{"@type":"WebSite","@id":"https:\/\/blog.zeit.de\/stoerungsmelder\/#website","url":"https:\/\/blog.zeit.de\/stoerungsmelder\/","name":"St\u00f6rungsmelder","description":"Recherchen und Analysen \u00fcber die extreme Rechte","potentialAction":[{"@type":"SearchAction","target":{"@type":"EntryPoint","urlTemplate":"https:\/\/blog.zeit.de\/stoerungsmelder\/?s={search_term_string}"},"query-input":"required name=search_term_string"}],"inLanguage":"de"},{"@type":"Person","@id":"https:\/\/blog.zeit.de\/stoerungsmelder\/#\/schema\/person\/fdd0b9818f65738672810b6d6f037f71","name":"St\u00f6rungsmelder","image":{"@type":"ImageObject","inLanguage":"de","@id":"https:\/\/blog.zeit.de\/stoerungsmelder\/#\/schema\/person\/image\/","url":"https:\/\/secure.gravatar.com\/avatar\/dfa4be514c3e82a71e4f9a0020035d38192d080ccaa5e4e6d7a1472c763535c5?s=96&d=mm&r=pg","contentUrl":"https:\/\/secure.gravatar.com\/avatar\/dfa4be514c3e82a71e4f9a0020035d38192d080ccaa5e4e6d7a1472c763535c5?s=96&d=mm&r=pg","caption":"St\u00f6rungsmelder"},"url":"https:\/\/blog.zeit.de\/stoerungsmelder\/author\/stoerungsmelder"}]}},"jetpack_featured_media_url":"","jetpack_sharing_enabled":true,"_links":{"self":[{"href":"https:\/\/blog.zeit.de\/stoerungsmelder\/wp-json\/wp\/v2\/posts\/5561","targetHints":{"allow":["GET"]}}],"collection":[{"href":"https:\/\/blog.zeit.de\/stoerungsmelder\/wp-json\/wp\/v2\/posts"}],"about":[{"href":"https:\/\/blog.zeit.de\/stoerungsmelder\/wp-json\/wp\/v2\/types\/post"}],"author":[{"embeddable":true,"href":"https:\/\/blog.zeit.de\/stoerungsmelder\/wp-json\/wp\/v2\/users\/229"}],"replies":[{"embeddable":true,"href":"https:\/\/blog.zeit.de\/stoerungsmelder\/wp-json\/wp\/v2\/comments?post=5561"}],"version-history":[{"count":7,"href":"https:\/\/blog.zeit.de\/stoerungsmelder\/wp-json\/wp\/v2\/posts\/5561\/revisions"}],"predecessor-version":[{"id":5568,"href":"https:\/\/blog.zeit.de\/stoerungsmelder\/wp-json\/wp\/v2\/posts\/5561\/revisions\/5568"}],"wp:attachment":[{"href":"https:\/\/blog.zeit.de\/stoerungsmelder\/wp-json\/wp\/v2\/media?parent=5561"}],"wp:term":[{"taxonomy":"category","embeddable":true,"href":"https:\/\/blog.zeit.de\/stoerungsmelder\/wp-json\/wp\/v2\/categories?post=5561"},{"taxonomy":"post_tag","embeddable":true,"href":"https:\/\/blog.zeit.de\/stoerungsmelder\/wp-json\/wp\/v2\/tags?post=5561"}],"curies":[{"name":"wp","href":"https:\/\/api.w.org\/{rel}","templated":true}]}}