{"id":5569,"date":"2011-02-06T12:27:39","date_gmt":"2011-02-06T11:27:39","guid":{"rendered":"http:\/\/blog.zeit.de\/stoerungsmelder\/?p=5569"},"modified":"2011-02-06T12:27:39","modified_gmt":"2011-02-06T11:27:39","slug":"der-rechtsextreme-traum-vom-%e2%80%9ekampf-um-die-strase%e2%80%9c","status":"publish","type":"post","link":"https:\/\/blog.zeit.de\/stoerungsmelder\/2011\/02\/06\/der-rechtsextreme-traum-vom-%e2%80%9ekampf-um-die-strase%e2%80%9c_5569","title":{"rendered":"Der rechtsextreme Traum vom \u201eKampf um die Stra\u00dfe\u201c"},"content":{"rendered":"<p><figure id=\"attachment_5342\" aria-describedby=\"caption-attachment-5342\" style=\"width: 540px\" class=\"wp-caption aligncenter\"><a href=\"https:\/\/blog.zeit.de\/stoerungsmelder\/files\/2011\/01\/npd5-540.jpg\"><img loading=\"lazy\" decoding=\"async\" class=\"size-full wp-image-5342\" title=\"npd5-540\" src=\"https:\/\/blog.zeit.de\/stoerungsmelder\/files\/2011\/01\/npd5-540.jpg\" alt=\"\" width=\"540\" height=\"200\" srcset=\"https:\/\/blog.zeit.de\/stoerungsmelder\/files\/2011\/01\/npd5-540.jpg 540w, https:\/\/blog.zeit.de\/stoerungsmelder\/files\/2011\/01\/npd5-540-300x111.jpg 300w\" sizes=\"auto, (max-width: 540px) 100vw, 540px\" \/><\/a><figcaption id=\"caption-attachment-5342\" class=\"wp-caption-text\">\u00d6ffentlichte Aufm\u00e4rsche haben sich zur wichtigsten Aktionsform der Neonazis entwickelt \u00a9 Getty<\/figcaption><\/figure><\/p>\n<p>Seit vielen Jahren gibt es jeden Monat gleich mehrere Naziaufm\u00e4rsche in Deutschland. Oft nur mit hundert Teilnehmern, teilweise aber mit \u00fcber tausend Rechtsextremisten. Am 19. Februar werden in Dresden wieder bis zu 6000 Neonazis zum j\u00e4hrlichen \u201eAufmarsch-H\u00f6hepunkt\u201c erwartet. Das war nicht immer so. In den 70er und 80er Jahren gab es nur selten \u00f6ffentliche Veranstaltungen der rechtsextremen Szene.<!--more--><\/p>\n<p><em>Von Benjamin Mayer, Mitarbeiter des <a href=\"http:\/\/www.demokratie-goettingen.de\/\">G\u00f6ttinger Instituts f\u00fcr Demokratieforschung<\/a><\/em><\/p>\n<p>Seit Beginn der 1990er Jahre hat sich das Bild der rechtsextremen Szene in Deutschland vielf\u00e4ltig ver\u00e4ndert. Immer mehr entwickelte sich der deutsche Rechtsextremismus zu einem Gebilde, welches auf vielen Ebenen einer sozialen Bewegung \u00e4hnelt. Mit diesen Ver\u00e4nderungen ging auch eine Neuorientierung von Aktionsformen und Strategie einher. War der deutsche Rechtsextremismus vor 1990 noch eher arm an Aktionsformen, \u00fcbernahm er im Laufe seiner Wandlungen ein immer gr\u00f6\u00dferes Aktionsrepertoire von anderen sozialen Bewegungen. Hierbei wurden besonders Demonstrationen f\u00fcr die rechtsextreme Bewegung von zentraler Bedeutung und sind heute die wichtigste Protestform des deutschen Rechtsextremismus.<\/p>\n<p>Nahmen in den 70er und 80er Jahren in der Regel weniger als 100 Personen an den selten statt findenden Demonstrationen teil, \u00e4nderte sich dies in den 90er Jahren frappierend. Dies zeigte sich erstmals deutlich, als 1997 an der neonazistischen Aufmarsch gegen die Wehrmachtsausstellung 4.000 Menschen teilnahmen. Veranstalter von den Aufz\u00fcgen sind meist neonazistische F\u00fchrungsfiguren oder die NPD. Seit der Wahl von Udo Voigt zum Vorsitzenden der NPD 1996 hat sich die Partei gegen\u00fcber den neonazistischen Kameradschaften ge\u00f6ffnet. Hier liegen die Wurzeln der Zusammenarbeit, die gerade auch bei Wahlk\u00e4mpfen f\u00fcr die NPD unverzichtbar ist. 2004 wurde dann die \u201eVolksfront von rechts\u201c, also das B\u00fcndnis von NPD und den \u201efreien Kr\u00e4ften\u201c bekannt gegeben. In der Folge sitzen bis heute Vertreter des neonazistischen Spektrums im Vorstand der NPD. Das Verh\u00e4ltnis ist ein instrumentelles; die NPD profitiert vom Mobilisierungspotential des eher jugendlich gepr\u00e4gten neonazistischen Teils der extremen Rechten und die Kameradschaften k\u00f6nnen unter dem Deckmantel der NPD von deren Status als zugelassene Partei vor allem bei der Anmeldung von Aufm\u00e4rschen profitieren. Auch das strategische Konzept der Partei hat dieser Entwicklung Rechnung getragen. Der \u201eKampf um die Stra\u00dfe\u201c kann heute als Aktionseinheit von Partei und \u201efreien Kr\u00e4ften\u201c verstanden werden und der \u201eKampf um den organisierten Willen\u201c, welcher erst 2004 nach dem Bekanntgeben der \u201eVolksfront von rechts \u201c als vierte S\u00e4ule der Strategie hinzu kam, ist als Versuch der Sammlung aller \u201enationalen Kr\u00e4fte\u201c zu verstehen. Dieses Zusammenspiel l\u00e4sst sich auch an den Mobilisierungszahlen zu \u00f6ffentlichen Veranstaltungen ablesen. So finden die gr\u00f6\u00dften Aufm\u00e4rsche nach wie vor zu Themen statt, welche in Verbindung mit dem Nationalsozialismus stehen. Mittlerweile kann man von einer bewusst entwickelten und strategisch eingesetzten Demonstrationspolitik der rechtsextremen Bewegung sprechen. Demonstrationen wurden damit im Verlauf der 90er Jahre die wichtigste Aktionsform der extremen Rechten in Deutschland.<\/p>\n<p>Demonstrationen verfolgen sowohl nach au\u00dfen, wie auch nach innen bestimmte Ziele. Nach au\u00dfen versucht man sie als \u201epolitische Werbung\u201c zu nutzen und hofft, dass davon eine Signalwirkung ausgeht, um neuen Zulauf f\u00fcr die Bewegung zu gewinnen. Dies ist allerdings eher zweifelhaft, da begeisterte \u201eB\u00fcrgerinnen und B\u00fcrger\u201c eher selten bei rechtsextremen Aufz\u00fcgen zu beobachten sind. Neben dieser Hoffnung, ist es auch Ziel die Medien zu einer Berichterstattung zu zwingen, um so die politischen Inhalte zu verbreiten. Deshalb ist eine reflektierte Berichterstattung \u00fcber Aufm\u00e4rsche von gro\u00dfer Bedeutung, um eben diesen erhofften Effekt nicht zu bef\u00f6rdern. Au\u00dfer zur politischen Selbstdarstellung dienen Demonstrationen immer auch zur Machtdemonstration, welche h\u00e4ufig durch ein militaristisches Vokabular untermalt wird. So rief auch der rechtsextreme Liedermacher Frank Rennicke den wartenden Neonazis 2010 in Dresden zu: \u201eEs ist gerade ein Spiel der M\u00e4chte. Wir wollen mal sehen, wer st\u00e4rker ist.\u201c Diese Bedeutung l\u00e4sst sich auch an der Deklaration sogenannter \u201eFrontst\u00e4dte\u201c erkennen. Auf dem ersten Platz steht hier die nieders\u00e4chsische Universit\u00e4tsstadt G\u00f6ttingen, der sogar eine eigene Homepage gewidmet wurde. Und auch in den strategischen Leitlinien der NPD hei\u00dft es in \u00e4hnlichem Duktus: \u201eDie NPD hat keine Probleme, mit solchen Gruppen [Skinheads] zusammenzuarbeiten, wenn sie bereit sind, als politische Soldaten zu denken und zu handeln.\u201c<\/p>\n<p>F\u00fcr die Bewegung selbst sind die Aufm\u00e4rsche unerl\u00e4sslich. Sie dienen der permanenten Reproduktion einer kollektiven Identit\u00e4t, welche die rechtsextreme Bewegung ben\u00f6tigt, um sich zu stabilisieren. So hei\u00dft es in einem NPD-Strategiepapier: \u201eEin anderer Aspekt, der bei der Durchf\u00fchrung von Demonstrationen wichtig ist, ist die Steigerung der Motivation der eigenen Anh\u00e4ngerschaft. Durch das Zusammenfinden einer gr\u00f6\u00dferen Gruppe von Menschen, die gemeinsam ihr Anliegen, ggf. auch gegen eine gro\u00dfe Zahl von St\u00f6rern, vortr\u00e4gt, wird die vielfach vorhandene lokale Isolation durchbrochen, ein Gef\u00fchl der Zusammengeh\u00f6rigkeit und der St\u00e4rke entsteht.\u201c Diese Motivation und das Gemeinschaftsgef\u00fchl ergeben sich besonders bei hohen Teilnehmerzahlen und an f\u00fcr die Bewegung symboltr\u00e4chtigen Daten, wozu auch Dresden gez\u00e4hlt werden kann. Dies wird durch die Verwendung gemeinsamer Symbole, Zeichen und das Rufen von Parolen weiter gest\u00e4rkt. Eine der ersten und bis heute wichtigsten Veranstaltungen ist der den nationalsozialistischen Verbrecher verherrlichende \u201eRudolf-He\u00df-Marsch\u201c. Das hierbei erreichte Gemeinschaftsgef\u00fchlt soll den eigenen Leuten zeigen, dass man sich von staatlichen Verboten und antifaschistischen Aktionen nicht einsch\u00fcchtern l\u00e4sst. So geh\u00f6rt zur Strategie, dass in St\u00e4dten, in denen es einen erheblichen zivilgesellschaftlichen Protest gegen die rechtsextremen Aufm\u00e4rsche gibt, man gezielt die Zahl der Veranstaltungen dort erh\u00f6ht oder dies zumindest ank\u00fcndigt. In einer Stellungnahme zur Demonstration in der \u201eFrontstadt G\u00f6ttingen\u201c hei\u00dft es 2006: \u201eGrund genug f\u00fcr uns, trotz aller Schikanen, Auflagen und Zwangsma\u00dfnahmen nicht klein beizugeben. Die Versammlungsleitung hat auch am 28. Oktober 2006 wieder ganz deutlich zur Sprache gebracht, dass wir so lange nach G\u00f6ttingen kommen werden, bis die Versammlungs- und Meinungsfreiheit f\u00fcr Andersdenkende auch dort wieder hergestellt ist.\u201c Es ist allerdings davon auszugehen, dass trotz dieser nachtr\u00e4glichen Reaktion ein verhinderter Aufmarsch eine ebenso herbe Entt\u00e4uschung hinterl\u00e4sst, wie eine erfolgreich durchgef\u00fchrte Veranstaltung Motivation f\u00fcr die Teilnehmer verspricht.<\/p>\n<p>Besonders f\u00fcr noch nicht fest in die Szene eingebundene Jugendliche aus dem aktionsorientierten Teil der rechtsextremen Bewegung, k\u00f6nnen diese Veranstaltungen Teil der politischen Sozialisation werden und das rechtsextreme Weltbild \u2013 besonders die revisionistische Geschichtsumdeutung \u2013 weiter festigen und sie damit in der Bewegung st\u00e4rker verankern.<\/p>\n<p>Veranstaltungen wie der revisionistische \u201eTrauermarsch\u201c von Dresden sind ein wichtiger Bestandteil, um die rechtsextreme Bewegung zu stabilisieren und die rechtsextremen Inhalte \u2013 zumindest partiell \u2013 in die \u00d6ffentlichkeit zu tragen. Aus der Analyse der Bedeutung muss sich auch eine geeignete Gegenstrategie ableiten, wie man mit diesen Veranstaltungen umgeht. So wichtig die Demonstrationen f\u00fcr die Rechtsextremen sind, so wichtig ist auch das gemeinsame Setzen von Zeichen dagegen.<\/p>\n","protected":false},"excerpt":{"rendered":"<p>Seit vielen Jahren gibt es jeden Monat gleich mehrere Naziaufm\u00e4rsche in Deutschland. Oft nur mit hundert Teilnehmern, teilweise aber mit \u00fcber tausend Rechtsextremisten. Am 19. Februar werden in Dresden wieder bis zu 6000 Neonazis zum j\u00e4hrlichen \u201eAufmarsch-H\u00f6hepunkt\u201c erwartet. Das war nicht immer so. In den 70er und 80er Jahren gab es nur selten \u00f6ffentliche Veranstaltungen [&hellip;]<\/p>\n","protected":false},"author":229,"featured_media":0,"comment_status":"open","ping_status":"open","sticky":false,"template":"","format":"standard","meta":{"_jetpack_memberships_contains_paid_content":false,"footnotes":""},"categories":[1515],"tags":[6403,1707,1830],"class_list":["post-5569","post","type-post","status-publish","format-standard","hentry","category-bundesweit","tag-kampf-um-die-strase","tag-naziaufmarsch","tag-udo-voigt"],"yoast_head":"<!-- This site is optimized with the Yoast SEO plugin v21.0 - https:\/\/yoast.com\/wordpress\/plugins\/seo\/ -->\n<title>Der rechtsextreme Traum vom \u201eKampf um die Stra\u00dfe\u201c - St\u00f6rungsmelder<\/title>\n<meta name=\"robots\" content=\"index, follow, max-snippet:-1, max-image-preview:large, max-video-preview:-1\" \/>\n<link rel=\"canonical\" href=\"https:\/\/blog.zeit.de\/stoerungsmelder\/2011\/02\/06\/der-rechtsextreme-traum-vom-\u201ekampf-um-die-strase\u201c_5569\" \/>\n<meta property=\"og:locale\" content=\"de_DE\" \/>\n<meta property=\"og:type\" content=\"article\" \/>\n<meta property=\"og:title\" content=\"Der rechtsextreme Traum vom \u201eKampf um die Stra\u00dfe\u201c - St\u00f6rungsmelder\" \/>\n<meta property=\"og:description\" content=\"Seit vielen Jahren gibt es jeden Monat gleich mehrere Naziaufm\u00e4rsche in Deutschland. Oft nur mit hundert Teilnehmern, teilweise aber mit \u00fcber tausend Rechtsextremisten. Am 19. Februar werden in Dresden wieder bis zu 6000 Neonazis zum j\u00e4hrlichen \u201eAufmarsch-H\u00f6hepunkt\u201c erwartet. Das war nicht immer so. In den 70er und 80er Jahren gab es nur selten \u00f6ffentliche Veranstaltungen [&hellip;]\" \/>\n<meta property=\"og:url\" content=\"https:\/\/blog.zeit.de\/stoerungsmelder\/2011\/02\/06\/der-rechtsextreme-traum-vom-\u201ekampf-um-die-strase\u201c_5569\" \/>\n<meta property=\"og:site_name\" content=\"St\u00f6rungsmelder\" \/>\n<meta property=\"article:published_time\" content=\"2011-02-06T11:27:39+00:00\" \/>\n<meta property=\"og:image\" content=\"https:\/\/blog.zeit.de\/stoerungsmelder\/files\/2011\/01\/npd5-540.jpg\" \/>\n<meta name=\"author\" content=\"St\u00f6rungsmelder\" \/>\n<meta name=\"twitter:card\" content=\"summary_large_image\" \/>\n<meta name=\"twitter:label1\" content=\"Geschrieben von\" \/>\n\t<meta name=\"twitter:data1\" content=\"St\u00f6rungsmelder\" \/>\n\t<meta name=\"twitter:label2\" content=\"Gesch\u00e4tzte Lesezeit\" \/>\n\t<meta name=\"twitter:data2\" content=\"6\u00a0Minuten\" \/>\n<script type=\"application\/ld+json\" class=\"yoast-schema-graph\">{\"@context\":\"https:\/\/schema.org\",\"@graph\":[{\"@type\":\"WebPage\",\"@id\":\"https:\/\/blog.zeit.de\/stoerungsmelder\/2011\/02\/06\/der-rechtsextreme-traum-vom-%e2%80%9ekampf-um-die-strase%e2%80%9c_5569\",\"url\":\"https:\/\/blog.zeit.de\/stoerungsmelder\/2011\/02\/06\/der-rechtsextreme-traum-vom-%e2%80%9ekampf-um-die-strase%e2%80%9c_5569\",\"name\":\"Der rechtsextreme Traum vom \u201eKampf um die Stra\u00dfe\u201c - St\u00f6rungsmelder\",\"isPartOf\":{\"@id\":\"https:\/\/blog.zeit.de\/stoerungsmelder\/#website\"},\"datePublished\":\"2011-02-06T11:27:39+00:00\",\"dateModified\":\"2011-02-06T11:27:39+00:00\",\"author\":{\"@id\":\"https:\/\/blog.zeit.de\/stoerungsmelder\/#\/schema\/person\/fdd0b9818f65738672810b6d6f037f71\"},\"breadcrumb\":{\"@id\":\"https:\/\/blog.zeit.de\/stoerungsmelder\/2011\/02\/06\/der-rechtsextreme-traum-vom-%e2%80%9ekampf-um-die-strase%e2%80%9c_5569#breadcrumb\"},\"inLanguage\":\"de\",\"potentialAction\":[{\"@type\":\"ReadAction\",\"target\":[\"https:\/\/blog.zeit.de\/stoerungsmelder\/2011\/02\/06\/der-rechtsextreme-traum-vom-%e2%80%9ekampf-um-die-strase%e2%80%9c_5569\"]}]},{\"@type\":\"BreadcrumbList\",\"@id\":\"https:\/\/blog.zeit.de\/stoerungsmelder\/2011\/02\/06\/der-rechtsextreme-traum-vom-%e2%80%9ekampf-um-die-strase%e2%80%9c_5569#breadcrumb\",\"itemListElement\":[{\"@type\":\"ListItem\",\"position\":1,\"name\":\"Startseite\",\"item\":\"https:\/\/blog.zeit.de\/stoerungsmelder\"},{\"@type\":\"ListItem\",\"position\":2,\"name\":\"Der rechtsextreme Traum vom \u201eKampf um die Stra\u00dfe\u201c\"}]},{\"@type\":\"WebSite\",\"@id\":\"https:\/\/blog.zeit.de\/stoerungsmelder\/#website\",\"url\":\"https:\/\/blog.zeit.de\/stoerungsmelder\/\",\"name\":\"St\u00f6rungsmelder\",\"description\":\"Recherchen und Analysen \u00fcber die extreme Rechte\",\"potentialAction\":[{\"@type\":\"SearchAction\",\"target\":{\"@type\":\"EntryPoint\",\"urlTemplate\":\"https:\/\/blog.zeit.de\/stoerungsmelder\/?s={search_term_string}\"},\"query-input\":\"required name=search_term_string\"}],\"inLanguage\":\"de\"},{\"@type\":\"Person\",\"@id\":\"https:\/\/blog.zeit.de\/stoerungsmelder\/#\/schema\/person\/fdd0b9818f65738672810b6d6f037f71\",\"name\":\"St\u00f6rungsmelder\",\"image\":{\"@type\":\"ImageObject\",\"inLanguage\":\"de\",\"@id\":\"https:\/\/blog.zeit.de\/stoerungsmelder\/#\/schema\/person\/image\/\",\"url\":\"https:\/\/secure.gravatar.com\/avatar\/dfa4be514c3e82a71e4f9a0020035d38192d080ccaa5e4e6d7a1472c763535c5?s=96&d=mm&r=pg\",\"contentUrl\":\"https:\/\/secure.gravatar.com\/avatar\/dfa4be514c3e82a71e4f9a0020035d38192d080ccaa5e4e6d7a1472c763535c5?s=96&d=mm&r=pg\",\"caption\":\"St\u00f6rungsmelder\"},\"url\":\"https:\/\/blog.zeit.de\/stoerungsmelder\/author\/stoerungsmelder\"}]}<\/script>\n<!-- \/ Yoast SEO plugin. -->","yoast_head_json":{"title":"Der rechtsextreme Traum vom \u201eKampf um die Stra\u00dfe\u201c - St\u00f6rungsmelder","robots":{"index":"index","follow":"follow","max-snippet":"max-snippet:-1","max-image-preview":"max-image-preview:large","max-video-preview":"max-video-preview:-1"},"canonical":"https:\/\/blog.zeit.de\/stoerungsmelder\/2011\/02\/06\/der-rechtsextreme-traum-vom-\u201ekampf-um-die-strase\u201c_5569","og_locale":"de_DE","og_type":"article","og_title":"Der rechtsextreme Traum vom \u201eKampf um die Stra\u00dfe\u201c - St\u00f6rungsmelder","og_description":"Seit vielen Jahren gibt es jeden Monat gleich mehrere Naziaufm\u00e4rsche in Deutschland. Oft nur mit hundert Teilnehmern, teilweise aber mit \u00fcber tausend Rechtsextremisten. Am 19. Februar werden in Dresden wieder bis zu 6000 Neonazis zum j\u00e4hrlichen \u201eAufmarsch-H\u00f6hepunkt\u201c erwartet. Das war nicht immer so. In den 70er und 80er Jahren gab es nur selten \u00f6ffentliche Veranstaltungen [&hellip;]","og_url":"https:\/\/blog.zeit.de\/stoerungsmelder\/2011\/02\/06\/der-rechtsextreme-traum-vom-\u201ekampf-um-die-strase\u201c_5569","og_site_name":"St\u00f6rungsmelder","article_published_time":"2011-02-06T11:27:39+00:00","og_image":[{"url":"https:\/\/blog.zeit.de\/stoerungsmelder\/files\/2011\/01\/npd5-540.jpg"}],"author":"St\u00f6rungsmelder","twitter_card":"summary_large_image","twitter_misc":{"Geschrieben von":"St\u00f6rungsmelder","Gesch\u00e4tzte Lesezeit":"6\u00a0Minuten"},"schema":{"@context":"https:\/\/schema.org","@graph":[{"@type":"WebPage","@id":"https:\/\/blog.zeit.de\/stoerungsmelder\/2011\/02\/06\/der-rechtsextreme-traum-vom-%e2%80%9ekampf-um-die-strase%e2%80%9c_5569","url":"https:\/\/blog.zeit.de\/stoerungsmelder\/2011\/02\/06\/der-rechtsextreme-traum-vom-%e2%80%9ekampf-um-die-strase%e2%80%9c_5569","name":"Der rechtsextreme Traum vom \u201eKampf um die Stra\u00dfe\u201c - St\u00f6rungsmelder","isPartOf":{"@id":"https:\/\/blog.zeit.de\/stoerungsmelder\/#website"},"datePublished":"2011-02-06T11:27:39+00:00","dateModified":"2011-02-06T11:27:39+00:00","author":{"@id":"https:\/\/blog.zeit.de\/stoerungsmelder\/#\/schema\/person\/fdd0b9818f65738672810b6d6f037f71"},"breadcrumb":{"@id":"https:\/\/blog.zeit.de\/stoerungsmelder\/2011\/02\/06\/der-rechtsextreme-traum-vom-%e2%80%9ekampf-um-die-strase%e2%80%9c_5569#breadcrumb"},"inLanguage":"de","potentialAction":[{"@type":"ReadAction","target":["https:\/\/blog.zeit.de\/stoerungsmelder\/2011\/02\/06\/der-rechtsextreme-traum-vom-%e2%80%9ekampf-um-die-strase%e2%80%9c_5569"]}]},{"@type":"BreadcrumbList","@id":"https:\/\/blog.zeit.de\/stoerungsmelder\/2011\/02\/06\/der-rechtsextreme-traum-vom-%e2%80%9ekampf-um-die-strase%e2%80%9c_5569#breadcrumb","itemListElement":[{"@type":"ListItem","position":1,"name":"Startseite","item":"https:\/\/blog.zeit.de\/stoerungsmelder"},{"@type":"ListItem","position":2,"name":"Der rechtsextreme Traum vom \u201eKampf um die Stra\u00dfe\u201c"}]},{"@type":"WebSite","@id":"https:\/\/blog.zeit.de\/stoerungsmelder\/#website","url":"https:\/\/blog.zeit.de\/stoerungsmelder\/","name":"St\u00f6rungsmelder","description":"Recherchen und Analysen \u00fcber die extreme Rechte","potentialAction":[{"@type":"SearchAction","target":{"@type":"EntryPoint","urlTemplate":"https:\/\/blog.zeit.de\/stoerungsmelder\/?s={search_term_string}"},"query-input":"required name=search_term_string"}],"inLanguage":"de"},{"@type":"Person","@id":"https:\/\/blog.zeit.de\/stoerungsmelder\/#\/schema\/person\/fdd0b9818f65738672810b6d6f037f71","name":"St\u00f6rungsmelder","image":{"@type":"ImageObject","inLanguage":"de","@id":"https:\/\/blog.zeit.de\/stoerungsmelder\/#\/schema\/person\/image\/","url":"https:\/\/secure.gravatar.com\/avatar\/dfa4be514c3e82a71e4f9a0020035d38192d080ccaa5e4e6d7a1472c763535c5?s=96&d=mm&r=pg","contentUrl":"https:\/\/secure.gravatar.com\/avatar\/dfa4be514c3e82a71e4f9a0020035d38192d080ccaa5e4e6d7a1472c763535c5?s=96&d=mm&r=pg","caption":"St\u00f6rungsmelder"},"url":"https:\/\/blog.zeit.de\/stoerungsmelder\/author\/stoerungsmelder"}]}},"jetpack_featured_media_url":"","jetpack_sharing_enabled":true,"_links":{"self":[{"href":"https:\/\/blog.zeit.de\/stoerungsmelder\/wp-json\/wp\/v2\/posts\/5569","targetHints":{"allow":["GET"]}}],"collection":[{"href":"https:\/\/blog.zeit.de\/stoerungsmelder\/wp-json\/wp\/v2\/posts"}],"about":[{"href":"https:\/\/blog.zeit.de\/stoerungsmelder\/wp-json\/wp\/v2\/types\/post"}],"author":[{"embeddable":true,"href":"https:\/\/blog.zeit.de\/stoerungsmelder\/wp-json\/wp\/v2\/users\/229"}],"replies":[{"embeddable":true,"href":"https:\/\/blog.zeit.de\/stoerungsmelder\/wp-json\/wp\/v2\/comments?post=5569"}],"version-history":[{"count":7,"href":"https:\/\/blog.zeit.de\/stoerungsmelder\/wp-json\/wp\/v2\/posts\/5569\/revisions"}],"predecessor-version":[{"id":5602,"href":"https:\/\/blog.zeit.de\/stoerungsmelder\/wp-json\/wp\/v2\/posts\/5569\/revisions\/5602"}],"wp:attachment":[{"href":"https:\/\/blog.zeit.de\/stoerungsmelder\/wp-json\/wp\/v2\/media?parent=5569"}],"wp:term":[{"taxonomy":"category","embeddable":true,"href":"https:\/\/blog.zeit.de\/stoerungsmelder\/wp-json\/wp\/v2\/categories?post=5569"},{"taxonomy":"post_tag","embeddable":true,"href":"https:\/\/blog.zeit.de\/stoerungsmelder\/wp-json\/wp\/v2\/tags?post=5569"}],"curies":[{"name":"wp","href":"https:\/\/api.w.org\/{rel}","templated":true}]}}