{"id":5681,"date":"2011-02-15T14:56:38","date_gmt":"2011-02-15T13:56:38","guid":{"rendered":"http:\/\/blog.zeit.de\/stoerungsmelder\/?p=5681"},"modified":"2017-07-08T16:39:43","modified_gmt":"2017-07-08T14:39:43","slug":"wie-ein-baumarkt-sich-gegen-neonazis-wehrt","status":"publish","type":"post","link":"https:\/\/blog.zeit.de\/stoerungsmelder\/2011\/02\/15\/wie-ein-baumarkt-sich-gegen-neonazis-wehrt_5681","title":{"rendered":"Wie ein Baumarkt sich gegen Neonazis wehrt"},"content":{"rendered":"<p><figure id=\"attachment_5694\" aria-describedby=\"caption-attachment-5694\" style=\"width: 540px\" class=\"wp-caption aligncenter\"><a href=\"https:\/\/blog.zeit.de\/stoerungsmelder\/files\/2011\/02\/dd10.jpg\"><img loading=\"lazy\" decoding=\"async\" class=\"size-full wp-image-5694\" src=\"https:\/\/blog.zeit.de\/stoerungsmelder\/files\/2011\/02\/dd10.jpg\" alt=\"\" width=\"540\" height=\"360\" srcset=\"https:\/\/blog.zeit.de\/stoerungsmelder\/files\/2011\/02\/dd10.jpg 600w, https:\/\/blog.zeit.de\/stoerungsmelder\/files\/2011\/02\/dd10-300x200.jpg 300w\" sizes=\"auto, (max-width: 540px) 100vw, 540px\" \/><\/a><figcaption id=\"caption-attachment-5694\" class=\"wp-caption-text\">Nazihetze vom Hornbach-Laster in Dresden \u00a9 Benjamin Laufer <\/figcaption><\/figure><\/p>\n<p>Als Ursula Dauth am Montagmorgen ihr Emailpostfach aufmachte, traute sie ihren Augen kaum. Ein aufgebrachter Dresdner B\u00fcrger hatte der Hornbach-Pressesprecherin Fotos vom <a href=\"https:\/\/blog.zeit.de\/stoerungsmelder\/2011\/02\/14\/abkurzung-nach-rechts_5673\">Naziaufmarsch am Sonntag<\/a> geschickt. Zwischen \u201eBombenholocaust\u201c-Transparenten und Fahnenschwenkenden Neonazis im Skelettkost\u00fcm ist dort deutlich das orange Logo der Baumarktkette zu erkennen. Die Rechtsextremen hatten ausgerechnet einen Hornbach Mietlaster zum Lautsprecher- und B\u00fchnenwagen umfunktioniert. In einem <a href=\"http:\/\/www.spiegel.de\/video\/video-1109049.html\">Spiegel-Online-Video<\/a> ist zu erkennen, dass sogar noch ein Anh\u00e4nger mit Lautsprechern an den Laster geh\u00e4ngt wurde. Wo sonst Hobbyt\u00fcftler ihre Holzplatten verladen, standen jetzt Neonazis und sangen mit ihren 1300 \u201eKameraden\u201c die erste Strophe des Deutschlandliedes \u201eDeutschland, Deutschland, \u00fcber alles\u201c.<!--more--><\/p>\n<p>\u201eWir waren \u00fcberrascht und emp\u00f6rt dar\u00fcber, dass die Rechten unser Fahrzeug f\u00fcr ihren Aufmarsch missbraucht haben \u201c, sagte Dauth dem St\u00f6rungsmelder. Seither seien dutzende Emails und Anrufe von verst\u00f6rten Kunden eingegangen, die glaubten der Baumarkt h\u00e4tte den rechten Aufzug bewusst unterst\u00fctzt.<\/p>\n<p>Hornbach reagierte schnell. \u201eDas Unternehmen wehrt sich in aller Sch\u00e4rfe gegen Anschuldigungen, die es in Verbindung mit Rechtsextremisten bringen,\u201c stellte der Vorstandsvorsitzende Steffen Hornbach in einer Presseerkl\u00e4rung klar. Gleichzeitig wurde die juristische Abteilung des Marktes beauftragt die Mietvertr\u00e4ge f\u00fcr die Zukunft so zu \u00e4ndern, dass die Nutzung f\u00fcr rechtsextreme Veranstaltungen ausgeschlossen wird.<\/p>\n<p>Angemietet wurde der Laster von Kai Pf\u00fcrstinger, dem Landeschef der Jungen Landsmannschaft Ostdeutschland, die seit Jahren Europas gr\u00f6\u00dften Neonaziaufmarsch organisiert. F\u00fcr kommenden Samstag, wenn erneut rund 6000 Rechte in Dresden aufmarschieren wollen, muss er sich nun einen anderen Vermieter suchen.<\/p>\n<p>Eine gewisse Komik birgt die ganze Geschichte trotzdem. Denn mit der Lastwagenmiete haben die Neonazis ohne es zu wissen indirekt Projekte gegen Rechtsextremismus unterst\u00fctzt.<\/p>\n<p><figure id=\"attachment_5687\" aria-describedby=\"caption-attachment-5687\" style=\"width: 540px\" class=\"wp-caption aligncenter\"><a href=\"https:\/\/blog.zeit.de\/stoerungsmelder\/files\/2011\/02\/dresden_klein1.jpg\"><img loading=\"lazy\" decoding=\"async\" class=\"size-full wp-image-5687\" src=\"https:\/\/blog.zeit.de\/stoerungsmelder\/files\/2011\/02\/dresden_klein1.jpg\" alt=\"Gespenstisch - Neonazifackelmarsch am 13. Februar 2011 in Dresden \u00a9 AFP\" width=\"540\" height=\"283\" srcset=\"https:\/\/blog.zeit.de\/stoerungsmelder\/files\/2011\/02\/dresden_klein1.jpg 540w, https:\/\/blog.zeit.de\/stoerungsmelder\/files\/2011\/02\/dresden_klein1-300x157.jpg 300w\" sizes=\"auto, (max-width: 540px) 100vw, 540px\" \/><\/a><figcaption id=\"caption-attachment-5687\" class=\"wp-caption-text\">Gespenstisch - Neonazifackelmarsch am 13. Februar 2011 in Dresden \u00a9 AFP<\/figcaption><\/figure><\/p>\n<p>Hornbach wies am Dienstag ausdr\u00fccklich darauf hin, dass das Unternehmen sich bewusst an der Stiftungsinitiative der deutschen Wirtschaft zur Entsch\u00e4digung der Zwangsarbeiter aus der NS-Zeit beteiligt hat. \u201eHornbach selbst besch\u00e4ftigte w\u00e4hrend des Dritten Reichs keine Zwangsarbeiter, sondern stellte sich mit der freiwilligen Spende der Verantwortung gegen\u00fcber der Vergangenheit aller Deutschen.\u201c Zudem wurde Hornbach 2007 Mitglied im Verein \u201eGesicht Zeigen! Aktion Weltoffenes Deutschland e.V.\u201c und f\u00f6rdert dort immer wieder Aktionen gegen den Rechtsextremismus und Rassismus. Au\u00dferdem unterst\u00fctzt Hornbach als Mitglied im F\u00f6rderverein \u201eGedenkst\u00e4tte f\u00fcr NS- Opfer in Neustadt\u201c die Umwandlung des ehemaligen Gef\u00e4ngnisses im Quartier Hornbach in Neustadt in eine Gedenkst\u00e4tte. Sie soll an die \u00fcber 300 Inhaftierten aus 60 Gemeinden der Pfalz erinnern. In der ehemaligen Nachrichtenkaserne befand sich im Fr\u00fchjahr 1933 eines der <a href=\"http:\/\/www.gedenkstaette-neustadt.de\/projekt_01\/beginn.html\">ersten Schutzhaftlager<\/a>, beziehungsweise \u201ewilden Konzentrationslager\u201c f\u00fcr Gegner des Nazi-Regimes  Das wird noch f\u00fcr Diskussionsstoff in der rechtsextremen Szene sorgen.<\/p>\n<p><img loading=\"lazy\" decoding=\"async\" src=\"http:\/\/vg01.met.vgwort.de\/na\/947501dee2ff4f2ebed8fcba6c30a714\" alt=\"\" width=\"1\" height=\"1\" \/><\/p>\n","protected":false},"excerpt":{"rendered":"<p>Als Ursula Dauth am Montagmorgen ihr Emailpostfach aufmachte, traute sie ihren Augen kaum. Ein aufgebrachter Dresdner B\u00fcrger hatte der Hornbach-Pressesprecherin Fotos vom Naziaufmarsch am Sonntag geschickt. Zwischen \u201eBombenholocaust\u201c-Transparenten und Fahnenschwenkenden Neonazis im Skelettkost\u00fcm ist dort deutlich das orange Logo der Baumarktkette zu erkennen. Die Rechtsextremen hatten ausgerechnet einen Hornbach Mietlaster zum Lautsprecher- und B\u00fchnenwagen umfunktioniert. [&hellip;]<\/p>\n","protected":false},"author":229,"featured_media":0,"comment_status":"open","ping_status":"open","sticky":false,"template":"","format":"standard","meta":{"_jetpack_memberships_contains_paid_content":false,"footnotes":""},"categories":[1456],"tags":[6405,1627,1707,1752],"class_list":["post-5681","post","type-post","status-publish","format-standard","hentry","category-sachsen","tag-hornbach","tag-jlo","tag-naziaufmarsch","tag-protest"],"yoast_head":"<!-- This site is optimized with the Yoast SEO plugin v21.0 - https:\/\/yoast.com\/wordpress\/plugins\/seo\/ -->\n<title>Wie ein Baumarkt sich gegen Neonazis wehrt - St\u00f6rungsmelder<\/title>\n<meta name=\"robots\" content=\"index, follow, max-snippet:-1, max-image-preview:large, max-video-preview:-1\" \/>\n<link rel=\"canonical\" href=\"https:\/\/blog.zeit.de\/stoerungsmelder\/2011\/02\/15\/wie-ein-baumarkt-sich-gegen-neonazis-wehrt_5681\" \/>\n<meta property=\"og:locale\" content=\"de_DE\" \/>\n<meta property=\"og:type\" content=\"article\" \/>\n<meta property=\"og:title\" content=\"Wie ein Baumarkt sich gegen Neonazis wehrt - St\u00f6rungsmelder\" \/>\n<meta property=\"og:description\" content=\"Als Ursula Dauth am Montagmorgen ihr Emailpostfach aufmachte, traute sie ihren Augen kaum. Ein aufgebrachter Dresdner B\u00fcrger hatte der Hornbach-Pressesprecherin Fotos vom Naziaufmarsch am Sonntag geschickt. Zwischen \u201eBombenholocaust\u201c-Transparenten und Fahnenschwenkenden Neonazis im Skelettkost\u00fcm ist dort deutlich das orange Logo der Baumarktkette zu erkennen. Die Rechtsextremen hatten ausgerechnet einen Hornbach Mietlaster zum Lautsprecher- und B\u00fchnenwagen umfunktioniert. [&hellip;]\" \/>\n<meta property=\"og:url\" content=\"https:\/\/blog.zeit.de\/stoerungsmelder\/2011\/02\/15\/wie-ein-baumarkt-sich-gegen-neonazis-wehrt_5681\" \/>\n<meta property=\"og:site_name\" content=\"St\u00f6rungsmelder\" \/>\n<meta property=\"article:published_time\" content=\"2011-02-15T13:56:38+00:00\" \/>\n<meta property=\"article:modified_time\" content=\"2017-07-08T14:39:43+00:00\" \/>\n<meta property=\"og:image\" content=\"https:\/\/blog.zeit.de\/stoerungsmelder\/files\/2011\/02\/dd10.jpg\" \/>\n<meta name=\"author\" content=\"St\u00f6rungsmelder\" \/>\n<meta name=\"twitter:card\" content=\"summary_large_image\" \/>\n<meta name=\"twitter:label1\" content=\"Geschrieben von\" \/>\n\t<meta name=\"twitter:data1\" content=\"St\u00f6rungsmelder\" \/>\n\t<meta name=\"twitter:label2\" content=\"Gesch\u00e4tzte Lesezeit\" \/>\n\t<meta name=\"twitter:data2\" content=\"2\u00a0Minuten\" \/>\n<script type=\"application\/ld+json\" class=\"yoast-schema-graph\">{\"@context\":\"https:\/\/schema.org\",\"@graph\":[{\"@type\":\"WebPage\",\"@id\":\"https:\/\/blog.zeit.de\/stoerungsmelder\/2011\/02\/15\/wie-ein-baumarkt-sich-gegen-neonazis-wehrt_5681\",\"url\":\"https:\/\/blog.zeit.de\/stoerungsmelder\/2011\/02\/15\/wie-ein-baumarkt-sich-gegen-neonazis-wehrt_5681\",\"name\":\"Wie ein Baumarkt sich gegen Neonazis wehrt - St\u00f6rungsmelder\",\"isPartOf\":{\"@id\":\"https:\/\/blog.zeit.de\/stoerungsmelder\/#website\"},\"datePublished\":\"2011-02-15T13:56:38+00:00\",\"dateModified\":\"2017-07-08T14:39:43+00:00\",\"author\":{\"@id\":\"https:\/\/blog.zeit.de\/stoerungsmelder\/#\/schema\/person\/fdd0b9818f65738672810b6d6f037f71\"},\"breadcrumb\":{\"@id\":\"https:\/\/blog.zeit.de\/stoerungsmelder\/2011\/02\/15\/wie-ein-baumarkt-sich-gegen-neonazis-wehrt_5681#breadcrumb\"},\"inLanguage\":\"de\",\"potentialAction\":[{\"@type\":\"ReadAction\",\"target\":[\"https:\/\/blog.zeit.de\/stoerungsmelder\/2011\/02\/15\/wie-ein-baumarkt-sich-gegen-neonazis-wehrt_5681\"]}]},{\"@type\":\"BreadcrumbList\",\"@id\":\"https:\/\/blog.zeit.de\/stoerungsmelder\/2011\/02\/15\/wie-ein-baumarkt-sich-gegen-neonazis-wehrt_5681#breadcrumb\",\"itemListElement\":[{\"@type\":\"ListItem\",\"position\":1,\"name\":\"Startseite\",\"item\":\"https:\/\/blog.zeit.de\/stoerungsmelder\"},{\"@type\":\"ListItem\",\"position\":2,\"name\":\"Wie ein Baumarkt sich gegen Neonazis wehrt\"}]},{\"@type\":\"WebSite\",\"@id\":\"https:\/\/blog.zeit.de\/stoerungsmelder\/#website\",\"url\":\"https:\/\/blog.zeit.de\/stoerungsmelder\/\",\"name\":\"St\u00f6rungsmelder\",\"description\":\"Recherchen und Analysen \u00fcber die extreme Rechte\",\"potentialAction\":[{\"@type\":\"SearchAction\",\"target\":{\"@type\":\"EntryPoint\",\"urlTemplate\":\"https:\/\/blog.zeit.de\/stoerungsmelder\/?s={search_term_string}\"},\"query-input\":\"required name=search_term_string\"}],\"inLanguage\":\"de\"},{\"@type\":\"Person\",\"@id\":\"https:\/\/blog.zeit.de\/stoerungsmelder\/#\/schema\/person\/fdd0b9818f65738672810b6d6f037f71\",\"name\":\"St\u00f6rungsmelder\",\"image\":{\"@type\":\"ImageObject\",\"inLanguage\":\"de\",\"@id\":\"https:\/\/blog.zeit.de\/stoerungsmelder\/#\/schema\/person\/image\/\",\"url\":\"https:\/\/secure.gravatar.com\/avatar\/dfa4be514c3e82a71e4f9a0020035d38192d080ccaa5e4e6d7a1472c763535c5?s=96&d=mm&r=pg\",\"contentUrl\":\"https:\/\/secure.gravatar.com\/avatar\/dfa4be514c3e82a71e4f9a0020035d38192d080ccaa5e4e6d7a1472c763535c5?s=96&d=mm&r=pg\",\"caption\":\"St\u00f6rungsmelder\"},\"url\":\"https:\/\/blog.zeit.de\/stoerungsmelder\/author\/stoerungsmelder\"}]}<\/script>\n<!-- \/ Yoast SEO plugin. -->","yoast_head_json":{"title":"Wie ein Baumarkt sich gegen Neonazis wehrt - St\u00f6rungsmelder","robots":{"index":"index","follow":"follow","max-snippet":"max-snippet:-1","max-image-preview":"max-image-preview:large","max-video-preview":"max-video-preview:-1"},"canonical":"https:\/\/blog.zeit.de\/stoerungsmelder\/2011\/02\/15\/wie-ein-baumarkt-sich-gegen-neonazis-wehrt_5681","og_locale":"de_DE","og_type":"article","og_title":"Wie ein Baumarkt sich gegen Neonazis wehrt - St\u00f6rungsmelder","og_description":"Als Ursula Dauth am Montagmorgen ihr Emailpostfach aufmachte, traute sie ihren Augen kaum. Ein aufgebrachter Dresdner B\u00fcrger hatte der Hornbach-Pressesprecherin Fotos vom Naziaufmarsch am Sonntag geschickt. Zwischen \u201eBombenholocaust\u201c-Transparenten und Fahnenschwenkenden Neonazis im Skelettkost\u00fcm ist dort deutlich das orange Logo der Baumarktkette zu erkennen. Die Rechtsextremen hatten ausgerechnet einen Hornbach Mietlaster zum Lautsprecher- und B\u00fchnenwagen umfunktioniert. [&hellip;]","og_url":"https:\/\/blog.zeit.de\/stoerungsmelder\/2011\/02\/15\/wie-ein-baumarkt-sich-gegen-neonazis-wehrt_5681","og_site_name":"St\u00f6rungsmelder","article_published_time":"2011-02-15T13:56:38+00:00","article_modified_time":"2017-07-08T14:39:43+00:00","og_image":[{"url":"https:\/\/blog.zeit.de\/stoerungsmelder\/files\/2011\/02\/dd10.jpg"}],"author":"St\u00f6rungsmelder","twitter_card":"summary_large_image","twitter_misc":{"Geschrieben von":"St\u00f6rungsmelder","Gesch\u00e4tzte Lesezeit":"2\u00a0Minuten"},"schema":{"@context":"https:\/\/schema.org","@graph":[{"@type":"WebPage","@id":"https:\/\/blog.zeit.de\/stoerungsmelder\/2011\/02\/15\/wie-ein-baumarkt-sich-gegen-neonazis-wehrt_5681","url":"https:\/\/blog.zeit.de\/stoerungsmelder\/2011\/02\/15\/wie-ein-baumarkt-sich-gegen-neonazis-wehrt_5681","name":"Wie ein Baumarkt sich gegen Neonazis wehrt - St\u00f6rungsmelder","isPartOf":{"@id":"https:\/\/blog.zeit.de\/stoerungsmelder\/#website"},"datePublished":"2011-02-15T13:56:38+00:00","dateModified":"2017-07-08T14:39:43+00:00","author":{"@id":"https:\/\/blog.zeit.de\/stoerungsmelder\/#\/schema\/person\/fdd0b9818f65738672810b6d6f037f71"},"breadcrumb":{"@id":"https:\/\/blog.zeit.de\/stoerungsmelder\/2011\/02\/15\/wie-ein-baumarkt-sich-gegen-neonazis-wehrt_5681#breadcrumb"},"inLanguage":"de","potentialAction":[{"@type":"ReadAction","target":["https:\/\/blog.zeit.de\/stoerungsmelder\/2011\/02\/15\/wie-ein-baumarkt-sich-gegen-neonazis-wehrt_5681"]}]},{"@type":"BreadcrumbList","@id":"https:\/\/blog.zeit.de\/stoerungsmelder\/2011\/02\/15\/wie-ein-baumarkt-sich-gegen-neonazis-wehrt_5681#breadcrumb","itemListElement":[{"@type":"ListItem","position":1,"name":"Startseite","item":"https:\/\/blog.zeit.de\/stoerungsmelder"},{"@type":"ListItem","position":2,"name":"Wie ein Baumarkt sich gegen Neonazis wehrt"}]},{"@type":"WebSite","@id":"https:\/\/blog.zeit.de\/stoerungsmelder\/#website","url":"https:\/\/blog.zeit.de\/stoerungsmelder\/","name":"St\u00f6rungsmelder","description":"Recherchen und Analysen \u00fcber die extreme Rechte","potentialAction":[{"@type":"SearchAction","target":{"@type":"EntryPoint","urlTemplate":"https:\/\/blog.zeit.de\/stoerungsmelder\/?s={search_term_string}"},"query-input":"required name=search_term_string"}],"inLanguage":"de"},{"@type":"Person","@id":"https:\/\/blog.zeit.de\/stoerungsmelder\/#\/schema\/person\/fdd0b9818f65738672810b6d6f037f71","name":"St\u00f6rungsmelder","image":{"@type":"ImageObject","inLanguage":"de","@id":"https:\/\/blog.zeit.de\/stoerungsmelder\/#\/schema\/person\/image\/","url":"https:\/\/secure.gravatar.com\/avatar\/dfa4be514c3e82a71e4f9a0020035d38192d080ccaa5e4e6d7a1472c763535c5?s=96&d=mm&r=pg","contentUrl":"https:\/\/secure.gravatar.com\/avatar\/dfa4be514c3e82a71e4f9a0020035d38192d080ccaa5e4e6d7a1472c763535c5?s=96&d=mm&r=pg","caption":"St\u00f6rungsmelder"},"url":"https:\/\/blog.zeit.de\/stoerungsmelder\/author\/stoerungsmelder"}]}},"jetpack_featured_media_url":"","jetpack_sharing_enabled":true,"_links":{"self":[{"href":"https:\/\/blog.zeit.de\/stoerungsmelder\/wp-json\/wp\/v2\/posts\/5681","targetHints":{"allow":["GET"]}}],"collection":[{"href":"https:\/\/blog.zeit.de\/stoerungsmelder\/wp-json\/wp\/v2\/posts"}],"about":[{"href":"https:\/\/blog.zeit.de\/stoerungsmelder\/wp-json\/wp\/v2\/types\/post"}],"author":[{"embeddable":true,"href":"https:\/\/blog.zeit.de\/stoerungsmelder\/wp-json\/wp\/v2\/users\/229"}],"replies":[{"embeddable":true,"href":"https:\/\/blog.zeit.de\/stoerungsmelder\/wp-json\/wp\/v2\/comments?post=5681"}],"version-history":[{"count":11,"href":"https:\/\/blog.zeit.de\/stoerungsmelder\/wp-json\/wp\/v2\/posts\/5681\/revisions"}],"predecessor-version":[{"id":24176,"href":"https:\/\/blog.zeit.de\/stoerungsmelder\/wp-json\/wp\/v2\/posts\/5681\/revisions\/24176"}],"wp:attachment":[{"href":"https:\/\/blog.zeit.de\/stoerungsmelder\/wp-json\/wp\/v2\/media?parent=5681"}],"wp:term":[{"taxonomy":"category","embeddable":true,"href":"https:\/\/blog.zeit.de\/stoerungsmelder\/wp-json\/wp\/v2\/categories?post=5681"},{"taxonomy":"post_tag","embeddable":true,"href":"https:\/\/blog.zeit.de\/stoerungsmelder\/wp-json\/wp\/v2\/tags?post=5681"}],"curies":[{"name":"wp","href":"https:\/\/api.w.org\/{rel}","templated":true}]}}