{"id":571,"date":"2008-11-18T16:14:10","date_gmt":"2008-11-18T15:14:10","guid":{"rendered":"http:\/\/blog.zeit.de\/stoerungsmelder\/?p=571"},"modified":"2008-11-18T16:14:10","modified_gmt":"2008-11-18T15:14:10","slug":"schluss-mit-bullerbu","status":"publish","type":"post","link":"https:\/\/blog.zeit.de\/stoerungsmelder\/2008\/11\/18\/schluss-mit-bullerbu_571","title":{"rendered":"Schluss mit Bullerb\u00fc!"},"content":{"rendered":"<p class=\"MsoPlainText\" style=\"0cm 0cm 0pt;\"><span style=\"Courier New;\">In den letzten Monaten sind in mehreren St\u00e4dten Gruppen in Erscheinung getreten, die in der Tarnung einer Initiative besorgter B\u00fcrger_innen versuchen, rechtsextreme Positionen auf die \u00f6ffentliche Agenda zu bringen. Bei allen diesen Initiativen stellte sich heraus, dass sie entweder mit Protagonist_innen des Rechtsextremismus eng verflochten, oder, wie beispielsweise im Falle der Hamburger \u201eB\u00fcrgerinitiative f\u00fcr ein sicheres Bergedorf\u201c, sogar deckungsgleich mit einer Neonazi-Kameradschaft sind.<!--more--><\/span><\/p>\n<p class=\"MsoPlainText\" style=\"0cm 0cm 0pt;\"><span style=\"Courier New;\">Inhalt dieser scheinbaren B\u00fcrgerinitiativen ist die Mobilisierung gegen Moslems. W\u00e4hrend der Aufh\u00e4nger meistens der geplante Bau eines Gebetshauses ist, geht es in ihrer Propaganda recht schnell um eine vermeintliche Verbindung von den muslimischen Mitb\u00fcrger_innen zu Gewaltaten und dem islamistischen Terrorismus.<\/span><\/p>\n<p class=\"MsoPlainText\" style=\"0cm 0cm 0pt;\"><span style=\"Courier New;\">Dass der Islam dabei nur ein auswechselbare Chiffre f\u00fcr die Abwehr alles Fremden ist \u2013 der Rechtsextremismus dreht sich im Kern ja genau darum \u2013 zeigt sich bereits daran, dass Rechtsextreme keine Scheu haben, Islamisten als ihre B\u00fcndnispartner gegen Israel und die USA in Erw\u00e4gung zu ziehen.<\/span><\/p>\n<p class=\"MsoPlainText\" style=\"0cm 0cm 0pt;\"><span style=\"Courier New;\">Aus diesem Grund ist es einen Versuch Wert, das Themenfeld \u201eMoslems\u201c durch ein beliebig anderes auszutauschen. Was dabei herauskommt? Bitte sehr:<\/span><\/p>\n<p class=\"MsoPlainText\" style=\"0cm 0cm 0pt;\"><span style=\"Courier New;\">\u00a0************************************************************<\/span><\/p>\n<p class=\"MsoPlainText\" style=\"0cm 0cm 0pt;\"><span style=\"Courier New;\"><em><strong>Skandinavisierung stoppen!<\/strong><\/em><\/span><\/p>\n<p class=\"MsoPlainText\" style=\"0cm 0cm 0pt;\"><span style=\"Courier New;\"><em>\u00a0<\/em><\/span><span style=\"Courier New;\"><em>Nein zu Ikeam\u00e4rkten, H&amp;M-L\u00e4den und NOKIA-Handy! Die skandinavische Konsumterrorgefahr bek\u00e4mpfen!<\/em><\/span><\/p>\n<p class=\"MsoPlainText\" style=\"0cm 0cm 0pt;\"><span style=\"Courier New;\"><em>Diese Forderungen hat sich die B\u00fcrgerbewegung \u201ePro Deutsch\u201c auf die Fahnen geschrieben.<\/em><\/span><\/p>\n<p class=\"MsoPlainText\" style=\"0cm 0cm 0pt;\"><span style=\"Courier New;\"><em>Forderungen, die von einer deutlichen Mehrheit der einheimischen Bev\u00f6lkerung geteilt, aber von den etablierten Parteien schlichtweg ignoriert werden. Egal ob Gr\u00fcne, SPD, FDP oder auch CDU \u2013 alle \u00fcbertreffen sich geradezu in ihrer naiven und gef\u00e4hrlichen \u201eToleranz\u201c-Rhetorik! Dabei wissen wir alle von der tagt\u00e4glichen Gefahr durch skandinavische M\u00f6belverk\u00e4ufer, K\u00fcchenberater und Saabh\u00e4ndler vor der eigenen Haust\u00fcre!<\/em><\/span><\/p>\n<p class=\"MsoPlainText\" style=\"0cm 0cm 0pt;\"><span style=\"Courier New;\"><em><\/em><\/span><\/p>\n<p class=\"MsoPlainText\" style=\"0cm 0cm 0pt;\"><span style=\"Courier New;\"><em>In mehreren deutschen Einkaufszentren konnte nur aufgrund fehlender Sprachkenntnisse der Verkauf billiger skandinavischer Massenprodukte verhindert werden \u2013 diese F\u00e4lle des Konsumterrors gingen bundesweit durch die Medien. Ebenso wie die Aufdeckung der Hamburger Ikeazelle: Praktisch in letzter Minute konnten durch die Baubeh\u00f6rden die brutale Er\u00f6ffnung einer weiteren M\u00f6belhalle verhindert werden: Die Baupl\u00e4ne f\u00fcr das gewaltige Projekt hatten sich die Konsumterroristen schon verschafft! Neueste Erkenntnisse haben zudem eine Spur von den Hamburger Architekten direkt zur Ikea-Zentrale in Stockholm ergeben: Die Bauleiter sollen ihre Instruktionen von einem bei Malm\u00f6 lebenden Norweger erhalten haben. In einem Augsburger Nokia-Shop sollen Zeugenaussagen zufolge die Details der Bauvorhaben besprochen worden sein!<\/em><\/span><\/p>\n<p class=\"MsoPlainText\" style=\"0cm 0cm 0pt;\"><span style=\"Courier New;\"><em><\/em><\/span><\/p>\n<p class=\"MsoPlainText\" style=\"0cm 0cm 0pt;\"><span style=\"Courier New;\"><em>Zu alldem schweigt die etablierte Politik oder \u00fcbt sich in grenzenloser Verharmlosung. Vor allem bestreiten CDU, SPD und Co. den Zusammenhang zwischen der wachsenden skandinavischen Parallelgesellschaft in Pipi-Langstrumpf-B\u00fcchern und Bullerb\u00fc-Filmen und der Gefahr des skandinavischen Konsumterrors. Die B\u00fcrgerbewegung \u201ePro Deutsch\u201c sagt dagegen: Die kulturelle und ethnische \u00dcberfremdung unserer St\u00e4dte steht in einem direkten Zusammenhang mit der grenzenlosen Errichtung immer neuer M\u00f6belh\u00e4user, Bekleidungsgesch\u00e4fte, Autol\u00e4den! Deswegen muss ein weiteres Ausbreiten skandinavischer Parallelgesellschaften unbedingt verhindert werden. Das Recht auf freien Handel beinhaltet eben nicht ein Grundrecht auf protzige M\u00f6belhallen und mehrst\u00f6ckige Bekleidungsh\u00e4user, weder in Hamburg, Aachen, M\u00fcnchen, Rosenheim noch anderswo. Hier k\u00f6nnte der Gesetzgeber mit den Mitteln des Baurechtes und anderer Verwaltungsvorschriften leicht eingreifen \u2013 wenn er denn wollte.<\/em><\/span><\/p>\n<p class=\"MsoPlainText\" style=\"0cm 0cm 0pt;\"><span style=\"Courier New;\"><em><\/em><\/span><\/p>\n<p class=\"MsoPlainText\" style=\"0cm 0cm 0pt;\"><span style=\"Courier New;\"><em>F\u00fcr eine b\u00fcrgernahe Politik, f\u00fcr unsere traditionellen Werte, f\u00fcr Demokratie und Rechtsstaatlichkeit!<\/em><\/span><\/p>\n<p class=\"MsoPlainText\" style=\"0cm 0cm 0pt;\"><span style=\"Courier New;\"><em>Mit der B\u00fcrgerbewegung \u201ePro Deutsch\u201c haben die Menschen in Deutschland endlich eine politische Kraft an ihrer Seite, die sich ausschlie\u00dflich f\u00fcr die Interessen der einheimischen Bev\u00f6lkerung stark macht. Das schlie\u00dft vor allem den Kampf gegen finnische Handys,<span style=\"yes;\">\u00a0 <\/span>\u00dcberfremdung und schwedische Autos ein!<\/em><\/span><\/p>\n<p class=\"MsoPlainText\" style=\"0cm 0cm 0pt;\"><span style=\"Courier New;\"><em>Unsere zahlreichen Vertreter in St\u00e4dten und Gemeinden stellen das seit Jahren eindrucksvoll unter Beweis. Mit einer Petition an den deutschen Bundestag werden diese Probleme \u00fcber die Kommunen hinaus erstmals auf Bundesebene ernsthaft thematisiert. Mit uns und Ihnen wird es den M\u00e4chtigen schwerer fallen, diese berechtigten Sorgen der B\u00fcrger zu ignorieren.<\/em><\/span><\/p>\n<p class=\"MsoPlainText\" style=\"0cm 0cm 0pt;\"><span style=\"Courier New;\">(Satire)<\/span><\/p>\n","protected":false},"excerpt":{"rendered":"<p>In den letzten Monaten sind in mehreren St\u00e4dten Gruppen in Erscheinung getreten, die in der Tarnung einer Initiative besorgter B\u00fcrger_innen versuchen, rechtsextreme Positionen auf die \u00f6ffentliche Agenda zu bringen. Bei allen diesen Initiativen stellte sich heraus, dass sie entweder mit Protagonist_innen des Rechtsextremismus eng verflochten, oder, wie beispielsweise im Falle der Hamburger \u201eB\u00fcrgerinitiative f\u00fcr ein [&hellip;]<\/p>\n","protected":false},"author":248,"featured_media":0,"comment_status":"open","ping_status":"open","sticky":false,"template":"","format":"standard","meta":{"_jetpack_memberships_contains_paid_content":false,"footnotes":""},"categories":[1515],"tags":[],"class_list":["post-571","post","type-post","status-publish","format-standard","hentry","category-bundesweit"],"yoast_head":"<!-- This site is optimized with the Yoast SEO plugin v21.0 - https:\/\/yoast.com\/wordpress\/plugins\/seo\/ -->\n<title>Schluss mit Bullerb\u00fc! - St\u00f6rungsmelder<\/title>\n<meta name=\"robots\" content=\"index, follow, max-snippet:-1, max-image-preview:large, max-video-preview:-1\" \/>\n<link rel=\"canonical\" href=\"https:\/\/blog.zeit.de\/stoerungsmelder\/2008\/11\/18\/schluss-mit-bullerbu_571\" \/>\n<meta property=\"og:locale\" content=\"de_DE\" \/>\n<meta property=\"og:type\" content=\"article\" \/>\n<meta property=\"og:title\" content=\"Schluss mit Bullerb\u00fc! - St\u00f6rungsmelder\" \/>\n<meta property=\"og:description\" content=\"In den letzten Monaten sind in mehreren St\u00e4dten Gruppen in Erscheinung getreten, die in der Tarnung einer Initiative besorgter B\u00fcrger_innen versuchen, rechtsextreme Positionen auf die \u00f6ffentliche Agenda zu bringen. Bei allen diesen Initiativen stellte sich heraus, dass sie entweder mit Protagonist_innen des Rechtsextremismus eng verflochten, oder, wie beispielsweise im Falle der Hamburger \u201eB\u00fcrgerinitiative f\u00fcr ein [&hellip;]\" \/>\n<meta property=\"og:url\" content=\"https:\/\/blog.zeit.de\/stoerungsmelder\/2008\/11\/18\/schluss-mit-bullerbu_571\" \/>\n<meta property=\"og:site_name\" content=\"St\u00f6rungsmelder\" \/>\n<meta property=\"article:published_time\" content=\"2008-11-18T15:14:10+00:00\" \/>\n<meta name=\"author\" content=\"Wolfgang Nacken\" \/>\n<meta name=\"twitter:card\" content=\"summary_large_image\" \/>\n<meta name=\"twitter:label1\" content=\"Geschrieben von\" \/>\n\t<meta name=\"twitter:data1\" content=\"Wolfgang Nacken\" \/>\n\t<meta name=\"twitter:label2\" content=\"Gesch\u00e4tzte Lesezeit\" \/>\n\t<meta name=\"twitter:data2\" content=\"3\u00a0Minuten\" \/>\n<script type=\"application\/ld+json\" class=\"yoast-schema-graph\">{\"@context\":\"https:\/\/schema.org\",\"@graph\":[{\"@type\":\"WebPage\",\"@id\":\"https:\/\/blog.zeit.de\/stoerungsmelder\/2008\/11\/18\/schluss-mit-bullerbu_571\",\"url\":\"https:\/\/blog.zeit.de\/stoerungsmelder\/2008\/11\/18\/schluss-mit-bullerbu_571\",\"name\":\"Schluss mit Bullerb\u00fc! - St\u00f6rungsmelder\",\"isPartOf\":{\"@id\":\"https:\/\/blog.zeit.de\/stoerungsmelder\/#website\"},\"datePublished\":\"2008-11-18T15:14:10+00:00\",\"dateModified\":\"2008-11-18T15:14:10+00:00\",\"author\":{\"@id\":\"https:\/\/blog.zeit.de\/stoerungsmelder\/#\/schema\/person\/b02a8433063f6e814210aacbca218a70\"},\"breadcrumb\":{\"@id\":\"https:\/\/blog.zeit.de\/stoerungsmelder\/2008\/11\/18\/schluss-mit-bullerbu_571#breadcrumb\"},\"inLanguage\":\"de\",\"potentialAction\":[{\"@type\":\"ReadAction\",\"target\":[\"https:\/\/blog.zeit.de\/stoerungsmelder\/2008\/11\/18\/schluss-mit-bullerbu_571\"]}]},{\"@type\":\"BreadcrumbList\",\"@id\":\"https:\/\/blog.zeit.de\/stoerungsmelder\/2008\/11\/18\/schluss-mit-bullerbu_571#breadcrumb\",\"itemListElement\":[{\"@type\":\"ListItem\",\"position\":1,\"name\":\"Startseite\",\"item\":\"https:\/\/blog.zeit.de\/stoerungsmelder\"},{\"@type\":\"ListItem\",\"position\":2,\"name\":\"Schluss mit Bullerb\u00fc!\"}]},{\"@type\":\"WebSite\",\"@id\":\"https:\/\/blog.zeit.de\/stoerungsmelder\/#website\",\"url\":\"https:\/\/blog.zeit.de\/stoerungsmelder\/\",\"name\":\"St\u00f6rungsmelder\",\"description\":\"Recherchen und Analysen \u00fcber die extreme Rechte\",\"potentialAction\":[{\"@type\":\"SearchAction\",\"target\":{\"@type\":\"EntryPoint\",\"urlTemplate\":\"https:\/\/blog.zeit.de\/stoerungsmelder\/?s={search_term_string}\"},\"query-input\":\"required name=search_term_string\"}],\"inLanguage\":\"de\"},{\"@type\":\"Person\",\"@id\":\"https:\/\/blog.zeit.de\/stoerungsmelder\/#\/schema\/person\/b02a8433063f6e814210aacbca218a70\",\"name\":\"Wolfgang Nacken\",\"image\":{\"@type\":\"ImageObject\",\"inLanguage\":\"de\",\"@id\":\"https:\/\/blog.zeit.de\/stoerungsmelder\/#\/schema\/person\/image\/\",\"url\":\"https:\/\/secure.gravatar.com\/avatar\/f98376037e9c891aa24470592fecd9dab9252b80ec2ad04fd762e058ba3a8f12?s=96&d=mm&r=pg\",\"contentUrl\":\"https:\/\/secure.gravatar.com\/avatar\/f98376037e9c891aa24470592fecd9dab9252b80ec2ad04fd762e058ba3a8f12?s=96&d=mm&r=pg\",\"caption\":\"Wolfgang Nacken\"},\"url\":\"https:\/\/blog.zeit.de\/stoerungsmelder\/author\/wolfgang-nacken\"}]}<\/script>\n<!-- \/ Yoast SEO plugin. -->","yoast_head_json":{"title":"Schluss mit Bullerb\u00fc! - St\u00f6rungsmelder","robots":{"index":"index","follow":"follow","max-snippet":"max-snippet:-1","max-image-preview":"max-image-preview:large","max-video-preview":"max-video-preview:-1"},"canonical":"https:\/\/blog.zeit.de\/stoerungsmelder\/2008\/11\/18\/schluss-mit-bullerbu_571","og_locale":"de_DE","og_type":"article","og_title":"Schluss mit Bullerb\u00fc! - St\u00f6rungsmelder","og_description":"In den letzten Monaten sind in mehreren St\u00e4dten Gruppen in Erscheinung getreten, die in der Tarnung einer Initiative besorgter B\u00fcrger_innen versuchen, rechtsextreme Positionen auf die \u00f6ffentliche Agenda zu bringen. Bei allen diesen Initiativen stellte sich heraus, dass sie entweder mit Protagonist_innen des Rechtsextremismus eng verflochten, oder, wie beispielsweise im Falle der Hamburger \u201eB\u00fcrgerinitiative f\u00fcr ein [&hellip;]","og_url":"https:\/\/blog.zeit.de\/stoerungsmelder\/2008\/11\/18\/schluss-mit-bullerbu_571","og_site_name":"St\u00f6rungsmelder","article_published_time":"2008-11-18T15:14:10+00:00","author":"Wolfgang Nacken","twitter_card":"summary_large_image","twitter_misc":{"Geschrieben von":"Wolfgang Nacken","Gesch\u00e4tzte Lesezeit":"3\u00a0Minuten"},"schema":{"@context":"https:\/\/schema.org","@graph":[{"@type":"WebPage","@id":"https:\/\/blog.zeit.de\/stoerungsmelder\/2008\/11\/18\/schluss-mit-bullerbu_571","url":"https:\/\/blog.zeit.de\/stoerungsmelder\/2008\/11\/18\/schluss-mit-bullerbu_571","name":"Schluss mit Bullerb\u00fc! - St\u00f6rungsmelder","isPartOf":{"@id":"https:\/\/blog.zeit.de\/stoerungsmelder\/#website"},"datePublished":"2008-11-18T15:14:10+00:00","dateModified":"2008-11-18T15:14:10+00:00","author":{"@id":"https:\/\/blog.zeit.de\/stoerungsmelder\/#\/schema\/person\/b02a8433063f6e814210aacbca218a70"},"breadcrumb":{"@id":"https:\/\/blog.zeit.de\/stoerungsmelder\/2008\/11\/18\/schluss-mit-bullerbu_571#breadcrumb"},"inLanguage":"de","potentialAction":[{"@type":"ReadAction","target":["https:\/\/blog.zeit.de\/stoerungsmelder\/2008\/11\/18\/schluss-mit-bullerbu_571"]}]},{"@type":"BreadcrumbList","@id":"https:\/\/blog.zeit.de\/stoerungsmelder\/2008\/11\/18\/schluss-mit-bullerbu_571#breadcrumb","itemListElement":[{"@type":"ListItem","position":1,"name":"Startseite","item":"https:\/\/blog.zeit.de\/stoerungsmelder"},{"@type":"ListItem","position":2,"name":"Schluss mit Bullerb\u00fc!"}]},{"@type":"WebSite","@id":"https:\/\/blog.zeit.de\/stoerungsmelder\/#website","url":"https:\/\/blog.zeit.de\/stoerungsmelder\/","name":"St\u00f6rungsmelder","description":"Recherchen und Analysen \u00fcber die extreme Rechte","potentialAction":[{"@type":"SearchAction","target":{"@type":"EntryPoint","urlTemplate":"https:\/\/blog.zeit.de\/stoerungsmelder\/?s={search_term_string}"},"query-input":"required name=search_term_string"}],"inLanguage":"de"},{"@type":"Person","@id":"https:\/\/blog.zeit.de\/stoerungsmelder\/#\/schema\/person\/b02a8433063f6e814210aacbca218a70","name":"Wolfgang Nacken","image":{"@type":"ImageObject","inLanguage":"de","@id":"https:\/\/blog.zeit.de\/stoerungsmelder\/#\/schema\/person\/image\/","url":"https:\/\/secure.gravatar.com\/avatar\/f98376037e9c891aa24470592fecd9dab9252b80ec2ad04fd762e058ba3a8f12?s=96&d=mm&r=pg","contentUrl":"https:\/\/secure.gravatar.com\/avatar\/f98376037e9c891aa24470592fecd9dab9252b80ec2ad04fd762e058ba3a8f12?s=96&d=mm&r=pg","caption":"Wolfgang Nacken"},"url":"https:\/\/blog.zeit.de\/stoerungsmelder\/author\/wolfgang-nacken"}]}},"jetpack_featured_media_url":"","jetpack_sharing_enabled":true,"_links":{"self":[{"href":"https:\/\/blog.zeit.de\/stoerungsmelder\/wp-json\/wp\/v2\/posts\/571","targetHints":{"allow":["GET"]}}],"collection":[{"href":"https:\/\/blog.zeit.de\/stoerungsmelder\/wp-json\/wp\/v2\/posts"}],"about":[{"href":"https:\/\/blog.zeit.de\/stoerungsmelder\/wp-json\/wp\/v2\/types\/post"}],"author":[{"embeddable":true,"href":"https:\/\/blog.zeit.de\/stoerungsmelder\/wp-json\/wp\/v2\/users\/248"}],"replies":[{"embeddable":true,"href":"https:\/\/blog.zeit.de\/stoerungsmelder\/wp-json\/wp\/v2\/comments?post=571"}],"version-history":[{"count":0,"href":"https:\/\/blog.zeit.de\/stoerungsmelder\/wp-json\/wp\/v2\/posts\/571\/revisions"}],"wp:attachment":[{"href":"https:\/\/blog.zeit.de\/stoerungsmelder\/wp-json\/wp\/v2\/media?parent=571"}],"wp:term":[{"taxonomy":"category","embeddable":true,"href":"https:\/\/blog.zeit.de\/stoerungsmelder\/wp-json\/wp\/v2\/categories?post=571"},{"taxonomy":"post_tag","embeddable":true,"href":"https:\/\/blog.zeit.de\/stoerungsmelder\/wp-json\/wp\/v2\/tags?post=571"}],"curies":[{"name":"wp","href":"https:\/\/api.w.org\/{rel}","templated":true}]}}