{"id":5782,"date":"2011-02-24T14:03:42","date_gmt":"2011-02-24T13:03:42","guid":{"rendered":"http:\/\/blog.zeit.de\/stoerungsmelder\/?p=5782"},"modified":"2011-02-24T14:03:42","modified_gmt":"2011-02-24T13:03:42","slug":"wahl-nicht-npd-infoseite-zur-wahl-in-sachsen-anhalt","status":"publish","type":"post","link":"https:\/\/blog.zeit.de\/stoerungsmelder\/2011\/02\/24\/wahl-nicht-npd-infoseite-zur-wahl-in-sachsen-anhalt_5782","title":{"rendered":"&#8222;W\u00e4hl nicht NPD!&#8220; &#8211; Infoseite zur Wahl in Sachsen-Anhalt"},"content":{"rendered":"<p><a href=\"https:\/\/blog.zeit.de\/stoerungsmelder\/files\/2011\/02\/Header.jpg\"><img loading=\"lazy\" decoding=\"async\" class=\"aligncenter size-full wp-image-5783\" title=\"Header\" src=\"https:\/\/blog.zeit.de\/stoerungsmelder\/files\/2011\/02\/Header.jpg\" alt=\"\" width=\"540\" height=\"253\" srcset=\"https:\/\/blog.zeit.de\/stoerungsmelder\/files\/2011\/02\/Header.jpg 916w, https:\/\/blog.zeit.de\/stoerungsmelder\/files\/2011\/02\/Header-300x140.jpg 300w\" sizes=\"auto, (max-width: 540px) 100vw, 540px\" \/><\/a><\/p>\n<p>P\u00fcnktlich zur Landtagswahl in Sachsen-Anahlt geht eine neue Webseite online, die \u00fcber die Hintergr\u00fcnde der NPD und ihrer Kandidaten informiert. Wir dokumentieren hier den Vorstellungstext der <a href=\"http:\/\/www.waehlnichtnpd.de\/\">Kampagne &#8222;W\u00e4hl nicht NPD&#8220;<\/a>:<!--more--><\/p>\n<p><em>w\u00e4hl NICHT NPD ist eine Initiative antifaschistischer Gruppen und Projekte aus Sachsen-Anhalt, deren Ziel es ist, \u00fcber die neonazistische NPD zu informieren und aufzukl\u00e4ren. Die NPD als wichtigste parteipolitische Neonazi-Organisation will nach Sachsen und Mecklenburg-Vorpommern nun in Sachsen-Anhalt in den dritten Landtag einziehen \u2013 und hat gute Chancen. Die NPD kn\u00fcpft an bestehende Ressentiments in der Bev\u00f6lkerung an. Sie gibt sich als Anwalt der \u201ekleinen Leute\u201c und k\u00fcndigt an, mit der sogenannten \u201ePolitmafia\u201c aufzur\u00e4umen, gemeint sind die etablierten Parteien. Dazu stellen sich die Neonazis seit Monaten als \u201eMusterdemokraten\u201c und \u201eB\u00fcrgerrechtspartei\u201c dar und kommen scheinbar auch in der sachsen-anhaltischen Bev\u00f6lkerung als Wahlalternative an. Neuesten Umfragen zufolge liegt die Zustimmung f\u00fcr die NPD bei f\u00fcnf Prozent, bei Jugendlichen unter 25 Jahren sogar bei 21 Prozent.<br \/>\nWenn die NPD einfache L\u00f6sungen f\u00fcr komplexe Probleme anbietet, sich als die \u201eeinzig w\u00e4hlbare Alternative zum System der Etablierten\u201c darstellt und dabei eine Ausgrenzungspolitik betreibt gegen alle, die ihrer Meinung nach nicht zum \u201edeutschen Volk\u201c geh\u00f6ren, ist eine Auseinandersetzung mit deren neonazistischer Ideologie zwingend erforderlich.<\/em><\/p>\n<p><em>Uns geht es um mehr als nur darum, NICHT NPD zu w\u00e4hlen. Unabh\u00e4ngig von Parteienkonkurrenz und zivilgesellschaftlichem Harmoniebed\u00fcrfnis wollen wir \u00fcber die neonazistische Partei aufkl\u00e4ren, zur Diskussion anregen und Mittel und Wege finden, der Propaganda und den Naziaktionen etwas entgegenzusetzen. Unser Problem ist es nicht allein, dass eine neonazistische Partei in Sachsen-Anhalt personell und logistisch in der Lage ist, einen fl\u00e4chendeckenden Wahlkampf zu f\u00fchren und m\u00f6glicherweise in den Landtag einzuziehen. Unser Problem sind Rassismus, Antisemitismus und Nationalismus, die in weiten Teilen der deutschen Bev\u00f6lkerung verbreitet sind und die dort eine Alltagsstimmung gegen alles fremd Empfundene und Unkonventionelle erzeugen. Diese tief verwurzelten Einstellungen sind die Grundlage f\u00fcr die Erfolge von neonazistischen Parteien wie der NPD.<\/em><\/p>\n<p><em>In den kommenden Wochen wird der Wahlkampf der NPD noch an Intensit\u00e4t zunehmen. w\u00e4hl NICHT NPD bietet die M\u00f6glichkeit, sich zu informieren und gegen die menschenverachtenden Ziele der Partei Position zu beziehen. Die Initiative bietet neben Informationsmaterial auch Informations- und Diskussionsveranstaltungen in unterschiedlichen Regionen Sachsen-Anhalts an und unterst\u00fctzt auf Anfrage Leute, die selbiges vorhaben.<\/em><\/p>\n<p><em>Es ist wichtig zu erkennen, dass sich das Problem \u201eNPD\u201c weder von allein erledigt noch durch staatliche Verbote erledigt wird. Stattdessen muss den Neonazis auf allen Ebenen deutlich gemacht werden, dass sie nicht nur Zustimmung bekommen f\u00fcr ihre dummen rassistischen, antisemitischen und nationalistischen Positionen. Darum: W\u00e4hlt NICHT NPD! Macht den Mund auf und seid kreativ!<\/em><\/p>\n<p><img loading=\"lazy\" decoding=\"async\" src=\"http:\/\/vg01.met.vgwort.de\/na\/a9c8e43de532407a825e87b1bc2f0cf9\" alt=\"\" width=\"1\" height=\"1\" \/><\/p>\n","protected":false},"excerpt":{"rendered":"<p>P\u00fcnktlich zur Landtagswahl in Sachsen-Anahlt geht eine neue Webseite online, die \u00fcber die Hintergr\u00fcnde der NPD und ihrer Kandidaten informiert. Wir dokumentieren hier den Vorstellungstext der Kampagne &#8222;W\u00e4hl nicht NPD&#8220;:<\/p>\n","protected":false},"author":229,"featured_media":0,"comment_status":"open","ping_status":"open","sticky":false,"template":"","format":"standard","meta":{"_jetpack_memberships_contains_paid_content":false,"footnotes":""},"categories":[1457],"tags":[1716,955],"class_list":["post-5782","post","type-post","status-publish","format-standard","hentry","category-sachsen-anhalt","tag-npd","tag-wahlen"],"yoast_head":"<!-- This site is optimized with the Yoast SEO plugin v21.0 - https:\/\/yoast.com\/wordpress\/plugins\/seo\/ -->\n<title>&quot;W\u00e4hl nicht NPD!&quot; - Infoseite zur Wahl in Sachsen-Anhalt - St\u00f6rungsmelder<\/title>\n<meta name=\"robots\" content=\"index, follow, max-snippet:-1, max-image-preview:large, max-video-preview:-1\" \/>\n<link rel=\"canonical\" href=\"https:\/\/blog.zeit.de\/stoerungsmelder\/2011\/02\/24\/wahl-nicht-npd-infoseite-zur-wahl-in-sachsen-anhalt_5782\" \/>\n<meta property=\"og:locale\" content=\"de_DE\" \/>\n<meta property=\"og:type\" content=\"article\" \/>\n<meta property=\"og:title\" content=\"&quot;W\u00e4hl nicht NPD!&quot; - Infoseite zur Wahl in Sachsen-Anhalt - St\u00f6rungsmelder\" \/>\n<meta property=\"og:description\" content=\"P\u00fcnktlich zur Landtagswahl in Sachsen-Anahlt geht eine neue Webseite online, die \u00fcber die Hintergr\u00fcnde der NPD und ihrer Kandidaten informiert. Wir dokumentieren hier den Vorstellungstext der Kampagne &#8222;W\u00e4hl nicht NPD&#8220;:\" \/>\n<meta property=\"og:url\" content=\"https:\/\/blog.zeit.de\/stoerungsmelder\/2011\/02\/24\/wahl-nicht-npd-infoseite-zur-wahl-in-sachsen-anhalt_5782\" \/>\n<meta property=\"og:site_name\" content=\"St\u00f6rungsmelder\" \/>\n<meta property=\"article:published_time\" content=\"2011-02-24T13:03:42+00:00\" \/>\n<meta property=\"og:image\" content=\"https:\/\/blog.zeit.de\/stoerungsmelder\/files\/2011\/02\/Header.jpg\" \/>\n<meta name=\"author\" content=\"St\u00f6rungsmelder\" \/>\n<meta name=\"twitter:card\" content=\"summary_large_image\" \/>\n<meta name=\"twitter:label1\" content=\"Geschrieben von\" \/>\n\t<meta name=\"twitter:data1\" content=\"St\u00f6rungsmelder\" \/>\n\t<meta name=\"twitter:label2\" content=\"Gesch\u00e4tzte Lesezeit\" \/>\n\t<meta name=\"twitter:data2\" content=\"2\u00a0Minuten\" \/>\n<script type=\"application\/ld+json\" class=\"yoast-schema-graph\">{\"@context\":\"https:\/\/schema.org\",\"@graph\":[{\"@type\":\"WebPage\",\"@id\":\"https:\/\/blog.zeit.de\/stoerungsmelder\/2011\/02\/24\/wahl-nicht-npd-infoseite-zur-wahl-in-sachsen-anhalt_5782\",\"url\":\"https:\/\/blog.zeit.de\/stoerungsmelder\/2011\/02\/24\/wahl-nicht-npd-infoseite-zur-wahl-in-sachsen-anhalt_5782\",\"name\":\"\\\"W\u00e4hl nicht NPD!\\\" - Infoseite zur Wahl in Sachsen-Anhalt - St\u00f6rungsmelder\",\"isPartOf\":{\"@id\":\"https:\/\/blog.zeit.de\/stoerungsmelder\/#website\"},\"datePublished\":\"2011-02-24T13:03:42+00:00\",\"dateModified\":\"2011-02-24T13:03:42+00:00\",\"author\":{\"@id\":\"https:\/\/blog.zeit.de\/stoerungsmelder\/#\/schema\/person\/fdd0b9818f65738672810b6d6f037f71\"},\"breadcrumb\":{\"@id\":\"https:\/\/blog.zeit.de\/stoerungsmelder\/2011\/02\/24\/wahl-nicht-npd-infoseite-zur-wahl-in-sachsen-anhalt_5782#breadcrumb\"},\"inLanguage\":\"de\",\"potentialAction\":[{\"@type\":\"ReadAction\",\"target\":[\"https:\/\/blog.zeit.de\/stoerungsmelder\/2011\/02\/24\/wahl-nicht-npd-infoseite-zur-wahl-in-sachsen-anhalt_5782\"]}]},{\"@type\":\"BreadcrumbList\",\"@id\":\"https:\/\/blog.zeit.de\/stoerungsmelder\/2011\/02\/24\/wahl-nicht-npd-infoseite-zur-wahl-in-sachsen-anhalt_5782#breadcrumb\",\"itemListElement\":[{\"@type\":\"ListItem\",\"position\":1,\"name\":\"Startseite\",\"item\":\"https:\/\/blog.zeit.de\/stoerungsmelder\"},{\"@type\":\"ListItem\",\"position\":2,\"name\":\"&#8222;W\u00e4hl nicht NPD!&#8220; &#8211; Infoseite zur Wahl in Sachsen-Anhalt\"}]},{\"@type\":\"WebSite\",\"@id\":\"https:\/\/blog.zeit.de\/stoerungsmelder\/#website\",\"url\":\"https:\/\/blog.zeit.de\/stoerungsmelder\/\",\"name\":\"St\u00f6rungsmelder\",\"description\":\"Recherchen und Analysen \u00fcber die extreme Rechte\",\"potentialAction\":[{\"@type\":\"SearchAction\",\"target\":{\"@type\":\"EntryPoint\",\"urlTemplate\":\"https:\/\/blog.zeit.de\/stoerungsmelder\/?s={search_term_string}\"},\"query-input\":\"required name=search_term_string\"}],\"inLanguage\":\"de\"},{\"@type\":\"Person\",\"@id\":\"https:\/\/blog.zeit.de\/stoerungsmelder\/#\/schema\/person\/fdd0b9818f65738672810b6d6f037f71\",\"name\":\"St\u00f6rungsmelder\",\"image\":{\"@type\":\"ImageObject\",\"inLanguage\":\"de\",\"@id\":\"https:\/\/blog.zeit.de\/stoerungsmelder\/#\/schema\/person\/image\/\",\"url\":\"https:\/\/secure.gravatar.com\/avatar\/dfa4be514c3e82a71e4f9a0020035d38192d080ccaa5e4e6d7a1472c763535c5?s=96&d=mm&r=pg\",\"contentUrl\":\"https:\/\/secure.gravatar.com\/avatar\/dfa4be514c3e82a71e4f9a0020035d38192d080ccaa5e4e6d7a1472c763535c5?s=96&d=mm&r=pg\",\"caption\":\"St\u00f6rungsmelder\"},\"url\":\"https:\/\/blog.zeit.de\/stoerungsmelder\/author\/stoerungsmelder\"}]}<\/script>\n<!-- \/ Yoast SEO plugin. -->","yoast_head_json":{"title":"\"W\u00e4hl nicht NPD!\" - Infoseite zur Wahl in Sachsen-Anhalt - St\u00f6rungsmelder","robots":{"index":"index","follow":"follow","max-snippet":"max-snippet:-1","max-image-preview":"max-image-preview:large","max-video-preview":"max-video-preview:-1"},"canonical":"https:\/\/blog.zeit.de\/stoerungsmelder\/2011\/02\/24\/wahl-nicht-npd-infoseite-zur-wahl-in-sachsen-anhalt_5782","og_locale":"de_DE","og_type":"article","og_title":"\"W\u00e4hl nicht NPD!\" - Infoseite zur Wahl in Sachsen-Anhalt - St\u00f6rungsmelder","og_description":"P\u00fcnktlich zur Landtagswahl in Sachsen-Anahlt geht eine neue Webseite online, die \u00fcber die Hintergr\u00fcnde der NPD und ihrer Kandidaten informiert. Wir dokumentieren hier den Vorstellungstext der Kampagne &#8222;W\u00e4hl nicht NPD&#8220;:","og_url":"https:\/\/blog.zeit.de\/stoerungsmelder\/2011\/02\/24\/wahl-nicht-npd-infoseite-zur-wahl-in-sachsen-anhalt_5782","og_site_name":"St\u00f6rungsmelder","article_published_time":"2011-02-24T13:03:42+00:00","og_image":[{"url":"https:\/\/blog.zeit.de\/stoerungsmelder\/files\/2011\/02\/Header.jpg"}],"author":"St\u00f6rungsmelder","twitter_card":"summary_large_image","twitter_misc":{"Geschrieben von":"St\u00f6rungsmelder","Gesch\u00e4tzte Lesezeit":"2\u00a0Minuten"},"schema":{"@context":"https:\/\/schema.org","@graph":[{"@type":"WebPage","@id":"https:\/\/blog.zeit.de\/stoerungsmelder\/2011\/02\/24\/wahl-nicht-npd-infoseite-zur-wahl-in-sachsen-anhalt_5782","url":"https:\/\/blog.zeit.de\/stoerungsmelder\/2011\/02\/24\/wahl-nicht-npd-infoseite-zur-wahl-in-sachsen-anhalt_5782","name":"\"W\u00e4hl nicht NPD!\" - Infoseite zur Wahl in Sachsen-Anhalt - St\u00f6rungsmelder","isPartOf":{"@id":"https:\/\/blog.zeit.de\/stoerungsmelder\/#website"},"datePublished":"2011-02-24T13:03:42+00:00","dateModified":"2011-02-24T13:03:42+00:00","author":{"@id":"https:\/\/blog.zeit.de\/stoerungsmelder\/#\/schema\/person\/fdd0b9818f65738672810b6d6f037f71"},"breadcrumb":{"@id":"https:\/\/blog.zeit.de\/stoerungsmelder\/2011\/02\/24\/wahl-nicht-npd-infoseite-zur-wahl-in-sachsen-anhalt_5782#breadcrumb"},"inLanguage":"de","potentialAction":[{"@type":"ReadAction","target":["https:\/\/blog.zeit.de\/stoerungsmelder\/2011\/02\/24\/wahl-nicht-npd-infoseite-zur-wahl-in-sachsen-anhalt_5782"]}]},{"@type":"BreadcrumbList","@id":"https:\/\/blog.zeit.de\/stoerungsmelder\/2011\/02\/24\/wahl-nicht-npd-infoseite-zur-wahl-in-sachsen-anhalt_5782#breadcrumb","itemListElement":[{"@type":"ListItem","position":1,"name":"Startseite","item":"https:\/\/blog.zeit.de\/stoerungsmelder"},{"@type":"ListItem","position":2,"name":"&#8222;W\u00e4hl nicht NPD!&#8220; &#8211; Infoseite zur Wahl in Sachsen-Anhalt"}]},{"@type":"WebSite","@id":"https:\/\/blog.zeit.de\/stoerungsmelder\/#website","url":"https:\/\/blog.zeit.de\/stoerungsmelder\/","name":"St\u00f6rungsmelder","description":"Recherchen und Analysen \u00fcber die extreme Rechte","potentialAction":[{"@type":"SearchAction","target":{"@type":"EntryPoint","urlTemplate":"https:\/\/blog.zeit.de\/stoerungsmelder\/?s={search_term_string}"},"query-input":"required name=search_term_string"}],"inLanguage":"de"},{"@type":"Person","@id":"https:\/\/blog.zeit.de\/stoerungsmelder\/#\/schema\/person\/fdd0b9818f65738672810b6d6f037f71","name":"St\u00f6rungsmelder","image":{"@type":"ImageObject","inLanguage":"de","@id":"https:\/\/blog.zeit.de\/stoerungsmelder\/#\/schema\/person\/image\/","url":"https:\/\/secure.gravatar.com\/avatar\/dfa4be514c3e82a71e4f9a0020035d38192d080ccaa5e4e6d7a1472c763535c5?s=96&d=mm&r=pg","contentUrl":"https:\/\/secure.gravatar.com\/avatar\/dfa4be514c3e82a71e4f9a0020035d38192d080ccaa5e4e6d7a1472c763535c5?s=96&d=mm&r=pg","caption":"St\u00f6rungsmelder"},"url":"https:\/\/blog.zeit.de\/stoerungsmelder\/author\/stoerungsmelder"}]}},"jetpack_featured_media_url":"","jetpack_sharing_enabled":true,"_links":{"self":[{"href":"https:\/\/blog.zeit.de\/stoerungsmelder\/wp-json\/wp\/v2\/posts\/5782","targetHints":{"allow":["GET"]}}],"collection":[{"href":"https:\/\/blog.zeit.de\/stoerungsmelder\/wp-json\/wp\/v2\/posts"}],"about":[{"href":"https:\/\/blog.zeit.de\/stoerungsmelder\/wp-json\/wp\/v2\/types\/post"}],"author":[{"embeddable":true,"href":"https:\/\/blog.zeit.de\/stoerungsmelder\/wp-json\/wp\/v2\/users\/229"}],"replies":[{"embeddable":true,"href":"https:\/\/blog.zeit.de\/stoerungsmelder\/wp-json\/wp\/v2\/comments?post=5782"}],"version-history":[{"count":6,"href":"https:\/\/blog.zeit.de\/stoerungsmelder\/wp-json\/wp\/v2\/posts\/5782\/revisions"}],"predecessor-version":[{"id":5789,"href":"https:\/\/blog.zeit.de\/stoerungsmelder\/wp-json\/wp\/v2\/posts\/5782\/revisions\/5789"}],"wp:attachment":[{"href":"https:\/\/blog.zeit.de\/stoerungsmelder\/wp-json\/wp\/v2\/media?parent=5782"}],"wp:term":[{"taxonomy":"category","embeddable":true,"href":"https:\/\/blog.zeit.de\/stoerungsmelder\/wp-json\/wp\/v2\/categories?post=5782"},{"taxonomy":"post_tag","embeddable":true,"href":"https:\/\/blog.zeit.de\/stoerungsmelder\/wp-json\/wp\/v2\/tags?post=5782"}],"curies":[{"name":"wp","href":"https:\/\/api.w.org\/{rel}","templated":true}]}}