{"id":5812,"date":"2011-03-01T09:25:19","date_gmt":"2011-03-01T08:25:19","guid":{"rendered":"http:\/\/blog.zeit.de\/stoerungsmelder\/?p=5812"},"modified":"2011-03-01T09:29:17","modified_gmt":"2011-03-01T08:29:17","slug":"npd-in-bremen-puhses-virtueller-wahlkampf","status":"publish","type":"post","link":"https:\/\/blog.zeit.de\/stoerungsmelder\/2011\/03\/01\/npd-in-bremen-puhses-virtueller-wahlkampf_5812","title":{"rendered":"NPD in Bremen: P\u00fchses virtueller Wahlkampf"},"content":{"rendered":"<p><a href=\"http:\/\/npd-blog.info\/wp-content\/uploads\/2010\/12\/Jens_Puehse.jpg\"><img loading=\"lazy\" decoding=\"async\" title=\"Jens_Puehse\" src=\"http:\/\/npd-blog.info\/wp-content\/uploads\/2010\/12\/Jens_Puehse-300x200.jpg\" alt=\"Der NPD-Funktion\u00e4r Jens P\u00fchse - mittlerweile tr\u00e4gt er Matte (Foto: Marek Peters)\" width=\"300\" height=\"200\" \/><\/a><br \/>\n<em>Der NPD-Funktion\u00e4r Jens P\u00fchse &#8211; mittlerweile tr\u00e4gt er Matte (Foto: Marek Peters)<\/em><\/p>\n<p>Die NPD kann rund drei Monate vor der Landtagswahl am 22. Mai in Bremen mit \u201ckeiner nennenswerten Resonanz oder Zustimmung rechnen\u201d. Das sagte der Chef des Meinungsforschungsinstituts Forsa, Manfred G\u00fcllner, nach Angaben der taz. Das Institut hatte der Zeitung zufolge rund 1300 Wahlberechtigte im Land Bremen befragt. Demzufolge kommt die CDU auf 23, die Gr\u00fcnen auf 22, die SPD auf 38, FDP auf vier sowie die Linke auf sieben Prozent kommen.\u00a0<\/p>\n<p><!--more-->Die NPD versucht derweil weiterhin, ihre schwachen Strukturen in dem Stadtstaat virtuell aufzublasen. So verschickt NPD-Wahlkampfleiter Jens P\u00fchse kontinuierlich und ungefragt Pressemitteilungen an Journalisten, um alle m\u00f6glichen Aktivit\u00e4ten der NPD anzuk\u00fcndigen. Zudem versuchte P\u00fchse sich nassforsch als Experte f\u00fcr Rechtsrock anzubieten. So wollte er bei einem geplanten Workshop \u201eRechte Musik\u201c referieren \u2013 insbesondere \u00fcber \u201cMotive, Methoden und Funktion von Musik im politischen Kontext\u201d. Als \u201clangj\u00e4hriger Produzent im Bereich volkstreuer und rechtsgerichteter Musik sowie ehemaliger Gesch\u00e4ftsf\u00fchrer des Deutsche-Stimme-Verlages\u201d sei er jederzeit bereit, \u201ckompetent Auskunft zu geben. Allerdings nicht ganz jederzeit, da der NPD-Funktion\u00e4r im Wahlkampf nat\u00fcrlich von Termin zu Termin eilen muss \u2013 und so schreibt P\u00fchse weiter: \u201cBitte lassen Sie mir rechtzeitig eine Sachverst\u00e4ndigen-Einladung zu dem genannten \u201eWorkshop\u201c zukommen, damit ich den Termin entsprechend einplanen kann.\u201d\u00a0<\/p>\n<p>P\u00fchse hoffte offenbar auf einen Aufschrei in der \u00d6ffentlichkeit, der bislang allerdings weitestgehend ausblieb, da in Bremen die organisatorische Schw\u00e4che der NPD hinl\u00e4nglich bekannt ist. Nur einige altbekannte Propagandaschinken schafften es in die Medien, beispielsweise k\u00fcndigte die NPD auch in Bremen an, \u201cSchulhof-CDs\u201d an Jugendliche verteilen zu wollen.Zudem versuchte sich P\u00fchse als politischer Player in der Hansestadt zu inszenieren, indem er sich mehrfach als Diskussionspartner des Bremer \u201cAktionsb\u00fcndnisses gegen Rechts\u201d bzw. des DGB anbot. Er wolle \u201cdie Allianz der selbsternannten Demokraten\u201d herausfordern, so P\u00fchse. H\u00f6hepunkt des NPD-Wahlkampfs soll indes der \u201cSozialkongre\u00df der Bremer NPD am 1. Mai\u201d werden.<br \/>\n<a href=\"http:\/\/npd-blog.info\/wp-content\/uploads\/2010\/11\/npd_faust_sm.jpg\"><img loading=\"lazy\" decoding=\"async\" title=\"npd_faust_sm\" src=\"http:\/\/npd-blog.info\/wp-content\/uploads\/2010\/11\/npd_faust_sm.jpg\" alt=\"Ist er auch noch DVU-Chef? NPD-Vize Matthias Faust (Foto: Kai Budler)\" width=\"384\" height=\"256\" \/><\/a><br \/>\nIst er auch noch DVU-Chef? NPD-Vize Matthias Faust (Foto: Kai Budler)<\/p>\n<p>Von dem NPD-Spitzenkandidaten in Bremen, noch- oder vielleicht auch Ex-DVU-Chef Matthias Faust, h\u00f6rt man derweil erstaunlich wenig. M\u00f6glicherweise muss der sich noch mit den zahlreichen Baustellen bei der bislang gescheiterten Fusion besch\u00e4ftigen.<\/p>\n<p>Siehe auch: <a rel=\"bookmark\" href=\"http:\/\/npd-blog.info\/2011\/01\/16\/npd-eroffnet-burgerburo-in-bremerhaven\/\">NPD er\u00f6ffnet \u201cB\u00fcrgerb\u00fcro\u201d in Bremerhaven<\/a>, <a rel=\"bookmark\" href=\"http:\/\/npd-blog.info\/2011\/01\/16\/npd-eroffnet-burgerburo-in-bremerhaven\/\">NPD er\u00f6ffnet \u201cB\u00fcrgerb\u00fcro\u201d in Bremerhaven<\/a>, <a rel=\"bookmark\" href=\"http:\/\/npd-blog.info\/2011\/01\/07\/npd-bremen-wer-nichts-zu-sagen-hat-der-muss-schreien\/\">Wer nichts zu sagen hat, der muss schreien<\/a>, <a rel=\"bookmark\" href=\"http:\/\/npd-blog.info\/2010\/12\/04\/kurzer-prozess-oder-sprung-in-den-westen\/\">\u201cKurzer Prozess\u201d oder Sprung in den Westen?<\/a><\/p>\n<p>\u00a0<img loading=\"lazy\" decoding=\"async\" src=\"http:\/\/vg05.met.vgwort.de\/na\/0e771803b8f1426c9ea450e56c0ed7c2\" alt=\"\" width=\"1\" height=\"1\" \/><\/p>\n","protected":false},"excerpt":{"rendered":"<p>Der NPD-Funktion\u00e4r Jens P\u00fchse &#8211; mittlerweile tr\u00e4gt er Matte (Foto: Marek Peters) Die NPD kann rund drei Monate vor der Landtagswahl am 22. Mai in Bremen mit \u201ckeiner nennenswerten Resonanz oder Zustimmung rechnen\u201d. Das sagte der Chef des Meinungsforschungsinstituts Forsa, Manfred G\u00fcllner, nach Angaben der taz. Das Institut hatte der Zeitung zufolge rund 1300 Wahlberechtigte [&hellip;]<\/p>\n","protected":false},"author":295,"featured_media":0,"comment_status":"open","ping_status":"open","sticky":false,"template":"","format":"standard","meta":{"_jetpack_memberships_contains_paid_content":false,"footnotes":""},"categories":[1,1452],"tags":[],"class_list":["post-5812","post","type-post","status-publish","format-standard","hentry","category-allgemein","category-bremen"],"yoast_head":"<!-- This site is optimized with the Yoast SEO plugin v21.0 - https:\/\/yoast.com\/wordpress\/plugins\/seo\/ -->\n<title>NPD in Bremen: P\u00fchses virtueller Wahlkampf - St\u00f6rungsmelder<\/title>\n<meta name=\"robots\" content=\"index, follow, max-snippet:-1, max-image-preview:large, max-video-preview:-1\" \/>\n<link rel=\"canonical\" href=\"https:\/\/blog.zeit.de\/stoerungsmelder\/2011\/03\/01\/npd-in-bremen-puhses-virtueller-wahlkampf_5812\" \/>\n<meta property=\"og:locale\" content=\"de_DE\" \/>\n<meta property=\"og:type\" content=\"article\" \/>\n<meta property=\"og:title\" content=\"NPD in Bremen: P\u00fchses virtueller Wahlkampf - St\u00f6rungsmelder\" \/>\n<meta property=\"og:description\" content=\"Der NPD-Funktion\u00e4r Jens P\u00fchse &#8211; mittlerweile tr\u00e4gt er Matte (Foto: Marek Peters) Die NPD kann rund drei Monate vor der Landtagswahl am 22. Mai in Bremen mit \u201ckeiner nennenswerten Resonanz oder Zustimmung rechnen\u201d. Das sagte der Chef des Meinungsforschungsinstituts Forsa, Manfred G\u00fcllner, nach Angaben der taz. Das Institut hatte der Zeitung zufolge rund 1300 Wahlberechtigte [&hellip;]\" \/>\n<meta property=\"og:url\" content=\"https:\/\/blog.zeit.de\/stoerungsmelder\/2011\/03\/01\/npd-in-bremen-puhses-virtueller-wahlkampf_5812\" \/>\n<meta property=\"og:site_name\" content=\"St\u00f6rungsmelder\" \/>\n<meta property=\"article:published_time\" content=\"2011-03-01T08:25:19+00:00\" \/>\n<meta property=\"article:modified_time\" content=\"2011-03-01T08:29:17+00:00\" \/>\n<meta property=\"og:image\" content=\"http:\/\/npd-blog.info\/wp-content\/uploads\/2010\/12\/Jens_Puehse-300x200.jpg\" \/>\n<meta name=\"author\" content=\"npdbloginfo\" \/>\n<meta name=\"twitter:card\" content=\"summary_large_image\" \/>\n<meta name=\"twitter:label1\" content=\"Geschrieben von\" \/>\n\t<meta name=\"twitter:data1\" content=\"npdbloginfo\" \/>\n\t<meta name=\"twitter:label2\" content=\"Gesch\u00e4tzte Lesezeit\" \/>\n\t<meta name=\"twitter:data2\" content=\"2\u00a0Minuten\" \/>\n<script type=\"application\/ld+json\" class=\"yoast-schema-graph\">{\"@context\":\"https:\/\/schema.org\",\"@graph\":[{\"@type\":\"WebPage\",\"@id\":\"https:\/\/blog.zeit.de\/stoerungsmelder\/2011\/03\/01\/npd-in-bremen-puhses-virtueller-wahlkampf_5812\",\"url\":\"https:\/\/blog.zeit.de\/stoerungsmelder\/2011\/03\/01\/npd-in-bremen-puhses-virtueller-wahlkampf_5812\",\"name\":\"NPD in Bremen: P\u00fchses virtueller Wahlkampf - St\u00f6rungsmelder\",\"isPartOf\":{\"@id\":\"https:\/\/blog.zeit.de\/stoerungsmelder\/#website\"},\"datePublished\":\"2011-03-01T08:25:19+00:00\",\"dateModified\":\"2011-03-01T08:29:17+00:00\",\"author\":{\"@id\":\"https:\/\/blog.zeit.de\/stoerungsmelder\/#\/schema\/person\/36c66b1a7a2ff6e8ac09f8782af00536\"},\"breadcrumb\":{\"@id\":\"https:\/\/blog.zeit.de\/stoerungsmelder\/2011\/03\/01\/npd-in-bremen-puhses-virtueller-wahlkampf_5812#breadcrumb\"},\"inLanguage\":\"de\",\"potentialAction\":[{\"@type\":\"ReadAction\",\"target\":[\"https:\/\/blog.zeit.de\/stoerungsmelder\/2011\/03\/01\/npd-in-bremen-puhses-virtueller-wahlkampf_5812\"]}]},{\"@type\":\"BreadcrumbList\",\"@id\":\"https:\/\/blog.zeit.de\/stoerungsmelder\/2011\/03\/01\/npd-in-bremen-puhses-virtueller-wahlkampf_5812#breadcrumb\",\"itemListElement\":[{\"@type\":\"ListItem\",\"position\":1,\"name\":\"Startseite\",\"item\":\"https:\/\/blog.zeit.de\/stoerungsmelder\"},{\"@type\":\"ListItem\",\"position\":2,\"name\":\"NPD in Bremen: P\u00fchses virtueller Wahlkampf\"}]},{\"@type\":\"WebSite\",\"@id\":\"https:\/\/blog.zeit.de\/stoerungsmelder\/#website\",\"url\":\"https:\/\/blog.zeit.de\/stoerungsmelder\/\",\"name\":\"St\u00f6rungsmelder\",\"description\":\"Recherchen und Analysen \u00fcber die extreme Rechte\",\"potentialAction\":[{\"@type\":\"SearchAction\",\"target\":{\"@type\":\"EntryPoint\",\"urlTemplate\":\"https:\/\/blog.zeit.de\/stoerungsmelder\/?s={search_term_string}\"},\"query-input\":\"required name=search_term_string\"}],\"inLanguage\":\"de\"},{\"@type\":\"Person\",\"@id\":\"https:\/\/blog.zeit.de\/stoerungsmelder\/#\/schema\/person\/36c66b1a7a2ff6e8ac09f8782af00536\",\"name\":\"npdbloginfo\",\"image\":{\"@type\":\"ImageObject\",\"inLanguage\":\"de\",\"@id\":\"https:\/\/blog.zeit.de\/stoerungsmelder\/#\/schema\/person\/image\/\",\"url\":\"https:\/\/secure.gravatar.com\/avatar\/d788862a9764e18d9d9d94bed018327dcbdccc6776903d0eb9d6e0658888a017?s=96&d=mm&r=pg\",\"contentUrl\":\"https:\/\/secure.gravatar.com\/avatar\/d788862a9764e18d9d9d94bed018327dcbdccc6776903d0eb9d6e0658888a017?s=96&d=mm&r=pg\",\"caption\":\"npdbloginfo\"},\"description\":\"Das Watchblog NPD-BLOG.INFO berichtet seit 2005 kontinuierlich \u00fcber die rechtsextreme NPD.\",\"sameAs\":[\"http:\/\/npd-blog.info\"],\"url\":\"https:\/\/blog.zeit.de\/stoerungsmelder\/author\/npdbloginfo\"}]}<\/script>\n<!-- \/ Yoast SEO plugin. -->","yoast_head_json":{"title":"NPD in Bremen: P\u00fchses virtueller Wahlkampf - St\u00f6rungsmelder","robots":{"index":"index","follow":"follow","max-snippet":"max-snippet:-1","max-image-preview":"max-image-preview:large","max-video-preview":"max-video-preview:-1"},"canonical":"https:\/\/blog.zeit.de\/stoerungsmelder\/2011\/03\/01\/npd-in-bremen-puhses-virtueller-wahlkampf_5812","og_locale":"de_DE","og_type":"article","og_title":"NPD in Bremen: P\u00fchses virtueller Wahlkampf - St\u00f6rungsmelder","og_description":"Der NPD-Funktion\u00e4r Jens P\u00fchse &#8211; mittlerweile tr\u00e4gt er Matte (Foto: Marek Peters) Die NPD kann rund drei Monate vor der Landtagswahl am 22. Mai in Bremen mit \u201ckeiner nennenswerten Resonanz oder Zustimmung rechnen\u201d. Das sagte der Chef des Meinungsforschungsinstituts Forsa, Manfred G\u00fcllner, nach Angaben der taz. Das Institut hatte der Zeitung zufolge rund 1300 Wahlberechtigte [&hellip;]","og_url":"https:\/\/blog.zeit.de\/stoerungsmelder\/2011\/03\/01\/npd-in-bremen-puhses-virtueller-wahlkampf_5812","og_site_name":"St\u00f6rungsmelder","article_published_time":"2011-03-01T08:25:19+00:00","article_modified_time":"2011-03-01T08:29:17+00:00","og_image":[{"url":"http:\/\/npd-blog.info\/wp-content\/uploads\/2010\/12\/Jens_Puehse-300x200.jpg"}],"author":"npdbloginfo","twitter_card":"summary_large_image","twitter_misc":{"Geschrieben von":"npdbloginfo","Gesch\u00e4tzte Lesezeit":"2\u00a0Minuten"},"schema":{"@context":"https:\/\/schema.org","@graph":[{"@type":"WebPage","@id":"https:\/\/blog.zeit.de\/stoerungsmelder\/2011\/03\/01\/npd-in-bremen-puhses-virtueller-wahlkampf_5812","url":"https:\/\/blog.zeit.de\/stoerungsmelder\/2011\/03\/01\/npd-in-bremen-puhses-virtueller-wahlkampf_5812","name":"NPD in Bremen: P\u00fchses virtueller Wahlkampf - St\u00f6rungsmelder","isPartOf":{"@id":"https:\/\/blog.zeit.de\/stoerungsmelder\/#website"},"datePublished":"2011-03-01T08:25:19+00:00","dateModified":"2011-03-01T08:29:17+00:00","author":{"@id":"https:\/\/blog.zeit.de\/stoerungsmelder\/#\/schema\/person\/36c66b1a7a2ff6e8ac09f8782af00536"},"breadcrumb":{"@id":"https:\/\/blog.zeit.de\/stoerungsmelder\/2011\/03\/01\/npd-in-bremen-puhses-virtueller-wahlkampf_5812#breadcrumb"},"inLanguage":"de","potentialAction":[{"@type":"ReadAction","target":["https:\/\/blog.zeit.de\/stoerungsmelder\/2011\/03\/01\/npd-in-bremen-puhses-virtueller-wahlkampf_5812"]}]},{"@type":"BreadcrumbList","@id":"https:\/\/blog.zeit.de\/stoerungsmelder\/2011\/03\/01\/npd-in-bremen-puhses-virtueller-wahlkampf_5812#breadcrumb","itemListElement":[{"@type":"ListItem","position":1,"name":"Startseite","item":"https:\/\/blog.zeit.de\/stoerungsmelder"},{"@type":"ListItem","position":2,"name":"NPD in Bremen: P\u00fchses virtueller Wahlkampf"}]},{"@type":"WebSite","@id":"https:\/\/blog.zeit.de\/stoerungsmelder\/#website","url":"https:\/\/blog.zeit.de\/stoerungsmelder\/","name":"St\u00f6rungsmelder","description":"Recherchen und Analysen \u00fcber die extreme Rechte","potentialAction":[{"@type":"SearchAction","target":{"@type":"EntryPoint","urlTemplate":"https:\/\/blog.zeit.de\/stoerungsmelder\/?s={search_term_string}"},"query-input":"required name=search_term_string"}],"inLanguage":"de"},{"@type":"Person","@id":"https:\/\/blog.zeit.de\/stoerungsmelder\/#\/schema\/person\/36c66b1a7a2ff6e8ac09f8782af00536","name":"npdbloginfo","image":{"@type":"ImageObject","inLanguage":"de","@id":"https:\/\/blog.zeit.de\/stoerungsmelder\/#\/schema\/person\/image\/","url":"https:\/\/secure.gravatar.com\/avatar\/d788862a9764e18d9d9d94bed018327dcbdccc6776903d0eb9d6e0658888a017?s=96&d=mm&r=pg","contentUrl":"https:\/\/secure.gravatar.com\/avatar\/d788862a9764e18d9d9d94bed018327dcbdccc6776903d0eb9d6e0658888a017?s=96&d=mm&r=pg","caption":"npdbloginfo"},"description":"Das Watchblog NPD-BLOG.INFO berichtet seit 2005 kontinuierlich \u00fcber die rechtsextreme NPD.","sameAs":["http:\/\/npd-blog.info"],"url":"https:\/\/blog.zeit.de\/stoerungsmelder\/author\/npdbloginfo"}]}},"jetpack_featured_media_url":"","jetpack_sharing_enabled":true,"_links":{"self":[{"href":"https:\/\/blog.zeit.de\/stoerungsmelder\/wp-json\/wp\/v2\/posts\/5812","targetHints":{"allow":["GET"]}}],"collection":[{"href":"https:\/\/blog.zeit.de\/stoerungsmelder\/wp-json\/wp\/v2\/posts"}],"about":[{"href":"https:\/\/blog.zeit.de\/stoerungsmelder\/wp-json\/wp\/v2\/types\/post"}],"author":[{"embeddable":true,"href":"https:\/\/blog.zeit.de\/stoerungsmelder\/wp-json\/wp\/v2\/users\/295"}],"replies":[{"embeddable":true,"href":"https:\/\/blog.zeit.de\/stoerungsmelder\/wp-json\/wp\/v2\/comments?post=5812"}],"version-history":[{"count":5,"href":"https:\/\/blog.zeit.de\/stoerungsmelder\/wp-json\/wp\/v2\/posts\/5812\/revisions"}],"predecessor-version":[{"id":5817,"href":"https:\/\/blog.zeit.de\/stoerungsmelder\/wp-json\/wp\/v2\/posts\/5812\/revisions\/5817"}],"wp:attachment":[{"href":"https:\/\/blog.zeit.de\/stoerungsmelder\/wp-json\/wp\/v2\/media?parent=5812"}],"wp:term":[{"taxonomy":"category","embeddable":true,"href":"https:\/\/blog.zeit.de\/stoerungsmelder\/wp-json\/wp\/v2\/categories?post=5812"},{"taxonomy":"post_tag","embeddable":true,"href":"https:\/\/blog.zeit.de\/stoerungsmelder\/wp-json\/wp\/v2\/tags?post=5812"}],"curies":[{"name":"wp","href":"https:\/\/api.w.org\/{rel}","templated":true}]}}