{"id":5819,"date":"2011-03-01T10:57:08","date_gmt":"2011-03-01T09:57:08","guid":{"rendered":"http:\/\/blog.zeit.de\/stoerungsmelder\/?p=5819"},"modified":"2011-03-01T10:57:08","modified_gmt":"2011-03-01T09:57:08","slug":"rechtsstreit-um-dvu-ableben-geht-in-die-nachste-runde","status":"publish","type":"post","link":"https:\/\/blog.zeit.de\/stoerungsmelder\/2011\/03\/01\/rechtsstreit-um-dvu-ableben-geht-in-die-nachste-runde_5819","title":{"rendered":"Rechtsstreit um DVU-Ableben geht in die n\u00e4chste Runde"},"content":{"rendered":"<p><figure id=\"attachment_1457\" aria-describedby=\"caption-attachment-1457\" style=\"width: 300px\" class=\"wp-caption alignleft\"><a href=\"https:\/\/blog.zeit.de\/stoerungsmelder\/files\/2009\/09\/dvu_brandenburg-410.jpg\"><img loading=\"lazy\" decoding=\"async\" class=\"size-medium wp-image-1457\" title=\"dvu_brandenburg-410\" src=\"https:\/\/blog.zeit.de\/stoerungsmelder\/files\/2009\/09\/dvu_brandenburg-410-300x182.jpg\" alt=\"\" width=\"300\" height=\"182\" srcset=\"https:\/\/blog.zeit.de\/stoerungsmelder\/files\/2009\/09\/dvu_brandenburg-410-300x182.jpg 300w, https:\/\/blog.zeit.de\/stoerungsmelder\/files\/2009\/09\/dvu_brandenburg-410.jpg 410w\" sizes=\"auto, (max-width: 300px) 100vw, 300px\" \/><\/a><figcaption id=\"caption-attachment-1457\" class=\"wp-caption-text\">Teile der DVU versuchen, die Partei zu retten. \u00a9dpa<\/figcaption><\/figure><\/p>\n<p>In den vergangenen Wochen ist es ruhig um die lauthals verk\u00fcndete \u201cVerschmelzung\u201d zwischen NPD und DVU zu einer Partei geworden. Zwar tr\u00e4gt die NPD mittlerweile bisweilen den Namenszusatz \u201cDie Volksunion\u201d, doch die Fusion ist rechtlich bislang nicht vollzogen, wie die <a href=\"http:\/\/npd-blog.info\/2011\/02\/23\/regierung-bislang-keine-rechtswirksame-fusion-von-npdvu\/\" target=\"_blank\">Bundesregierung j\u00fcngst auch noch einmal festgestellt hat<\/a>. Grund ist ein Rechtsstreit vor dem Landgericht M\u00fcnchen, der nun in eine neue Runde geht.\u00a0<\/p>\n<p><!--more--><\/p>\n<p>Mehrere Gegner der Aufl\u00f6sung der DVU hatten vor dem Gericht eine Einstweilige Verf\u00fcgung erwirkt, mit der die Unterzeichnung des Fusionsvertrags untersagt werden sollte. Paradoxerweise hatten DVU-Chef Matthias Faust das Dokument aber schon abgezeichnet, daher herrschte Verwirrung, inwieweit die Verf\u00fcgung \u00fcberhaupt noch relevant sei. Doch mittlerweile scheint sicher, dass die Fusion eben noch nicht rechtlich wirksam ist.\u00a0<\/p>\n<div id=\"attachment_16428\">\n<p><a href=\"http:\/\/npd-blog.info\/wp-content\/uploads\/2011\/01\/Gerichtsbeschluss-2.jpg\"><img loading=\"lazy\" decoding=\"async\" title=\"Gerichtsbeschluss-2\" src=\"http:\/\/npd-blog.info\/wp-content\/uploads\/2011\/01\/Gerichtsbeschluss-2.jpg\" alt=\"\" width=\"512\" height=\"675\" \/><\/a> Beschluss des LG M\u00fcnchen zur &#8222;Verschmelzung&#8220; zwischen NPD und DVU\u00a0<\/p>\n<\/div>\n<p>Nach DVU-Angaben geht der Rechtsstreit nun in eine neue Runde. Die Gegenseite, also die Bef\u00fcrworter der Fusion um DVU-Chef Faust, h\u00e4tten durch ihren Rechtsbeistand Beschwerde (Widerspruch) gegen den Beschluss des LG-M\u00fcnchen I vom 25. Januar 2011 eingelegt. \u201cWir haben nun eine Drei-Wochenfrist, um dem Gericht unsere Gegenargumentation zu \u00fcbermitteln\u201d, hei\u00dft es bei den DVU-Rebellen. Die Begr\u00fcndungen der Beschwerde des Gegenanwaltes beinhalteten keine relevanten Neuigkeiten, hei\u00dft es weiter. \u201cEinige Punkte der Beschwerdeschrift, inklusive der beiliegenden Eidesstattlichen Versicherung des Herrn Faust, sind f\u00fcr uns vielleicht sogar von Vorteil anzusehen, weil damit weitere M\u00f6glichkeiten zu Gegenma\u00dfnahmen unsererseits als gegeben anzusehen sind\u201d, schreiben die Fusionsgegner weiter.\u00a0<\/p>\n<p><strong>Weitere Mitgliedslisten weitergegeben? <\/strong>\u00a0<\/p>\n<p>Unterdessen scheinen erneut Mitgliederlisten der DVU an die NPD weitergegeben worden zu sein. Bereits aus den internen E-Mails der NPD war hervorgegangen, dass Faust beispielsweise eine Mitgliedsliste aus Sachsen-Anhalt einfach an die NPD weitergegeben hatte. Nun schrieb der NPD-Kreisverband Ostfriesland offenbar DVU-Mitglieder an, um ihnen den Eintritt in die Partei zu empfehlen. Faust scheint derweil mit dem Kapitel DVU abgeschlossen zu haben, auf seiner Facebook-Seite gibt er an, Mitglied im NPD-Bundesvorstand zu sein; von der DVU ist dort keine Rede mehr.\u00a0<\/p>\n<p>Wegen der zahlreichen Ungereimtheiten erw\u00e4gen die Fusionsgegner indes weitere rechtliche Schritte gegen Faust und seine Mitstreiter. Es sei zu \u00fcberlegen, hei\u00dft es aus der DVU, ob \u201cdie bestehenden DVU-Verb\u00e4nde ein Hauptsacheklageverfahren beantragen sollten, unabh\u00e4ngig vom laufenden Eilverfahren, und zwar gegen das Gesamtzustandekommen der heutigen Situation der DVU, bez\u00fcglich der von Anfang an, nicht rechts- und satzungskonformen Vorbereitungen zur Aufl\u00f6sung der DVU durch einige wenige DVU-Funktion\u00e4re\u201d. Und: \u201cSollten, woran kaum gezweifelt werden d\u00fcrfte, die Gerichte zu Gunsten der \u201cFusionsgegner\u201d entscheiden, wird es unausweichlich sein, die Schuldigen in einem Zivilproze\u00dfverfahren f\u00fcr den entstandenen Schaden gesamtschuldnerisch in Anspruch zu nehmen.\u201d\u00a0<\/p>\n<p><strong>Oberstes Ziel: Schaumschl\u00e4gerei <\/strong>\u00a0<\/p>\n<p>Wie auch immer diese Geschichte ausgeht: Die vollmundig angek\u00fcndigte Fusion ist zu einer Lachnummer geworden, selbst die Akteure selbst k\u00f6nnen offenbar kaum noch \u00fcberblicken, wie die angestrebte Fusion \u00fcberhaupt noch realisiert werden kann. Stattdessen gab es viel b\u00f6ses Blut in der Szene. Immerhin konnte sich die NPD mit ihren Fusionspl\u00e4nen mehrmals bundesweit in die Medien hieven \u2013 f\u00fcr die Parteistrategen offenbar ein gro\u00dfes Ziel, um \u00f6ffentlich zu dokumentieren, dass die Neonazi-Partei \u00fcberhaupt existiert.\u00a0<\/p>\n<p><a href=\"http:\/\/npd-blog.info\/category\/dvu\/\">Alle Meldungen zur missgl\u00fcckten Zwergenhochzeit zwischen NPD und DVU.<\/a>\u00a0<img loading=\"lazy\" decoding=\"async\" src=\"http:\/\/vg03.met.vgwort.de\/na\/c7c36123d0c84ad3bcb82de27e6d950c\" alt=\"\" width=\"1\" height=\"1\" \/><\/p>\n","protected":false},"excerpt":{"rendered":"<p>In den vergangenen Wochen ist es ruhig um die lauthals verk\u00fcndete \u201cVerschmelzung\u201d zwischen NPD und DVU zu einer Partei geworden. Zwar tr\u00e4gt die NPD mittlerweile bisweilen den Namenszusatz \u201cDie Volksunion\u201d, doch die Fusion ist rechtlich bislang nicht vollzogen, wie die Bundesregierung j\u00fcngst auch noch einmal festgestellt hat. Grund ist ein Rechtsstreit vor dem Landgericht M\u00fcnchen, [&hellip;]<\/p>\n","protected":false},"author":295,"featured_media":0,"comment_status":"open","ping_status":"open","sticky":false,"template":"","format":"standard","meta":{"_jetpack_memberships_contains_paid_content":false,"footnotes":""},"categories":[1],"tags":[1542,6406,1716],"class_list":["post-5819","post","type-post","status-publish","format-standard","hentry","category-allgemein","tag-dvu","tag-fusion","tag-npd"],"yoast_head":"<!-- This site is optimized with the Yoast SEO plugin v21.0 - https:\/\/yoast.com\/wordpress\/plugins\/seo\/ -->\n<title>Rechtsstreit um DVU-Ableben geht in die n\u00e4chste Runde - St\u00f6rungsmelder<\/title>\n<meta name=\"robots\" content=\"index, follow, max-snippet:-1, max-image-preview:large, max-video-preview:-1\" \/>\n<link rel=\"canonical\" href=\"https:\/\/blog.zeit.de\/stoerungsmelder\/2011\/03\/01\/rechtsstreit-um-dvu-ableben-geht-in-die-nachste-runde_5819\" \/>\n<meta property=\"og:locale\" content=\"de_DE\" \/>\n<meta property=\"og:type\" content=\"article\" \/>\n<meta property=\"og:title\" content=\"Rechtsstreit um DVU-Ableben geht in die n\u00e4chste Runde - St\u00f6rungsmelder\" \/>\n<meta property=\"og:description\" content=\"In den vergangenen Wochen ist es ruhig um die lauthals verk\u00fcndete \u201cVerschmelzung\u201d zwischen NPD und DVU zu einer Partei geworden. Zwar tr\u00e4gt die NPD mittlerweile bisweilen den Namenszusatz \u201cDie Volksunion\u201d, doch die Fusion ist rechtlich bislang nicht vollzogen, wie die Bundesregierung j\u00fcngst auch noch einmal festgestellt hat. Grund ist ein Rechtsstreit vor dem Landgericht M\u00fcnchen, [&hellip;]\" \/>\n<meta property=\"og:url\" content=\"https:\/\/blog.zeit.de\/stoerungsmelder\/2011\/03\/01\/rechtsstreit-um-dvu-ableben-geht-in-die-nachste-runde_5819\" \/>\n<meta property=\"og:site_name\" content=\"St\u00f6rungsmelder\" \/>\n<meta property=\"article:published_time\" content=\"2011-03-01T09:57:08+00:00\" \/>\n<meta property=\"og:image\" content=\"https:\/\/blog.zeit.de\/stoerungsmelder\/files\/2009\/09\/dvu_brandenburg-410-300x182.jpg\" \/>\n<meta name=\"author\" content=\"npdbloginfo\" \/>\n<meta name=\"twitter:card\" content=\"summary_large_image\" \/>\n<meta name=\"twitter:label1\" content=\"Geschrieben von\" \/>\n\t<meta name=\"twitter:data1\" content=\"npdbloginfo\" \/>\n\t<meta name=\"twitter:label2\" content=\"Gesch\u00e4tzte Lesezeit\" \/>\n\t<meta name=\"twitter:data2\" content=\"3\u00a0Minuten\" \/>\n<script type=\"application\/ld+json\" class=\"yoast-schema-graph\">{\"@context\":\"https:\/\/schema.org\",\"@graph\":[{\"@type\":\"WebPage\",\"@id\":\"https:\/\/blog.zeit.de\/stoerungsmelder\/2011\/03\/01\/rechtsstreit-um-dvu-ableben-geht-in-die-nachste-runde_5819\",\"url\":\"https:\/\/blog.zeit.de\/stoerungsmelder\/2011\/03\/01\/rechtsstreit-um-dvu-ableben-geht-in-die-nachste-runde_5819\",\"name\":\"Rechtsstreit um DVU-Ableben geht in die n\u00e4chste Runde - St\u00f6rungsmelder\",\"isPartOf\":{\"@id\":\"https:\/\/blog.zeit.de\/stoerungsmelder\/#website\"},\"datePublished\":\"2011-03-01T09:57:08+00:00\",\"dateModified\":\"2011-03-01T09:57:08+00:00\",\"author\":{\"@id\":\"https:\/\/blog.zeit.de\/stoerungsmelder\/#\/schema\/person\/36c66b1a7a2ff6e8ac09f8782af00536\"},\"breadcrumb\":{\"@id\":\"https:\/\/blog.zeit.de\/stoerungsmelder\/2011\/03\/01\/rechtsstreit-um-dvu-ableben-geht-in-die-nachste-runde_5819#breadcrumb\"},\"inLanguage\":\"de\",\"potentialAction\":[{\"@type\":\"ReadAction\",\"target\":[\"https:\/\/blog.zeit.de\/stoerungsmelder\/2011\/03\/01\/rechtsstreit-um-dvu-ableben-geht-in-die-nachste-runde_5819\"]}]},{\"@type\":\"BreadcrumbList\",\"@id\":\"https:\/\/blog.zeit.de\/stoerungsmelder\/2011\/03\/01\/rechtsstreit-um-dvu-ableben-geht-in-die-nachste-runde_5819#breadcrumb\",\"itemListElement\":[{\"@type\":\"ListItem\",\"position\":1,\"name\":\"Startseite\",\"item\":\"https:\/\/blog.zeit.de\/stoerungsmelder\"},{\"@type\":\"ListItem\",\"position\":2,\"name\":\"Rechtsstreit um DVU-Ableben geht in die n\u00e4chste Runde\"}]},{\"@type\":\"WebSite\",\"@id\":\"https:\/\/blog.zeit.de\/stoerungsmelder\/#website\",\"url\":\"https:\/\/blog.zeit.de\/stoerungsmelder\/\",\"name\":\"St\u00f6rungsmelder\",\"description\":\"Recherchen und Analysen \u00fcber die extreme Rechte\",\"potentialAction\":[{\"@type\":\"SearchAction\",\"target\":{\"@type\":\"EntryPoint\",\"urlTemplate\":\"https:\/\/blog.zeit.de\/stoerungsmelder\/?s={search_term_string}\"},\"query-input\":\"required name=search_term_string\"}],\"inLanguage\":\"de\"},{\"@type\":\"Person\",\"@id\":\"https:\/\/blog.zeit.de\/stoerungsmelder\/#\/schema\/person\/36c66b1a7a2ff6e8ac09f8782af00536\",\"name\":\"npdbloginfo\",\"image\":{\"@type\":\"ImageObject\",\"inLanguage\":\"de\",\"@id\":\"https:\/\/blog.zeit.de\/stoerungsmelder\/#\/schema\/person\/image\/\",\"url\":\"https:\/\/secure.gravatar.com\/avatar\/d788862a9764e18d9d9d94bed018327dcbdccc6776903d0eb9d6e0658888a017?s=96&d=mm&r=pg\",\"contentUrl\":\"https:\/\/secure.gravatar.com\/avatar\/d788862a9764e18d9d9d94bed018327dcbdccc6776903d0eb9d6e0658888a017?s=96&d=mm&r=pg\",\"caption\":\"npdbloginfo\"},\"description\":\"Das Watchblog NPD-BLOG.INFO berichtet seit 2005 kontinuierlich \u00fcber die rechtsextreme NPD.\",\"sameAs\":[\"http:\/\/npd-blog.info\"],\"url\":\"https:\/\/blog.zeit.de\/stoerungsmelder\/author\/npdbloginfo\"}]}<\/script>\n<!-- \/ Yoast SEO plugin. -->","yoast_head_json":{"title":"Rechtsstreit um DVU-Ableben geht in die n\u00e4chste Runde - St\u00f6rungsmelder","robots":{"index":"index","follow":"follow","max-snippet":"max-snippet:-1","max-image-preview":"max-image-preview:large","max-video-preview":"max-video-preview:-1"},"canonical":"https:\/\/blog.zeit.de\/stoerungsmelder\/2011\/03\/01\/rechtsstreit-um-dvu-ableben-geht-in-die-nachste-runde_5819","og_locale":"de_DE","og_type":"article","og_title":"Rechtsstreit um DVU-Ableben geht in die n\u00e4chste Runde - St\u00f6rungsmelder","og_description":"In den vergangenen Wochen ist es ruhig um die lauthals verk\u00fcndete \u201cVerschmelzung\u201d zwischen NPD und DVU zu einer Partei geworden. Zwar tr\u00e4gt die NPD mittlerweile bisweilen den Namenszusatz \u201cDie Volksunion\u201d, doch die Fusion ist rechtlich bislang nicht vollzogen, wie die Bundesregierung j\u00fcngst auch noch einmal festgestellt hat. Grund ist ein Rechtsstreit vor dem Landgericht M\u00fcnchen, [&hellip;]","og_url":"https:\/\/blog.zeit.de\/stoerungsmelder\/2011\/03\/01\/rechtsstreit-um-dvu-ableben-geht-in-die-nachste-runde_5819","og_site_name":"St\u00f6rungsmelder","article_published_time":"2011-03-01T09:57:08+00:00","og_image":[{"url":"https:\/\/blog.zeit.de\/stoerungsmelder\/files\/2009\/09\/dvu_brandenburg-410-300x182.jpg"}],"author":"npdbloginfo","twitter_card":"summary_large_image","twitter_misc":{"Geschrieben von":"npdbloginfo","Gesch\u00e4tzte Lesezeit":"3\u00a0Minuten"},"schema":{"@context":"https:\/\/schema.org","@graph":[{"@type":"WebPage","@id":"https:\/\/blog.zeit.de\/stoerungsmelder\/2011\/03\/01\/rechtsstreit-um-dvu-ableben-geht-in-die-nachste-runde_5819","url":"https:\/\/blog.zeit.de\/stoerungsmelder\/2011\/03\/01\/rechtsstreit-um-dvu-ableben-geht-in-die-nachste-runde_5819","name":"Rechtsstreit um DVU-Ableben geht in die n\u00e4chste Runde - St\u00f6rungsmelder","isPartOf":{"@id":"https:\/\/blog.zeit.de\/stoerungsmelder\/#website"},"datePublished":"2011-03-01T09:57:08+00:00","dateModified":"2011-03-01T09:57:08+00:00","author":{"@id":"https:\/\/blog.zeit.de\/stoerungsmelder\/#\/schema\/person\/36c66b1a7a2ff6e8ac09f8782af00536"},"breadcrumb":{"@id":"https:\/\/blog.zeit.de\/stoerungsmelder\/2011\/03\/01\/rechtsstreit-um-dvu-ableben-geht-in-die-nachste-runde_5819#breadcrumb"},"inLanguage":"de","potentialAction":[{"@type":"ReadAction","target":["https:\/\/blog.zeit.de\/stoerungsmelder\/2011\/03\/01\/rechtsstreit-um-dvu-ableben-geht-in-die-nachste-runde_5819"]}]},{"@type":"BreadcrumbList","@id":"https:\/\/blog.zeit.de\/stoerungsmelder\/2011\/03\/01\/rechtsstreit-um-dvu-ableben-geht-in-die-nachste-runde_5819#breadcrumb","itemListElement":[{"@type":"ListItem","position":1,"name":"Startseite","item":"https:\/\/blog.zeit.de\/stoerungsmelder"},{"@type":"ListItem","position":2,"name":"Rechtsstreit um DVU-Ableben geht in die n\u00e4chste Runde"}]},{"@type":"WebSite","@id":"https:\/\/blog.zeit.de\/stoerungsmelder\/#website","url":"https:\/\/blog.zeit.de\/stoerungsmelder\/","name":"St\u00f6rungsmelder","description":"Recherchen und Analysen \u00fcber die extreme Rechte","potentialAction":[{"@type":"SearchAction","target":{"@type":"EntryPoint","urlTemplate":"https:\/\/blog.zeit.de\/stoerungsmelder\/?s={search_term_string}"},"query-input":"required name=search_term_string"}],"inLanguage":"de"},{"@type":"Person","@id":"https:\/\/blog.zeit.de\/stoerungsmelder\/#\/schema\/person\/36c66b1a7a2ff6e8ac09f8782af00536","name":"npdbloginfo","image":{"@type":"ImageObject","inLanguage":"de","@id":"https:\/\/blog.zeit.de\/stoerungsmelder\/#\/schema\/person\/image\/","url":"https:\/\/secure.gravatar.com\/avatar\/d788862a9764e18d9d9d94bed018327dcbdccc6776903d0eb9d6e0658888a017?s=96&d=mm&r=pg","contentUrl":"https:\/\/secure.gravatar.com\/avatar\/d788862a9764e18d9d9d94bed018327dcbdccc6776903d0eb9d6e0658888a017?s=96&d=mm&r=pg","caption":"npdbloginfo"},"description":"Das Watchblog NPD-BLOG.INFO berichtet seit 2005 kontinuierlich \u00fcber die rechtsextreme NPD.","sameAs":["http:\/\/npd-blog.info"],"url":"https:\/\/blog.zeit.de\/stoerungsmelder\/author\/npdbloginfo"}]}},"jetpack_featured_media_url":"","jetpack_sharing_enabled":true,"_links":{"self":[{"href":"https:\/\/blog.zeit.de\/stoerungsmelder\/wp-json\/wp\/v2\/posts\/5819","targetHints":{"allow":["GET"]}}],"collection":[{"href":"https:\/\/blog.zeit.de\/stoerungsmelder\/wp-json\/wp\/v2\/posts"}],"about":[{"href":"https:\/\/blog.zeit.de\/stoerungsmelder\/wp-json\/wp\/v2\/types\/post"}],"author":[{"embeddable":true,"href":"https:\/\/blog.zeit.de\/stoerungsmelder\/wp-json\/wp\/v2\/users\/295"}],"replies":[{"embeddable":true,"href":"https:\/\/blog.zeit.de\/stoerungsmelder\/wp-json\/wp\/v2\/comments?post=5819"}],"version-history":[{"count":2,"href":"https:\/\/blog.zeit.de\/stoerungsmelder\/wp-json\/wp\/v2\/posts\/5819\/revisions"}],"predecessor-version":[{"id":5821,"href":"https:\/\/blog.zeit.de\/stoerungsmelder\/wp-json\/wp\/v2\/posts\/5819\/revisions\/5821"}],"wp:attachment":[{"href":"https:\/\/blog.zeit.de\/stoerungsmelder\/wp-json\/wp\/v2\/media?parent=5819"}],"wp:term":[{"taxonomy":"category","embeddable":true,"href":"https:\/\/blog.zeit.de\/stoerungsmelder\/wp-json\/wp\/v2\/categories?post=5819"},{"taxonomy":"post_tag","embeddable":true,"href":"https:\/\/blog.zeit.de\/stoerungsmelder\/wp-json\/wp\/v2\/tags?post=5819"}],"curies":[{"name":"wp","href":"https:\/\/api.w.org\/{rel}","templated":true}]}}