{"id":5840,"date":"2011-03-05T19:42:57","date_gmt":"2011-03-05T18:42:57","guid":{"rendered":"http:\/\/blog.zeit.de\/stoerungsmelder\/?p=5840"},"modified":"2011-03-05T19:51:29","modified_gmt":"2011-03-05T18:51:29","slug":"zensur-bei-der-npd-%e2%80%9cdas-reich-ist-das-ziel%e2%80%9d","status":"publish","type":"post","link":"https:\/\/blog.zeit.de\/stoerungsmelder\/2011\/03\/05\/zensur-bei-der-npd-%e2%80%9cdas-reich-ist-das-ziel%e2%80%9d_5840","title":{"rendered":"Zensur bei der NPD? \u201cDas Reich ist das Ziel!\u201d"},"content":{"rendered":"<p><figure id=\"attachment_5344\" aria-describedby=\"caption-attachment-5344\" style=\"width: 300px\" class=\"wp-caption alignleft\"><a href=\"https:\/\/blog.zeit.de\/stoerungsmelder\/files\/2011\/01\/npd7-540.jpg\"><img loading=\"lazy\" decoding=\"async\" class=\"size-medium wp-image-5344\" title=\"npd7-540\" src=\"https:\/\/blog.zeit.de\/stoerungsmelder\/files\/2011\/01\/npd7-540-300x111.jpg\" alt=\"\" width=\"300\" height=\"111\" srcset=\"https:\/\/blog.zeit.de\/stoerungsmelder\/files\/2011\/01\/npd7-540-300x111.jpg 300w, https:\/\/blog.zeit.de\/stoerungsmelder\/files\/2011\/01\/npd7-540.jpg 540w\" sizes=\"auto, (max-width: 300px) 100vw, 300px\" \/><\/a><figcaption id=\"caption-attachment-5344\" class=\"wp-caption-text\">Das Gericht hat den Traum der rechtsextremen Einheitspartei vorerst gestoppt \u00a9 Getty<\/figcaption><\/figure><\/p>\n<p>Die NPD hat angeblich einen eigenen Unterverband zensiert. Auf einer Neonazi-Seite schreibt der \u201cFreie Widerstand S\u00fcdschleswig\u201d, man habe \u201cauf der Netzseite des NPD-Kreisverbands Nordfriesland einen kritischen Bericht zur Fusion der Parteien NPD und DVU ver\u00f6ffentlicht\u201d. Es habe dann nicht lange gedauert, \u201cehe dieser auf Druck von oben entfernt werden mu\u00dfte\u201d. Ein NPD-Funktion\u00e4r verteidigte die Aktion: &#8222;Wenn dann der Vorstand die ein oder andere \u00c4u\u00dferung aus dem Netz nimmt ist das sein Recht. Daf\u00fcr w\u00e4hlen wir Mitglieder Vorst\u00e4nde, damit sie f\u00fchren.&#8220; <!--more--><\/p>\n<p>Die \u201cFreien Kameraden\u201d beklagen, es habe sich \u201cnoch nicht einmal jemand \u201avon oben\u2019 den Mut [gehabt], sich pers\u00f6nlich bei uns, den Verantwortlichen f\u00fcr die besagte Schrift, zu melden. Diese Aktion wurde lieber um tausend Ecken durchgef\u00fchrt. Man k\u00f6nnte meinen, hier haben einige Leute Angst, intellektuell unterlegen zu sein.\u201d<\/p>\n<p>Der allseits bekannte Neonazi und Forentroll \u201cNPD KV UNNA \/ HAMM\u201d f\u00fcgte dem Artikel einen bemerkenswerten Kommentar an:<\/p>\n<p><em>Liebe Kameraden, die Vereinigung der DVU und der NPD kann man durchaus unterschiedlich beurteilen. Sie als freie Nationalisten k\u00f6nnen nat\u00fcrlich Kritik in jeder Form \u00fcben.<\/em><br \/>\n<em>Das ist einem Kreisverband unserer Partei in der \u00d6ffentlickeit auf Grund der Parteidisziplin aber nicht m\u00f6glich: Wenn dann der Vorstand die ein oder andere \u00c4u\u00dferung aus dem Netz nimmt ist das sein Recht.<\/em><br \/>\n<em>Daf\u00fcr w\u00e4hlen wir Mitglieder Vorst\u00e4nde, damit sie f\u00fchren. Wenn uns das mit Mehrheit nicht passt, k\u00f6nnen wir sie auch wieder abw\u00e4hlen.<\/em><br \/>\n<em>Was aber bestimmt au\u00dfer jeder Diskussion steht ist unsere grunds\u00e4tzliche Programmatik und die Zusammenarbeit mit freien und autonomen Nationalisten.<\/em><br \/>\n<em>Die Kameradschaft und die Partei sind der Weg, das Reich ist das Ziel.<\/em><\/p>\n<p>Von der \u201cVerschmelzung\u201d an sich ist ansonsten nur noch wenig aus der NPD zu h\u00f6ren, der <a href=\"http:\/\/npd-blog.info\/2011\/03\/01\/rechtsstreit-dvu-npd-fusion\/\">Rechtsstreit vor dem Landgericht M\u00fcnchen l\u00e4uft noch<\/a> \u2013 und viele Fragen sind offen. Auch in der NPD-Spitze hatte es Bedenken gegen die \u201cVerschmelzung\u201d zwischen den rechtsextremen Parteien gegeben. Wie aus vorliegenden Emails hervorgeht, stimmte NPD-Bundesvorstandsmitglied Thomas Wulff gegen die Fusion. Er bezeichnete DVU-Chef Matthias Faust als \u201cBankrotteur\u201d und warnte vor den Folgen der Fusion. Grund: Angst vor einem Verbot der NPD. Der Staat rolle die \u201cNationale Bewegung\u201d derzeit auf, so Wulff.<\/p>\n<p>Siehe auch:\u00a0<a href=\"http:\/\/npd-blog.info\/2011\/02\/13\/npd-bundesvorstand-wulff-gegen-fusion-mit-der-dvu\/\">NPD-Bundesvorstand Wulff gegen Fusion mit der DVU<\/a><\/p>\n<p><img loading=\"lazy\" decoding=\"async\" src=\"http:\/\/vg03.met.vgwort.de\/na\/ca051792caac4722af8041c90ba8d401\" alt=\"\" width=\"1\" height=\"1\" \/><\/p>\n","protected":false},"excerpt":{"rendered":"<p>Die NPD hat angeblich einen eigenen Unterverband zensiert. Auf einer Neonazi-Seite schreibt der \u201cFreie Widerstand S\u00fcdschleswig\u201d, man habe \u201cauf der Netzseite des NPD-Kreisverbands Nordfriesland einen kritischen Bericht zur Fusion der Parteien NPD und DVU ver\u00f6ffentlicht\u201d. Es habe dann nicht lange gedauert, \u201cehe dieser auf Druck von oben entfernt werden mu\u00dfte\u201d. Ein NPD-Funktion\u00e4r verteidigte die Aktion: [&hellip;]<\/p>\n","protected":false},"author":295,"featured_media":0,"comment_status":"open","ping_status":"open","sticky":false,"template":"","format":"standard","meta":{"_jetpack_memberships_contains_paid_content":false,"footnotes":""},"categories":[1,1458],"tags":[],"class_list":["post-5840","post","type-post","status-publish","format-standard","hentry","category-allgemein","category-schleswig-holstein"],"yoast_head":"<!-- This site is optimized with the Yoast SEO plugin v21.0 - https:\/\/yoast.com\/wordpress\/plugins\/seo\/ -->\n<title>Zensur bei der NPD? \u201cDas Reich ist das Ziel!\u201d - St\u00f6rungsmelder<\/title>\n<meta name=\"robots\" content=\"index, follow, max-snippet:-1, max-image-preview:large, max-video-preview:-1\" \/>\n<link rel=\"canonical\" href=\"https:\/\/blog.zeit.de\/stoerungsmelder\/2011\/03\/05\/zensur-bei-der-npd-\u201cdas-reich-ist-das-ziel\u201d_5840\" \/>\n<meta property=\"og:locale\" content=\"de_DE\" \/>\n<meta property=\"og:type\" content=\"article\" \/>\n<meta property=\"og:title\" content=\"Zensur bei der NPD? \u201cDas Reich ist das Ziel!\u201d - St\u00f6rungsmelder\" \/>\n<meta property=\"og:description\" content=\"Die NPD hat angeblich einen eigenen Unterverband zensiert. Auf einer Neonazi-Seite schreibt der \u201cFreie Widerstand S\u00fcdschleswig\u201d, man habe \u201cauf der Netzseite des NPD-Kreisverbands Nordfriesland einen kritischen Bericht zur Fusion der Parteien NPD und DVU ver\u00f6ffentlicht\u201d. Es habe dann nicht lange gedauert, \u201cehe dieser auf Druck von oben entfernt werden mu\u00dfte\u201d. Ein NPD-Funktion\u00e4r verteidigte die Aktion: [&hellip;]\" \/>\n<meta property=\"og:url\" content=\"https:\/\/blog.zeit.de\/stoerungsmelder\/2011\/03\/05\/zensur-bei-der-npd-\u201cdas-reich-ist-das-ziel\u201d_5840\" \/>\n<meta property=\"og:site_name\" content=\"St\u00f6rungsmelder\" \/>\n<meta property=\"article:published_time\" content=\"2011-03-05T18:42:57+00:00\" \/>\n<meta property=\"article:modified_time\" content=\"2011-03-05T18:51:29+00:00\" \/>\n<meta property=\"og:image\" content=\"https:\/\/blog.zeit.de\/stoerungsmelder\/files\/2011\/01\/npd7-540-300x111.jpg\" \/>\n<meta name=\"author\" content=\"npdbloginfo\" \/>\n<meta name=\"twitter:card\" content=\"summary_large_image\" \/>\n<meta name=\"twitter:label1\" content=\"Geschrieben von\" \/>\n\t<meta name=\"twitter:data1\" content=\"npdbloginfo\" \/>\n\t<meta name=\"twitter:label2\" content=\"Gesch\u00e4tzte Lesezeit\" \/>\n\t<meta name=\"twitter:data2\" content=\"2\u00a0Minuten\" \/>\n<script type=\"application\/ld+json\" class=\"yoast-schema-graph\">{\"@context\":\"https:\/\/schema.org\",\"@graph\":[{\"@type\":\"WebPage\",\"@id\":\"https:\/\/blog.zeit.de\/stoerungsmelder\/2011\/03\/05\/zensur-bei-der-npd-%e2%80%9cdas-reich-ist-das-ziel%e2%80%9d_5840\",\"url\":\"https:\/\/blog.zeit.de\/stoerungsmelder\/2011\/03\/05\/zensur-bei-der-npd-%e2%80%9cdas-reich-ist-das-ziel%e2%80%9d_5840\",\"name\":\"Zensur bei der NPD? \u201cDas Reich ist das Ziel!\u201d - St\u00f6rungsmelder\",\"isPartOf\":{\"@id\":\"https:\/\/blog.zeit.de\/stoerungsmelder\/#website\"},\"datePublished\":\"2011-03-05T18:42:57+00:00\",\"dateModified\":\"2011-03-05T18:51:29+00:00\",\"author\":{\"@id\":\"https:\/\/blog.zeit.de\/stoerungsmelder\/#\/schema\/person\/36c66b1a7a2ff6e8ac09f8782af00536\"},\"breadcrumb\":{\"@id\":\"https:\/\/blog.zeit.de\/stoerungsmelder\/2011\/03\/05\/zensur-bei-der-npd-%e2%80%9cdas-reich-ist-das-ziel%e2%80%9d_5840#breadcrumb\"},\"inLanguage\":\"de\",\"potentialAction\":[{\"@type\":\"ReadAction\",\"target\":[\"https:\/\/blog.zeit.de\/stoerungsmelder\/2011\/03\/05\/zensur-bei-der-npd-%e2%80%9cdas-reich-ist-das-ziel%e2%80%9d_5840\"]}]},{\"@type\":\"BreadcrumbList\",\"@id\":\"https:\/\/blog.zeit.de\/stoerungsmelder\/2011\/03\/05\/zensur-bei-der-npd-%e2%80%9cdas-reich-ist-das-ziel%e2%80%9d_5840#breadcrumb\",\"itemListElement\":[{\"@type\":\"ListItem\",\"position\":1,\"name\":\"Startseite\",\"item\":\"https:\/\/blog.zeit.de\/stoerungsmelder\"},{\"@type\":\"ListItem\",\"position\":2,\"name\":\"Zensur bei der NPD? \u201cDas Reich ist das Ziel!\u201d\"}]},{\"@type\":\"WebSite\",\"@id\":\"https:\/\/blog.zeit.de\/stoerungsmelder\/#website\",\"url\":\"https:\/\/blog.zeit.de\/stoerungsmelder\/\",\"name\":\"St\u00f6rungsmelder\",\"description\":\"Recherchen und Analysen \u00fcber die extreme Rechte\",\"potentialAction\":[{\"@type\":\"SearchAction\",\"target\":{\"@type\":\"EntryPoint\",\"urlTemplate\":\"https:\/\/blog.zeit.de\/stoerungsmelder\/?s={search_term_string}\"},\"query-input\":\"required name=search_term_string\"}],\"inLanguage\":\"de\"},{\"@type\":\"Person\",\"@id\":\"https:\/\/blog.zeit.de\/stoerungsmelder\/#\/schema\/person\/36c66b1a7a2ff6e8ac09f8782af00536\",\"name\":\"npdbloginfo\",\"image\":{\"@type\":\"ImageObject\",\"inLanguage\":\"de\",\"@id\":\"https:\/\/blog.zeit.de\/stoerungsmelder\/#\/schema\/person\/image\/\",\"url\":\"https:\/\/secure.gravatar.com\/avatar\/d788862a9764e18d9d9d94bed018327dcbdccc6776903d0eb9d6e0658888a017?s=96&d=mm&r=pg\",\"contentUrl\":\"https:\/\/secure.gravatar.com\/avatar\/d788862a9764e18d9d9d94bed018327dcbdccc6776903d0eb9d6e0658888a017?s=96&d=mm&r=pg\",\"caption\":\"npdbloginfo\"},\"description\":\"Das Watchblog NPD-BLOG.INFO berichtet seit 2005 kontinuierlich \u00fcber die rechtsextreme NPD.\",\"sameAs\":[\"http:\/\/npd-blog.info\"],\"url\":\"https:\/\/blog.zeit.de\/stoerungsmelder\/author\/npdbloginfo\"}]}<\/script>\n<!-- \/ Yoast SEO plugin. -->","yoast_head_json":{"title":"Zensur bei der NPD? \u201cDas Reich ist das Ziel!\u201d - St\u00f6rungsmelder","robots":{"index":"index","follow":"follow","max-snippet":"max-snippet:-1","max-image-preview":"max-image-preview:large","max-video-preview":"max-video-preview:-1"},"canonical":"https:\/\/blog.zeit.de\/stoerungsmelder\/2011\/03\/05\/zensur-bei-der-npd-\u201cdas-reich-ist-das-ziel\u201d_5840","og_locale":"de_DE","og_type":"article","og_title":"Zensur bei der NPD? \u201cDas Reich ist das Ziel!\u201d - St\u00f6rungsmelder","og_description":"Die NPD hat angeblich einen eigenen Unterverband zensiert. Auf einer Neonazi-Seite schreibt der \u201cFreie Widerstand S\u00fcdschleswig\u201d, man habe \u201cauf der Netzseite des NPD-Kreisverbands Nordfriesland einen kritischen Bericht zur Fusion der Parteien NPD und DVU ver\u00f6ffentlicht\u201d. Es habe dann nicht lange gedauert, \u201cehe dieser auf Druck von oben entfernt werden mu\u00dfte\u201d. Ein NPD-Funktion\u00e4r verteidigte die Aktion: [&hellip;]","og_url":"https:\/\/blog.zeit.de\/stoerungsmelder\/2011\/03\/05\/zensur-bei-der-npd-\u201cdas-reich-ist-das-ziel\u201d_5840","og_site_name":"St\u00f6rungsmelder","article_published_time":"2011-03-05T18:42:57+00:00","article_modified_time":"2011-03-05T18:51:29+00:00","og_image":[{"url":"https:\/\/blog.zeit.de\/stoerungsmelder\/files\/2011\/01\/npd7-540-300x111.jpg"}],"author":"npdbloginfo","twitter_card":"summary_large_image","twitter_misc":{"Geschrieben von":"npdbloginfo","Gesch\u00e4tzte Lesezeit":"2\u00a0Minuten"},"schema":{"@context":"https:\/\/schema.org","@graph":[{"@type":"WebPage","@id":"https:\/\/blog.zeit.de\/stoerungsmelder\/2011\/03\/05\/zensur-bei-der-npd-%e2%80%9cdas-reich-ist-das-ziel%e2%80%9d_5840","url":"https:\/\/blog.zeit.de\/stoerungsmelder\/2011\/03\/05\/zensur-bei-der-npd-%e2%80%9cdas-reich-ist-das-ziel%e2%80%9d_5840","name":"Zensur bei der NPD? \u201cDas Reich ist das Ziel!\u201d - St\u00f6rungsmelder","isPartOf":{"@id":"https:\/\/blog.zeit.de\/stoerungsmelder\/#website"},"datePublished":"2011-03-05T18:42:57+00:00","dateModified":"2011-03-05T18:51:29+00:00","author":{"@id":"https:\/\/blog.zeit.de\/stoerungsmelder\/#\/schema\/person\/36c66b1a7a2ff6e8ac09f8782af00536"},"breadcrumb":{"@id":"https:\/\/blog.zeit.de\/stoerungsmelder\/2011\/03\/05\/zensur-bei-der-npd-%e2%80%9cdas-reich-ist-das-ziel%e2%80%9d_5840#breadcrumb"},"inLanguage":"de","potentialAction":[{"@type":"ReadAction","target":["https:\/\/blog.zeit.de\/stoerungsmelder\/2011\/03\/05\/zensur-bei-der-npd-%e2%80%9cdas-reich-ist-das-ziel%e2%80%9d_5840"]}]},{"@type":"BreadcrumbList","@id":"https:\/\/blog.zeit.de\/stoerungsmelder\/2011\/03\/05\/zensur-bei-der-npd-%e2%80%9cdas-reich-ist-das-ziel%e2%80%9d_5840#breadcrumb","itemListElement":[{"@type":"ListItem","position":1,"name":"Startseite","item":"https:\/\/blog.zeit.de\/stoerungsmelder"},{"@type":"ListItem","position":2,"name":"Zensur bei der NPD? \u201cDas Reich ist das Ziel!\u201d"}]},{"@type":"WebSite","@id":"https:\/\/blog.zeit.de\/stoerungsmelder\/#website","url":"https:\/\/blog.zeit.de\/stoerungsmelder\/","name":"St\u00f6rungsmelder","description":"Recherchen und Analysen \u00fcber die extreme Rechte","potentialAction":[{"@type":"SearchAction","target":{"@type":"EntryPoint","urlTemplate":"https:\/\/blog.zeit.de\/stoerungsmelder\/?s={search_term_string}"},"query-input":"required name=search_term_string"}],"inLanguage":"de"},{"@type":"Person","@id":"https:\/\/blog.zeit.de\/stoerungsmelder\/#\/schema\/person\/36c66b1a7a2ff6e8ac09f8782af00536","name":"npdbloginfo","image":{"@type":"ImageObject","inLanguage":"de","@id":"https:\/\/blog.zeit.de\/stoerungsmelder\/#\/schema\/person\/image\/","url":"https:\/\/secure.gravatar.com\/avatar\/d788862a9764e18d9d9d94bed018327dcbdccc6776903d0eb9d6e0658888a017?s=96&d=mm&r=pg","contentUrl":"https:\/\/secure.gravatar.com\/avatar\/d788862a9764e18d9d9d94bed018327dcbdccc6776903d0eb9d6e0658888a017?s=96&d=mm&r=pg","caption":"npdbloginfo"},"description":"Das Watchblog NPD-BLOG.INFO berichtet seit 2005 kontinuierlich \u00fcber die rechtsextreme NPD.","sameAs":["http:\/\/npd-blog.info"],"url":"https:\/\/blog.zeit.de\/stoerungsmelder\/author\/npdbloginfo"}]}},"jetpack_featured_media_url":"","jetpack_sharing_enabled":true,"_links":{"self":[{"href":"https:\/\/blog.zeit.de\/stoerungsmelder\/wp-json\/wp\/v2\/posts\/5840","targetHints":{"allow":["GET"]}}],"collection":[{"href":"https:\/\/blog.zeit.de\/stoerungsmelder\/wp-json\/wp\/v2\/posts"}],"about":[{"href":"https:\/\/blog.zeit.de\/stoerungsmelder\/wp-json\/wp\/v2\/types\/post"}],"author":[{"embeddable":true,"href":"https:\/\/blog.zeit.de\/stoerungsmelder\/wp-json\/wp\/v2\/users\/295"}],"replies":[{"embeddable":true,"href":"https:\/\/blog.zeit.de\/stoerungsmelder\/wp-json\/wp\/v2\/comments?post=5840"}],"version-history":[{"count":6,"href":"https:\/\/blog.zeit.de\/stoerungsmelder\/wp-json\/wp\/v2\/posts\/5840\/revisions"}],"predecessor-version":[{"id":5844,"href":"https:\/\/blog.zeit.de\/stoerungsmelder\/wp-json\/wp\/v2\/posts\/5840\/revisions\/5844"}],"wp:attachment":[{"href":"https:\/\/blog.zeit.de\/stoerungsmelder\/wp-json\/wp\/v2\/media?parent=5840"}],"wp:term":[{"taxonomy":"category","embeddable":true,"href":"https:\/\/blog.zeit.de\/stoerungsmelder\/wp-json\/wp\/v2\/categories?post=5840"},{"taxonomy":"post_tag","embeddable":true,"href":"https:\/\/blog.zeit.de\/stoerungsmelder\/wp-json\/wp\/v2\/tags?post=5840"}],"curies":[{"name":"wp","href":"https:\/\/api.w.org\/{rel}","templated":true}]}}