{"id":5847,"date":"2011-03-07T14:00:07","date_gmt":"2011-03-07T13:00:07","guid":{"rendered":"http:\/\/blog.zeit.de\/stoerungsmelder\/?p=5847"},"modified":"2011-03-07T14:00:07","modified_gmt":"2011-03-07T13:00:07","slug":"die-npd-ist-prasent-%e2%80%93-am-mast-und-im-alltag","status":"publish","type":"post","link":"https:\/\/blog.zeit.de\/stoerungsmelder\/2011\/03\/07\/die-npd-ist-prasent-%e2%80%93-am-mast-und-im-alltag_5847","title":{"rendered":"Die NPD ist pr\u00e4sent \u2013 am Mast und im Alltag"},"content":{"rendered":"<p><figure id=\"attachment_5848\" aria-describedby=\"caption-attachment-5848\" style=\"width: 539px\" class=\"wp-caption aligncenter\"><a href=\"https:\/\/blog.zeit.de\/stoerungsmelder\/files\/2011\/03\/553x300-petra-pau-nie-wieder.jpg\"><img loading=\"lazy\" decoding=\"async\" class=\"size-full wp-image-5848\" title=\"553x300-petra-pau-nie-wieder\" src=\"https:\/\/blog.zeit.de\/stoerungsmelder\/files\/2011\/03\/553x300-petra-pau-nie-wieder.jpg\" alt=\"\" width=\"539\" height=\"292\" srcset=\"https:\/\/blog.zeit.de\/stoerungsmelder\/files\/2011\/03\/553x300-petra-pau-nie-wieder.jpg 553w, https:\/\/blog.zeit.de\/stoerungsmelder\/files\/2011\/03\/553x300-petra-pau-nie-wieder-300x162.jpg 300w\" sizes=\"auto, (max-width: 539px) 100vw, 539px\" \/><\/a><figcaption id=\"caption-attachment-5848\" class=\"wp-caption-text\">Petra Pau mit Mitarbeitern von Zora e.V. in Halberstadt vor einer Tafel mit Aufschrift: Nie wieder<\/figcaption><\/figure><\/p>\n<p><em>Unsere Gastautorin Petra Pau, die f\u00fcr die Linksfraktion im Bundestag sitzt, war mehrere Tage in Sachsenanhalt unterwegs, um sich \u00fcber rechtsextreme Strukturen und zivilgesellschaftlichen Widerstand zu informieren. Hier ist ihr Erfahrungsbericht:<\/em><!--more--><\/p>\n<p>&#8222;Die Finanzlage ist katastrophal. Wir k\u00f6nnen nur noch unpopul\u00e4re Beschl\u00fcsse fassen. Kommunale Strukturen brechen weg, sozial-kulturelle Angebote trocknen aus.&#8220; Jana Grandi (CDU) kennt aus eigener Erfahrung, wor\u00fcber sie klagt. Sie ist Verbandsgemeindeb\u00fcrgermeisterin in einer Region, die immer wieder mal \u00fcberregional Schlagzeilen liefert.<\/p>\n<p>Ich war gerade zwei Tage lang in Sachsen-Anhalt unterwegs. Meine zentrale Frage war: Was kann, was muss getan werden, um rechtsextreme Tendenzen zur\u00fcckzudr\u00e4ngen? Der Burgenlandkreis war kein Zufallsziel. Die NPD hat die Stra\u00dfen durchplakatiert, wie \u00fcberall in Sachsen-Anhalt, Mast f\u00fcr Mast, auch in Freyburg, der &#8222;Rotk\u00e4ppchen&#8220;-Stadt.<\/p>\n<p>Laucha war meine zweite Station. Der B\u00fcrgermeister lie\u00df mir seine Stadt zeigen, nebst Glockenbaumuseum. Zur NPD erkl\u00e4rte er lapidar: &#8222;Die Bundespolitik sollte sie endlich verbieten.&#8220; Auf Plakaten verk\u00fcndet derweil der <a href=\"https:\/\/blog.zeit.de\/stoerungsmelder\/2010\/09\/09\/wieder-arger-mit-npd-fusballtrainer_4547\">einschl\u00e4gige NPD-Kandidat<\/a>: &#8222;Ich sage, was Sie denken!&#8220; Er ist wohlbekannt und gelitten, als Schornsteinfegermeister und als Jugendfu\u00dfballtrainer.<\/p>\n<p>Danach besuchte ich eine zugereiste Familie. Ihr Sohn wurde unl\u00e4ngst als Judenschwein beschimpft und zusammengeschlagen. <a href=\"https:\/\/blog.zeit.de\/stoerungsmelder\/2010\/09\/14\/irgendwie-auch-selbst-schuld_4563\">Der T\u00e4ter trainierte beim NPD-Kandidaten,<\/a> dem mit dem Hitlerb\u00e4rtchen und einem F\u00fchrerbild auf dem Handy. Zur B\u00fcrgermeisterwahl vor Jahresfrist hatte er 24 Prozent aller abgegebenen Stimmen auf sich vereint. Er gilt als Zugpferd der NPD.<\/p>\n<p>Familie Lev sind Juden. Sie w\u00e4hnten sich in Laucha heimisch &#8211; bis zu dem Vorfall. Ihr Wohnhaus steht hinter einer &#8222;Schule ohne Rassismus&#8220;. Aber die Levs f\u00fchlen sich zunehmend alleingelassen. Ger\u00fcchte werden gestreut, sie seien Rauschgiftdealer. Die Kirche solidarisiert sich mit ihnen, auch Frau Jana Grandi. Vor dem Gotteshaus demonstrierte die NPD: &#8222;Wir r\u00e4umen auf!&#8220;.<\/p>\n<p>Wir mussten das &#8222;skandalisieren&#8220; und in die Medien bringen, sagten mir tags darauf die Mitstreiter von <a href=\"http:\/\/www.miteinander-ev.de\/index.php\">Miteinander e.V.<\/a> Sonst w\u00e4re normal geworden, was nie mehr normal werden darf. Ich sprach mit ihnen in Halle an der Saale. Sie best\u00e4tigten mir auch: Die rassistisch motivierte Gewalt nimmt zu. Und die offiziell zugegebenen Zahlen rechtsextremistischer Straftaten stapeln tief.<\/p>\n<p>Gegen das Vergessen und Verharmlosen stemmt sich auch das Simon Rau Zentrum in Wei\u00dfenfels, mit politischer Bildung und historischer Forschung. Und sie haben ein ehrgeiziges Projekt. Sie wollen die baulichen Hinterhofreste der einstigen Synagoge retten und als Museum ausgestalten. Der letzte aktive Rabbiner \u2013 bis zur Nazizeit \u2013 hie\u00df Simon Rau.<\/p>\n<p>Aber es droht doppeltes Ungemach. Das Haus zerf\u00e4llt und obendrein soll es zwangsversteigert werden. Hilferufe an die Stadtverwaltung blieben bisher unerh\u00f6rt, sagen die Zentrumsaktivisten. Ich versprach ihnen, Kontakte zu j\u00fcdischen Organisationen in Deutschland zu kn\u00fcpfen. Aber wir waren uns einig. Zust\u00e4ndig bleibt Wei\u00dfenfels mit seinen B\u00fcrgerinnen und B\u00fcrgern.<\/p>\n<p>Im Kreistag zu Wei\u00dfenfels hat die NPD bereits seit mehreren Jahren drei Mandate. Der hitlerb\u00e4rtige Essenkehrer geh\u00f6rt dazu. Gelegentlich reden sie sich vernehmbar mit Volksgenosse an, w\u00e4hrend sie ihren Rassismus wohlfeil in soziale Forderungen, wie &#8222;Arbeit statt Armut&#8220;, verpacken. Viele sind im Burgenlandkreis arm und perspektivlos, Hartz IV-gedehm\u00fctigt.<\/p>\n<p>Inzwischen g\u00e4be es in Sachsen-Anhalt vier regionale Zentren, in den Nazis l\u00e4ngst den Alltag mitpr\u00e4gen, sagen mir die Leute von Miteinander e.V. Das Burgenland und der S\u00fcdharz sowie die St\u00e4dte Magdeburg und Halberstadt. Die NPD hofft auf 5 Prozent plus X bei der Landtagswahl am 20. M\u00e4rz. Ihre  braunen Plakate sind omnipr\u00e4sent, quer durchs Land, selbst im kleinsten Dorf.<\/p>\n<p>Pl\u00f6tzlich sind alle demokratischen Parteien &#8222;elektrisiert, wie immer vor Wahlen&#8220;, h\u00f6re ich bei Miteinander e.V. Aber dazwischen seien meist nur die \u00fcblichen Verd\u00e4chtigen unterwegs, wenn es darum gehe, dem  Rechtsextremismus vorzubeugen und sich partei\u00fcbergreifend f\u00fcr Demokratie und Toleranz zu engagieren. Das k\u00f6nne sich am Wahltag r\u00e4chen.<\/p>\n<p>In Halberstadt \u00fcberfielen Neonazis erneut das soziokulturelle <a href=\"http:\/\/www.zora.de\/\">Jugendhaus Zora e.V.<\/a> Nicht zum ersten Mal. Ich treffe mich mit dem Vereinsvorstand. &#8222;Es gibt in der Stadt Viertel, da traue mich in der Dunkelheit nicht mehr hin&#8220;, sagt ein Betreuer. Stolz zeigen sie mir ihre R\u00e4ume und Projekte. Die Hausordnung weist aus: &#8222;Alles erw\u00fcnscht, nur keine rechten Gedanken!&#8220;<\/p>\n<p>Die Stadt und der Landkreis unterst\u00fctzen Zora e.V. seit 15 Jahren. Erst k\u00fcrzlich  wurde ein neuer Konzertraum eingeweiht. &#8222;Wer kommt, f\u00fchlt sich wohl&#8220;, sagt man mir, &#8222;und wird beobachtet von Nazisp\u00e4hern.&#8220; Die NPD habe die Vorharzstadt als k\u00fcnftiges Bundes-Zentrum auserkoren. B\u00fcrgerb\u00fcndnisse aus Halberstadt, Quedlinburg und Wernigerode wollen dies gemeinsam verhindern.<\/p>\n","protected":false},"excerpt":{"rendered":"<p>Unsere Gastautorin Petra Pau, die f\u00fcr die Linksfraktion im Bundestag sitzt, war mehrere Tage in Sachsenanhalt unterwegs, um sich \u00fcber rechtsextreme Strukturen und zivilgesellschaftlichen Widerstand zu informieren. Hier ist ihr Erfahrungsbericht:<\/p>\n","protected":false},"author":249,"featured_media":0,"comment_status":"open","ping_status":"open","sticky":false,"template":"","format":"standard","meta":{"_jetpack_memberships_contains_paid_content":false,"footnotes":""},"categories":[1457],"tags":[],"class_list":["post-5847","post","type-post","status-publish","format-standard","hentry","category-sachsen-anhalt"],"yoast_head":"<!-- This site is optimized with the Yoast SEO plugin v21.0 - https:\/\/yoast.com\/wordpress\/plugins\/seo\/ -->\n<title>Die NPD ist pr\u00e4sent \u2013 am Mast und im Alltag - St\u00f6rungsmelder<\/title>\n<meta name=\"robots\" content=\"index, follow, max-snippet:-1, max-image-preview:large, max-video-preview:-1\" \/>\n<link rel=\"canonical\" href=\"https:\/\/blog.zeit.de\/stoerungsmelder\/2011\/03\/07\/die-npd-ist-prasent-\u2013-am-mast-und-im-alltag_5847\" \/>\n<meta property=\"og:locale\" content=\"de_DE\" \/>\n<meta property=\"og:type\" content=\"article\" \/>\n<meta property=\"og:title\" content=\"Die NPD ist pr\u00e4sent \u2013 am Mast und im Alltag - St\u00f6rungsmelder\" \/>\n<meta property=\"og:description\" content=\"Unsere Gastautorin Petra Pau, die f\u00fcr die Linksfraktion im Bundestag sitzt, war mehrere Tage in Sachsenanhalt unterwegs, um sich \u00fcber rechtsextreme Strukturen und zivilgesellschaftlichen Widerstand zu informieren. Hier ist ihr Erfahrungsbericht:\" \/>\n<meta property=\"og:url\" content=\"https:\/\/blog.zeit.de\/stoerungsmelder\/2011\/03\/07\/die-npd-ist-prasent-\u2013-am-mast-und-im-alltag_5847\" \/>\n<meta property=\"og:site_name\" content=\"St\u00f6rungsmelder\" \/>\n<meta property=\"article:published_time\" content=\"2011-03-07T13:00:07+00:00\" \/>\n<meta property=\"og:image\" content=\"https:\/\/blog.zeit.de\/stoerungsmelder\/files\/2011\/03\/553x300-petra-pau-nie-wieder.jpg\" \/>\n<meta name=\"author\" content=\"Petra Pau\" \/>\n<meta name=\"twitter:card\" content=\"summary_large_image\" \/>\n<meta name=\"twitter:label1\" content=\"Geschrieben von\" \/>\n\t<meta name=\"twitter:data1\" content=\"Petra Pau\" \/>\n\t<meta name=\"twitter:label2\" content=\"Gesch\u00e4tzte Lesezeit\" \/>\n\t<meta name=\"twitter:data2\" content=\"4\u00a0Minuten\" \/>\n<script type=\"application\/ld+json\" class=\"yoast-schema-graph\">{\"@context\":\"https:\/\/schema.org\",\"@graph\":[{\"@type\":\"WebPage\",\"@id\":\"https:\/\/blog.zeit.de\/stoerungsmelder\/2011\/03\/07\/die-npd-ist-prasent-%e2%80%93-am-mast-und-im-alltag_5847\",\"url\":\"https:\/\/blog.zeit.de\/stoerungsmelder\/2011\/03\/07\/die-npd-ist-prasent-%e2%80%93-am-mast-und-im-alltag_5847\",\"name\":\"Die NPD ist pr\u00e4sent \u2013 am Mast und im Alltag - St\u00f6rungsmelder\",\"isPartOf\":{\"@id\":\"https:\/\/blog.zeit.de\/stoerungsmelder\/#website\"},\"datePublished\":\"2011-03-07T13:00:07+00:00\",\"dateModified\":\"2011-03-07T13:00:07+00:00\",\"author\":{\"@id\":\"https:\/\/blog.zeit.de\/stoerungsmelder\/#\/schema\/person\/8c6603cb9fc962a21d89ef264f994a2a\"},\"breadcrumb\":{\"@id\":\"https:\/\/blog.zeit.de\/stoerungsmelder\/2011\/03\/07\/die-npd-ist-prasent-%e2%80%93-am-mast-und-im-alltag_5847#breadcrumb\"},\"inLanguage\":\"de\",\"potentialAction\":[{\"@type\":\"ReadAction\",\"target\":[\"https:\/\/blog.zeit.de\/stoerungsmelder\/2011\/03\/07\/die-npd-ist-prasent-%e2%80%93-am-mast-und-im-alltag_5847\"]}]},{\"@type\":\"BreadcrumbList\",\"@id\":\"https:\/\/blog.zeit.de\/stoerungsmelder\/2011\/03\/07\/die-npd-ist-prasent-%e2%80%93-am-mast-und-im-alltag_5847#breadcrumb\",\"itemListElement\":[{\"@type\":\"ListItem\",\"position\":1,\"name\":\"Startseite\",\"item\":\"https:\/\/blog.zeit.de\/stoerungsmelder\"},{\"@type\":\"ListItem\",\"position\":2,\"name\":\"Die NPD ist pr\u00e4sent \u2013 am Mast und im Alltag\"}]},{\"@type\":\"WebSite\",\"@id\":\"https:\/\/blog.zeit.de\/stoerungsmelder\/#website\",\"url\":\"https:\/\/blog.zeit.de\/stoerungsmelder\/\",\"name\":\"St\u00f6rungsmelder\",\"description\":\"Recherchen und Analysen \u00fcber die extreme Rechte\",\"potentialAction\":[{\"@type\":\"SearchAction\",\"target\":{\"@type\":\"EntryPoint\",\"urlTemplate\":\"https:\/\/blog.zeit.de\/stoerungsmelder\/?s={search_term_string}\"},\"query-input\":\"required name=search_term_string\"}],\"inLanguage\":\"de\"},{\"@type\":\"Person\",\"@id\":\"https:\/\/blog.zeit.de\/stoerungsmelder\/#\/schema\/person\/8c6603cb9fc962a21d89ef264f994a2a\",\"name\":\"Petra Pau\",\"image\":{\"@type\":\"ImageObject\",\"inLanguage\":\"de\",\"@id\":\"https:\/\/blog.zeit.de\/stoerungsmelder\/#\/schema\/person\/image\/\",\"url\":\"https:\/\/secure.gravatar.com\/avatar\/001cbf01ac5dbba9f7492f865180774561944e1118170bc69ab002810b7f6663?s=96&d=mm&r=pg\",\"contentUrl\":\"https:\/\/secure.gravatar.com\/avatar\/001cbf01ac5dbba9f7492f865180774561944e1118170bc69ab002810b7f6663?s=96&d=mm&r=pg\",\"caption\":\"Petra Pau\"},\"url\":\"https:\/\/blog.zeit.de\/stoerungsmelder\/author\/petra-pau\"}]}<\/script>\n<!-- \/ Yoast SEO plugin. -->","yoast_head_json":{"title":"Die NPD ist pr\u00e4sent \u2013 am Mast und im Alltag - St\u00f6rungsmelder","robots":{"index":"index","follow":"follow","max-snippet":"max-snippet:-1","max-image-preview":"max-image-preview:large","max-video-preview":"max-video-preview:-1"},"canonical":"https:\/\/blog.zeit.de\/stoerungsmelder\/2011\/03\/07\/die-npd-ist-prasent-\u2013-am-mast-und-im-alltag_5847","og_locale":"de_DE","og_type":"article","og_title":"Die NPD ist pr\u00e4sent \u2013 am Mast und im Alltag - St\u00f6rungsmelder","og_description":"Unsere Gastautorin Petra Pau, die f\u00fcr die Linksfraktion im Bundestag sitzt, war mehrere Tage in Sachsenanhalt unterwegs, um sich \u00fcber rechtsextreme Strukturen und zivilgesellschaftlichen Widerstand zu informieren. Hier ist ihr Erfahrungsbericht:","og_url":"https:\/\/blog.zeit.de\/stoerungsmelder\/2011\/03\/07\/die-npd-ist-prasent-\u2013-am-mast-und-im-alltag_5847","og_site_name":"St\u00f6rungsmelder","article_published_time":"2011-03-07T13:00:07+00:00","og_image":[{"url":"https:\/\/blog.zeit.de\/stoerungsmelder\/files\/2011\/03\/553x300-petra-pau-nie-wieder.jpg"}],"author":"Petra Pau","twitter_card":"summary_large_image","twitter_misc":{"Geschrieben von":"Petra Pau","Gesch\u00e4tzte Lesezeit":"4\u00a0Minuten"},"schema":{"@context":"https:\/\/schema.org","@graph":[{"@type":"WebPage","@id":"https:\/\/blog.zeit.de\/stoerungsmelder\/2011\/03\/07\/die-npd-ist-prasent-%e2%80%93-am-mast-und-im-alltag_5847","url":"https:\/\/blog.zeit.de\/stoerungsmelder\/2011\/03\/07\/die-npd-ist-prasent-%e2%80%93-am-mast-und-im-alltag_5847","name":"Die NPD ist pr\u00e4sent \u2013 am Mast und im Alltag - St\u00f6rungsmelder","isPartOf":{"@id":"https:\/\/blog.zeit.de\/stoerungsmelder\/#website"},"datePublished":"2011-03-07T13:00:07+00:00","dateModified":"2011-03-07T13:00:07+00:00","author":{"@id":"https:\/\/blog.zeit.de\/stoerungsmelder\/#\/schema\/person\/8c6603cb9fc962a21d89ef264f994a2a"},"breadcrumb":{"@id":"https:\/\/blog.zeit.de\/stoerungsmelder\/2011\/03\/07\/die-npd-ist-prasent-%e2%80%93-am-mast-und-im-alltag_5847#breadcrumb"},"inLanguage":"de","potentialAction":[{"@type":"ReadAction","target":["https:\/\/blog.zeit.de\/stoerungsmelder\/2011\/03\/07\/die-npd-ist-prasent-%e2%80%93-am-mast-und-im-alltag_5847"]}]},{"@type":"BreadcrumbList","@id":"https:\/\/blog.zeit.de\/stoerungsmelder\/2011\/03\/07\/die-npd-ist-prasent-%e2%80%93-am-mast-und-im-alltag_5847#breadcrumb","itemListElement":[{"@type":"ListItem","position":1,"name":"Startseite","item":"https:\/\/blog.zeit.de\/stoerungsmelder"},{"@type":"ListItem","position":2,"name":"Die NPD ist pr\u00e4sent \u2013 am Mast und im Alltag"}]},{"@type":"WebSite","@id":"https:\/\/blog.zeit.de\/stoerungsmelder\/#website","url":"https:\/\/blog.zeit.de\/stoerungsmelder\/","name":"St\u00f6rungsmelder","description":"Recherchen und Analysen \u00fcber die extreme Rechte","potentialAction":[{"@type":"SearchAction","target":{"@type":"EntryPoint","urlTemplate":"https:\/\/blog.zeit.de\/stoerungsmelder\/?s={search_term_string}"},"query-input":"required name=search_term_string"}],"inLanguage":"de"},{"@type":"Person","@id":"https:\/\/blog.zeit.de\/stoerungsmelder\/#\/schema\/person\/8c6603cb9fc962a21d89ef264f994a2a","name":"Petra Pau","image":{"@type":"ImageObject","inLanguage":"de","@id":"https:\/\/blog.zeit.de\/stoerungsmelder\/#\/schema\/person\/image\/","url":"https:\/\/secure.gravatar.com\/avatar\/001cbf01ac5dbba9f7492f865180774561944e1118170bc69ab002810b7f6663?s=96&d=mm&r=pg","contentUrl":"https:\/\/secure.gravatar.com\/avatar\/001cbf01ac5dbba9f7492f865180774561944e1118170bc69ab002810b7f6663?s=96&d=mm&r=pg","caption":"Petra Pau"},"url":"https:\/\/blog.zeit.de\/stoerungsmelder\/author\/petra-pau"}]}},"jetpack_featured_media_url":"","jetpack_sharing_enabled":true,"_links":{"self":[{"href":"https:\/\/blog.zeit.de\/stoerungsmelder\/wp-json\/wp\/v2\/posts\/5847","targetHints":{"allow":["GET"]}}],"collection":[{"href":"https:\/\/blog.zeit.de\/stoerungsmelder\/wp-json\/wp\/v2\/posts"}],"about":[{"href":"https:\/\/blog.zeit.de\/stoerungsmelder\/wp-json\/wp\/v2\/types\/post"}],"author":[{"embeddable":true,"href":"https:\/\/blog.zeit.de\/stoerungsmelder\/wp-json\/wp\/v2\/users\/249"}],"replies":[{"embeddable":true,"href":"https:\/\/blog.zeit.de\/stoerungsmelder\/wp-json\/wp\/v2\/comments?post=5847"}],"version-history":[{"count":5,"href":"https:\/\/blog.zeit.de\/stoerungsmelder\/wp-json\/wp\/v2\/posts\/5847\/revisions"}],"predecessor-version":[{"id":5853,"href":"https:\/\/blog.zeit.de\/stoerungsmelder\/wp-json\/wp\/v2\/posts\/5847\/revisions\/5853"}],"wp:attachment":[{"href":"https:\/\/blog.zeit.de\/stoerungsmelder\/wp-json\/wp\/v2\/media?parent=5847"}],"wp:term":[{"taxonomy":"category","embeddable":true,"href":"https:\/\/blog.zeit.de\/stoerungsmelder\/wp-json\/wp\/v2\/categories?post=5847"},{"taxonomy":"post_tag","embeddable":true,"href":"https:\/\/blog.zeit.de\/stoerungsmelder\/wp-json\/wp\/v2\/tags?post=5847"}],"curies":[{"name":"wp","href":"https:\/\/api.w.org\/{rel}","templated":true}]}}