{"id":5854,"date":"2011-03-07T14:54:37","date_gmt":"2011-03-07T13:54:37","guid":{"rendered":"http:\/\/blog.zeit.de\/stoerungsmelder\/?p=5854"},"modified":"2011-03-07T14:55:08","modified_gmt":"2011-03-07T13:55:08","slug":"podiumsdiskussion-rechte-gewalt-und-deren-opfer","status":"publish","type":"post","link":"https:\/\/blog.zeit.de\/stoerungsmelder\/2011\/03\/07\/podiumsdiskussion-rechte-gewalt-und-deren-opfer_5854","title":{"rendered":"Podiumsdiskussion: Rechte Gewalt und deren Opfer"},"content":{"rendered":"<p><figure id=\"attachment_3389\" aria-describedby=\"caption-attachment-3389\" style=\"width: 275px\" class=\"wp-caption alignleft\"><a href=\"https:\/\/blog.zeit.de\/stoerungsmelder\/files\/2010\/05\/kudamm2.jpg\"><img loading=\"lazy\" decoding=\"async\" class=\"size-medium wp-image-3389\" title=\"kudamm2\" src=\"https:\/\/blog.zeit.de\/stoerungsmelder\/files\/2010\/05\/kudamm2-275x300.jpg\" alt=\"\" width=\"275\" height=\"300\" srcset=\"https:\/\/blog.zeit.de\/stoerungsmelder\/files\/2010\/05\/kudamm2-275x300.jpg 275w, https:\/\/blog.zeit.de\/stoerungsmelder\/files\/2010\/05\/kudamm2.jpg 386w\" sizes=\"auto, (max-width: 275px) 100vw, 275px\" \/><\/a><figcaption id=\"caption-attachment-3389\" class=\"wp-caption-text\">Von der Polizei am 1. Mai 2010 beschlagnahmte Waffen von Neonazis<\/figcaption><\/figure><\/p>\n<p>Bedrohungen, Schl\u00e4ge, \u00dcberf\u00e4lle \u2013 die rechtsextreme Szene in Nordrhein-Westfalen geht zunehmend aggressiv gegen vermeintliche politische Gegner und Menschen anderer Hautfarbe vor. Mit einer Podiumsdiskussion wollen Beratungsstellen und Betroffene am 16. M\u00e4rz auf das Thema aufmerksam machen und gemeinsam Strategien gegen rechte Gewalt diskutieren. Der St\u00f6rungsmelder dokumentiert das Einladungsschreiben:<!--more--><\/p>\n<p><em>Alle drei Tage wird in NRW eine politisch rechts motivierte Gewalttat begangen. Die Betroffenen sind vor allem linke, alternative und nicht-rechte junge Erwachsene und Jugendliche, engagierte AntifaschistInnen, MigrantInnen und Fl\u00fcchtlinge, Schwarze Deutsche, Schwule und Lesben, Obdachlose oder von der extremen Rechten als politische GegnerInnen wahrgenommene Personen \u2013 Menschen eben, die aus welchen Gr\u00fcnden auch immer nicht in ein extrem rechtes Welt- und Menschenbild passen.<\/em><\/p>\n<p><em>Allzu oft werden die Betroffenen alleine gelassen: MigrantInnen und Fl\u00fcchtlinge erleben rassistische Gewalt als Zuspitzung von Ausgrenzung und Vorurteilen. Eltern stellen mitunter fest, dass ihre Kinder nahezu schutzlos neonazistischem Terror ausgeliefert sind und sie selbst ebenfalls zur Zielscheibe rechter Gewalt werden, wenn sie sich an die Seite antifaschistisch engagierter Jugendlicher stellen. Rechte Gewalt gegen linke Treffpunkte, Angriffe auf alternative Jugendliche und vermeintliche AkteurInnen \u201eder Antifa\u201c sind in einigen NRW-Regionen schon lange keine Ausnahmen oder gar Einzelf\u00e4lle mehr, sie geh\u00f6ren vielmehr zum Alltag. Die T\u00e4terInnen agieren zunehmend selbstbewusster und nutzen offensiv die Freir\u00e4ume, die ihnen vor Ort geboten werden.<\/em><\/p>\n<p><em>Die Betroffenen rechter und rassistischer Gewalt nicht alleine zu lassen; sie unabh\u00e4ngig und parteilich zu beraten, ist das Angebot der Beratungsstellen f\u00fcr Opfer rechter Gewalt in den neuen Bundesl\u00e4ndern und Berlin. Denn die Erfahrung macht deutlich, dass den T\u00e4terInnen erst dann Grenzen aufgezeigt werden, wenn die Betroffenen rechter und rassistischer Gewalttaten nicht mehr alleine dastehen und sie solidarische und praktische Unterst\u00fctzung erfahren. Zunehmend wenden sich auch Betroffene aus NRW an diese Beratungsstellen in Ostdeutschland, weil eine professionelle unabh\u00e4ngige und spezialisierte Opferberatung in NRW nicht existiert.<\/em><\/p>\n<p><em>Auf der Veranstaltung werden ExpertInnen, Betroffene und nordrhein-westf\u00e4lische Landtagsabgeordnete \u00fcber die Notwendigkeit und M\u00f6glichkeiten einer unabh\u00e4ngigen Beratungsstelle f\u00fcr Betroffene rechter Gewalt in NRW diskutieren.<\/em><\/p>\n<p><em>Referentin: Heike Kleffner (Mitglied des Beirats der Mobilen Beratung f\u00fcr Opfer rechter Gewalt in Sachsen-Anhalt)<\/em><\/p>\n<p><em>PodiumsteilnehmerInnen: Thomas Stotko (MdL, SPD), Verena Sch\u00e4ffer (MdL, B90\/Die Gr\u00fcnen), Anna Conrads (MdL, Die Linke), ein von neonazistischer Bedrohung betroffener Mensch aus Dortmund und eine Aktivistin aus antifaschistischen Zusammenh\u00e4ngen<\/em><\/p>\n<p><em>Moderation: Prof. Dr. Stephan Bundschuh (FH Koblenz, ehemaliger Gesch\u00e4ftsf\u00fchrer IDA NRW)<\/em><\/p>\n<p><em>VeranstalterInnen: Antifa-Arbeitskreis an der FH D\u00fcsseldorf, Antirassistisches Bildungsforum Rheinland, AG INPUT, Beratungsnetzwerk Rechtsextremismus im Regierungsbezirk D\u00fcsseldorf, Forschungsschwerpunkt Rechtsextremismus\/Neonazismus der FH D\u00fcsseldorf, Landesintegrationsrat NRW, fiftyfifty \u2013 das Stra\u00dfenmagazin, AStA FH D\u00fcsseldorf, Autonomes Schwulenreferat an Uni und FH D\u00fcsseldorf, Autonomes Lesbenreferat an der FH D\u00fcsseldorf, Zakk.<\/em><\/p>\n<p><strong><em>Datum: Mittwoch, 16. M\u00e4rz 2011, 20.00 Uhr<br \/>\nOrt: <a href=\"http:\/\/www.zakk.de\">Kulturzentrum zakk<\/a>, Fichtenstr. 40, D\u00fcsseldorf<br \/>\nEintritt frei<br \/>\n<\/em><\/strong><\/p>\n","protected":false},"excerpt":{"rendered":"<p>Bedrohungen, Schl\u00e4ge, \u00dcberf\u00e4lle \u2013 die rechtsextreme Szene in Nordrhein-Westfalen geht zunehmend aggressiv gegen vermeintliche politische Gegner und Menschen anderer Hautfarbe vor. Mit einer Podiumsdiskussion wollen Beratungsstellen und Betroffene am 16. M\u00e4rz auf das Thema aufmerksam machen und gemeinsam Strategien gegen rechte Gewalt diskutieren. Der St\u00f6rungsmelder dokumentiert das Einladungsschreiben:<\/p>\n","protected":false},"author":229,"featured_media":0,"comment_status":"open","ping_status":"open","sticky":false,"template":"","format":"standard","meta":{"_jetpack_memberships_contains_paid_content":false,"footnotes":""},"categories":[1291],"tags":[10495,1755],"class_list":["post-5854","post","type-post","status-publish","format-standard","hentry","category-nordrhein-westfalen","tag-podiumsdiskussion","tag-rechte-gewalt"],"yoast_head":"<!-- This site is optimized with the Yoast SEO plugin v21.0 - https:\/\/yoast.com\/wordpress\/plugins\/seo\/ -->\n<title>Podiumsdiskussion: Rechte Gewalt und deren Opfer - St\u00f6rungsmelder<\/title>\n<meta name=\"robots\" content=\"index, follow, max-snippet:-1, max-image-preview:large, max-video-preview:-1\" \/>\n<link rel=\"canonical\" href=\"https:\/\/blog.zeit.de\/stoerungsmelder\/2011\/03\/07\/podiumsdiskussion-rechte-gewalt-und-deren-opfer_5854\" \/>\n<meta property=\"og:locale\" content=\"de_DE\" \/>\n<meta property=\"og:type\" content=\"article\" \/>\n<meta property=\"og:title\" content=\"Podiumsdiskussion: Rechte Gewalt und deren Opfer - St\u00f6rungsmelder\" \/>\n<meta property=\"og:description\" content=\"Bedrohungen, Schl\u00e4ge, \u00dcberf\u00e4lle \u2013 die rechtsextreme Szene in Nordrhein-Westfalen geht zunehmend aggressiv gegen vermeintliche politische Gegner und Menschen anderer Hautfarbe vor. Mit einer Podiumsdiskussion wollen Beratungsstellen und Betroffene am 16. M\u00e4rz auf das Thema aufmerksam machen und gemeinsam Strategien gegen rechte Gewalt diskutieren. Der St\u00f6rungsmelder dokumentiert das Einladungsschreiben:\" \/>\n<meta property=\"og:url\" content=\"https:\/\/blog.zeit.de\/stoerungsmelder\/2011\/03\/07\/podiumsdiskussion-rechte-gewalt-und-deren-opfer_5854\" \/>\n<meta property=\"og:site_name\" content=\"St\u00f6rungsmelder\" \/>\n<meta property=\"article:published_time\" content=\"2011-03-07T13:54:37+00:00\" \/>\n<meta property=\"article:modified_time\" content=\"2011-03-07T13:55:08+00:00\" \/>\n<meta property=\"og:image\" content=\"https:\/\/blog.zeit.de\/stoerungsmelder\/files\/2010\/05\/kudamm2-275x300.jpg\" \/>\n<meta name=\"author\" content=\"St\u00f6rungsmelder\" \/>\n<meta name=\"twitter:card\" content=\"summary_large_image\" \/>\n<meta name=\"twitter:label1\" content=\"Geschrieben von\" \/>\n\t<meta name=\"twitter:data1\" content=\"St\u00f6rungsmelder\" \/>\n\t<meta name=\"twitter:label2\" content=\"Gesch\u00e4tzte Lesezeit\" \/>\n\t<meta name=\"twitter:data2\" content=\"2\u00a0Minuten\" \/>\n<script type=\"application\/ld+json\" class=\"yoast-schema-graph\">{\"@context\":\"https:\/\/schema.org\",\"@graph\":[{\"@type\":\"WebPage\",\"@id\":\"https:\/\/blog.zeit.de\/stoerungsmelder\/2011\/03\/07\/podiumsdiskussion-rechte-gewalt-und-deren-opfer_5854\",\"url\":\"https:\/\/blog.zeit.de\/stoerungsmelder\/2011\/03\/07\/podiumsdiskussion-rechte-gewalt-und-deren-opfer_5854\",\"name\":\"Podiumsdiskussion: Rechte Gewalt und deren Opfer - St\u00f6rungsmelder\",\"isPartOf\":{\"@id\":\"https:\/\/blog.zeit.de\/stoerungsmelder\/#website\"},\"datePublished\":\"2011-03-07T13:54:37+00:00\",\"dateModified\":\"2011-03-07T13:55:08+00:00\",\"author\":{\"@id\":\"https:\/\/blog.zeit.de\/stoerungsmelder\/#\/schema\/person\/fdd0b9818f65738672810b6d6f037f71\"},\"breadcrumb\":{\"@id\":\"https:\/\/blog.zeit.de\/stoerungsmelder\/2011\/03\/07\/podiumsdiskussion-rechte-gewalt-und-deren-opfer_5854#breadcrumb\"},\"inLanguage\":\"de\",\"potentialAction\":[{\"@type\":\"ReadAction\",\"target\":[\"https:\/\/blog.zeit.de\/stoerungsmelder\/2011\/03\/07\/podiumsdiskussion-rechte-gewalt-und-deren-opfer_5854\"]}]},{\"@type\":\"BreadcrumbList\",\"@id\":\"https:\/\/blog.zeit.de\/stoerungsmelder\/2011\/03\/07\/podiumsdiskussion-rechte-gewalt-und-deren-opfer_5854#breadcrumb\",\"itemListElement\":[{\"@type\":\"ListItem\",\"position\":1,\"name\":\"Startseite\",\"item\":\"https:\/\/blog.zeit.de\/stoerungsmelder\"},{\"@type\":\"ListItem\",\"position\":2,\"name\":\"Podiumsdiskussion: Rechte Gewalt und deren Opfer\"}]},{\"@type\":\"WebSite\",\"@id\":\"https:\/\/blog.zeit.de\/stoerungsmelder\/#website\",\"url\":\"https:\/\/blog.zeit.de\/stoerungsmelder\/\",\"name\":\"St\u00f6rungsmelder\",\"description\":\"Recherchen und Analysen \u00fcber die extreme Rechte\",\"potentialAction\":[{\"@type\":\"SearchAction\",\"target\":{\"@type\":\"EntryPoint\",\"urlTemplate\":\"https:\/\/blog.zeit.de\/stoerungsmelder\/?s={search_term_string}\"},\"query-input\":\"required name=search_term_string\"}],\"inLanguage\":\"de\"},{\"@type\":\"Person\",\"@id\":\"https:\/\/blog.zeit.de\/stoerungsmelder\/#\/schema\/person\/fdd0b9818f65738672810b6d6f037f71\",\"name\":\"St\u00f6rungsmelder\",\"image\":{\"@type\":\"ImageObject\",\"inLanguage\":\"de\",\"@id\":\"https:\/\/blog.zeit.de\/stoerungsmelder\/#\/schema\/person\/image\/\",\"url\":\"https:\/\/secure.gravatar.com\/avatar\/dfa4be514c3e82a71e4f9a0020035d38192d080ccaa5e4e6d7a1472c763535c5?s=96&d=mm&r=pg\",\"contentUrl\":\"https:\/\/secure.gravatar.com\/avatar\/dfa4be514c3e82a71e4f9a0020035d38192d080ccaa5e4e6d7a1472c763535c5?s=96&d=mm&r=pg\",\"caption\":\"St\u00f6rungsmelder\"},\"url\":\"https:\/\/blog.zeit.de\/stoerungsmelder\/author\/stoerungsmelder\"}]}<\/script>\n<!-- \/ Yoast SEO plugin. -->","yoast_head_json":{"title":"Podiumsdiskussion: Rechte Gewalt und deren Opfer - St\u00f6rungsmelder","robots":{"index":"index","follow":"follow","max-snippet":"max-snippet:-1","max-image-preview":"max-image-preview:large","max-video-preview":"max-video-preview:-1"},"canonical":"https:\/\/blog.zeit.de\/stoerungsmelder\/2011\/03\/07\/podiumsdiskussion-rechte-gewalt-und-deren-opfer_5854","og_locale":"de_DE","og_type":"article","og_title":"Podiumsdiskussion: Rechte Gewalt und deren Opfer - St\u00f6rungsmelder","og_description":"Bedrohungen, Schl\u00e4ge, \u00dcberf\u00e4lle \u2013 die rechtsextreme Szene in Nordrhein-Westfalen geht zunehmend aggressiv gegen vermeintliche politische Gegner und Menschen anderer Hautfarbe vor. Mit einer Podiumsdiskussion wollen Beratungsstellen und Betroffene am 16. M\u00e4rz auf das Thema aufmerksam machen und gemeinsam Strategien gegen rechte Gewalt diskutieren. Der St\u00f6rungsmelder dokumentiert das Einladungsschreiben:","og_url":"https:\/\/blog.zeit.de\/stoerungsmelder\/2011\/03\/07\/podiumsdiskussion-rechte-gewalt-und-deren-opfer_5854","og_site_name":"St\u00f6rungsmelder","article_published_time":"2011-03-07T13:54:37+00:00","article_modified_time":"2011-03-07T13:55:08+00:00","og_image":[{"url":"https:\/\/blog.zeit.de\/stoerungsmelder\/files\/2010\/05\/kudamm2-275x300.jpg"}],"author":"St\u00f6rungsmelder","twitter_card":"summary_large_image","twitter_misc":{"Geschrieben von":"St\u00f6rungsmelder","Gesch\u00e4tzte Lesezeit":"2\u00a0Minuten"},"schema":{"@context":"https:\/\/schema.org","@graph":[{"@type":"WebPage","@id":"https:\/\/blog.zeit.de\/stoerungsmelder\/2011\/03\/07\/podiumsdiskussion-rechte-gewalt-und-deren-opfer_5854","url":"https:\/\/blog.zeit.de\/stoerungsmelder\/2011\/03\/07\/podiumsdiskussion-rechte-gewalt-und-deren-opfer_5854","name":"Podiumsdiskussion: Rechte Gewalt und deren Opfer - St\u00f6rungsmelder","isPartOf":{"@id":"https:\/\/blog.zeit.de\/stoerungsmelder\/#website"},"datePublished":"2011-03-07T13:54:37+00:00","dateModified":"2011-03-07T13:55:08+00:00","author":{"@id":"https:\/\/blog.zeit.de\/stoerungsmelder\/#\/schema\/person\/fdd0b9818f65738672810b6d6f037f71"},"breadcrumb":{"@id":"https:\/\/blog.zeit.de\/stoerungsmelder\/2011\/03\/07\/podiumsdiskussion-rechte-gewalt-und-deren-opfer_5854#breadcrumb"},"inLanguage":"de","potentialAction":[{"@type":"ReadAction","target":["https:\/\/blog.zeit.de\/stoerungsmelder\/2011\/03\/07\/podiumsdiskussion-rechte-gewalt-und-deren-opfer_5854"]}]},{"@type":"BreadcrumbList","@id":"https:\/\/blog.zeit.de\/stoerungsmelder\/2011\/03\/07\/podiumsdiskussion-rechte-gewalt-und-deren-opfer_5854#breadcrumb","itemListElement":[{"@type":"ListItem","position":1,"name":"Startseite","item":"https:\/\/blog.zeit.de\/stoerungsmelder"},{"@type":"ListItem","position":2,"name":"Podiumsdiskussion: Rechte Gewalt und deren Opfer"}]},{"@type":"WebSite","@id":"https:\/\/blog.zeit.de\/stoerungsmelder\/#website","url":"https:\/\/blog.zeit.de\/stoerungsmelder\/","name":"St\u00f6rungsmelder","description":"Recherchen und Analysen \u00fcber die extreme Rechte","potentialAction":[{"@type":"SearchAction","target":{"@type":"EntryPoint","urlTemplate":"https:\/\/blog.zeit.de\/stoerungsmelder\/?s={search_term_string}"},"query-input":"required name=search_term_string"}],"inLanguage":"de"},{"@type":"Person","@id":"https:\/\/blog.zeit.de\/stoerungsmelder\/#\/schema\/person\/fdd0b9818f65738672810b6d6f037f71","name":"St\u00f6rungsmelder","image":{"@type":"ImageObject","inLanguage":"de","@id":"https:\/\/blog.zeit.de\/stoerungsmelder\/#\/schema\/person\/image\/","url":"https:\/\/secure.gravatar.com\/avatar\/dfa4be514c3e82a71e4f9a0020035d38192d080ccaa5e4e6d7a1472c763535c5?s=96&d=mm&r=pg","contentUrl":"https:\/\/secure.gravatar.com\/avatar\/dfa4be514c3e82a71e4f9a0020035d38192d080ccaa5e4e6d7a1472c763535c5?s=96&d=mm&r=pg","caption":"St\u00f6rungsmelder"},"url":"https:\/\/blog.zeit.de\/stoerungsmelder\/author\/stoerungsmelder"}]}},"jetpack_featured_media_url":"","jetpack_sharing_enabled":true,"_links":{"self":[{"href":"https:\/\/blog.zeit.de\/stoerungsmelder\/wp-json\/wp\/v2\/posts\/5854","targetHints":{"allow":["GET"]}}],"collection":[{"href":"https:\/\/blog.zeit.de\/stoerungsmelder\/wp-json\/wp\/v2\/posts"}],"about":[{"href":"https:\/\/blog.zeit.de\/stoerungsmelder\/wp-json\/wp\/v2\/types\/post"}],"author":[{"embeddable":true,"href":"https:\/\/blog.zeit.de\/stoerungsmelder\/wp-json\/wp\/v2\/users\/229"}],"replies":[{"embeddable":true,"href":"https:\/\/blog.zeit.de\/stoerungsmelder\/wp-json\/wp\/v2\/comments?post=5854"}],"version-history":[{"count":6,"href":"https:\/\/blog.zeit.de\/stoerungsmelder\/wp-json\/wp\/v2\/posts\/5854\/revisions"}],"predecessor-version":[{"id":5860,"href":"https:\/\/blog.zeit.de\/stoerungsmelder\/wp-json\/wp\/v2\/posts\/5854\/revisions\/5860"}],"wp:attachment":[{"href":"https:\/\/blog.zeit.de\/stoerungsmelder\/wp-json\/wp\/v2\/media?parent=5854"}],"wp:term":[{"taxonomy":"category","embeddable":true,"href":"https:\/\/blog.zeit.de\/stoerungsmelder\/wp-json\/wp\/v2\/categories?post=5854"},{"taxonomy":"post_tag","embeddable":true,"href":"https:\/\/blog.zeit.de\/stoerungsmelder\/wp-json\/wp\/v2\/tags?post=5854"}],"curies":[{"name":"wp","href":"https:\/\/api.w.org\/{rel}","templated":true}]}}