{"id":5861,"date":"2011-03-12T10:24:57","date_gmt":"2011-03-12T09:24:57","guid":{"rendered":"http:\/\/blog.zeit.de\/stoerungsmelder\/?p=5861"},"modified":"2017-07-08T16:39:40","modified_gmt":"2017-07-08T14:39:40","slug":"magdeburg-neonazi-als-tursteher","status":"publish","type":"post","link":"https:\/\/blog.zeit.de\/stoerungsmelder\/2011\/03\/12\/magdeburg-neonazi-als-tursteher_5861","title":{"rendered":"Magdeburg: Neonazi als T\u00fcrsteher"},"content":{"rendered":"<p><figure id=\"attachment_5862\" aria-describedby=\"caption-attachment-5862\" style=\"width: 540px\" class=\"wp-caption aligncenter\"><a href=\"https:\/\/blog.zeit.de\/stoerungsmelder\/files\/2011\/03\/knape_web.jpg\"><img loading=\"lazy\" decoding=\"async\" class=\"size-full wp-image-5862\" src=\"https:\/\/blog.zeit.de\/stoerungsmelder\/files\/2011\/03\/knape_web.jpg\" alt=\"\" width=\"540\" height=\"332\" srcset=\"https:\/\/blog.zeit.de\/stoerungsmelder\/files\/2011\/03\/knape_web.jpg 540w, https:\/\/blog.zeit.de\/stoerungsmelder\/files\/2011\/03\/knape_web-300x184.jpg 300w\" sizes=\"auto, (max-width: 540px) 100vw, 540px\" \/><\/a><figcaption id=\"caption-attachment-5862\" class=\"wp-caption-text\">Andy Knape als Ordner bei einem Naziaufmarsch<\/figcaption><\/figure><\/p>\n<p>Es sollte ein netter Abend in einem beliebten Magdeburger Veranstaltungszentrum werden. Doch vielen alternativen Jugendlichen wurde der Eintritt verwehrt. Der Grund: an der T\u00fcr hatte sich ein bekannter Neonazi und NPD-Funktion\u00e4r als selbsternannter Security aufgebaut. Die Betreiber des Klubs wurden v\u00f6llig \u00fcberrascht und haben den Rechtsextremist Andy Knape jetzt angezeigt.<!--more--><\/p>\n<p>Die <a href=\"http:\/\/festungmark.gmkw.de\/\">Festung Mark<\/a> ist in Magdeburg f\u00fcr gut besuchte Musik- und Kulturveranstaltungen bekannt.  Als nach der Veranstaltung zahlreiche Beschwerdemails eingingen und <a href=\"http:\/\/de.indymedia.org\/2011\/03\/301781.shtml?c=on#comments2\">ein Bericht von Betroffenen im Internet<\/a> auftauchte, reagierte Gesch\u00e4ftsf\u00fchrer Christian Szibor schnell. \u201eWir haben sofort Konsequenzen gezogen und den Partyveranstalter kontaktiert\u201c, sagte Szibor dem St\u00f6rungsmelder. Man habe in den vergangenen Jahren immer klar gemacht, dass man im Haus keine Neonazis dulde. Jetzt m\u00fcsse gekl\u00e4rt werden, wie es \u00fcberhaupt dazu kommen konnte, dass Knape sich an der T\u00fcr als falscher Sicherheitsmann aufspielen konnte. In einem Statement des Festungsteams hei\u00dft es:<\/p>\n<p><em>Am 26. Februar 2011 fand in der FestungMark eine Tanzveranstaltung des Labels \u201eDiamant Brauerei\u201c mit dem international bekannten DJ-Projekt \u201eTiefschwarz\u201c* statt. Sowohl der Veranstalter als auch die gebuchten K\u00fcnstler sind der Gesch\u00e4ftsf\u00fchrung der Festung Mark als seri\u00f6se Unternehmen bekannt. Vertragspartner der FestungMark ist allein der Veranstalter, mit dem ein Nutzungsvertrag f\u00fcr diese Veranstaltung geschlossen wurde.<\/em><\/p>\n<p><em>Der Veranstalter beauftragte eine uns nicht bekannte Security-Firma f\u00fcr den Einlassdienst.<br \/>\nEntgegen einer Behauptung geh\u00f6rte jedoch nach R\u00fcckversicherung des Veranstalters der NPD-Kandidat Andy Knape nicht zum Security-Personal. Allerdings stellte sich im Nachhinein heraus, dass Herr Knape die Veranstaltung besuchte und sich l\u00e4ngere Zeit am Einlass aufgehalten haben soll.<\/em><\/p>\n<p><em>Wie wir erfahren haben, wurde an diesem Abend Besuchern der Zutritt verwehrt und es soll vor der T\u00fcr eine Pr\u00fcgelei stattgefunden haben.<\/em><\/p>\n<p><em>Das Team der Festung Mark verurteilt die Vorkommnisse entschieden und die Gesch\u00e4ftsf\u00fchrung hat Strafanzeige eingereicht.<\/em><\/p>\n<p>Andy Knape ist seit vielen Jahren in der Neonaziszene aktiv und kandidiert derzeit als NPD-Landtagskandidat f\u00fcr die kommenden Wahlen. Zudem ist Knape h\u00e4ufig bei Neonaziaufm\u00e4rschen als offizieller ordner aktiv. So beispielsweise bei dem rechtsextremen Aufzug am 1. Mai 2010 in Berlin. Auf dem <a href=\"http:\/\/www.waehlnichtnpd.de\/index.php?option=com_content&amp;view=article&amp;id=20&amp;Itemid=5\">Recherche-Portal \u201eW\u00e4hl nicht NPD\u201c<\/a>, findet sich ein l\u00e4ngerer Text zu ihm. Darin hei\u00dft es unter anderem:<\/p>\n<p><em>Bei h\u00e4ufigen Auftritten als Redner bei Naziaufm\u00e4rschen im gesamten Bundesgebiet, bei denen er den ergriffenen Volksdeutschen in unnachahmlich monotoner Art erkl\u00e4rt, wieso das verhasste demokratische System zu Fall zu bringen sei, um eine &#8222;neue&#8220; Ordnung zu erschaffen, hat er sich in der JN-Hierarchie mittlerweile hochgedient, weshalb er im Juni 2010 zum stellv. Bundesvorsitzenden gew\u00e4hlt wurde.<\/em><\/p>\n","protected":false},"excerpt":{"rendered":"<p>Es sollte ein netter Abend in einem beliebten Magdeburger Veranstaltungszentrum werden. Doch vielen alternativen Jugendlichen wurde der Eintritt verwehrt. Der Grund: an der T\u00fcr hatte sich ein bekannter Neonazi und NPD-Funktion\u00e4r als selbsternannter Security aufgebaut. Die Betreiber des Klubs wurden v\u00f6llig \u00fcberrascht und haben den Rechtsextremist Andy Knape jetzt angezeigt.<\/p>\n","protected":false},"author":229,"featured_media":0,"comment_status":"open","ping_status":"open","sticky":false,"template":"","format":"standard","meta":{"_jetpack_memberships_contains_paid_content":false,"footnotes":""},"categories":[1457],"tags":[11348,1755],"class_list":["post-5861","post","type-post","status-publish","format-standard","hentry","category-sachsen-anhalt","tag-andy-knape","tag-rechte-gewalt"],"yoast_head":"<!-- This site is optimized with the Yoast SEO plugin v21.0 - https:\/\/yoast.com\/wordpress\/plugins\/seo\/ -->\n<title>Magdeburg: Neonazi als T\u00fcrsteher - St\u00f6rungsmelder<\/title>\n<meta name=\"robots\" content=\"index, follow, max-snippet:-1, max-image-preview:large, max-video-preview:-1\" \/>\n<link rel=\"canonical\" href=\"https:\/\/blog.zeit.de\/stoerungsmelder\/2011\/03\/12\/magdeburg-neonazi-als-tursteher_5861\" \/>\n<meta property=\"og:locale\" content=\"de_DE\" \/>\n<meta property=\"og:type\" content=\"article\" \/>\n<meta property=\"og:title\" content=\"Magdeburg: Neonazi als T\u00fcrsteher - St\u00f6rungsmelder\" \/>\n<meta property=\"og:description\" content=\"Es sollte ein netter Abend in einem beliebten Magdeburger Veranstaltungszentrum werden. Doch vielen alternativen Jugendlichen wurde der Eintritt verwehrt. Der Grund: an der T\u00fcr hatte sich ein bekannter Neonazi und NPD-Funktion\u00e4r als selbsternannter Security aufgebaut. Die Betreiber des Klubs wurden v\u00f6llig \u00fcberrascht und haben den Rechtsextremist Andy Knape jetzt angezeigt.\" \/>\n<meta property=\"og:url\" content=\"https:\/\/blog.zeit.de\/stoerungsmelder\/2011\/03\/12\/magdeburg-neonazi-als-tursteher_5861\" \/>\n<meta property=\"og:site_name\" content=\"St\u00f6rungsmelder\" \/>\n<meta property=\"article:published_time\" content=\"2011-03-12T09:24:57+00:00\" \/>\n<meta property=\"article:modified_time\" content=\"2017-07-08T14:39:40+00:00\" \/>\n<meta property=\"og:image\" content=\"https:\/\/blog.zeit.de\/stoerungsmelder\/files\/2011\/03\/knape_web.jpg\" \/>\n<meta name=\"author\" content=\"St\u00f6rungsmelder\" \/>\n<meta name=\"twitter:card\" content=\"summary_large_image\" \/>\n<meta name=\"twitter:label1\" content=\"Geschrieben von\" \/>\n\t<meta name=\"twitter:data1\" content=\"St\u00f6rungsmelder\" \/>\n\t<meta name=\"twitter:label2\" content=\"Gesch\u00e4tzte Lesezeit\" \/>\n\t<meta name=\"twitter:data2\" content=\"2\u00a0Minuten\" \/>\n<script type=\"application\/ld+json\" class=\"yoast-schema-graph\">{\"@context\":\"https:\/\/schema.org\",\"@graph\":[{\"@type\":\"WebPage\",\"@id\":\"https:\/\/blog.zeit.de\/stoerungsmelder\/2011\/03\/12\/magdeburg-neonazi-als-tursteher_5861\",\"url\":\"https:\/\/blog.zeit.de\/stoerungsmelder\/2011\/03\/12\/magdeburg-neonazi-als-tursteher_5861\",\"name\":\"Magdeburg: Neonazi als T\u00fcrsteher - St\u00f6rungsmelder\",\"isPartOf\":{\"@id\":\"https:\/\/blog.zeit.de\/stoerungsmelder\/#website\"},\"datePublished\":\"2011-03-12T09:24:57+00:00\",\"dateModified\":\"2017-07-08T14:39:40+00:00\",\"author\":{\"@id\":\"https:\/\/blog.zeit.de\/stoerungsmelder\/#\/schema\/person\/fdd0b9818f65738672810b6d6f037f71\"},\"breadcrumb\":{\"@id\":\"https:\/\/blog.zeit.de\/stoerungsmelder\/2011\/03\/12\/magdeburg-neonazi-als-tursteher_5861#breadcrumb\"},\"inLanguage\":\"de\",\"potentialAction\":[{\"@type\":\"ReadAction\",\"target\":[\"https:\/\/blog.zeit.de\/stoerungsmelder\/2011\/03\/12\/magdeburg-neonazi-als-tursteher_5861\"]}]},{\"@type\":\"BreadcrumbList\",\"@id\":\"https:\/\/blog.zeit.de\/stoerungsmelder\/2011\/03\/12\/magdeburg-neonazi-als-tursteher_5861#breadcrumb\",\"itemListElement\":[{\"@type\":\"ListItem\",\"position\":1,\"name\":\"Startseite\",\"item\":\"https:\/\/blog.zeit.de\/stoerungsmelder\"},{\"@type\":\"ListItem\",\"position\":2,\"name\":\"Magdeburg: Neonazi als T\u00fcrsteher\"}]},{\"@type\":\"WebSite\",\"@id\":\"https:\/\/blog.zeit.de\/stoerungsmelder\/#website\",\"url\":\"https:\/\/blog.zeit.de\/stoerungsmelder\/\",\"name\":\"St\u00f6rungsmelder\",\"description\":\"Recherchen und Analysen \u00fcber die extreme Rechte\",\"potentialAction\":[{\"@type\":\"SearchAction\",\"target\":{\"@type\":\"EntryPoint\",\"urlTemplate\":\"https:\/\/blog.zeit.de\/stoerungsmelder\/?s={search_term_string}\"},\"query-input\":\"required name=search_term_string\"}],\"inLanguage\":\"de\"},{\"@type\":\"Person\",\"@id\":\"https:\/\/blog.zeit.de\/stoerungsmelder\/#\/schema\/person\/fdd0b9818f65738672810b6d6f037f71\",\"name\":\"St\u00f6rungsmelder\",\"image\":{\"@type\":\"ImageObject\",\"inLanguage\":\"de\",\"@id\":\"https:\/\/blog.zeit.de\/stoerungsmelder\/#\/schema\/person\/image\/\",\"url\":\"https:\/\/secure.gravatar.com\/avatar\/dfa4be514c3e82a71e4f9a0020035d38192d080ccaa5e4e6d7a1472c763535c5?s=96&d=mm&r=pg\",\"contentUrl\":\"https:\/\/secure.gravatar.com\/avatar\/dfa4be514c3e82a71e4f9a0020035d38192d080ccaa5e4e6d7a1472c763535c5?s=96&d=mm&r=pg\",\"caption\":\"St\u00f6rungsmelder\"},\"url\":\"https:\/\/blog.zeit.de\/stoerungsmelder\/author\/stoerungsmelder\"}]}<\/script>\n<!-- \/ Yoast SEO plugin. -->","yoast_head_json":{"title":"Magdeburg: Neonazi als T\u00fcrsteher - St\u00f6rungsmelder","robots":{"index":"index","follow":"follow","max-snippet":"max-snippet:-1","max-image-preview":"max-image-preview:large","max-video-preview":"max-video-preview:-1"},"canonical":"https:\/\/blog.zeit.de\/stoerungsmelder\/2011\/03\/12\/magdeburg-neonazi-als-tursteher_5861","og_locale":"de_DE","og_type":"article","og_title":"Magdeburg: Neonazi als T\u00fcrsteher - St\u00f6rungsmelder","og_description":"Es sollte ein netter Abend in einem beliebten Magdeburger Veranstaltungszentrum werden. Doch vielen alternativen Jugendlichen wurde der Eintritt verwehrt. Der Grund: an der T\u00fcr hatte sich ein bekannter Neonazi und NPD-Funktion\u00e4r als selbsternannter Security aufgebaut. Die Betreiber des Klubs wurden v\u00f6llig \u00fcberrascht und haben den Rechtsextremist Andy Knape jetzt angezeigt.","og_url":"https:\/\/blog.zeit.de\/stoerungsmelder\/2011\/03\/12\/magdeburg-neonazi-als-tursteher_5861","og_site_name":"St\u00f6rungsmelder","article_published_time":"2011-03-12T09:24:57+00:00","article_modified_time":"2017-07-08T14:39:40+00:00","og_image":[{"url":"https:\/\/blog.zeit.de\/stoerungsmelder\/files\/2011\/03\/knape_web.jpg"}],"author":"St\u00f6rungsmelder","twitter_card":"summary_large_image","twitter_misc":{"Geschrieben von":"St\u00f6rungsmelder","Gesch\u00e4tzte Lesezeit":"2\u00a0Minuten"},"schema":{"@context":"https:\/\/schema.org","@graph":[{"@type":"WebPage","@id":"https:\/\/blog.zeit.de\/stoerungsmelder\/2011\/03\/12\/magdeburg-neonazi-als-tursteher_5861","url":"https:\/\/blog.zeit.de\/stoerungsmelder\/2011\/03\/12\/magdeburg-neonazi-als-tursteher_5861","name":"Magdeburg: Neonazi als T\u00fcrsteher - St\u00f6rungsmelder","isPartOf":{"@id":"https:\/\/blog.zeit.de\/stoerungsmelder\/#website"},"datePublished":"2011-03-12T09:24:57+00:00","dateModified":"2017-07-08T14:39:40+00:00","author":{"@id":"https:\/\/blog.zeit.de\/stoerungsmelder\/#\/schema\/person\/fdd0b9818f65738672810b6d6f037f71"},"breadcrumb":{"@id":"https:\/\/blog.zeit.de\/stoerungsmelder\/2011\/03\/12\/magdeburg-neonazi-als-tursteher_5861#breadcrumb"},"inLanguage":"de","potentialAction":[{"@type":"ReadAction","target":["https:\/\/blog.zeit.de\/stoerungsmelder\/2011\/03\/12\/magdeburg-neonazi-als-tursteher_5861"]}]},{"@type":"BreadcrumbList","@id":"https:\/\/blog.zeit.de\/stoerungsmelder\/2011\/03\/12\/magdeburg-neonazi-als-tursteher_5861#breadcrumb","itemListElement":[{"@type":"ListItem","position":1,"name":"Startseite","item":"https:\/\/blog.zeit.de\/stoerungsmelder"},{"@type":"ListItem","position":2,"name":"Magdeburg: Neonazi als T\u00fcrsteher"}]},{"@type":"WebSite","@id":"https:\/\/blog.zeit.de\/stoerungsmelder\/#website","url":"https:\/\/blog.zeit.de\/stoerungsmelder\/","name":"St\u00f6rungsmelder","description":"Recherchen und Analysen \u00fcber die extreme Rechte","potentialAction":[{"@type":"SearchAction","target":{"@type":"EntryPoint","urlTemplate":"https:\/\/blog.zeit.de\/stoerungsmelder\/?s={search_term_string}"},"query-input":"required name=search_term_string"}],"inLanguage":"de"},{"@type":"Person","@id":"https:\/\/blog.zeit.de\/stoerungsmelder\/#\/schema\/person\/fdd0b9818f65738672810b6d6f037f71","name":"St\u00f6rungsmelder","image":{"@type":"ImageObject","inLanguage":"de","@id":"https:\/\/blog.zeit.de\/stoerungsmelder\/#\/schema\/person\/image\/","url":"https:\/\/secure.gravatar.com\/avatar\/dfa4be514c3e82a71e4f9a0020035d38192d080ccaa5e4e6d7a1472c763535c5?s=96&d=mm&r=pg","contentUrl":"https:\/\/secure.gravatar.com\/avatar\/dfa4be514c3e82a71e4f9a0020035d38192d080ccaa5e4e6d7a1472c763535c5?s=96&d=mm&r=pg","caption":"St\u00f6rungsmelder"},"url":"https:\/\/blog.zeit.de\/stoerungsmelder\/author\/stoerungsmelder"}]}},"jetpack_featured_media_url":"","jetpack_sharing_enabled":true,"_links":{"self":[{"href":"https:\/\/blog.zeit.de\/stoerungsmelder\/wp-json\/wp\/v2\/posts\/5861","targetHints":{"allow":["GET"]}}],"collection":[{"href":"https:\/\/blog.zeit.de\/stoerungsmelder\/wp-json\/wp\/v2\/posts"}],"about":[{"href":"https:\/\/blog.zeit.de\/stoerungsmelder\/wp-json\/wp\/v2\/types\/post"}],"author":[{"embeddable":true,"href":"https:\/\/blog.zeit.de\/stoerungsmelder\/wp-json\/wp\/v2\/users\/229"}],"replies":[{"embeddable":true,"href":"https:\/\/blog.zeit.de\/stoerungsmelder\/wp-json\/wp\/v2\/comments?post=5861"}],"version-history":[{"count":8,"href":"https:\/\/blog.zeit.de\/stoerungsmelder\/wp-json\/wp\/v2\/posts\/5861\/revisions"}],"predecessor-version":[{"id":24172,"href":"https:\/\/blog.zeit.de\/stoerungsmelder\/wp-json\/wp\/v2\/posts\/5861\/revisions\/24172"}],"wp:attachment":[{"href":"https:\/\/blog.zeit.de\/stoerungsmelder\/wp-json\/wp\/v2\/media?parent=5861"}],"wp:term":[{"taxonomy":"category","embeddable":true,"href":"https:\/\/blog.zeit.de\/stoerungsmelder\/wp-json\/wp\/v2\/categories?post=5861"},{"taxonomy":"post_tag","embeddable":true,"href":"https:\/\/blog.zeit.de\/stoerungsmelder\/wp-json\/wp\/v2\/tags?post=5861"}],"curies":[{"name":"wp","href":"https:\/\/api.w.org\/{rel}","templated":true}]}}