{"id":5887,"date":"2011-03-12T10:34:09","date_gmt":"2011-03-12T09:34:09","guid":{"rendered":"http:\/\/blog.zeit.de\/stoerungsmelder\/?p=5887"},"modified":"2017-07-08T16:39:39","modified_gmt":"2017-07-08T14:39:39","slug":"das-europa-der-vorurteile","status":"publish","type":"post","link":"https:\/\/blog.zeit.de\/stoerungsmelder\/2011\/03\/12\/das-europa-der-vorurteile_5887","title":{"rendered":"Das Europa der Vorurteile"},"content":{"rendered":"<p><img loading=\"lazy\" decoding=\"async\" class=\"aligncenter\" src=\"http:\/\/www.fes-gegen-rechtsextremismus.de\/inhalte\/img_layout\/topgrafik.jpg\" alt=\"\" width=\"539\" height=\"108\" \/><\/p>\n<p>Eine neue Studie zeichnet ein teils d\u00fcsteres Bild von Vorurteilen, Intoleranz und antidemokratischen Einstellungen in Europa. Am Freitag stellte die Friedrich-Ebert-Stiftung die von ihr in Auftrag gegebene Studie \u201eDie Abwertung der Anderen\u201c in Berlin vor. Demnach ist besonders die Islamfeindlichkeit in Europa stark verbreitet. Rund die H\u00e4lfte der befragten Deutschen stimmte der Aussage zu, dass der Islam \u201eeine Religion der Intoleranz\u201c sei. In den Niederlanden, Portugal und Polen stimmten sogar 60 Prozent zu. \u201eGruppenbezogene Menschenfeindlichkeit ist in Europa weit verbreitet\u201c, sagte der f\u00fcr die Studie verantwortliche Wissenschaftler Andreas Zick.<!--more--><\/p>\n<p>Jeweils 1000 Menschen aus Deutschland, Gro\u00dfbritannien, Frankreich, den Niederlanden, Italien, Portugal, Polen und Ungarn wurden f\u00fcr die 2,5 Millionen Euro teure Studie im Jahr 2008 befragt. Finanziert wurde das Projekt durch Spenden privater Stiftungen. Die Wissenschaftler der Universit\u00e4t Bielefeld nennen ihre Ergebnisse \u201eebenso aufschlussreich wie besorgniserregend\u201c. Ziel der Studie sei es, \u201ekonstruktive Impulse f\u00fcr die Arbeit gegen Rechtsextremismus, Fremdenfeindlichkeit und Rassismus und f\u00fcr mehr Demokratie\u201c zu geben.<\/p>\n<p>Neben Islamfeindlichkeit hat die Studie vor allem klassischen Rassismus und Antisemitismus zutage gef\u00f6rdert. 30 Prozent der Deutschen sagen demnach, dass sie an eine \u201enat\u00fcrliche Hierarchie zwischen schwarzen und wei\u00dfen V\u00f6lkern\u201c glauben. In Portugal war etwa die H\u00e4lfte der Befragten dieser Meinung. In fast allen L\u00e4ndern sagte im Durchschnitt jeder Zweite, es gebe zu viele Zuwanderer, obwohl viele sie gleichzeitig als Bereicherung f\u00fcr die eigene Kultur sehen. Stark ausgepr\u00e4gt sind antisemitische und schwulenfeindliche Einstellungsmuster im katholisch gepr\u00e4gten Polen und in Ungarn. Knapp 90 Prozent der Polen und 70 Prozent der Ungarn sprechen sich au\u00dferdem gegen gleichgeschlechtliche Ehen aus. Dass Juden angeblich \u201eVorteile daraus ziehen, dass sie w\u00e4hrend der Nazi- Zeit die Opfer gewesen sind\u201c, denken in Polen 72 Prozent und Ungarn 68 Prozent der Befragten. In Deutschland stimmen dieser Aussage immer noch 48 Prozent zu. Bemerkenswert offen und liberal zeigten sich die Niederlande. In dem Land, in dem die Partei des Rechtspopulisten Geert Wilders viel Zustrom erh\u00e4lt, gab es auf nahezu alle Fragen die niedrigsten Werte.<\/p>\n<p>Insgesamt stellten die Wissenschaftler ein \u201eSyndrom der Abwertung\u201c fest. Wer Vorurteile gegen eine bestimmte Gruppe habe, neige auch gegen\u00fcber anderen Gruppen der Gesellschaft dazu. Dieser Effekt sei kein Ph\u00e4nomen von Randgruppen, sondern auch in der Mitte der Gesellschaft vorhanden. Auffallend sei das Gef\u00fchl politischer Machtlosigkeit und der Wunsch nach einem \u201estarken Mann an der Spitze, der sich nicht um das Parlament oder Wahlen schert\u201c. Andreas Zick sprach von einem \u201efundamentalen Demokratiedefizit in Europa\u201c, das oft mit Intoleranz und Diskriminierung Anderer einhergehe. Als wichtigste Schutzfaktoren sehen die Vorurteilsforscher Vertrauen zu anderen Menschen, feste Freundschaften und Kontakt zu Einwanderern.<\/p>\n<p><a href=\"www.fes-gegen-rechtsextremismus.de\">Die 220 Seiten starke Studie kann hier auf Deutsch und Englisch kostenlos heruntergeladen werden.<\/a><\/p>\n<p><img loading=\"lazy\" decoding=\"async\" src=\"http:\/\/vg01.met.vgwort.de\/na\/45fe949b047944c0a22bb14c7c6874d8\" width=\"1\" height=\"1\" alt=\"\"><\/p>\n","protected":false},"excerpt":{"rendered":"<p>Eine neue Studie zeichnet ein teils d\u00fcsteres Bild von Vorurteilen, Intoleranz und antidemokratischen Einstellungen in Europa. Am Freitag stellte die Friedrich-Ebert-Stiftung die von ihr in Auftrag gegebene Studie \u201eDie Abwertung der Anderen\u201c in Berlin vor. Demnach ist besonders die Islamfeindlichkeit in Europa stark verbreitet. Rund die H\u00e4lfte der befragten Deutschen stimmte der Aussage zu, dass [&hellip;]<\/p>\n","protected":false},"author":229,"featured_media":0,"comment_status":"open","ping_status":"open","sticky":false,"template":"","format":"standard","meta":{"_jetpack_memberships_contains_paid_content":false,"footnotes":""},"categories":[1515],"tags":[1986,1479,1536,11349,1608,97,537],"class_list":["post-5887","post","type-post","status-publish","format-standard","hentry","category-bundesweit","tag-anti-islamismus","tag-antisemitismus","tag-diskriminierung","tag-gruppenbezogene-menschenfeindlichkeit","tag-homophobie","tag-rassismus","tag-studie"],"yoast_head":"<!-- This site is optimized with the Yoast SEO plugin v21.0 - https:\/\/yoast.com\/wordpress\/plugins\/seo\/ -->\n<title>Das Europa der Vorurteile - St\u00f6rungsmelder<\/title>\n<meta name=\"robots\" content=\"index, follow, max-snippet:-1, max-image-preview:large, max-video-preview:-1\" \/>\n<link rel=\"canonical\" href=\"https:\/\/blog.zeit.de\/stoerungsmelder\/2011\/03\/12\/das-europa-der-vorurteile_5887\" \/>\n<meta property=\"og:locale\" content=\"de_DE\" \/>\n<meta property=\"og:type\" content=\"article\" \/>\n<meta property=\"og:title\" content=\"Das Europa der Vorurteile - St\u00f6rungsmelder\" \/>\n<meta property=\"og:description\" content=\"Eine neue Studie zeichnet ein teils d\u00fcsteres Bild von Vorurteilen, Intoleranz und antidemokratischen Einstellungen in Europa. Am Freitag stellte die Friedrich-Ebert-Stiftung die von ihr in Auftrag gegebene Studie \u201eDie Abwertung der Anderen\u201c in Berlin vor. Demnach ist besonders die Islamfeindlichkeit in Europa stark verbreitet. Rund die H\u00e4lfte der befragten Deutschen stimmte der Aussage zu, dass [&hellip;]\" \/>\n<meta property=\"og:url\" content=\"https:\/\/blog.zeit.de\/stoerungsmelder\/2011\/03\/12\/das-europa-der-vorurteile_5887\" \/>\n<meta property=\"og:site_name\" content=\"St\u00f6rungsmelder\" \/>\n<meta property=\"article:published_time\" content=\"2011-03-12T09:34:09+00:00\" \/>\n<meta property=\"article:modified_time\" content=\"2017-07-08T14:39:39+00:00\" \/>\n<meta property=\"og:image\" content=\"http:\/\/www.fes-gegen-rechtsextremismus.de\/inhalte\/img_layout\/topgrafik.jpg\" \/>\n<meta name=\"author\" content=\"St\u00f6rungsmelder\" \/>\n<meta name=\"twitter:card\" content=\"summary_large_image\" \/>\n<meta name=\"twitter:label1\" content=\"Geschrieben von\" \/>\n\t<meta name=\"twitter:data1\" content=\"St\u00f6rungsmelder\" \/>\n\t<meta name=\"twitter:label2\" content=\"Gesch\u00e4tzte Lesezeit\" \/>\n\t<meta name=\"twitter:data2\" content=\"2\u00a0Minuten\" \/>\n<script type=\"application\/ld+json\" class=\"yoast-schema-graph\">{\"@context\":\"https:\/\/schema.org\",\"@graph\":[{\"@type\":\"WebPage\",\"@id\":\"https:\/\/blog.zeit.de\/stoerungsmelder\/2011\/03\/12\/das-europa-der-vorurteile_5887\",\"url\":\"https:\/\/blog.zeit.de\/stoerungsmelder\/2011\/03\/12\/das-europa-der-vorurteile_5887\",\"name\":\"Das Europa der Vorurteile - St\u00f6rungsmelder\",\"isPartOf\":{\"@id\":\"https:\/\/blog.zeit.de\/stoerungsmelder\/#website\"},\"datePublished\":\"2011-03-12T09:34:09+00:00\",\"dateModified\":\"2017-07-08T14:39:39+00:00\",\"author\":{\"@id\":\"https:\/\/blog.zeit.de\/stoerungsmelder\/#\/schema\/person\/fdd0b9818f65738672810b6d6f037f71\"},\"breadcrumb\":{\"@id\":\"https:\/\/blog.zeit.de\/stoerungsmelder\/2011\/03\/12\/das-europa-der-vorurteile_5887#breadcrumb\"},\"inLanguage\":\"de\",\"potentialAction\":[{\"@type\":\"ReadAction\",\"target\":[\"https:\/\/blog.zeit.de\/stoerungsmelder\/2011\/03\/12\/das-europa-der-vorurteile_5887\"]}]},{\"@type\":\"BreadcrumbList\",\"@id\":\"https:\/\/blog.zeit.de\/stoerungsmelder\/2011\/03\/12\/das-europa-der-vorurteile_5887#breadcrumb\",\"itemListElement\":[{\"@type\":\"ListItem\",\"position\":1,\"name\":\"Startseite\",\"item\":\"https:\/\/blog.zeit.de\/stoerungsmelder\"},{\"@type\":\"ListItem\",\"position\":2,\"name\":\"Das Europa der Vorurteile\"}]},{\"@type\":\"WebSite\",\"@id\":\"https:\/\/blog.zeit.de\/stoerungsmelder\/#website\",\"url\":\"https:\/\/blog.zeit.de\/stoerungsmelder\/\",\"name\":\"St\u00f6rungsmelder\",\"description\":\"Recherchen und Analysen \u00fcber die extreme Rechte\",\"potentialAction\":[{\"@type\":\"SearchAction\",\"target\":{\"@type\":\"EntryPoint\",\"urlTemplate\":\"https:\/\/blog.zeit.de\/stoerungsmelder\/?s={search_term_string}\"},\"query-input\":\"required name=search_term_string\"}],\"inLanguage\":\"de\"},{\"@type\":\"Person\",\"@id\":\"https:\/\/blog.zeit.de\/stoerungsmelder\/#\/schema\/person\/fdd0b9818f65738672810b6d6f037f71\",\"name\":\"St\u00f6rungsmelder\",\"image\":{\"@type\":\"ImageObject\",\"inLanguage\":\"de\",\"@id\":\"https:\/\/blog.zeit.de\/stoerungsmelder\/#\/schema\/person\/image\/\",\"url\":\"https:\/\/secure.gravatar.com\/avatar\/dfa4be514c3e82a71e4f9a0020035d38192d080ccaa5e4e6d7a1472c763535c5?s=96&d=mm&r=pg\",\"contentUrl\":\"https:\/\/secure.gravatar.com\/avatar\/dfa4be514c3e82a71e4f9a0020035d38192d080ccaa5e4e6d7a1472c763535c5?s=96&d=mm&r=pg\",\"caption\":\"St\u00f6rungsmelder\"},\"url\":\"https:\/\/blog.zeit.de\/stoerungsmelder\/author\/stoerungsmelder\"}]}<\/script>\n<!-- \/ Yoast SEO plugin. -->","yoast_head_json":{"title":"Das Europa der Vorurteile - St\u00f6rungsmelder","robots":{"index":"index","follow":"follow","max-snippet":"max-snippet:-1","max-image-preview":"max-image-preview:large","max-video-preview":"max-video-preview:-1"},"canonical":"https:\/\/blog.zeit.de\/stoerungsmelder\/2011\/03\/12\/das-europa-der-vorurteile_5887","og_locale":"de_DE","og_type":"article","og_title":"Das Europa der Vorurteile - St\u00f6rungsmelder","og_description":"Eine neue Studie zeichnet ein teils d\u00fcsteres Bild von Vorurteilen, Intoleranz und antidemokratischen Einstellungen in Europa. Am Freitag stellte die Friedrich-Ebert-Stiftung die von ihr in Auftrag gegebene Studie \u201eDie Abwertung der Anderen\u201c in Berlin vor. Demnach ist besonders die Islamfeindlichkeit in Europa stark verbreitet. Rund die H\u00e4lfte der befragten Deutschen stimmte der Aussage zu, dass [&hellip;]","og_url":"https:\/\/blog.zeit.de\/stoerungsmelder\/2011\/03\/12\/das-europa-der-vorurteile_5887","og_site_name":"St\u00f6rungsmelder","article_published_time":"2011-03-12T09:34:09+00:00","article_modified_time":"2017-07-08T14:39:39+00:00","og_image":[{"url":"http:\/\/www.fes-gegen-rechtsextremismus.de\/inhalte\/img_layout\/topgrafik.jpg"}],"author":"St\u00f6rungsmelder","twitter_card":"summary_large_image","twitter_misc":{"Geschrieben von":"St\u00f6rungsmelder","Gesch\u00e4tzte Lesezeit":"2\u00a0Minuten"},"schema":{"@context":"https:\/\/schema.org","@graph":[{"@type":"WebPage","@id":"https:\/\/blog.zeit.de\/stoerungsmelder\/2011\/03\/12\/das-europa-der-vorurteile_5887","url":"https:\/\/blog.zeit.de\/stoerungsmelder\/2011\/03\/12\/das-europa-der-vorurteile_5887","name":"Das Europa der Vorurteile - St\u00f6rungsmelder","isPartOf":{"@id":"https:\/\/blog.zeit.de\/stoerungsmelder\/#website"},"datePublished":"2011-03-12T09:34:09+00:00","dateModified":"2017-07-08T14:39:39+00:00","author":{"@id":"https:\/\/blog.zeit.de\/stoerungsmelder\/#\/schema\/person\/fdd0b9818f65738672810b6d6f037f71"},"breadcrumb":{"@id":"https:\/\/blog.zeit.de\/stoerungsmelder\/2011\/03\/12\/das-europa-der-vorurteile_5887#breadcrumb"},"inLanguage":"de","potentialAction":[{"@type":"ReadAction","target":["https:\/\/blog.zeit.de\/stoerungsmelder\/2011\/03\/12\/das-europa-der-vorurteile_5887"]}]},{"@type":"BreadcrumbList","@id":"https:\/\/blog.zeit.de\/stoerungsmelder\/2011\/03\/12\/das-europa-der-vorurteile_5887#breadcrumb","itemListElement":[{"@type":"ListItem","position":1,"name":"Startseite","item":"https:\/\/blog.zeit.de\/stoerungsmelder"},{"@type":"ListItem","position":2,"name":"Das Europa der Vorurteile"}]},{"@type":"WebSite","@id":"https:\/\/blog.zeit.de\/stoerungsmelder\/#website","url":"https:\/\/blog.zeit.de\/stoerungsmelder\/","name":"St\u00f6rungsmelder","description":"Recherchen und Analysen \u00fcber die extreme Rechte","potentialAction":[{"@type":"SearchAction","target":{"@type":"EntryPoint","urlTemplate":"https:\/\/blog.zeit.de\/stoerungsmelder\/?s={search_term_string}"},"query-input":"required name=search_term_string"}],"inLanguage":"de"},{"@type":"Person","@id":"https:\/\/blog.zeit.de\/stoerungsmelder\/#\/schema\/person\/fdd0b9818f65738672810b6d6f037f71","name":"St\u00f6rungsmelder","image":{"@type":"ImageObject","inLanguage":"de","@id":"https:\/\/blog.zeit.de\/stoerungsmelder\/#\/schema\/person\/image\/","url":"https:\/\/secure.gravatar.com\/avatar\/dfa4be514c3e82a71e4f9a0020035d38192d080ccaa5e4e6d7a1472c763535c5?s=96&d=mm&r=pg","contentUrl":"https:\/\/secure.gravatar.com\/avatar\/dfa4be514c3e82a71e4f9a0020035d38192d080ccaa5e4e6d7a1472c763535c5?s=96&d=mm&r=pg","caption":"St\u00f6rungsmelder"},"url":"https:\/\/blog.zeit.de\/stoerungsmelder\/author\/stoerungsmelder"}]}},"jetpack_featured_media_url":"","jetpack_sharing_enabled":true,"_links":{"self":[{"href":"https:\/\/blog.zeit.de\/stoerungsmelder\/wp-json\/wp\/v2\/posts\/5887","targetHints":{"allow":["GET"]}}],"collection":[{"href":"https:\/\/blog.zeit.de\/stoerungsmelder\/wp-json\/wp\/v2\/posts"}],"about":[{"href":"https:\/\/blog.zeit.de\/stoerungsmelder\/wp-json\/wp\/v2\/types\/post"}],"author":[{"embeddable":true,"href":"https:\/\/blog.zeit.de\/stoerungsmelder\/wp-json\/wp\/v2\/users\/229"}],"replies":[{"embeddable":true,"href":"https:\/\/blog.zeit.de\/stoerungsmelder\/wp-json\/wp\/v2\/comments?post=5887"}],"version-history":[{"count":4,"href":"https:\/\/blog.zeit.de\/stoerungsmelder\/wp-json\/wp\/v2\/posts\/5887\/revisions"}],"predecessor-version":[{"id":24171,"href":"https:\/\/blog.zeit.de\/stoerungsmelder\/wp-json\/wp\/v2\/posts\/5887\/revisions\/24171"}],"wp:attachment":[{"href":"https:\/\/blog.zeit.de\/stoerungsmelder\/wp-json\/wp\/v2\/media?parent=5887"}],"wp:term":[{"taxonomy":"category","embeddable":true,"href":"https:\/\/blog.zeit.de\/stoerungsmelder\/wp-json\/wp\/v2\/categories?post=5887"},{"taxonomy":"post_tag","embeddable":true,"href":"https:\/\/blog.zeit.de\/stoerungsmelder\/wp-json\/wp\/v2\/tags?post=5887"}],"curies":[{"name":"wp","href":"https:\/\/api.w.org\/{rel}","templated":true}]}}