{"id":589,"date":"2008-11-20T15:55:52","date_gmt":"2008-11-20T14:55:52","guid":{"rendered":"http:\/\/blog.zeit.de\/stoerungsmelder\/?p=589"},"modified":"2008-11-20T15:55:52","modified_gmt":"2008-11-20T14:55:52","slug":"proteste-gegen-burschenschaftskommers-in-hamburg","status":"publish","type":"post","link":"https:\/\/blog.zeit.de\/stoerungsmelder\/2008\/11\/20\/proteste-gegen-burschenschaftskommers-in-hamburg_589","title":{"rendered":"Proteste gegen Burschenschaftskommers in Hamburg"},"content":{"rendered":"<p>Am Freitag,den 21.11., findet im Logenhaus in Hamburg, direkt am Platz der J\u00fcdischen Deprtierten, ein &#8222;Hamburger Verb\u00e4nde-Kommers&#8220; statt. Zu dieser j\u00e4hrlich stattfindenden Feier aller Hamburger Studentenverbindungen l\u00e4dt der &#8222;Hamburger Waffenring&#8220; ein, eine Vereinigung der &#8222;schlagenden Verbindungen&#8220; in Hamburg.<\/p>\n<p>Auch extrem rechte schlagende Verbindungen, wie die Burschenschaft Germania, rufen\u00a0 zu diesem Treffen auf. Es regt sich jedoch Widerstand: In einem <a title=\"Offener Brief\" href=\"http:\/\/www.keine-stimme-den-nazis.org\/index.php?option=com_content&amp;task=view&amp;id=1016&amp;Itemid=34\">&#8222;Offenen Brief&#8220;<\/a> des Hamburger B\u00fcndnis gegen Rechts wird das Logenhaus aufgefordert, keine R\u00e4umlichkeiten zur Verf\u00fcgung zu stellen. Ebenso mobilisieren Studierendeninitiativen zur Gegenkundgebung am 21. um 19.00 am Platz der J\u00fcdischen Deportierten.<\/p>\n<p><!--more--><\/p>\n<p>Studentische Verbindungen sind Zusammenschl\u00fcsse von Studierenden und berufst\u00e4tigen Akademikern (&#8222;Alte Herren&#8220;) auf Lebenszeit, deren Umgangs-, Organisations- und Sprachformen von den Traditionen aus dem 18. und 19. Jahrhundert gepr\u00e4gt sind. Die ritualisierten Bes\u00e4ufnisse und die Fechtduelle der &#8222;schlagenden Verbindungen&#8220; sind als ein Merkmal dieser Gruppen bekannt.<\/p>\n<p>Trotz inhaltlicher Unterschiede haben viele der Burschenschaften einiges gemeinsam: Sie pflegen ein Bild einer Werteelite, nach der eine bestimmte gesellschaftliche Gruppe die F\u00fchrung beansprucht. Die Burschenschaften z\u00e4hlen sich selbst &#8222;selbstverst\u00e4ndlich&#8220; zu dieser Elite. Dementsprechend sind die Abschottung nach au\u00dfen und die Bewahrung von Seilschaften nach innen sehr pr\u00e4gend f\u00fcr studentische Verbindungen im Allgemeinen.<\/p>\n<p>Mit diesem Eliteverst\u00e4ndnis, das sich fast ausschlie\u00dflich auf M\u00e4nner bezieht, gehen in vielen Burschenschaften auch rassistische, nationalistische und antisemitische Vorstellungen einher. Insbesondere die in der &#8222;Deutschen Burschenschaft&#8220; zusammengeschlossenen Burschenschaften &#8211; in Hamburg sind dies die &#8222;Germania&#8220;, die &#8222;Pennale Burschenschaft Chattia Friedberg zu Hamburg&#8220; und die &#8222;Germania K\u00f6nigsberg&#8220; &#8211; haben eine deutliche N\u00e4he zu (neo)faschistischen Ideologien.<\/p>\n<p>Trotz dieser Differenzen gibt es von der anderen Burschenschaften keine klare Abgrenzung von den offen rechtsextremen Verbindungen &#8211; so wird auch beim Kommers am Freitag gemeinsam angesto\u00dfen. Nicht umsonst werden Burschenschaften auch vielfach als Schnittstelle zwischen Konservatismus und Extremer Rechte kritisiert.<\/p>\n<p>In der Brosch\u00fcre <a title=\"Reader\" href=\"http:\/\/www.keine-stimme-den-nazis.org\/images\/reader-hamburg2.pdf\">&#8222;Falsch verbunden&#8230;&#8220;<\/a> des Astas der Uni-Hamburg findet Ihr tiefergehende Informationen zum unseligen Verbindungswesen (nicht nur) in Hamburg.<\/p>\n<p>Am Freitag, den 21.11., werden ab 19.00 am Platz der J\u00fcdischen Deportierten in Hamburg viele Leute zeigen, was sie vom reaktion\u00e4ren bis extrem rechten Weltbild der Burschenschaften halten.<\/p>\n","protected":false},"excerpt":{"rendered":"<p>Am Freitag,den 21.11., findet im Logenhaus in Hamburg, direkt am Platz der J\u00fcdischen Deprtierten, ein &#8222;Hamburger Verb\u00e4nde-Kommers&#8220; statt. Zu dieser j\u00e4hrlich stattfindenden Feier aller Hamburger Studentenverbindungen l\u00e4dt der &#8222;Hamburger Waffenring&#8220; ein, eine Vereinigung der &#8222;schlagenden Verbindungen&#8220; in Hamburg. Auch extrem rechte schlagende Verbindungen, wie die Burschenschaft Germania, rufen\u00a0 zu diesem Treffen auf. Es regt sich [&hellip;]<\/p>\n","protected":false},"author":222,"featured_media":0,"comment_status":"open","ping_status":"open","sticky":false,"template":"","format":"standard","meta":{"_jetpack_memberships_contains_paid_content":false,"footnotes":""},"categories":[1515,1329],"tags":[1516],"class_list":["post-589","post","type-post","status-publish","format-standard","hentry","category-bundesweit","category-hamburg","tag-burschenschaften"],"yoast_head":"<!-- This site is optimized with the Yoast SEO plugin v21.0 - https:\/\/yoast.com\/wordpress\/plugins\/seo\/ -->\n<title>Proteste gegen Burschenschaftskommers in Hamburg - St\u00f6rungsmelder<\/title>\n<meta name=\"robots\" content=\"index, follow, max-snippet:-1, max-image-preview:large, max-video-preview:-1\" \/>\n<link rel=\"canonical\" href=\"https:\/\/blog.zeit.de\/stoerungsmelder\/2008\/11\/20\/proteste-gegen-burschenschaftskommers-in-hamburg_589\" \/>\n<meta property=\"og:locale\" content=\"de_DE\" \/>\n<meta property=\"og:type\" content=\"article\" \/>\n<meta property=\"og:title\" content=\"Proteste gegen Burschenschaftskommers in Hamburg - St\u00f6rungsmelder\" \/>\n<meta property=\"og:description\" content=\"Am Freitag,den 21.11., findet im Logenhaus in Hamburg, direkt am Platz der J\u00fcdischen Deprtierten, ein &#8222;Hamburger Verb\u00e4nde-Kommers&#8220; statt. Zu dieser j\u00e4hrlich stattfindenden Feier aller Hamburger Studentenverbindungen l\u00e4dt der &#8222;Hamburger Waffenring&#8220; ein, eine Vereinigung der &#8222;schlagenden Verbindungen&#8220; in Hamburg. Auch extrem rechte schlagende Verbindungen, wie die Burschenschaft Germania, rufen\u00a0 zu diesem Treffen auf. Es regt sich [&hellip;]\" \/>\n<meta property=\"og:url\" content=\"https:\/\/blog.zeit.de\/stoerungsmelder\/2008\/11\/20\/proteste-gegen-burschenschaftskommers-in-hamburg_589\" \/>\n<meta property=\"og:site_name\" content=\"St\u00f6rungsmelder\" \/>\n<meta property=\"article:published_time\" content=\"2008-11-20T14:55:52+00:00\" \/>\n<meta name=\"author\" content=\"Jan Jetter\" \/>\n<meta name=\"twitter:card\" content=\"summary_large_image\" \/>\n<meta name=\"twitter:label1\" content=\"Geschrieben von\" \/>\n\t<meta name=\"twitter:data1\" content=\"Jan Jetter\" \/>\n\t<meta name=\"twitter:label2\" content=\"Gesch\u00e4tzte Lesezeit\" \/>\n\t<meta name=\"twitter:data2\" content=\"2\u00a0Minuten\" \/>\n<script type=\"application\/ld+json\" class=\"yoast-schema-graph\">{\"@context\":\"https:\/\/schema.org\",\"@graph\":[{\"@type\":\"WebPage\",\"@id\":\"https:\/\/blog.zeit.de\/stoerungsmelder\/2008\/11\/20\/proteste-gegen-burschenschaftskommers-in-hamburg_589\",\"url\":\"https:\/\/blog.zeit.de\/stoerungsmelder\/2008\/11\/20\/proteste-gegen-burschenschaftskommers-in-hamburg_589\",\"name\":\"Proteste gegen Burschenschaftskommers in Hamburg - St\u00f6rungsmelder\",\"isPartOf\":{\"@id\":\"https:\/\/blog.zeit.de\/stoerungsmelder\/#website\"},\"datePublished\":\"2008-11-20T14:55:52+00:00\",\"dateModified\":\"2008-11-20T14:55:52+00:00\",\"author\":{\"@id\":\"https:\/\/blog.zeit.de\/stoerungsmelder\/#\/schema\/person\/a7da6ffb04f4cd2c86b3e3ef179aa17a\"},\"breadcrumb\":{\"@id\":\"https:\/\/blog.zeit.de\/stoerungsmelder\/2008\/11\/20\/proteste-gegen-burschenschaftskommers-in-hamburg_589#breadcrumb\"},\"inLanguage\":\"de\",\"potentialAction\":[{\"@type\":\"ReadAction\",\"target\":[\"https:\/\/blog.zeit.de\/stoerungsmelder\/2008\/11\/20\/proteste-gegen-burschenschaftskommers-in-hamburg_589\"]}]},{\"@type\":\"BreadcrumbList\",\"@id\":\"https:\/\/blog.zeit.de\/stoerungsmelder\/2008\/11\/20\/proteste-gegen-burschenschaftskommers-in-hamburg_589#breadcrumb\",\"itemListElement\":[{\"@type\":\"ListItem\",\"position\":1,\"name\":\"Startseite\",\"item\":\"https:\/\/blog.zeit.de\/stoerungsmelder\"},{\"@type\":\"ListItem\",\"position\":2,\"name\":\"Proteste gegen Burschenschaftskommers in Hamburg\"}]},{\"@type\":\"WebSite\",\"@id\":\"https:\/\/blog.zeit.de\/stoerungsmelder\/#website\",\"url\":\"https:\/\/blog.zeit.de\/stoerungsmelder\/\",\"name\":\"St\u00f6rungsmelder\",\"description\":\"Recherchen und Analysen \u00fcber die extreme Rechte\",\"potentialAction\":[{\"@type\":\"SearchAction\",\"target\":{\"@type\":\"EntryPoint\",\"urlTemplate\":\"https:\/\/blog.zeit.de\/stoerungsmelder\/?s={search_term_string}\"},\"query-input\":\"required name=search_term_string\"}],\"inLanguage\":\"de\"},{\"@type\":\"Person\",\"@id\":\"https:\/\/blog.zeit.de\/stoerungsmelder\/#\/schema\/person\/a7da6ffb04f4cd2c86b3e3ef179aa17a\",\"name\":\"Jan Jetter\",\"image\":{\"@type\":\"ImageObject\",\"inLanguage\":\"de\",\"@id\":\"https:\/\/blog.zeit.de\/stoerungsmelder\/#\/schema\/person\/image\/\",\"url\":\"https:\/\/secure.gravatar.com\/avatar\/e0e4e181dfdaf618bd1e60990afe2a233c3d74deccf13e756c794ec8311b50a5?s=96&d=mm&r=pg\",\"contentUrl\":\"https:\/\/secure.gravatar.com\/avatar\/e0e4e181dfdaf618bd1e60990afe2a233c3d74deccf13e756c794ec8311b50a5?s=96&d=mm&r=pg\",\"caption\":\"Jan Jetter\"},\"url\":\"https:\/\/blog.zeit.de\/stoerungsmelder\/author\/jan-jetter\"}]}<\/script>\n<!-- \/ Yoast SEO plugin. -->","yoast_head_json":{"title":"Proteste gegen Burschenschaftskommers in Hamburg - St\u00f6rungsmelder","robots":{"index":"index","follow":"follow","max-snippet":"max-snippet:-1","max-image-preview":"max-image-preview:large","max-video-preview":"max-video-preview:-1"},"canonical":"https:\/\/blog.zeit.de\/stoerungsmelder\/2008\/11\/20\/proteste-gegen-burschenschaftskommers-in-hamburg_589","og_locale":"de_DE","og_type":"article","og_title":"Proteste gegen Burschenschaftskommers in Hamburg - St\u00f6rungsmelder","og_description":"Am Freitag,den 21.11., findet im Logenhaus in Hamburg, direkt am Platz der J\u00fcdischen Deprtierten, ein &#8222;Hamburger Verb\u00e4nde-Kommers&#8220; statt. Zu dieser j\u00e4hrlich stattfindenden Feier aller Hamburger Studentenverbindungen l\u00e4dt der &#8222;Hamburger Waffenring&#8220; ein, eine Vereinigung der &#8222;schlagenden Verbindungen&#8220; in Hamburg. Auch extrem rechte schlagende Verbindungen, wie die Burschenschaft Germania, rufen\u00a0 zu diesem Treffen auf. Es regt sich [&hellip;]","og_url":"https:\/\/blog.zeit.de\/stoerungsmelder\/2008\/11\/20\/proteste-gegen-burschenschaftskommers-in-hamburg_589","og_site_name":"St\u00f6rungsmelder","article_published_time":"2008-11-20T14:55:52+00:00","author":"Jan Jetter","twitter_card":"summary_large_image","twitter_misc":{"Geschrieben von":"Jan Jetter","Gesch\u00e4tzte Lesezeit":"2\u00a0Minuten"},"schema":{"@context":"https:\/\/schema.org","@graph":[{"@type":"WebPage","@id":"https:\/\/blog.zeit.de\/stoerungsmelder\/2008\/11\/20\/proteste-gegen-burschenschaftskommers-in-hamburg_589","url":"https:\/\/blog.zeit.de\/stoerungsmelder\/2008\/11\/20\/proteste-gegen-burschenschaftskommers-in-hamburg_589","name":"Proteste gegen Burschenschaftskommers in Hamburg - St\u00f6rungsmelder","isPartOf":{"@id":"https:\/\/blog.zeit.de\/stoerungsmelder\/#website"},"datePublished":"2008-11-20T14:55:52+00:00","dateModified":"2008-11-20T14:55:52+00:00","author":{"@id":"https:\/\/blog.zeit.de\/stoerungsmelder\/#\/schema\/person\/a7da6ffb04f4cd2c86b3e3ef179aa17a"},"breadcrumb":{"@id":"https:\/\/blog.zeit.de\/stoerungsmelder\/2008\/11\/20\/proteste-gegen-burschenschaftskommers-in-hamburg_589#breadcrumb"},"inLanguage":"de","potentialAction":[{"@type":"ReadAction","target":["https:\/\/blog.zeit.de\/stoerungsmelder\/2008\/11\/20\/proteste-gegen-burschenschaftskommers-in-hamburg_589"]}]},{"@type":"BreadcrumbList","@id":"https:\/\/blog.zeit.de\/stoerungsmelder\/2008\/11\/20\/proteste-gegen-burschenschaftskommers-in-hamburg_589#breadcrumb","itemListElement":[{"@type":"ListItem","position":1,"name":"Startseite","item":"https:\/\/blog.zeit.de\/stoerungsmelder"},{"@type":"ListItem","position":2,"name":"Proteste gegen Burschenschaftskommers in Hamburg"}]},{"@type":"WebSite","@id":"https:\/\/blog.zeit.de\/stoerungsmelder\/#website","url":"https:\/\/blog.zeit.de\/stoerungsmelder\/","name":"St\u00f6rungsmelder","description":"Recherchen und Analysen \u00fcber die extreme Rechte","potentialAction":[{"@type":"SearchAction","target":{"@type":"EntryPoint","urlTemplate":"https:\/\/blog.zeit.de\/stoerungsmelder\/?s={search_term_string}"},"query-input":"required name=search_term_string"}],"inLanguage":"de"},{"@type":"Person","@id":"https:\/\/blog.zeit.de\/stoerungsmelder\/#\/schema\/person\/a7da6ffb04f4cd2c86b3e3ef179aa17a","name":"Jan Jetter","image":{"@type":"ImageObject","inLanguage":"de","@id":"https:\/\/blog.zeit.de\/stoerungsmelder\/#\/schema\/person\/image\/","url":"https:\/\/secure.gravatar.com\/avatar\/e0e4e181dfdaf618bd1e60990afe2a233c3d74deccf13e756c794ec8311b50a5?s=96&d=mm&r=pg","contentUrl":"https:\/\/secure.gravatar.com\/avatar\/e0e4e181dfdaf618bd1e60990afe2a233c3d74deccf13e756c794ec8311b50a5?s=96&d=mm&r=pg","caption":"Jan Jetter"},"url":"https:\/\/blog.zeit.de\/stoerungsmelder\/author\/jan-jetter"}]}},"jetpack_featured_media_url":"","jetpack_sharing_enabled":true,"_links":{"self":[{"href":"https:\/\/blog.zeit.de\/stoerungsmelder\/wp-json\/wp\/v2\/posts\/589","targetHints":{"allow":["GET"]}}],"collection":[{"href":"https:\/\/blog.zeit.de\/stoerungsmelder\/wp-json\/wp\/v2\/posts"}],"about":[{"href":"https:\/\/blog.zeit.de\/stoerungsmelder\/wp-json\/wp\/v2\/types\/post"}],"author":[{"embeddable":true,"href":"https:\/\/blog.zeit.de\/stoerungsmelder\/wp-json\/wp\/v2\/users\/222"}],"replies":[{"embeddable":true,"href":"https:\/\/blog.zeit.de\/stoerungsmelder\/wp-json\/wp\/v2\/comments?post=589"}],"version-history":[{"count":0,"href":"https:\/\/blog.zeit.de\/stoerungsmelder\/wp-json\/wp\/v2\/posts\/589\/revisions"}],"wp:attachment":[{"href":"https:\/\/blog.zeit.de\/stoerungsmelder\/wp-json\/wp\/v2\/media?parent=589"}],"wp:term":[{"taxonomy":"category","embeddable":true,"href":"https:\/\/blog.zeit.de\/stoerungsmelder\/wp-json\/wp\/v2\/categories?post=589"},{"taxonomy":"post_tag","embeddable":true,"href":"https:\/\/blog.zeit.de\/stoerungsmelder\/wp-json\/wp\/v2\/tags?post=589"}],"curies":[{"name":"wp","href":"https:\/\/api.w.org\/{rel}","templated":true}]}}