{"id":5905,"date":"2011-03-16T10:27:05","date_gmt":"2011-03-16T09:27:05","guid":{"rendered":"http:\/\/blog.zeit.de\/stoerungsmelder\/?p=5905"},"modified":"2011-03-16T10:27:05","modified_gmt":"2011-03-16T09:27:05","slug":"vorwurf-gegen-npd-kandidaten-extrem-explosiv","status":"publish","type":"post","link":"https:\/\/blog.zeit.de\/stoerungsmelder\/2011\/03\/16\/vorwurf-gegen-npd-kandidaten-extrem-explosiv_5905","title":{"rendered":"Vorwurf gegen NPD-Kandidaten &#8211; Extrem explosiv"},"content":{"rendered":"<p><figure id=\"attachment_5906\" aria-describedby=\"caption-attachment-5906\" style=\"width: 240px\" class=\"wp-caption alignleft\"><a href=\"https:\/\/blog.zeit.de\/stoerungsmelder\/files\/2011\/03\/heyder_matthias.jpg\"><img loading=\"lazy\" decoding=\"async\" class=\"size-full wp-image-5906\" title=\"heyder_matthias\" src=\"https:\/\/blog.zeit.de\/stoerungsmelder\/files\/2011\/03\/heyder_matthias.jpg\" alt=\"\" width=\"240\" height=\"342\" \/><\/a><figcaption id=\"caption-attachment-5906\" class=\"wp-caption-text\">Stellte der NPD-Spitzenkandidat Bombenanleitungen ins Netz?<\/figcaption><\/figure><\/p>\n<p>Matthias Heyder, NPD-Spitzenkandidat in Sachsen-Anhalt, steht im Verdacht, im Internet eine Anleitung zum Bombenbau verbreitet zu haben. Jetzt ermittelt die Staatsanwaltschaft gegen ihn.<!--more--><\/p>\n<p><em>Von <a href=\"http:\/\/www.tagesspiegel.de\/politik\/extrem-explosiv\/3953658.html\">Tagesspiegel<\/a>-Autor Frank Jansen<\/em><\/p>\n<p>Berlin &#8211; Der NPD-Spitzenkandidat gibt sich betont b\u00fcrgerlich, doch nun lastet ein schwerer Verdacht auf <a href=\"http:\/\/waehlnichtnpd.de\/index.php?option=com_content&amp;view=article&amp;id=9&amp;Itemid=5\">Matthias Heyder<\/a>. Wenige Tage vor der Wahl in Sachsen-Anhalt sind menschenverachtende \u00c4u\u00dferungen eines \u201eJunker J\u00f6rg\u201c im Internet bekannt geworden, darunter eine Anleitung zum Bombenbau. \u201eSollte sich best\u00e4tigen, dass sie echt sind, w\u00e4ren sie Heyder zuzuschreiben\u201c, sagte der Staatssekret\u00e4r im Landesinnenministerium, R\u00fcdiger Erben (SPD), am Dienstag dem Tagesspiegel. Das Landeskriminalamt hat Ermittlungen gegen Unbekannt eingeleitet.<\/p>\n<p>Ver\u00f6ffentlicht wurden die Eintr\u00e4ge, die \u201eJunker J\u00f6rg\u201c in das von Rechtsextremisten genutzte interne Forum \u201eFreunde der Freiheit\u201c stellte, jetzt auf der Website der ARD-\u201eTagesschau\u201c.<\/p>\n<p>In einem Text vom August 2006 beschreibt er detailliert die Herstellung eines Sprengstoffs, der weit st\u00e4rker sei als TNT, \u201eund viel leichter zur Explosion zu bringen\u201c. Im November 2005 verfasste \u201eJunker J\u00f6rg\u201c einen sexistischen Beitrag \u00fcber weibliche Mitglieder der damals noch PDS hei\u00dfenden Linkspartei. Der Schlusssatz lautet: \u201eSch\u00e4ndet ihre Frauen, ihr tapferen Nationalisten!\u201c Darunter wird zudem der belgische Ex-Kommandant der SS-Division \u201eWallonien\u201c, Leon Degrelle, mit den Worten zitiert: \u201eEs gibt nur eines, was ich am Krieg bedauere: Dass wir ihn verloren haben.\u201c<\/p>\n<p>Das Innenministerium begr\u00fcndet den Verdacht, \u201eJunker J\u00f6rg\u201c k\u00f6nnte Heyder sein, unter anderem mit einem Eintrag vom August 2008. \u201eIch denke, ich bin jetzt Landesvorsitzender der Partei in Sachsen-Anhalt\u201c, hei\u00dft es da. Im September 2008 \u00fcbernahm Heyder die Leitung des Landesverbandes der NPD. Im Oktober 2009 schrieb \u201eJunker J\u00f6rg\u201c zudem \u00fcber seine Probleme mit dem Bundesvorstand der Partei und nannte als Grund den im Monat zuvor publizierten Text \u201eMatthias Heyder: Bundestagswahl \u2013 (K)ein Grund zum Klagen\u201c.<\/p>\n<p><figure id=\"attachment_5907\" aria-describedby=\"caption-attachment-5907\" style=\"width: 373px\" class=\"wp-caption alignright\"><a href=\"https:\/\/blog.zeit.de\/stoerungsmelder\/files\/2011\/03\/jj_sprengstoff.jpg\"><img loading=\"lazy\" decoding=\"async\" class=\"size-full wp-image-5907\" title=\"jj_sprengstoff\" src=\"https:\/\/blog.zeit.de\/stoerungsmelder\/files\/2011\/03\/jj_sprengstoff.jpg\" alt=\"\" width=\"373\" height=\"423\" \/><\/a><figcaption id=\"caption-attachment-5907\" class=\"wp-caption-text\">Screenshot aus dem inzwischen gel\u00f6schten Forum \u00a9 NPD-Blog.info<\/figcaption><\/figure><\/p>\n<p>Der NPD-Politiker dementierte im Gespr\u00e4ch mit dem Tagesspiegel, im Internet zum Bau von Bomben und zur Sch\u00e4ndung linker Frauen animiert zu haben. \u201eDas habe ich nie geschrieben\u201c, sagte Heyder und sprach von \u201ehaneb\u00fcchenem Unsinn\u201c. Er gab allerdings zu, in einem Forum unter dem Namen \u201eJunker J\u00f6rg\u201c Eintr\u00e4ge verfasst zu haben, \u201eaber nur zeitweise\u201c. Heyder k\u00fcndigte Strafanzeige und eine zivilrechtliche Klage an, au\u00dferdem beschwerte er sich \u00fcber \u201eDatendiebstahl\u201c.<\/p>\n<p>Die NPD kommt in Umfragen auf f\u00fcnf Prozent. Staatssekret\u00e4r Erben warnte, angesichts der Parolen im Internet sei zu bef\u00fcrchten, \u201edass am Sonntag eine B\u00fcrgerkriegspartei in den Landtag kommt\u201c. Er hoffe, \u201edass m\u00f6glichst viele Menschen in Sachsen-Anhalt noch rechtzeitig mitbekommen, welche Geisteshaltung hinter der b\u00fcrgerlichen Fassade der NPD-Kandidaten steckt\u201c.<\/p>\n","protected":false},"excerpt":{"rendered":"<p>Matthias Heyder, NPD-Spitzenkandidat in Sachsen-Anhalt, steht im Verdacht, im Internet eine Anleitung zum Bombenbau verbreitet zu haben. Jetzt ermittelt die Staatsanwaltschaft gegen ihn.<\/p>\n","protected":false},"author":229,"featured_media":0,"comment_status":"open","ping_status":"open","sticky":false,"template":"","format":"standard","meta":{"_jetpack_memberships_contains_paid_content":false,"footnotes":""},"categories":[1457],"tags":[11354,1716,1755,11353,955],"class_list":["post-5905","post","type-post","status-publish","format-standard","hentry","category-sachsen-anhalt","tag-matthias-heyder","tag-npd","tag-rechte-gewalt","tag-sprengstoff","tag-wahlen"],"yoast_head":"<!-- This site is optimized with the Yoast SEO plugin v21.0 - https:\/\/yoast.com\/wordpress\/plugins\/seo\/ -->\n<title>Vorwurf gegen NPD-Kandidaten - Extrem explosiv - St\u00f6rungsmelder<\/title>\n<meta name=\"robots\" content=\"index, follow, max-snippet:-1, max-image-preview:large, max-video-preview:-1\" \/>\n<link rel=\"canonical\" href=\"https:\/\/blog.zeit.de\/stoerungsmelder\/2011\/03\/16\/vorwurf-gegen-npd-kandidaten-extrem-explosiv_5905\" \/>\n<meta property=\"og:locale\" content=\"de_DE\" \/>\n<meta property=\"og:type\" content=\"article\" \/>\n<meta property=\"og:title\" content=\"Vorwurf gegen NPD-Kandidaten - Extrem explosiv - St\u00f6rungsmelder\" \/>\n<meta property=\"og:description\" content=\"Matthias Heyder, NPD-Spitzenkandidat in Sachsen-Anhalt, steht im Verdacht, im Internet eine Anleitung zum Bombenbau verbreitet zu haben. Jetzt ermittelt die Staatsanwaltschaft gegen ihn.\" \/>\n<meta property=\"og:url\" content=\"https:\/\/blog.zeit.de\/stoerungsmelder\/2011\/03\/16\/vorwurf-gegen-npd-kandidaten-extrem-explosiv_5905\" \/>\n<meta property=\"og:site_name\" content=\"St\u00f6rungsmelder\" \/>\n<meta property=\"article:published_time\" content=\"2011-03-16T09:27:05+00:00\" \/>\n<meta property=\"og:image\" content=\"https:\/\/blog.zeit.de\/stoerungsmelder\/files\/2011\/03\/heyder_matthias.jpg\" \/>\n<meta name=\"author\" content=\"St\u00f6rungsmelder\" \/>\n<meta name=\"twitter:card\" content=\"summary_large_image\" \/>\n<meta name=\"twitter:label1\" content=\"Geschrieben von\" \/>\n\t<meta name=\"twitter:data1\" content=\"St\u00f6rungsmelder\" \/>\n\t<meta name=\"twitter:label2\" content=\"Gesch\u00e4tzte Lesezeit\" \/>\n\t<meta name=\"twitter:data2\" content=\"2\u00a0Minuten\" \/>\n<script type=\"application\/ld+json\" class=\"yoast-schema-graph\">{\"@context\":\"https:\/\/schema.org\",\"@graph\":[{\"@type\":\"WebPage\",\"@id\":\"https:\/\/blog.zeit.de\/stoerungsmelder\/2011\/03\/16\/vorwurf-gegen-npd-kandidaten-extrem-explosiv_5905\",\"url\":\"https:\/\/blog.zeit.de\/stoerungsmelder\/2011\/03\/16\/vorwurf-gegen-npd-kandidaten-extrem-explosiv_5905\",\"name\":\"Vorwurf gegen NPD-Kandidaten - Extrem explosiv - St\u00f6rungsmelder\",\"isPartOf\":{\"@id\":\"https:\/\/blog.zeit.de\/stoerungsmelder\/#website\"},\"datePublished\":\"2011-03-16T09:27:05+00:00\",\"dateModified\":\"2011-03-16T09:27:05+00:00\",\"author\":{\"@id\":\"https:\/\/blog.zeit.de\/stoerungsmelder\/#\/schema\/person\/fdd0b9818f65738672810b6d6f037f71\"},\"breadcrumb\":{\"@id\":\"https:\/\/blog.zeit.de\/stoerungsmelder\/2011\/03\/16\/vorwurf-gegen-npd-kandidaten-extrem-explosiv_5905#breadcrumb\"},\"inLanguage\":\"de\",\"potentialAction\":[{\"@type\":\"ReadAction\",\"target\":[\"https:\/\/blog.zeit.de\/stoerungsmelder\/2011\/03\/16\/vorwurf-gegen-npd-kandidaten-extrem-explosiv_5905\"]}]},{\"@type\":\"BreadcrumbList\",\"@id\":\"https:\/\/blog.zeit.de\/stoerungsmelder\/2011\/03\/16\/vorwurf-gegen-npd-kandidaten-extrem-explosiv_5905#breadcrumb\",\"itemListElement\":[{\"@type\":\"ListItem\",\"position\":1,\"name\":\"Startseite\",\"item\":\"https:\/\/blog.zeit.de\/stoerungsmelder\"},{\"@type\":\"ListItem\",\"position\":2,\"name\":\"Vorwurf gegen NPD-Kandidaten &#8211; Extrem explosiv\"}]},{\"@type\":\"WebSite\",\"@id\":\"https:\/\/blog.zeit.de\/stoerungsmelder\/#website\",\"url\":\"https:\/\/blog.zeit.de\/stoerungsmelder\/\",\"name\":\"St\u00f6rungsmelder\",\"description\":\"Recherchen und Analysen \u00fcber die extreme Rechte\",\"potentialAction\":[{\"@type\":\"SearchAction\",\"target\":{\"@type\":\"EntryPoint\",\"urlTemplate\":\"https:\/\/blog.zeit.de\/stoerungsmelder\/?s={search_term_string}\"},\"query-input\":\"required name=search_term_string\"}],\"inLanguage\":\"de\"},{\"@type\":\"Person\",\"@id\":\"https:\/\/blog.zeit.de\/stoerungsmelder\/#\/schema\/person\/fdd0b9818f65738672810b6d6f037f71\",\"name\":\"St\u00f6rungsmelder\",\"image\":{\"@type\":\"ImageObject\",\"inLanguage\":\"de\",\"@id\":\"https:\/\/blog.zeit.de\/stoerungsmelder\/#\/schema\/person\/image\/\",\"url\":\"https:\/\/secure.gravatar.com\/avatar\/dfa4be514c3e82a71e4f9a0020035d38192d080ccaa5e4e6d7a1472c763535c5?s=96&d=mm&r=pg\",\"contentUrl\":\"https:\/\/secure.gravatar.com\/avatar\/dfa4be514c3e82a71e4f9a0020035d38192d080ccaa5e4e6d7a1472c763535c5?s=96&d=mm&r=pg\",\"caption\":\"St\u00f6rungsmelder\"},\"url\":\"https:\/\/blog.zeit.de\/stoerungsmelder\/author\/stoerungsmelder\"}]}<\/script>\n<!-- \/ Yoast SEO plugin. -->","yoast_head_json":{"title":"Vorwurf gegen NPD-Kandidaten - Extrem explosiv - St\u00f6rungsmelder","robots":{"index":"index","follow":"follow","max-snippet":"max-snippet:-1","max-image-preview":"max-image-preview:large","max-video-preview":"max-video-preview:-1"},"canonical":"https:\/\/blog.zeit.de\/stoerungsmelder\/2011\/03\/16\/vorwurf-gegen-npd-kandidaten-extrem-explosiv_5905","og_locale":"de_DE","og_type":"article","og_title":"Vorwurf gegen NPD-Kandidaten - Extrem explosiv - St\u00f6rungsmelder","og_description":"Matthias Heyder, NPD-Spitzenkandidat in Sachsen-Anhalt, steht im Verdacht, im Internet eine Anleitung zum Bombenbau verbreitet zu haben. Jetzt ermittelt die Staatsanwaltschaft gegen ihn.","og_url":"https:\/\/blog.zeit.de\/stoerungsmelder\/2011\/03\/16\/vorwurf-gegen-npd-kandidaten-extrem-explosiv_5905","og_site_name":"St\u00f6rungsmelder","article_published_time":"2011-03-16T09:27:05+00:00","og_image":[{"url":"https:\/\/blog.zeit.de\/stoerungsmelder\/files\/2011\/03\/heyder_matthias.jpg"}],"author":"St\u00f6rungsmelder","twitter_card":"summary_large_image","twitter_misc":{"Geschrieben von":"St\u00f6rungsmelder","Gesch\u00e4tzte Lesezeit":"2\u00a0Minuten"},"schema":{"@context":"https:\/\/schema.org","@graph":[{"@type":"WebPage","@id":"https:\/\/blog.zeit.de\/stoerungsmelder\/2011\/03\/16\/vorwurf-gegen-npd-kandidaten-extrem-explosiv_5905","url":"https:\/\/blog.zeit.de\/stoerungsmelder\/2011\/03\/16\/vorwurf-gegen-npd-kandidaten-extrem-explosiv_5905","name":"Vorwurf gegen NPD-Kandidaten - Extrem explosiv - St\u00f6rungsmelder","isPartOf":{"@id":"https:\/\/blog.zeit.de\/stoerungsmelder\/#website"},"datePublished":"2011-03-16T09:27:05+00:00","dateModified":"2011-03-16T09:27:05+00:00","author":{"@id":"https:\/\/blog.zeit.de\/stoerungsmelder\/#\/schema\/person\/fdd0b9818f65738672810b6d6f037f71"},"breadcrumb":{"@id":"https:\/\/blog.zeit.de\/stoerungsmelder\/2011\/03\/16\/vorwurf-gegen-npd-kandidaten-extrem-explosiv_5905#breadcrumb"},"inLanguage":"de","potentialAction":[{"@type":"ReadAction","target":["https:\/\/blog.zeit.de\/stoerungsmelder\/2011\/03\/16\/vorwurf-gegen-npd-kandidaten-extrem-explosiv_5905"]}]},{"@type":"BreadcrumbList","@id":"https:\/\/blog.zeit.de\/stoerungsmelder\/2011\/03\/16\/vorwurf-gegen-npd-kandidaten-extrem-explosiv_5905#breadcrumb","itemListElement":[{"@type":"ListItem","position":1,"name":"Startseite","item":"https:\/\/blog.zeit.de\/stoerungsmelder"},{"@type":"ListItem","position":2,"name":"Vorwurf gegen NPD-Kandidaten &#8211; Extrem explosiv"}]},{"@type":"WebSite","@id":"https:\/\/blog.zeit.de\/stoerungsmelder\/#website","url":"https:\/\/blog.zeit.de\/stoerungsmelder\/","name":"St\u00f6rungsmelder","description":"Recherchen und Analysen \u00fcber die extreme Rechte","potentialAction":[{"@type":"SearchAction","target":{"@type":"EntryPoint","urlTemplate":"https:\/\/blog.zeit.de\/stoerungsmelder\/?s={search_term_string}"},"query-input":"required name=search_term_string"}],"inLanguage":"de"},{"@type":"Person","@id":"https:\/\/blog.zeit.de\/stoerungsmelder\/#\/schema\/person\/fdd0b9818f65738672810b6d6f037f71","name":"St\u00f6rungsmelder","image":{"@type":"ImageObject","inLanguage":"de","@id":"https:\/\/blog.zeit.de\/stoerungsmelder\/#\/schema\/person\/image\/","url":"https:\/\/secure.gravatar.com\/avatar\/dfa4be514c3e82a71e4f9a0020035d38192d080ccaa5e4e6d7a1472c763535c5?s=96&d=mm&r=pg","contentUrl":"https:\/\/secure.gravatar.com\/avatar\/dfa4be514c3e82a71e4f9a0020035d38192d080ccaa5e4e6d7a1472c763535c5?s=96&d=mm&r=pg","caption":"St\u00f6rungsmelder"},"url":"https:\/\/blog.zeit.de\/stoerungsmelder\/author\/stoerungsmelder"}]}},"jetpack_featured_media_url":"","jetpack_sharing_enabled":true,"_links":{"self":[{"href":"https:\/\/blog.zeit.de\/stoerungsmelder\/wp-json\/wp\/v2\/posts\/5905","targetHints":{"allow":["GET"]}}],"collection":[{"href":"https:\/\/blog.zeit.de\/stoerungsmelder\/wp-json\/wp\/v2\/posts"}],"about":[{"href":"https:\/\/blog.zeit.de\/stoerungsmelder\/wp-json\/wp\/v2\/types\/post"}],"author":[{"embeddable":true,"href":"https:\/\/blog.zeit.de\/stoerungsmelder\/wp-json\/wp\/v2\/users\/229"}],"replies":[{"embeddable":true,"href":"https:\/\/blog.zeit.de\/stoerungsmelder\/wp-json\/wp\/v2\/comments?post=5905"}],"version-history":[{"count":3,"href":"https:\/\/blog.zeit.de\/stoerungsmelder\/wp-json\/wp\/v2\/posts\/5905\/revisions"}],"predecessor-version":[{"id":5910,"href":"https:\/\/blog.zeit.de\/stoerungsmelder\/wp-json\/wp\/v2\/posts\/5905\/revisions\/5910"}],"wp:attachment":[{"href":"https:\/\/blog.zeit.de\/stoerungsmelder\/wp-json\/wp\/v2\/media?parent=5905"}],"wp:term":[{"taxonomy":"category","embeddable":true,"href":"https:\/\/blog.zeit.de\/stoerungsmelder\/wp-json\/wp\/v2\/categories?post=5905"},{"taxonomy":"post_tag","embeddable":true,"href":"https:\/\/blog.zeit.de\/stoerungsmelder\/wp-json\/wp\/v2\/tags?post=5905"}],"curies":[{"name":"wp","href":"https:\/\/api.w.org\/{rel}","templated":true}]}}