{"id":5911,"date":"2011-03-19T22:31:43","date_gmt":"2011-03-19T21:31:43","guid":{"rendered":"http:\/\/blog.zeit.de\/stoerungsmelder\/?p=5911"},"modified":"2011-03-19T22:32:21","modified_gmt":"2011-03-19T21:32:21","slug":"aus-den-hinterzimmern-in-den-landtag","status":"publish","type":"post","link":"https:\/\/blog.zeit.de\/stoerungsmelder\/2011\/03\/19\/aus-den-hinterzimmern-in-den-landtag_5911","title":{"rendered":"Aus den Hinterzimmern in den Landtag"},"content":{"rendered":"<p>Zur Landtagswahl am Sonntag tritt seit 1990 erstmals wieder die NPD in Sachsen-Anhalt an. Mit Schlagworten wie \u201eDemokratie\u201c, \u201eFreiheit, \u201eB\u00fcrgerrechte\u201c pr\u00e4sentieren sich die Rechtsextremisten seit Monaten als inhaltlich wandlungsf\u00e4higes Cham\u00e4leon und verschafft sich so Umfragewerte, die einen Einzug der Neonazi-Partei in den Landtag von Sachsen-Anhalt als m\u00f6glich erscheinen lassen. Ein Fernseh-Dokumentation der <a href=\"http:\/\/infothek.wordpress.com\/2011\/03\/10\/aus-den-hinterzimmern-in-den-landtag-video\/\">Infothek Dessau<\/a>.<\/p>\n<p>Teil 1<\/p>\n\n<div class=\"embed-wrapper embed-wrapper--blocked js-embed-consent\" data-method=\"iframe\">\n<script class=\"raw__source\" type=\"text\/template\"><iframe loading=\"lazy\" title=\"YouTube video player\" frameborder=\"0\" height=\"390\" src=\"http:\/\/www.youtube.com\/embed\/qtWdU4cHets\" width=\"480\"><\/iframe><\/script>\n<div class=\"embed-wrapper__inner\">\n<div class=\"embed-wrapper__text\">\n<h3>Empfohlener redaktioneller Inhalt<\/h3>\n<p data-replace=\"no\">An dieser Stelle finden Sie externen Inhalt, der den Artikel erg\u00e4nzt. Sie k\u00f6nnen sich externe Inhalte mit einem Klick anzeigen lassen und wieder ausblenden.<noscript>Bitte aktivieren Sie JavaScript damit Sie diesen Inhalt anzeigen k\u00f6nnen.<\/noscript><\/p>\n<\/div>\n<div class=\"embed-consent\">\n<label class=\"embed-consent__toggle\">\n<input class=\"js-embed-consent__toggle\" type=\"checkbox\" autocomplete=\"off\">\n<span><\/span>\nExterner Inhalt\n<\/label>\n<a href=\"https:\/\/www.zeit.de\/hilfe\/datenschutz\" target=\"_blank\" class=\"embed-consent__datalink-when-active\">Datenschutzerkl\u00e4rung<\/a>\n<\/div>\n<div class=\"embed-wrapper__footer\">\n<p data-replace=\"no\">\nIch bin damit einverstanden, dass mir externe Inhalte angezeigt werden. Damit k\u00f6nnen personenbezogene Daten an Drittplattformen \u00fcbermittelt werden. <a href=\"https:\/\/www.zeit.de\/hilfe\/datenschutz\" target=\"_blank\">Mehr dazu in unserer Datenschutzerkl\u00e4rung.<\/a>\n<\/p>\n<\/div>\n<\/div>\n<\/div>\n<p><!--more-->Teil 2<\/p>\n\n<div class=\"embed-wrapper embed-wrapper--blocked js-embed-consent\" data-method=\"iframe\">\n<script class=\"raw__source\" type=\"text\/template\"><iframe loading=\"lazy\" title=\"YouTube video player\" frameborder=\"0\" height=\"390\" src=\"http:\/\/www.youtube.com\/embed\/CjmelHSgboU\" width=\"480\"><\/iframe><\/script>\n<div class=\"embed-wrapper__inner\">\n<div class=\"embed-wrapper__text\">\n<h3>Empfohlener redaktioneller Inhalt<\/h3>\n<p data-replace=\"no\">An dieser Stelle finden Sie externen Inhalt, der den Artikel erg\u00e4nzt. Sie k\u00f6nnen sich externe Inhalte mit einem Klick anzeigen lassen und wieder ausblenden.<noscript>Bitte aktivieren Sie JavaScript damit Sie diesen Inhalt anzeigen k\u00f6nnen.<\/noscript><\/p>\n<\/div>\n<div class=\"embed-consent\">\n<label class=\"embed-consent__toggle\">\n<input class=\"js-embed-consent__toggle\" type=\"checkbox\" autocomplete=\"off\">\n<span><\/span>\nExterner Inhalt\n<\/label>\n<a href=\"https:\/\/www.zeit.de\/hilfe\/datenschutz\" target=\"_blank\" class=\"embed-consent__datalink-when-active\">Datenschutzerkl\u00e4rung<\/a>\n<\/div>\n<div class=\"embed-wrapper__footer\">\n<p data-replace=\"no\">\nIch bin damit einverstanden, dass mir externe Inhalte angezeigt werden. Damit k\u00f6nnen personenbezogene Daten an Drittplattformen \u00fcbermittelt werden. <a href=\"https:\/\/www.zeit.de\/hilfe\/datenschutz\" target=\"_blank\">Mehr dazu in unserer Datenschutzerkl\u00e4rung.<\/a>\n<\/p>\n<\/div>\n<\/div>\n<\/div>\n","protected":false},"excerpt":{"rendered":"<p>Zur Landtagswahl am Sonntag tritt seit 1990 erstmals wieder die NPD in Sachsen-Anhalt an. Mit Schlagworten wie \u201eDemokratie\u201c, \u201eFreiheit, \u201eB\u00fcrgerrechte\u201c pr\u00e4sentieren sich die Rechtsextremisten seit Monaten als inhaltlich wandlungsf\u00e4higes Cham\u00e4leon und verschafft sich so Umfragewerte, die einen Einzug der Neonazi-Partei in den Landtag von Sachsen-Anhalt als m\u00f6glich erscheinen lassen. Ein Fernseh-Dokumentation der Infothek Dessau. Teil [&hellip;]<\/p>\n","protected":false},"author":229,"featured_media":0,"comment_status":"open","ping_status":"open","sticky":false,"template":"","format":"standard","meta":{"_jetpack_memberships_contains_paid_content":false,"footnotes":""},"categories":[1457],"tags":[1716,955],"class_list":["post-5911","post","type-post","status-publish","format-standard","hentry","category-sachsen-anhalt","tag-npd","tag-wahlen"],"yoast_head":"<!-- This site is optimized with the Yoast SEO plugin v21.0 - https:\/\/yoast.com\/wordpress\/plugins\/seo\/ -->\n<title>Aus den Hinterzimmern in den Landtag - St\u00f6rungsmelder<\/title>\n<meta name=\"robots\" content=\"index, follow, max-snippet:-1, max-image-preview:large, max-video-preview:-1\" \/>\n<link rel=\"canonical\" href=\"https:\/\/blog.zeit.de\/stoerungsmelder\/2011\/03\/19\/aus-den-hinterzimmern-in-den-landtag_5911\" \/>\n<meta property=\"og:locale\" content=\"de_DE\" \/>\n<meta property=\"og:type\" content=\"article\" \/>\n<meta property=\"og:title\" content=\"Aus den Hinterzimmern in den Landtag - St\u00f6rungsmelder\" \/>\n<meta property=\"og:description\" content=\"Zur Landtagswahl am Sonntag tritt seit 1990 erstmals wieder die NPD in Sachsen-Anhalt an. Mit Schlagworten wie \u201eDemokratie\u201c, \u201eFreiheit, \u201eB\u00fcrgerrechte\u201c pr\u00e4sentieren sich die Rechtsextremisten seit Monaten als inhaltlich wandlungsf\u00e4higes Cham\u00e4leon und verschafft sich so Umfragewerte, die einen Einzug der Neonazi-Partei in den Landtag von Sachsen-Anhalt als m\u00f6glich erscheinen lassen. Ein Fernseh-Dokumentation der Infothek Dessau. Teil [&hellip;]\" \/>\n<meta property=\"og:url\" content=\"https:\/\/blog.zeit.de\/stoerungsmelder\/2011\/03\/19\/aus-den-hinterzimmern-in-den-landtag_5911\" \/>\n<meta property=\"og:site_name\" content=\"St\u00f6rungsmelder\" \/>\n<meta property=\"article:published_time\" content=\"2011-03-19T21:31:43+00:00\" \/>\n<meta property=\"article:modified_time\" content=\"2011-03-19T21:32:21+00:00\" \/>\n<meta name=\"author\" content=\"St\u00f6rungsmelder\" \/>\n<meta name=\"twitter:card\" content=\"summary_large_image\" \/>\n<meta name=\"twitter:label1\" content=\"Geschrieben von\" \/>\n\t<meta name=\"twitter:data1\" content=\"St\u00f6rungsmelder\" \/>\n<script type=\"application\/ld+json\" class=\"yoast-schema-graph\">{\"@context\":\"https:\/\/schema.org\",\"@graph\":[{\"@type\":\"WebPage\",\"@id\":\"https:\/\/blog.zeit.de\/stoerungsmelder\/2011\/03\/19\/aus-den-hinterzimmern-in-den-landtag_5911\",\"url\":\"https:\/\/blog.zeit.de\/stoerungsmelder\/2011\/03\/19\/aus-den-hinterzimmern-in-den-landtag_5911\",\"name\":\"Aus den Hinterzimmern in den Landtag - St\u00f6rungsmelder\",\"isPartOf\":{\"@id\":\"https:\/\/blog.zeit.de\/stoerungsmelder\/#website\"},\"datePublished\":\"2011-03-19T21:31:43+00:00\",\"dateModified\":\"2011-03-19T21:32:21+00:00\",\"author\":{\"@id\":\"https:\/\/blog.zeit.de\/stoerungsmelder\/#\/schema\/person\/fdd0b9818f65738672810b6d6f037f71\"},\"breadcrumb\":{\"@id\":\"https:\/\/blog.zeit.de\/stoerungsmelder\/2011\/03\/19\/aus-den-hinterzimmern-in-den-landtag_5911#breadcrumb\"},\"inLanguage\":\"de\",\"potentialAction\":[{\"@type\":\"ReadAction\",\"target\":[\"https:\/\/blog.zeit.de\/stoerungsmelder\/2011\/03\/19\/aus-den-hinterzimmern-in-den-landtag_5911\"]}]},{\"@type\":\"BreadcrumbList\",\"@id\":\"https:\/\/blog.zeit.de\/stoerungsmelder\/2011\/03\/19\/aus-den-hinterzimmern-in-den-landtag_5911#breadcrumb\",\"itemListElement\":[{\"@type\":\"ListItem\",\"position\":1,\"name\":\"Startseite\",\"item\":\"https:\/\/blog.zeit.de\/stoerungsmelder\"},{\"@type\":\"ListItem\",\"position\":2,\"name\":\"Aus den Hinterzimmern in den Landtag\"}]},{\"@type\":\"WebSite\",\"@id\":\"https:\/\/blog.zeit.de\/stoerungsmelder\/#website\",\"url\":\"https:\/\/blog.zeit.de\/stoerungsmelder\/\",\"name\":\"St\u00f6rungsmelder\",\"description\":\"Recherchen und Analysen \u00fcber die extreme Rechte\",\"potentialAction\":[{\"@type\":\"SearchAction\",\"target\":{\"@type\":\"EntryPoint\",\"urlTemplate\":\"https:\/\/blog.zeit.de\/stoerungsmelder\/?s={search_term_string}\"},\"query-input\":\"required name=search_term_string\"}],\"inLanguage\":\"de\"},{\"@type\":\"Person\",\"@id\":\"https:\/\/blog.zeit.de\/stoerungsmelder\/#\/schema\/person\/fdd0b9818f65738672810b6d6f037f71\",\"name\":\"St\u00f6rungsmelder\",\"image\":{\"@type\":\"ImageObject\",\"inLanguage\":\"de\",\"@id\":\"https:\/\/blog.zeit.de\/stoerungsmelder\/#\/schema\/person\/image\/\",\"url\":\"https:\/\/secure.gravatar.com\/avatar\/dfa4be514c3e82a71e4f9a0020035d38192d080ccaa5e4e6d7a1472c763535c5?s=96&d=mm&r=pg\",\"contentUrl\":\"https:\/\/secure.gravatar.com\/avatar\/dfa4be514c3e82a71e4f9a0020035d38192d080ccaa5e4e6d7a1472c763535c5?s=96&d=mm&r=pg\",\"caption\":\"St\u00f6rungsmelder\"},\"url\":\"https:\/\/blog.zeit.de\/stoerungsmelder\/author\/stoerungsmelder\"}]}<\/script>\n<!-- \/ Yoast SEO plugin. -->","yoast_head_json":{"title":"Aus den Hinterzimmern in den Landtag - St\u00f6rungsmelder","robots":{"index":"index","follow":"follow","max-snippet":"max-snippet:-1","max-image-preview":"max-image-preview:large","max-video-preview":"max-video-preview:-1"},"canonical":"https:\/\/blog.zeit.de\/stoerungsmelder\/2011\/03\/19\/aus-den-hinterzimmern-in-den-landtag_5911","og_locale":"de_DE","og_type":"article","og_title":"Aus den Hinterzimmern in den Landtag - St\u00f6rungsmelder","og_description":"Zur Landtagswahl am Sonntag tritt seit 1990 erstmals wieder die NPD in Sachsen-Anhalt an. Mit Schlagworten wie \u201eDemokratie\u201c, \u201eFreiheit, \u201eB\u00fcrgerrechte\u201c pr\u00e4sentieren sich die Rechtsextremisten seit Monaten als inhaltlich wandlungsf\u00e4higes Cham\u00e4leon und verschafft sich so Umfragewerte, die einen Einzug der Neonazi-Partei in den Landtag von Sachsen-Anhalt als m\u00f6glich erscheinen lassen. Ein Fernseh-Dokumentation der Infothek Dessau. Teil [&hellip;]","og_url":"https:\/\/blog.zeit.de\/stoerungsmelder\/2011\/03\/19\/aus-den-hinterzimmern-in-den-landtag_5911","og_site_name":"St\u00f6rungsmelder","article_published_time":"2011-03-19T21:31:43+00:00","article_modified_time":"2011-03-19T21:32:21+00:00","author":"St\u00f6rungsmelder","twitter_card":"summary_large_image","twitter_misc":{"Geschrieben von":"St\u00f6rungsmelder"},"schema":{"@context":"https:\/\/schema.org","@graph":[{"@type":"WebPage","@id":"https:\/\/blog.zeit.de\/stoerungsmelder\/2011\/03\/19\/aus-den-hinterzimmern-in-den-landtag_5911","url":"https:\/\/blog.zeit.de\/stoerungsmelder\/2011\/03\/19\/aus-den-hinterzimmern-in-den-landtag_5911","name":"Aus den Hinterzimmern in den Landtag - St\u00f6rungsmelder","isPartOf":{"@id":"https:\/\/blog.zeit.de\/stoerungsmelder\/#website"},"datePublished":"2011-03-19T21:31:43+00:00","dateModified":"2011-03-19T21:32:21+00:00","author":{"@id":"https:\/\/blog.zeit.de\/stoerungsmelder\/#\/schema\/person\/fdd0b9818f65738672810b6d6f037f71"},"breadcrumb":{"@id":"https:\/\/blog.zeit.de\/stoerungsmelder\/2011\/03\/19\/aus-den-hinterzimmern-in-den-landtag_5911#breadcrumb"},"inLanguage":"de","potentialAction":[{"@type":"ReadAction","target":["https:\/\/blog.zeit.de\/stoerungsmelder\/2011\/03\/19\/aus-den-hinterzimmern-in-den-landtag_5911"]}]},{"@type":"BreadcrumbList","@id":"https:\/\/blog.zeit.de\/stoerungsmelder\/2011\/03\/19\/aus-den-hinterzimmern-in-den-landtag_5911#breadcrumb","itemListElement":[{"@type":"ListItem","position":1,"name":"Startseite","item":"https:\/\/blog.zeit.de\/stoerungsmelder"},{"@type":"ListItem","position":2,"name":"Aus den Hinterzimmern in den Landtag"}]},{"@type":"WebSite","@id":"https:\/\/blog.zeit.de\/stoerungsmelder\/#website","url":"https:\/\/blog.zeit.de\/stoerungsmelder\/","name":"St\u00f6rungsmelder","description":"Recherchen und Analysen \u00fcber die extreme Rechte","potentialAction":[{"@type":"SearchAction","target":{"@type":"EntryPoint","urlTemplate":"https:\/\/blog.zeit.de\/stoerungsmelder\/?s={search_term_string}"},"query-input":"required name=search_term_string"}],"inLanguage":"de"},{"@type":"Person","@id":"https:\/\/blog.zeit.de\/stoerungsmelder\/#\/schema\/person\/fdd0b9818f65738672810b6d6f037f71","name":"St\u00f6rungsmelder","image":{"@type":"ImageObject","inLanguage":"de","@id":"https:\/\/blog.zeit.de\/stoerungsmelder\/#\/schema\/person\/image\/","url":"https:\/\/secure.gravatar.com\/avatar\/dfa4be514c3e82a71e4f9a0020035d38192d080ccaa5e4e6d7a1472c763535c5?s=96&d=mm&r=pg","contentUrl":"https:\/\/secure.gravatar.com\/avatar\/dfa4be514c3e82a71e4f9a0020035d38192d080ccaa5e4e6d7a1472c763535c5?s=96&d=mm&r=pg","caption":"St\u00f6rungsmelder"},"url":"https:\/\/blog.zeit.de\/stoerungsmelder\/author\/stoerungsmelder"}]}},"jetpack_featured_media_url":"","jetpack_sharing_enabled":true,"_links":{"self":[{"href":"https:\/\/blog.zeit.de\/stoerungsmelder\/wp-json\/wp\/v2\/posts\/5911","targetHints":{"allow":["GET"]}}],"collection":[{"href":"https:\/\/blog.zeit.de\/stoerungsmelder\/wp-json\/wp\/v2\/posts"}],"about":[{"href":"https:\/\/blog.zeit.de\/stoerungsmelder\/wp-json\/wp\/v2\/types\/post"}],"author":[{"embeddable":true,"href":"https:\/\/blog.zeit.de\/stoerungsmelder\/wp-json\/wp\/v2\/users\/229"}],"replies":[{"embeddable":true,"href":"https:\/\/blog.zeit.de\/stoerungsmelder\/wp-json\/wp\/v2\/comments?post=5911"}],"version-history":[{"count":4,"href":"https:\/\/blog.zeit.de\/stoerungsmelder\/wp-json\/wp\/v2\/posts\/5911\/revisions"}],"predecessor-version":[{"id":5915,"href":"https:\/\/blog.zeit.de\/stoerungsmelder\/wp-json\/wp\/v2\/posts\/5911\/revisions\/5915"}],"wp:attachment":[{"href":"https:\/\/blog.zeit.de\/stoerungsmelder\/wp-json\/wp\/v2\/media?parent=5911"}],"wp:term":[{"taxonomy":"category","embeddable":true,"href":"https:\/\/blog.zeit.de\/stoerungsmelder\/wp-json\/wp\/v2\/categories?post=5911"},{"taxonomy":"post_tag","embeddable":true,"href":"https:\/\/blog.zeit.de\/stoerungsmelder\/wp-json\/wp\/v2\/tags?post=5911"}],"curies":[{"name":"wp","href":"https:\/\/api.w.org\/{rel}","templated":true}]}}