{"id":5924,"date":"2011-03-21T09:13:45","date_gmt":"2011-03-21T08:13:45","guid":{"rendered":"http:\/\/blog.zeit.de\/stoerungsmelder\/?p=5924"},"modified":"2011-03-21T13:42:15","modified_gmt":"2011-03-21T12:42:15","slug":"lange-gesichter-bei-der-npd","status":"publish","type":"post","link":"https:\/\/blog.zeit.de\/stoerungsmelder\/2011\/03\/21\/lange-gesichter-bei-der-npd_5924","title":{"rendered":"Lange Gesichter bei der NPD"},"content":{"rendered":"<p><figure id=\"attachment_5339\" aria-describedby=\"caption-attachment-5339\" style=\"width: 540px\" class=\"wp-caption aligncenter\"><a href=\"https:\/\/blog.zeit.de\/stoerungsmelder\/files\/2011\/01\/npd2-540.jpg\"><img loading=\"lazy\" decoding=\"async\" class=\"size-full wp-image-5339\" title=\"npd2-540\" src=\"https:\/\/blog.zeit.de\/stoerungsmelder\/files\/2011\/01\/npd2-540.jpg\" alt=\"\" width=\"540\" height=\"200\" srcset=\"https:\/\/blog.zeit.de\/stoerungsmelder\/files\/2011\/01\/npd2-540.jpg 540w, https:\/\/blog.zeit.de\/stoerungsmelder\/files\/2011\/01\/npd2-540-300x111.jpg 300w\" sizes=\"auto, (max-width: 540px) 100vw, 540px\" \/><\/a><figcaption id=\"caption-attachment-5339\" class=\"wp-caption-text\">Nach der verlorenen Wahl ist die Stimmung unter den &quot;Kameraden&quot; schlecht \u00a9 Getty<\/figcaption><\/figure><\/p>\n<p>Sie kamen selbstbewusst in den Landtag, doch dann versteinerten ihre Mienen. Ein Trupp von vier NPD-M\u00e4nnern, darunter der von der SPD \u00fcbergelaufene Ortsb\u00fcrgermeister aus Krauschwitz, Hans P\u00fcschel, hatte sich im zweiten Stock vor einem Bildschirm aufgebaut, ganz nah am Wahlstudio des MDR \u2013 wohl in der Erwartung, die f\u00fcnf Prozent w\u00fcrden sofort geknackt und die NPD k\u00f6nnte gleich an den Wahltalks teilnehmen. Doch dann der Schock: Die Prognose um 18 Uhr sah die Partei nur bei 4,5 Prozent. Der Einzug in den Landtag und damit auch ins Wahlstudio des MDR war pl\u00f6tzlich weit entfernt.<!--more--><\/p>\n<p><em>Von <a href=\"http:\/\/www.tagesspiegel.de\/politik\/lange-gesichter-bei-der-npd\/3971474.html\">Tagesspiegel<\/a>-Redakteur Frank Jansen aus Magdeburg<\/em><\/p>\n<p>\u201eDie ganze Hetz- und Schmutzkampagne gegen uns hat letztendlich den Ausschlag gegeben\u201c, \u00e4rgerte sich Michael Grunzel, Sprecher der NPD in Sachsen- Anhalt.<\/p>\n<p>Auch Michael Sch\u00e4fer, auf Platz 3 der Landesliste, gab die Wahl verloren. Nur P\u00fcschel zeigte sich unverdrossen. \u201eDie Prognose ging in die Hose\u201c, sagte der zum Dichten neigende NPD-Direktkandidat, \u201eaber ich bleibe Optimist\u201c. Sp\u00e4ter kletterte die NPD in den Hochrechnungen zwar auf 4,8 Prozent, doch da waren P\u00fcschel und die anderen NPD-Leute schon l\u00e4ngst aus dem Landtag verschwunden. Der Spitzenkandidat Matthias Heyder war gar nicht erst gekommen. Die Niederlage trifft die Partei schwer. Die NPD hatte einen \u201eSchwerpunktwahlkampf\u201c gef\u00fchrt und mehrere hunderttausend Euro ausgegeben, um den Einzug in den dritten Landtag im Osten zu schaffen. Aus Sicht der Partei ging es um ein strategisches Signal \u00fcber Sachsen-Anhalt hinaus.<\/p>\n<p><figure id=\"attachment_5928\" aria-describedby=\"caption-attachment-5928\" style=\"width: 540px\" class=\"wp-caption aligncenter\"><a href=\"https:\/\/blog.zeit.de\/stoerungsmelder\/files\/2011\/03\/wahl_npd.jpg\"><img loading=\"lazy\" decoding=\"async\" class=\"size-full wp-image-5928\" title=\"wahl_npd\" src=\"https:\/\/blog.zeit.de\/stoerungsmelder\/files\/2011\/03\/wahl_npd.jpg\" alt=\"\" width=\"540\" height=\"349\" \/><\/a><figcaption id=\"caption-attachment-5928\" class=\"wp-caption-text\">Vor allem in den St\u00e4dten fehlten den Neonazis die W\u00e4hlerstimmen \u00a9 Wahlatlas.net<\/figcaption><\/figure><\/p>\n<p>Doch vor wenigen Tagen geriet Frontmann Heyder gewaltig unter Druck. Die ARD-Homepage \u201etagesschau.de\u201c ver\u00f6ffentlichte Ausz\u00fcge aus mutma\u00dflichen Beitr\u00e4gen Heyders in einem Internetforum, darunter eine Anleitung zur Herstellung von Sprengstoff und einen Aufruf, linke Frauen zu \u201esch\u00e4nden\u201c. Geschrieben wurden das alles von einem \u201eJunker J\u00f6rg\u201c, das Landesinnenministerium sieht hinter dem Aliasnamen den Spitzenkandidaten der NPD. Das Landeskriminalamt leitete Ermittlungen ein, und alle Parteien von der CDU bis zur Linken appellierte in einem Aufruf gemeinsam an die W\u00e4hler, der \u201eNazipartei NPD\u201c eine Abfuhr zu geben.<\/p>\n<p>\u201eDas ist der gro\u00dfe Erfolg des heutigen Abends\u201c, sagte Landesinnenminister Holger H\u00f6velmann (SPD). Es sei gut, dass viele Menschen zur Wahl gegangen seien, um f\u00fcr eine demokratische Partei zu stimmen. Die gegen\u00fcber 2006 deutlich gestiegene Wahlbeteiligung habe, vermutete H\u00f6velmann, der NPD geschadet. Doch trotz des R\u00fcckschlags f\u00fcr die Rechtsextremen fordert er weiter ein Verbot der NPD. \u201eDie Fakten werden dichter\u201c, sagte H\u00f6velmann, \u201eund wenn die Junker-J\u00f6rg-Geschichte justiziabel wird, ist das ein weiterer Baustein f\u00fcr einen neuen Verbotsantrag beim Bundesverfassungsgericht.\u201c Denn wenn schon ein Spitzenkandidat derart kriminelle \u00c4u\u00dferungen von sich gebe und nicht nur das Fu\u00dfvolk, \u201edann ist es doch eindeutig, dass es sich um eine verfassungsfeindliche Partei handelt\u201c.<\/p>\n","protected":false},"excerpt":{"rendered":"<p>Sie kamen selbstbewusst in den Landtag, doch dann versteinerten ihre Mienen. Ein Trupp von vier NPD-M\u00e4nnern, darunter der von der SPD \u00fcbergelaufene Ortsb\u00fcrgermeister aus Krauschwitz, Hans P\u00fcschel, hatte sich im zweiten Stock vor einem Bildschirm aufgebaut, ganz nah am Wahlstudio des MDR \u2013 wohl in der Erwartung, die f\u00fcnf Prozent w\u00fcrden sofort geknackt und die [&hellip;]<\/p>\n","protected":false},"author":229,"featured_media":0,"comment_status":"open","ping_status":"open","sticky":false,"template":"","format":"standard","meta":{"_jetpack_memberships_contains_paid_content":false,"footnotes":""},"categories":[1457],"tags":[6360,11354,11355,1687,1716,955],"class_list":["post-5924","post","type-post","status-publish","format-standard","hentry","category-sachsen-anhalt","tag-hans-puschel","tag-matthias-heyder","tag-michael-grunzel","tag-michael-schafer","tag-npd","tag-wahlen"],"yoast_head":"<!-- This site is optimized with the Yoast SEO plugin v21.0 - https:\/\/yoast.com\/wordpress\/plugins\/seo\/ -->\n<title>Lange Gesichter bei der NPD - St\u00f6rungsmelder<\/title>\n<meta name=\"robots\" content=\"index, follow, max-snippet:-1, max-image-preview:large, max-video-preview:-1\" \/>\n<link rel=\"canonical\" href=\"https:\/\/blog.zeit.de\/stoerungsmelder\/2011\/03\/21\/lange-gesichter-bei-der-npd_5924\" \/>\n<meta property=\"og:locale\" content=\"de_DE\" \/>\n<meta property=\"og:type\" content=\"article\" \/>\n<meta property=\"og:title\" content=\"Lange Gesichter bei der NPD - St\u00f6rungsmelder\" \/>\n<meta property=\"og:description\" content=\"Sie kamen selbstbewusst in den Landtag, doch dann versteinerten ihre Mienen. Ein Trupp von vier NPD-M\u00e4nnern, darunter der von der SPD \u00fcbergelaufene Ortsb\u00fcrgermeister aus Krauschwitz, Hans P\u00fcschel, hatte sich im zweiten Stock vor einem Bildschirm aufgebaut, ganz nah am Wahlstudio des MDR \u2013 wohl in der Erwartung, die f\u00fcnf Prozent w\u00fcrden sofort geknackt und die [&hellip;]\" \/>\n<meta property=\"og:url\" content=\"https:\/\/blog.zeit.de\/stoerungsmelder\/2011\/03\/21\/lange-gesichter-bei-der-npd_5924\" \/>\n<meta property=\"og:site_name\" content=\"St\u00f6rungsmelder\" \/>\n<meta property=\"article:published_time\" content=\"2011-03-21T08:13:45+00:00\" \/>\n<meta property=\"article:modified_time\" content=\"2011-03-21T12:42:15+00:00\" \/>\n<meta property=\"og:image\" content=\"https:\/\/blog.zeit.de\/stoerungsmelder\/files\/2011\/01\/npd2-540.jpg\" \/>\n<meta name=\"author\" content=\"St\u00f6rungsmelder\" \/>\n<meta name=\"twitter:card\" content=\"summary_large_image\" \/>\n<meta name=\"twitter:label1\" content=\"Geschrieben von\" \/>\n\t<meta name=\"twitter:data1\" content=\"St\u00f6rungsmelder\" \/>\n\t<meta name=\"twitter:label2\" content=\"Gesch\u00e4tzte Lesezeit\" \/>\n\t<meta name=\"twitter:data2\" content=\"2\u00a0Minuten\" \/>\n<script type=\"application\/ld+json\" class=\"yoast-schema-graph\">{\"@context\":\"https:\/\/schema.org\",\"@graph\":[{\"@type\":\"WebPage\",\"@id\":\"https:\/\/blog.zeit.de\/stoerungsmelder\/2011\/03\/21\/lange-gesichter-bei-der-npd_5924\",\"url\":\"https:\/\/blog.zeit.de\/stoerungsmelder\/2011\/03\/21\/lange-gesichter-bei-der-npd_5924\",\"name\":\"Lange Gesichter bei der NPD - St\u00f6rungsmelder\",\"isPartOf\":{\"@id\":\"https:\/\/blog.zeit.de\/stoerungsmelder\/#website\"},\"datePublished\":\"2011-03-21T08:13:45+00:00\",\"dateModified\":\"2011-03-21T12:42:15+00:00\",\"author\":{\"@id\":\"https:\/\/blog.zeit.de\/stoerungsmelder\/#\/schema\/person\/fdd0b9818f65738672810b6d6f037f71\"},\"breadcrumb\":{\"@id\":\"https:\/\/blog.zeit.de\/stoerungsmelder\/2011\/03\/21\/lange-gesichter-bei-der-npd_5924#breadcrumb\"},\"inLanguage\":\"de\",\"potentialAction\":[{\"@type\":\"ReadAction\",\"target\":[\"https:\/\/blog.zeit.de\/stoerungsmelder\/2011\/03\/21\/lange-gesichter-bei-der-npd_5924\"]}]},{\"@type\":\"BreadcrumbList\",\"@id\":\"https:\/\/blog.zeit.de\/stoerungsmelder\/2011\/03\/21\/lange-gesichter-bei-der-npd_5924#breadcrumb\",\"itemListElement\":[{\"@type\":\"ListItem\",\"position\":1,\"name\":\"Startseite\",\"item\":\"https:\/\/blog.zeit.de\/stoerungsmelder\"},{\"@type\":\"ListItem\",\"position\":2,\"name\":\"Lange Gesichter bei der NPD\"}]},{\"@type\":\"WebSite\",\"@id\":\"https:\/\/blog.zeit.de\/stoerungsmelder\/#website\",\"url\":\"https:\/\/blog.zeit.de\/stoerungsmelder\/\",\"name\":\"St\u00f6rungsmelder\",\"description\":\"Recherchen und Analysen \u00fcber die extreme Rechte\",\"potentialAction\":[{\"@type\":\"SearchAction\",\"target\":{\"@type\":\"EntryPoint\",\"urlTemplate\":\"https:\/\/blog.zeit.de\/stoerungsmelder\/?s={search_term_string}\"},\"query-input\":\"required name=search_term_string\"}],\"inLanguage\":\"de\"},{\"@type\":\"Person\",\"@id\":\"https:\/\/blog.zeit.de\/stoerungsmelder\/#\/schema\/person\/fdd0b9818f65738672810b6d6f037f71\",\"name\":\"St\u00f6rungsmelder\",\"image\":{\"@type\":\"ImageObject\",\"inLanguage\":\"de\",\"@id\":\"https:\/\/blog.zeit.de\/stoerungsmelder\/#\/schema\/person\/image\/\",\"url\":\"https:\/\/secure.gravatar.com\/avatar\/dfa4be514c3e82a71e4f9a0020035d38192d080ccaa5e4e6d7a1472c763535c5?s=96&d=mm&r=pg\",\"contentUrl\":\"https:\/\/secure.gravatar.com\/avatar\/dfa4be514c3e82a71e4f9a0020035d38192d080ccaa5e4e6d7a1472c763535c5?s=96&d=mm&r=pg\",\"caption\":\"St\u00f6rungsmelder\"},\"url\":\"https:\/\/blog.zeit.de\/stoerungsmelder\/author\/stoerungsmelder\"}]}<\/script>\n<!-- \/ Yoast SEO plugin. -->","yoast_head_json":{"title":"Lange Gesichter bei der NPD - St\u00f6rungsmelder","robots":{"index":"index","follow":"follow","max-snippet":"max-snippet:-1","max-image-preview":"max-image-preview:large","max-video-preview":"max-video-preview:-1"},"canonical":"https:\/\/blog.zeit.de\/stoerungsmelder\/2011\/03\/21\/lange-gesichter-bei-der-npd_5924","og_locale":"de_DE","og_type":"article","og_title":"Lange Gesichter bei der NPD - St\u00f6rungsmelder","og_description":"Sie kamen selbstbewusst in den Landtag, doch dann versteinerten ihre Mienen. Ein Trupp von vier NPD-M\u00e4nnern, darunter der von der SPD \u00fcbergelaufene Ortsb\u00fcrgermeister aus Krauschwitz, Hans P\u00fcschel, hatte sich im zweiten Stock vor einem Bildschirm aufgebaut, ganz nah am Wahlstudio des MDR \u2013 wohl in der Erwartung, die f\u00fcnf Prozent w\u00fcrden sofort geknackt und die [&hellip;]","og_url":"https:\/\/blog.zeit.de\/stoerungsmelder\/2011\/03\/21\/lange-gesichter-bei-der-npd_5924","og_site_name":"St\u00f6rungsmelder","article_published_time":"2011-03-21T08:13:45+00:00","article_modified_time":"2011-03-21T12:42:15+00:00","og_image":[{"url":"https:\/\/blog.zeit.de\/stoerungsmelder\/files\/2011\/01\/npd2-540.jpg"}],"author":"St\u00f6rungsmelder","twitter_card":"summary_large_image","twitter_misc":{"Geschrieben von":"St\u00f6rungsmelder","Gesch\u00e4tzte Lesezeit":"2\u00a0Minuten"},"schema":{"@context":"https:\/\/schema.org","@graph":[{"@type":"WebPage","@id":"https:\/\/blog.zeit.de\/stoerungsmelder\/2011\/03\/21\/lange-gesichter-bei-der-npd_5924","url":"https:\/\/blog.zeit.de\/stoerungsmelder\/2011\/03\/21\/lange-gesichter-bei-der-npd_5924","name":"Lange Gesichter bei der NPD - St\u00f6rungsmelder","isPartOf":{"@id":"https:\/\/blog.zeit.de\/stoerungsmelder\/#website"},"datePublished":"2011-03-21T08:13:45+00:00","dateModified":"2011-03-21T12:42:15+00:00","author":{"@id":"https:\/\/blog.zeit.de\/stoerungsmelder\/#\/schema\/person\/fdd0b9818f65738672810b6d6f037f71"},"breadcrumb":{"@id":"https:\/\/blog.zeit.de\/stoerungsmelder\/2011\/03\/21\/lange-gesichter-bei-der-npd_5924#breadcrumb"},"inLanguage":"de","potentialAction":[{"@type":"ReadAction","target":["https:\/\/blog.zeit.de\/stoerungsmelder\/2011\/03\/21\/lange-gesichter-bei-der-npd_5924"]}]},{"@type":"BreadcrumbList","@id":"https:\/\/blog.zeit.de\/stoerungsmelder\/2011\/03\/21\/lange-gesichter-bei-der-npd_5924#breadcrumb","itemListElement":[{"@type":"ListItem","position":1,"name":"Startseite","item":"https:\/\/blog.zeit.de\/stoerungsmelder"},{"@type":"ListItem","position":2,"name":"Lange Gesichter bei der NPD"}]},{"@type":"WebSite","@id":"https:\/\/blog.zeit.de\/stoerungsmelder\/#website","url":"https:\/\/blog.zeit.de\/stoerungsmelder\/","name":"St\u00f6rungsmelder","description":"Recherchen und Analysen \u00fcber die extreme Rechte","potentialAction":[{"@type":"SearchAction","target":{"@type":"EntryPoint","urlTemplate":"https:\/\/blog.zeit.de\/stoerungsmelder\/?s={search_term_string}"},"query-input":"required name=search_term_string"}],"inLanguage":"de"},{"@type":"Person","@id":"https:\/\/blog.zeit.de\/stoerungsmelder\/#\/schema\/person\/fdd0b9818f65738672810b6d6f037f71","name":"St\u00f6rungsmelder","image":{"@type":"ImageObject","inLanguage":"de","@id":"https:\/\/blog.zeit.de\/stoerungsmelder\/#\/schema\/person\/image\/","url":"https:\/\/secure.gravatar.com\/avatar\/dfa4be514c3e82a71e4f9a0020035d38192d080ccaa5e4e6d7a1472c763535c5?s=96&d=mm&r=pg","contentUrl":"https:\/\/secure.gravatar.com\/avatar\/dfa4be514c3e82a71e4f9a0020035d38192d080ccaa5e4e6d7a1472c763535c5?s=96&d=mm&r=pg","caption":"St\u00f6rungsmelder"},"url":"https:\/\/blog.zeit.de\/stoerungsmelder\/author\/stoerungsmelder"}]}},"jetpack_featured_media_url":"","jetpack_sharing_enabled":true,"_links":{"self":[{"href":"https:\/\/blog.zeit.de\/stoerungsmelder\/wp-json\/wp\/v2\/posts\/5924","targetHints":{"allow":["GET"]}}],"collection":[{"href":"https:\/\/blog.zeit.de\/stoerungsmelder\/wp-json\/wp\/v2\/posts"}],"about":[{"href":"https:\/\/blog.zeit.de\/stoerungsmelder\/wp-json\/wp\/v2\/types\/post"}],"author":[{"embeddable":true,"href":"https:\/\/blog.zeit.de\/stoerungsmelder\/wp-json\/wp\/v2\/users\/229"}],"replies":[{"embeddable":true,"href":"https:\/\/blog.zeit.de\/stoerungsmelder\/wp-json\/wp\/v2\/comments?post=5924"}],"version-history":[{"count":6,"href":"https:\/\/blog.zeit.de\/stoerungsmelder\/wp-json\/wp\/v2\/posts\/5924\/revisions"}],"predecessor-version":[{"id":5931,"href":"https:\/\/blog.zeit.de\/stoerungsmelder\/wp-json\/wp\/v2\/posts\/5924\/revisions\/5931"}],"wp:attachment":[{"href":"https:\/\/blog.zeit.de\/stoerungsmelder\/wp-json\/wp\/v2\/media?parent=5924"}],"wp:term":[{"taxonomy":"category","embeddable":true,"href":"https:\/\/blog.zeit.de\/stoerungsmelder\/wp-json\/wp\/v2\/categories?post=5924"},{"taxonomy":"post_tag","embeddable":true,"href":"https:\/\/blog.zeit.de\/stoerungsmelder\/wp-json\/wp\/v2\/tags?post=5924"}],"curies":[{"name":"wp","href":"https:\/\/api.w.org\/{rel}","templated":true}]}}