{"id":5962,"date":"2011-03-29T11:07:09","date_gmt":"2011-03-29T09:07:09","guid":{"rendered":"http:\/\/blog.zeit.de\/stoerungsmelder\/?p=5962"},"modified":"2011-03-29T11:07:09","modified_gmt":"2011-03-29T09:07:09","slug":"pro-koln-jetzt-auch-offiziell-verfassungsfeindlich","status":"publish","type":"post","link":"https:\/\/blog.zeit.de\/stoerungsmelder\/2011\/03\/29\/pro-koln-jetzt-auch-offiziell-verfassungsfeindlich_5962","title":{"rendered":"Pro K\u00f6ln jetzt auch offiziell verfassungsfeindlich"},"content":{"rendered":"<p><figure id=\"attachment_2713\" aria-describedby=\"caption-attachment-2713\" style=\"width: 540px\" class=\"wp-caption aligncenter\"><a href=\"https:\/\/blog.zeit.de\/stoerungsmelder\/files\/2010\/02\/pro_koeln.jpg\"><img loading=\"lazy\" decoding=\"async\" class=\"size-full wp-image-2713\" title=\"pro_koeln\" src=\"https:\/\/blog.zeit.de\/stoerungsmelder\/files\/2010\/02\/pro_koeln.jpg\" alt=\"\" width=\"540\" height=\"304\" srcset=\"https:\/\/blog.zeit.de\/stoerungsmelder\/files\/2010\/02\/pro_koeln.jpg 540w, https:\/\/blog.zeit.de\/stoerungsmelder\/files\/2010\/02\/pro_koeln-300x168.jpg 300w\" sizes=\"auto, (max-width: 540px) 100vw, 540px\" \/><\/a><figcaption id=\"caption-attachment-2713\" class=\"wp-caption-text\">Hemmungslose Islamphobie als Programm: der Vorsitzende der rechtsextremen Gruppierung Pro NRW  \u00a9 Oliver Berg\/dpa<\/figcaption><\/figure><\/p>\n<p>Der Verfassungsschutz in Nordrhein-Westfalen hat die Bewertung von islamfeindlichen \u201ePro\u201c-Gruppierungen versch\u00e4rft und damit \u00fcber das Bundesland hinaus ein Signal gesetzt. Der Versuch von \u201ePro NRW\u201c, \u201edurch ein b\u00fcrgerliches Gewand den Stempel der Verfassungsfeindlichkeit um jeden Preis zu vermeiden, ist gescheitert\u201c, sagte am Montag Landesinnenminister Ralf J\u00e4ger (SPD) in D\u00fcsseldorf bei der Vorstellung des Verfassungsschutzberichts f\u00fcr das Jahr 2010. In der umfangreichen Brosch\u00fcre werden im Kapitel \u00fcber den Rechtsextremismus \u201ePro NRW\u201c und der eng liierten Gruppierung \u201ePro K\u00f6ln\u201c mit zusammen 350 Mitgliedern \u201etats\u00e4chliche Anhaltspunkte f\u00fcr verfassungsfeindliche Bestrebungen\u201c bescheinigt.<!--more--><\/p>\n<p><em>Von <a href=\"http:\/\/www.tagesspiegel.de\/politik\/islamfeinde-als-verfassungsfeinde\/3997880.html\">Tagesspiegel<\/a>-Autor Frank Jansen<\/em><\/p>\n<p>Im Bericht 2009 war nur von einem \u201eVerdacht\u201c die Rede, \u00e4hnlich hatte das Bundesamt f\u00fcr Verfassungsschutz (BfV) mit Blick auf \u201ePro K\u00f6ln\u201c argumentiert. Es ist nun zu erwarten, dass auch das BfV die \u201ePro\u201c-Szene h\u00e4rter anfasst.<\/p>\n<p>Der nordrhein-westf\u00e4lische Verfassungsschutz hatte sich im Februar in einem Rechtsstreit mit \u201ePro NRW\u201c sowohl beim Verwaltungsgericht D\u00fcsseldorf als auch beim Oberverwaltungsgericht in M\u00fcnster durchsetzen k\u00f6nnen. \u201ePro NRW\u201c habe \u201efortgesetzt mit pauschalierenden, plakativen \u00c4u\u00dferungen Ausl\u00e4nder wegen ihrer Abstammung und\/oder Religionszugeh\u00f6rigkeit ausgrenzend und als kriminell sowie nicht integrierbar dargestellt\u201c, hei\u00dft es im Beschluss des Oberverwaltungsgerichts. Der Verfassungsschutz erw\u00e4hnt au\u00dferdem in seinem Bericht die mit \u201ePro NRW\u201c verbandelte Gruppierung \u201ePro Deutschland\u201c, die im September in Berlin bei den Wahlen zum Abgeordnetenhaus antreten will. Auch wenn \u201ePro Deutschland\u201c erst im Juli 2010 sein \u201eHauptstadtb\u00fcro\u201c er\u00f6ffnet hat, sind f\u00fcr den NRW-Verfassungsschutz bereits \u201eAnhaltspunkte f\u00fcr den Verdacht extremistischer Bestrebungen\u201c zu erkennen.<\/p>\n<p>Das rechtsextreme Spektrum in Nordrhein-Westfalen beziffert der Verfassungsschutz auf 4020 Personen (darunter NPD 750, Neonazis 640, rechte Skinheads und andere braune Subkulturen 1350). \u201eBesorgniserregend\u201c nannte Innenminister J\u00e4ger die gewaltsamen Auseinandersetzungen zwischen Neonazis und Autonomen. Der Verfassungsschutz stellte im vergangenen Jahr 2790 Linksextreme fest, unter anderem 640 Militante und 1500 DKP-Mitglieder. Genannt werden auch extremistische Zirkel in der Linkspartei.<\/p>\n<p>Die gr\u00f6\u00dfte Gefahr geht allerdings laut J\u00e4ger weiterhin vom islamistischen Terrorismus aus. Der Minister warnte vor dschihadistischer Internetpropaganda. Die Islamische Bewegung Usbekistans versuche, Jugendlichen einzutrichtern, \u201eSchlachtfelder zu besiedeln\u201c.<\/p>\n<p>4500 ausl\u00e4ndische Extremisten jeder Couleur halten sich in Nordrhein-Westfalen auf. Im Bericht des Verfassungsschutzes wird zudem die \u00fcber Tarnnamen laufende Werbung von Scientology bei Youtube und Facebook entlarvt.<\/p>\n","protected":false},"excerpt":{"rendered":"<p>Der Verfassungsschutz in Nordrhein-Westfalen hat die Bewertung von islamfeindlichen \u201ePro\u201c-Gruppierungen versch\u00e4rft und damit \u00fcber das Bundesland hinaus ein Signal gesetzt. Der Versuch von \u201ePro NRW\u201c, \u201edurch ein b\u00fcrgerliches Gewand den Stempel der Verfassungsfeindlichkeit um jeden Preis zu vermeiden, ist gescheitert\u201c, sagte am Montag Landesinnenminister Ralf J\u00e4ger (SPD) in D\u00fcsseldorf bei der Vorstellung des Verfassungsschutzberichts f\u00fcr [&hellip;]<\/p>\n","protected":false},"author":229,"featured_media":0,"comment_status":"open","ping_status":"open","sticky":false,"template":"","format":"standard","meta":{"_jetpack_memberships_contains_paid_content":false,"footnotes":""},"categories":[1291],"tags":[1986,1621,1748,1749,1750,97],"class_list":["post-5962","post","type-post","status-publish","format-standard","hentry","category-nordrhein-westfalen","tag-anti-islamismus","tag-islamophobie","tag-pro-deutschland","tag-pro-koln","tag-pro-nrw","tag-rassismus"],"yoast_head":"<!-- This site is optimized with the Yoast SEO plugin v21.0 - https:\/\/yoast.com\/wordpress\/plugins\/seo\/ -->\n<title>Pro K\u00f6ln jetzt auch offiziell verfassungsfeindlich - St\u00f6rungsmelder<\/title>\n<meta name=\"robots\" content=\"index, follow, max-snippet:-1, max-image-preview:large, max-video-preview:-1\" \/>\n<link rel=\"canonical\" href=\"https:\/\/blog.zeit.de\/stoerungsmelder\/2011\/03\/29\/pro-koln-jetzt-auch-offiziell-verfassungsfeindlich_5962\" \/>\n<meta property=\"og:locale\" content=\"de_DE\" \/>\n<meta property=\"og:type\" content=\"article\" \/>\n<meta property=\"og:title\" content=\"Pro K\u00f6ln jetzt auch offiziell verfassungsfeindlich - St\u00f6rungsmelder\" \/>\n<meta property=\"og:description\" content=\"Der Verfassungsschutz in Nordrhein-Westfalen hat die Bewertung von islamfeindlichen \u201ePro\u201c-Gruppierungen versch\u00e4rft und damit \u00fcber das Bundesland hinaus ein Signal gesetzt. Der Versuch von \u201ePro NRW\u201c, \u201edurch ein b\u00fcrgerliches Gewand den Stempel der Verfassungsfeindlichkeit um jeden Preis zu vermeiden, ist gescheitert\u201c, sagte am Montag Landesinnenminister Ralf J\u00e4ger (SPD) in D\u00fcsseldorf bei der Vorstellung des Verfassungsschutzberichts f\u00fcr [&hellip;]\" \/>\n<meta property=\"og:url\" content=\"https:\/\/blog.zeit.de\/stoerungsmelder\/2011\/03\/29\/pro-koln-jetzt-auch-offiziell-verfassungsfeindlich_5962\" \/>\n<meta property=\"og:site_name\" content=\"St\u00f6rungsmelder\" \/>\n<meta property=\"article:published_time\" content=\"2011-03-29T09:07:09+00:00\" \/>\n<meta property=\"og:image\" content=\"https:\/\/blog.zeit.de\/stoerungsmelder\/files\/2010\/02\/pro_koeln.jpg\" \/>\n<meta name=\"author\" content=\"St\u00f6rungsmelder\" \/>\n<meta name=\"twitter:card\" content=\"summary_large_image\" \/>\n<meta name=\"twitter:label1\" content=\"Geschrieben von\" \/>\n\t<meta name=\"twitter:data1\" content=\"St\u00f6rungsmelder\" \/>\n\t<meta name=\"twitter:label2\" content=\"Gesch\u00e4tzte Lesezeit\" \/>\n\t<meta name=\"twitter:data2\" content=\"2\u00a0Minuten\" \/>\n<script type=\"application\/ld+json\" class=\"yoast-schema-graph\">{\"@context\":\"https:\/\/schema.org\",\"@graph\":[{\"@type\":\"WebPage\",\"@id\":\"https:\/\/blog.zeit.de\/stoerungsmelder\/2011\/03\/29\/pro-koln-jetzt-auch-offiziell-verfassungsfeindlich_5962\",\"url\":\"https:\/\/blog.zeit.de\/stoerungsmelder\/2011\/03\/29\/pro-koln-jetzt-auch-offiziell-verfassungsfeindlich_5962\",\"name\":\"Pro K\u00f6ln jetzt auch offiziell verfassungsfeindlich - St\u00f6rungsmelder\",\"isPartOf\":{\"@id\":\"https:\/\/blog.zeit.de\/stoerungsmelder\/#website\"},\"datePublished\":\"2011-03-29T09:07:09+00:00\",\"dateModified\":\"2011-03-29T09:07:09+00:00\",\"author\":{\"@id\":\"https:\/\/blog.zeit.de\/stoerungsmelder\/#\/schema\/person\/fdd0b9818f65738672810b6d6f037f71\"},\"breadcrumb\":{\"@id\":\"https:\/\/blog.zeit.de\/stoerungsmelder\/2011\/03\/29\/pro-koln-jetzt-auch-offiziell-verfassungsfeindlich_5962#breadcrumb\"},\"inLanguage\":\"de\",\"potentialAction\":[{\"@type\":\"ReadAction\",\"target\":[\"https:\/\/blog.zeit.de\/stoerungsmelder\/2011\/03\/29\/pro-koln-jetzt-auch-offiziell-verfassungsfeindlich_5962\"]}]},{\"@type\":\"BreadcrumbList\",\"@id\":\"https:\/\/blog.zeit.de\/stoerungsmelder\/2011\/03\/29\/pro-koln-jetzt-auch-offiziell-verfassungsfeindlich_5962#breadcrumb\",\"itemListElement\":[{\"@type\":\"ListItem\",\"position\":1,\"name\":\"Startseite\",\"item\":\"https:\/\/blog.zeit.de\/stoerungsmelder\"},{\"@type\":\"ListItem\",\"position\":2,\"name\":\"Pro K\u00f6ln jetzt auch offiziell verfassungsfeindlich\"}]},{\"@type\":\"WebSite\",\"@id\":\"https:\/\/blog.zeit.de\/stoerungsmelder\/#website\",\"url\":\"https:\/\/blog.zeit.de\/stoerungsmelder\/\",\"name\":\"St\u00f6rungsmelder\",\"description\":\"Recherchen und Analysen \u00fcber die extreme Rechte\",\"potentialAction\":[{\"@type\":\"SearchAction\",\"target\":{\"@type\":\"EntryPoint\",\"urlTemplate\":\"https:\/\/blog.zeit.de\/stoerungsmelder\/?s={search_term_string}\"},\"query-input\":\"required name=search_term_string\"}],\"inLanguage\":\"de\"},{\"@type\":\"Person\",\"@id\":\"https:\/\/blog.zeit.de\/stoerungsmelder\/#\/schema\/person\/fdd0b9818f65738672810b6d6f037f71\",\"name\":\"St\u00f6rungsmelder\",\"image\":{\"@type\":\"ImageObject\",\"inLanguage\":\"de\",\"@id\":\"https:\/\/blog.zeit.de\/stoerungsmelder\/#\/schema\/person\/image\/\",\"url\":\"https:\/\/secure.gravatar.com\/avatar\/dfa4be514c3e82a71e4f9a0020035d38192d080ccaa5e4e6d7a1472c763535c5?s=96&d=mm&r=pg\",\"contentUrl\":\"https:\/\/secure.gravatar.com\/avatar\/dfa4be514c3e82a71e4f9a0020035d38192d080ccaa5e4e6d7a1472c763535c5?s=96&d=mm&r=pg\",\"caption\":\"St\u00f6rungsmelder\"},\"url\":\"https:\/\/blog.zeit.de\/stoerungsmelder\/author\/stoerungsmelder\"}]}<\/script>\n<!-- \/ Yoast SEO plugin. -->","yoast_head_json":{"title":"Pro K\u00f6ln jetzt auch offiziell verfassungsfeindlich - St\u00f6rungsmelder","robots":{"index":"index","follow":"follow","max-snippet":"max-snippet:-1","max-image-preview":"max-image-preview:large","max-video-preview":"max-video-preview:-1"},"canonical":"https:\/\/blog.zeit.de\/stoerungsmelder\/2011\/03\/29\/pro-koln-jetzt-auch-offiziell-verfassungsfeindlich_5962","og_locale":"de_DE","og_type":"article","og_title":"Pro K\u00f6ln jetzt auch offiziell verfassungsfeindlich - St\u00f6rungsmelder","og_description":"Der Verfassungsschutz in Nordrhein-Westfalen hat die Bewertung von islamfeindlichen \u201ePro\u201c-Gruppierungen versch\u00e4rft und damit \u00fcber das Bundesland hinaus ein Signal gesetzt. Der Versuch von \u201ePro NRW\u201c, \u201edurch ein b\u00fcrgerliches Gewand den Stempel der Verfassungsfeindlichkeit um jeden Preis zu vermeiden, ist gescheitert\u201c, sagte am Montag Landesinnenminister Ralf J\u00e4ger (SPD) in D\u00fcsseldorf bei der Vorstellung des Verfassungsschutzberichts f\u00fcr [&hellip;]","og_url":"https:\/\/blog.zeit.de\/stoerungsmelder\/2011\/03\/29\/pro-koln-jetzt-auch-offiziell-verfassungsfeindlich_5962","og_site_name":"St\u00f6rungsmelder","article_published_time":"2011-03-29T09:07:09+00:00","og_image":[{"url":"https:\/\/blog.zeit.de\/stoerungsmelder\/files\/2010\/02\/pro_koeln.jpg"}],"author":"St\u00f6rungsmelder","twitter_card":"summary_large_image","twitter_misc":{"Geschrieben von":"St\u00f6rungsmelder","Gesch\u00e4tzte Lesezeit":"2\u00a0Minuten"},"schema":{"@context":"https:\/\/schema.org","@graph":[{"@type":"WebPage","@id":"https:\/\/blog.zeit.de\/stoerungsmelder\/2011\/03\/29\/pro-koln-jetzt-auch-offiziell-verfassungsfeindlich_5962","url":"https:\/\/blog.zeit.de\/stoerungsmelder\/2011\/03\/29\/pro-koln-jetzt-auch-offiziell-verfassungsfeindlich_5962","name":"Pro K\u00f6ln jetzt auch offiziell verfassungsfeindlich - St\u00f6rungsmelder","isPartOf":{"@id":"https:\/\/blog.zeit.de\/stoerungsmelder\/#website"},"datePublished":"2011-03-29T09:07:09+00:00","dateModified":"2011-03-29T09:07:09+00:00","author":{"@id":"https:\/\/blog.zeit.de\/stoerungsmelder\/#\/schema\/person\/fdd0b9818f65738672810b6d6f037f71"},"breadcrumb":{"@id":"https:\/\/blog.zeit.de\/stoerungsmelder\/2011\/03\/29\/pro-koln-jetzt-auch-offiziell-verfassungsfeindlich_5962#breadcrumb"},"inLanguage":"de","potentialAction":[{"@type":"ReadAction","target":["https:\/\/blog.zeit.de\/stoerungsmelder\/2011\/03\/29\/pro-koln-jetzt-auch-offiziell-verfassungsfeindlich_5962"]}]},{"@type":"BreadcrumbList","@id":"https:\/\/blog.zeit.de\/stoerungsmelder\/2011\/03\/29\/pro-koln-jetzt-auch-offiziell-verfassungsfeindlich_5962#breadcrumb","itemListElement":[{"@type":"ListItem","position":1,"name":"Startseite","item":"https:\/\/blog.zeit.de\/stoerungsmelder"},{"@type":"ListItem","position":2,"name":"Pro K\u00f6ln jetzt auch offiziell verfassungsfeindlich"}]},{"@type":"WebSite","@id":"https:\/\/blog.zeit.de\/stoerungsmelder\/#website","url":"https:\/\/blog.zeit.de\/stoerungsmelder\/","name":"St\u00f6rungsmelder","description":"Recherchen und Analysen \u00fcber die extreme Rechte","potentialAction":[{"@type":"SearchAction","target":{"@type":"EntryPoint","urlTemplate":"https:\/\/blog.zeit.de\/stoerungsmelder\/?s={search_term_string}"},"query-input":"required name=search_term_string"}],"inLanguage":"de"},{"@type":"Person","@id":"https:\/\/blog.zeit.de\/stoerungsmelder\/#\/schema\/person\/fdd0b9818f65738672810b6d6f037f71","name":"St\u00f6rungsmelder","image":{"@type":"ImageObject","inLanguage":"de","@id":"https:\/\/blog.zeit.de\/stoerungsmelder\/#\/schema\/person\/image\/","url":"https:\/\/secure.gravatar.com\/avatar\/dfa4be514c3e82a71e4f9a0020035d38192d080ccaa5e4e6d7a1472c763535c5?s=96&d=mm&r=pg","contentUrl":"https:\/\/secure.gravatar.com\/avatar\/dfa4be514c3e82a71e4f9a0020035d38192d080ccaa5e4e6d7a1472c763535c5?s=96&d=mm&r=pg","caption":"St\u00f6rungsmelder"},"url":"https:\/\/blog.zeit.de\/stoerungsmelder\/author\/stoerungsmelder"}]}},"jetpack_featured_media_url":"","jetpack_sharing_enabled":true,"_links":{"self":[{"href":"https:\/\/blog.zeit.de\/stoerungsmelder\/wp-json\/wp\/v2\/posts\/5962","targetHints":{"allow":["GET"]}}],"collection":[{"href":"https:\/\/blog.zeit.de\/stoerungsmelder\/wp-json\/wp\/v2\/posts"}],"about":[{"href":"https:\/\/blog.zeit.de\/stoerungsmelder\/wp-json\/wp\/v2\/types\/post"}],"author":[{"embeddable":true,"href":"https:\/\/blog.zeit.de\/stoerungsmelder\/wp-json\/wp\/v2\/users\/229"}],"replies":[{"embeddable":true,"href":"https:\/\/blog.zeit.de\/stoerungsmelder\/wp-json\/wp\/v2\/comments?post=5962"}],"version-history":[{"count":4,"href":"https:\/\/blog.zeit.de\/stoerungsmelder\/wp-json\/wp\/v2\/posts\/5962\/revisions"}],"predecessor-version":[{"id":5966,"href":"https:\/\/blog.zeit.de\/stoerungsmelder\/wp-json\/wp\/v2\/posts\/5962\/revisions\/5966"}],"wp:attachment":[{"href":"https:\/\/blog.zeit.de\/stoerungsmelder\/wp-json\/wp\/v2\/media?parent=5962"}],"wp:term":[{"taxonomy":"category","embeddable":true,"href":"https:\/\/blog.zeit.de\/stoerungsmelder\/wp-json\/wp\/v2\/categories?post=5962"},{"taxonomy":"post_tag","embeddable":true,"href":"https:\/\/blog.zeit.de\/stoerungsmelder\/wp-json\/wp\/v2\/tags?post=5962"}],"curies":[{"name":"wp","href":"https:\/\/api.w.org\/{rel}","templated":true}]}}