{"id":6079,"date":"2011-04-14T13:21:16","date_gmt":"2011-04-14T11:21:16","guid":{"rendered":"http:\/\/blog.zeit.de\/stoerungsmelder\/?p=6079"},"modified":"2011-04-14T14:44:51","modified_gmt":"2011-04-14T12:44:51","slug":"antisemitische-hetze-unter-dynamo-dresden-fans","status":"publish","type":"post","link":"https:\/\/blog.zeit.de\/stoerungsmelder\/2011\/04\/14\/antisemitische-hetze-unter-dynamo-dresden-fans_6079","title":{"rendered":"Antisemitische Hetze unter Dynamo Dresden-Fans"},"content":{"rendered":"<p><figure id=\"attachment_6081\" aria-describedby=\"caption-attachment-6081\" style=\"width: 300px\" class=\"wp-caption alignleft\"><a href=\"https:\/\/blog.zeit.de\/stoerungsmelder\/files\/2011\/04\/dynamo_dresden.jpg\"><img loading=\"lazy\" decoding=\"async\" class=\"size-full wp-image-6081\" title=\"dynamo_dresden\" src=\"https:\/\/blog.zeit.de\/stoerungsmelder\/files\/2011\/04\/dynamo_dresden.jpg\" alt=\"\" width=\"300\" height=\"372\" srcset=\"https:\/\/blog.zeit.de\/stoerungsmelder\/files\/2011\/04\/dynamo_dresden.jpg 300w, https:\/\/blog.zeit.de\/stoerungsmelder\/files\/2011\/04\/dynamo_dresden-241x300.jpg 241w\" sizes=\"auto, (max-width: 300px) 100vw, 300px\" \/><\/a><figcaption id=\"caption-attachment-6081\" class=\"wp-caption-text\">Screenshot des antisemitischen Banners aus einem Hooligan-Forum<\/figcaption><\/figure><\/p>\n<p>Fans des Fu\u00dfballvereins Dynamo Dresden haben\u00a0 beim 3. Liga Spiel gegen den Ostrivalen Hansa Rostock ein antisemitisches Hetztransparent gehisst. Der Verein ist ber\u00fcchtigt f\u00fcr seine Fans aus dem rechtsextremen Hooligan-Milieu. Jetzt bittet der Gesch\u00e4ftsf\u00fchrer die Zuschauer um Hilfe, damit die Urheber des Banners identifiziert werden k\u00f6nnen.<!--more--><\/p>\n<p><em>Von Fabian Kunow<\/em><\/p>\n<p>Bei der Begegnung der Vereine Hansa Rostock gegen SG Dynamo Dresden h\u00e4ngten Dresdener Fans zur Beleidigung ihres Gegners ein antisemitisches Transparent an die Absperrung. Dieses im Comicstyle gestaltete Transparent zeigte einen durchgestrichenen chassidischen Juden. Diese Judenklischee bedienende Comicfigur, im Stil des weltbekannten Ghostbusterslogos, war mit einem Davidstern am Hut gekennzeichnet sowie mit einem Trikot  des Rivalen Hansa Rostock bekleidet.<\/p>\n<p>Das Foto zeigt das Stoffst\u00fcck im Rostocker Ostseestadion. Dieses war auf der Homepage von \u201eUltras Dynamo\u201c ver\u00f6ffentlicht worden. Mittlerweile ist das Bild auf der Seite dieser Fangruppe nicht mehr zu finden.<\/p>\n<p>Au\u00dferdem wurde in einem bundesweiten Forum der Ultraszene berichtet, dass ebenfalls mehrfach der Slogan &#8222;Hansa Rostock, Juden, Juden, Juden&#8220; im Dresdener Fanblock erklungen war. Solche drastischen antisemitischen und rassistischen Ausf\u00e4lle gab und gibt es immer wieder in Deutschen Fu\u00dfballstadien. Hiervon zeugt die bundesweit gezeigte Ausstellung \u201eTatort Stadion\u201c. Aber gerade durch die in den letzten zehn Jahren angewachsene Ultrabewegung sind solche Beschimpfungen im Profifu\u00dfball seltener geworden. Ultras zeichnen sich in der Regel durch ein niveauvolleres Schm\u00e4hen des Gegners aus als diesen \u201eJude\u201c, \u201eZigeuner\u201c oder \u201eNeger\u201c zu nennen. Solche Beleidigungen werden nun vor allem im Stadion von Personen benutzt, f\u00fcr die \u201eJude\u201c, \u201eZigeuner\u201c oder \u201eNeger\u201c auch im allt\u00e4glichen Sprachgebrauch Schimpfw\u00f6rter sind.<\/p>\n<p>Das solche Personen in Dresdener Fankreise ihren Platz haben offenbart die Vorg\u00e4nge um die Hooligan-Gruppe \u201eAssi P\u00f6bel Dynamo\u201c bzw. \u201eAssip\u00f6bel\u201c. Aus ihren Reihen stammten nach Informationen des Antifaschistischen Infoblatts die T\u00e4ter von mehreren Angriffen auf alternative Wohnprojekte in Dresden.<\/p>\n<p>\u201eBei aller Emotion und Leidenschaft f\u00fcr unseren Verein bei einem Derby gegen Rostock sch\u00e4me ich mich f\u00fcr dieses uns\u00e4gliche Plakat&#8220;, sagte Dynamo-Gesch\u00e4ftsf\u00fchrer Volker Oppitz in einer Stellungnahme. &#8222;Ich distanziere mich au\u00dferdem als Gesch\u00e4ftsf\u00fchrer des Vereins und Privatmann in jeder Form von Rassismus und Diskriminierung und werde alles daf\u00fcr tun, dass diejenigen zur Rechenschaft gezogen werden, die diese h\u00e4ssliche Botschaft im G\u00e4ste-Block angebracht haben.\u201c Er bat andere Fans um Fotos und Videoaufnahmen, um die T\u00e4ter ausfindig zu machen. Das Transparent sei den Verantwortlichen von Dynamo erst nach dem Spiel auf Fotos aufgefallen, sonst h\u00e4tte man schon w\u00e4hrend des Spiels versucht, unter Mithilfe der organisierten Fans im G\u00e4stebereich, das Transparent zu entfernen.<\/p>\n","protected":false},"excerpt":{"rendered":"<p>Fans des Fu\u00dfballvereins Dynamo Dresden haben\u00a0 beim 3. Liga Spiel gegen den Ostrivalen Hansa Rostock ein antisemitisches Hetztransparent gehisst. Der Verein ist ber\u00fcchtigt f\u00fcr seine Fans aus dem rechtsextremen Hooligan-Milieu. Jetzt bittet der Gesch\u00e4ftsf\u00fchrer die Zuschauer um Hilfe, damit die Urheber des Banners identifiziert werden k\u00f6nnen.<\/p>\n","protected":false},"author":258,"featured_media":0,"comment_status":"open","ping_status":"open","sticky":false,"template":"","format":"standard","meta":{"_jetpack_memberships_contains_paid_content":false,"footnotes":""},"categories":[90,1456],"tags":[1479,666,1610,97],"class_list":["post-6079","post","type-post","status-publish","format-standard","hentry","category-mecklenburg-vorpommern","category-sachsen","tag-antisemitismus","tag-fusball","tag-hooligans","tag-rassismus"],"yoast_head":"<!-- This site is optimized with the Yoast SEO plugin v21.0 - https:\/\/yoast.com\/wordpress\/plugins\/seo\/ -->\n<title>Antisemitische Hetze unter Dynamo Dresden-Fans - St\u00f6rungsmelder<\/title>\n<meta name=\"robots\" content=\"index, follow, max-snippet:-1, max-image-preview:large, max-video-preview:-1\" \/>\n<link rel=\"canonical\" href=\"https:\/\/blog.zeit.de\/stoerungsmelder\/2011\/04\/14\/antisemitische-hetze-unter-dynamo-dresden-fans_6079\" \/>\n<meta property=\"og:locale\" content=\"de_DE\" \/>\n<meta property=\"og:type\" content=\"article\" \/>\n<meta property=\"og:title\" content=\"Antisemitische Hetze unter Dynamo Dresden-Fans - St\u00f6rungsmelder\" \/>\n<meta property=\"og:description\" content=\"Fans des Fu\u00dfballvereins Dynamo Dresden haben\u00a0 beim 3. Liga Spiel gegen den Ostrivalen Hansa Rostock ein antisemitisches Hetztransparent gehisst. Der Verein ist ber\u00fcchtigt f\u00fcr seine Fans aus dem rechtsextremen Hooligan-Milieu. Jetzt bittet der Gesch\u00e4ftsf\u00fchrer die Zuschauer um Hilfe, damit die Urheber des Banners identifiziert werden k\u00f6nnen.\" \/>\n<meta property=\"og:url\" content=\"https:\/\/blog.zeit.de\/stoerungsmelder\/2011\/04\/14\/antisemitische-hetze-unter-dynamo-dresden-fans_6079\" \/>\n<meta property=\"og:site_name\" content=\"St\u00f6rungsmelder\" \/>\n<meta property=\"article:published_time\" content=\"2011-04-14T11:21:16+00:00\" \/>\n<meta property=\"article:modified_time\" content=\"2011-04-14T12:44:51+00:00\" \/>\n<meta property=\"og:image\" content=\"https:\/\/blog.zeit.de\/stoerungsmelder\/files\/2011\/04\/dynamo_dresden.jpg\" \/>\n<meta name=\"author\" content=\"Fabian Kunow\" \/>\n<meta name=\"twitter:card\" content=\"summary_large_image\" \/>\n<meta name=\"twitter:label1\" content=\"Geschrieben von\" \/>\n\t<meta name=\"twitter:data1\" content=\"Fabian Kunow\" \/>\n\t<meta name=\"twitter:label2\" content=\"Gesch\u00e4tzte Lesezeit\" \/>\n\t<meta name=\"twitter:data2\" content=\"2\u00a0Minuten\" \/>\n<script type=\"application\/ld+json\" class=\"yoast-schema-graph\">{\"@context\":\"https:\/\/schema.org\",\"@graph\":[{\"@type\":\"WebPage\",\"@id\":\"https:\/\/blog.zeit.de\/stoerungsmelder\/2011\/04\/14\/antisemitische-hetze-unter-dynamo-dresden-fans_6079\",\"url\":\"https:\/\/blog.zeit.de\/stoerungsmelder\/2011\/04\/14\/antisemitische-hetze-unter-dynamo-dresden-fans_6079\",\"name\":\"Antisemitische Hetze unter Dynamo Dresden-Fans - St\u00f6rungsmelder\",\"isPartOf\":{\"@id\":\"https:\/\/blog.zeit.de\/stoerungsmelder\/#website\"},\"datePublished\":\"2011-04-14T11:21:16+00:00\",\"dateModified\":\"2011-04-14T12:44:51+00:00\",\"author\":{\"@id\":\"https:\/\/blog.zeit.de\/stoerungsmelder\/#\/schema\/person\/686c0f1b023624d4a5fc183aeea54fe5\"},\"breadcrumb\":{\"@id\":\"https:\/\/blog.zeit.de\/stoerungsmelder\/2011\/04\/14\/antisemitische-hetze-unter-dynamo-dresden-fans_6079#breadcrumb\"},\"inLanguage\":\"de\",\"potentialAction\":[{\"@type\":\"ReadAction\",\"target\":[\"https:\/\/blog.zeit.de\/stoerungsmelder\/2011\/04\/14\/antisemitische-hetze-unter-dynamo-dresden-fans_6079\"]}]},{\"@type\":\"BreadcrumbList\",\"@id\":\"https:\/\/blog.zeit.de\/stoerungsmelder\/2011\/04\/14\/antisemitische-hetze-unter-dynamo-dresden-fans_6079#breadcrumb\",\"itemListElement\":[{\"@type\":\"ListItem\",\"position\":1,\"name\":\"Startseite\",\"item\":\"https:\/\/blog.zeit.de\/stoerungsmelder\"},{\"@type\":\"ListItem\",\"position\":2,\"name\":\"Antisemitische Hetze unter Dynamo Dresden-Fans\"}]},{\"@type\":\"WebSite\",\"@id\":\"https:\/\/blog.zeit.de\/stoerungsmelder\/#website\",\"url\":\"https:\/\/blog.zeit.de\/stoerungsmelder\/\",\"name\":\"St\u00f6rungsmelder\",\"description\":\"Recherchen und Analysen \u00fcber die extreme Rechte\",\"potentialAction\":[{\"@type\":\"SearchAction\",\"target\":{\"@type\":\"EntryPoint\",\"urlTemplate\":\"https:\/\/blog.zeit.de\/stoerungsmelder\/?s={search_term_string}\"},\"query-input\":\"required name=search_term_string\"}],\"inLanguage\":\"de\"},{\"@type\":\"Person\",\"@id\":\"https:\/\/blog.zeit.de\/stoerungsmelder\/#\/schema\/person\/686c0f1b023624d4a5fc183aeea54fe5\",\"name\":\"Fabian Kunow\",\"image\":{\"@type\":\"ImageObject\",\"inLanguage\":\"de\",\"@id\":\"https:\/\/blog.zeit.de\/stoerungsmelder\/#\/schema\/person\/image\/\",\"url\":\"https:\/\/secure.gravatar.com\/avatar\/43018aefc8bfcaadd6a43ca3a0b264eeb64ed92a101e0d742fa260071838275e?s=96&d=mm&r=pg\",\"contentUrl\":\"https:\/\/secure.gravatar.com\/avatar\/43018aefc8bfcaadd6a43ca3a0b264eeb64ed92a101e0d742fa260071838275e?s=96&d=mm&r=pg\",\"caption\":\"Fabian Kunow\"},\"url\":\"https:\/\/blog.zeit.de\/stoerungsmelder\/author\/fabian-kunow\"}]}<\/script>\n<!-- \/ Yoast SEO plugin. -->","yoast_head_json":{"title":"Antisemitische Hetze unter Dynamo Dresden-Fans - St\u00f6rungsmelder","robots":{"index":"index","follow":"follow","max-snippet":"max-snippet:-1","max-image-preview":"max-image-preview:large","max-video-preview":"max-video-preview:-1"},"canonical":"https:\/\/blog.zeit.de\/stoerungsmelder\/2011\/04\/14\/antisemitische-hetze-unter-dynamo-dresden-fans_6079","og_locale":"de_DE","og_type":"article","og_title":"Antisemitische Hetze unter Dynamo Dresden-Fans - St\u00f6rungsmelder","og_description":"Fans des Fu\u00dfballvereins Dynamo Dresden haben\u00a0 beim 3. Liga Spiel gegen den Ostrivalen Hansa Rostock ein antisemitisches Hetztransparent gehisst. Der Verein ist ber\u00fcchtigt f\u00fcr seine Fans aus dem rechtsextremen Hooligan-Milieu. Jetzt bittet der Gesch\u00e4ftsf\u00fchrer die Zuschauer um Hilfe, damit die Urheber des Banners identifiziert werden k\u00f6nnen.","og_url":"https:\/\/blog.zeit.de\/stoerungsmelder\/2011\/04\/14\/antisemitische-hetze-unter-dynamo-dresden-fans_6079","og_site_name":"St\u00f6rungsmelder","article_published_time":"2011-04-14T11:21:16+00:00","article_modified_time":"2011-04-14T12:44:51+00:00","og_image":[{"url":"https:\/\/blog.zeit.de\/stoerungsmelder\/files\/2011\/04\/dynamo_dresden.jpg"}],"author":"Fabian Kunow","twitter_card":"summary_large_image","twitter_misc":{"Geschrieben von":"Fabian Kunow","Gesch\u00e4tzte Lesezeit":"2\u00a0Minuten"},"schema":{"@context":"https:\/\/schema.org","@graph":[{"@type":"WebPage","@id":"https:\/\/blog.zeit.de\/stoerungsmelder\/2011\/04\/14\/antisemitische-hetze-unter-dynamo-dresden-fans_6079","url":"https:\/\/blog.zeit.de\/stoerungsmelder\/2011\/04\/14\/antisemitische-hetze-unter-dynamo-dresden-fans_6079","name":"Antisemitische Hetze unter Dynamo Dresden-Fans - St\u00f6rungsmelder","isPartOf":{"@id":"https:\/\/blog.zeit.de\/stoerungsmelder\/#website"},"datePublished":"2011-04-14T11:21:16+00:00","dateModified":"2011-04-14T12:44:51+00:00","author":{"@id":"https:\/\/blog.zeit.de\/stoerungsmelder\/#\/schema\/person\/686c0f1b023624d4a5fc183aeea54fe5"},"breadcrumb":{"@id":"https:\/\/blog.zeit.de\/stoerungsmelder\/2011\/04\/14\/antisemitische-hetze-unter-dynamo-dresden-fans_6079#breadcrumb"},"inLanguage":"de","potentialAction":[{"@type":"ReadAction","target":["https:\/\/blog.zeit.de\/stoerungsmelder\/2011\/04\/14\/antisemitische-hetze-unter-dynamo-dresden-fans_6079"]}]},{"@type":"BreadcrumbList","@id":"https:\/\/blog.zeit.de\/stoerungsmelder\/2011\/04\/14\/antisemitische-hetze-unter-dynamo-dresden-fans_6079#breadcrumb","itemListElement":[{"@type":"ListItem","position":1,"name":"Startseite","item":"https:\/\/blog.zeit.de\/stoerungsmelder"},{"@type":"ListItem","position":2,"name":"Antisemitische Hetze unter Dynamo Dresden-Fans"}]},{"@type":"WebSite","@id":"https:\/\/blog.zeit.de\/stoerungsmelder\/#website","url":"https:\/\/blog.zeit.de\/stoerungsmelder\/","name":"St\u00f6rungsmelder","description":"Recherchen und Analysen \u00fcber die extreme Rechte","potentialAction":[{"@type":"SearchAction","target":{"@type":"EntryPoint","urlTemplate":"https:\/\/blog.zeit.de\/stoerungsmelder\/?s={search_term_string}"},"query-input":"required name=search_term_string"}],"inLanguage":"de"},{"@type":"Person","@id":"https:\/\/blog.zeit.de\/stoerungsmelder\/#\/schema\/person\/686c0f1b023624d4a5fc183aeea54fe5","name":"Fabian Kunow","image":{"@type":"ImageObject","inLanguage":"de","@id":"https:\/\/blog.zeit.de\/stoerungsmelder\/#\/schema\/person\/image\/","url":"https:\/\/secure.gravatar.com\/avatar\/43018aefc8bfcaadd6a43ca3a0b264eeb64ed92a101e0d742fa260071838275e?s=96&d=mm&r=pg","contentUrl":"https:\/\/secure.gravatar.com\/avatar\/43018aefc8bfcaadd6a43ca3a0b264eeb64ed92a101e0d742fa260071838275e?s=96&d=mm&r=pg","caption":"Fabian Kunow"},"url":"https:\/\/blog.zeit.de\/stoerungsmelder\/author\/fabian-kunow"}]}},"jetpack_featured_media_url":"","jetpack_sharing_enabled":true,"_links":{"self":[{"href":"https:\/\/blog.zeit.de\/stoerungsmelder\/wp-json\/wp\/v2\/posts\/6079","targetHints":{"allow":["GET"]}}],"collection":[{"href":"https:\/\/blog.zeit.de\/stoerungsmelder\/wp-json\/wp\/v2\/posts"}],"about":[{"href":"https:\/\/blog.zeit.de\/stoerungsmelder\/wp-json\/wp\/v2\/types\/post"}],"author":[{"embeddable":true,"href":"https:\/\/blog.zeit.de\/stoerungsmelder\/wp-json\/wp\/v2\/users\/258"}],"replies":[{"embeddable":true,"href":"https:\/\/blog.zeit.de\/stoerungsmelder\/wp-json\/wp\/v2\/comments?post=6079"}],"version-history":[{"count":7,"href":"https:\/\/blog.zeit.de\/stoerungsmelder\/wp-json\/wp\/v2\/posts\/6079\/revisions"}],"predecessor-version":[{"id":6086,"href":"https:\/\/blog.zeit.de\/stoerungsmelder\/wp-json\/wp\/v2\/posts\/6079\/revisions\/6086"}],"wp:attachment":[{"href":"https:\/\/blog.zeit.de\/stoerungsmelder\/wp-json\/wp\/v2\/media?parent=6079"}],"wp:term":[{"taxonomy":"category","embeddable":true,"href":"https:\/\/blog.zeit.de\/stoerungsmelder\/wp-json\/wp\/v2\/categories?post=6079"},{"taxonomy":"post_tag","embeddable":true,"href":"https:\/\/blog.zeit.de\/stoerungsmelder\/wp-json\/wp\/v2\/tags?post=6079"}],"curies":[{"name":"wp","href":"https:\/\/api.w.org\/{rel}","templated":true}]}}