{"id":6089,"date":"2011-04-15T15:17:04","date_gmt":"2011-04-15T13:17:04","guid":{"rendered":"http:\/\/blog.zeit.de\/stoerungsmelder\/?p=6089"},"modified":"2011-04-15T15:17:04","modified_gmt":"2011-04-15T13:17:04","slug":"brandanschlag-auf-migranten-fruheres-npd-mitglied-beteiligt","status":"publish","type":"post","link":"https:\/\/blog.zeit.de\/stoerungsmelder\/2011\/04\/15\/brandanschlag-auf-migranten-fruheres-npd-mitglied-beteiligt_6089","title":{"rendered":"Brandanschlag auf Migranten: Fr\u00fcheres NPD-Mitglied beteiligt"},"content":{"rendered":"<p><figure id=\"attachment_6091\" aria-describedby=\"caption-attachment-6091\" style=\"width: 540px\" class=\"wp-caption aligncenter\"><a href=\"https:\/\/blog.zeit.de\/stoerungsmelder\/files\/2011\/04\/anschlag.jpg\"><img loading=\"lazy\" decoding=\"async\" class=\"size-full wp-image-6091\" title=\"anschlag\" src=\"https:\/\/blog.zeit.de\/stoerungsmelder\/files\/2011\/04\/anschlag.jpg\" alt=\"\" width=\"540\" height=\"406\" srcset=\"https:\/\/blog.zeit.de\/stoerungsmelder\/files\/2011\/04\/anschlag.jpg 457w, https:\/\/blog.zeit.de\/stoerungsmelder\/files\/2011\/04\/anschlag-300x225.jpg 300w\" sizes=\"auto, (max-width: 540px) 100vw, 540px\" \/><\/a><figcaption id=\"caption-attachment-6091\" class=\"wp-caption-text\">Die Laube, in der die Opfer sich versteckt hatten, wurde von den Neonazis niedergebrannt \u00a9 dpa<\/figcaption><\/figure><\/p>\n<p>Einer der Tatverd\u00e4chtigen f\u00fcr den Brandanschlag auf eine Gruppe junger Migranten in Baden-W\u00fcrttemberg war nach<a href=\"http:\/\/taz.de\/1\/politik\/deutschland\/artikel\/1\/verdaechtiger-war-schon-mal-angreifer\/\"> Informationen der &#8222;taz&#8220;<\/a> schon vor elf Jahren an einem brutalen Angriff auf einen Griechen in Schorndorf beteiligt. Das best\u00e4tigte die Polizeidirektion Waiblingen auf Nachfrage. Der 35-J\u00e4hrige Christian W. war damals Pressesprecher der NPD im Rems-Murr-Kreis.<!--more--><\/p>\n<p>Am vergangenen Wochenende soll eine Gruppe von Rechtsextremen in Winterbach bei Schorndorf eine Gartenh\u00fctte angez\u00fcndet haben, in der sich f\u00fcnf t\u00fcrkisch- beziehungsweise italienischst\u00e4mmige junge M\u00e4nner aus Angst verschanzt hatten. Die Staatsanwaltschaft Stuttgart ermittelt wegen versuchten Mordes und schwerer Brandstiftung. Die beiden Gruppen hatten in unmittelbarer N\u00e4he am Samstagabend Partys gefeiert. Nach taz-Informationen fand die Feier der Rechtsextremen auf dem Gartengrundst\u00fcck von Christian W. statt.<\/p>\n<p>Die Staatsanwaltschaft Stuttgart best\u00e4tigte auf Nachfrage, dass sie gegen den 35-J\u00e4hrigen ermittle. Er sei auch unter den 14 Tatverd\u00e4chtigen gewesen, die am Sonntag vorl\u00e4ufig festgenommen worden waren, zun\u00e4chst aber wieder auf freien Fu\u00df kamen, sagte eine Sprecherin. Einen Haftbefehl gegen einen der Beschuldigten gibt es bisher nicht.<\/p>\n<p>Der Angriff auf einen griechischen Gesch\u00e4ftsmann in Schorndorf im November 2000 hatte \u00fcberregional Aufsehen erregt. Im NPD-Verbotsantrag des Bundesrats vom M\u00e4rz 2001 wurde explizit auf den ausl\u00e4nderfeindlichen Angriff unter Beteiligung des damaligen NPD-Kreissprechers verwiesen. Die Polizeidirektion Waiblingen richtete als Reaktion auf den Angriff und einen Brandanschlag kurz zuvor auf ein Fl\u00fcchtlingsheim  im selben Landkreis die &#8222;Koordinierungsstelle Rechtsextremismus&#8220; (Korex) ein.<\/p>\n","protected":false},"excerpt":{"rendered":"<p>Einer der Tatverd\u00e4chtigen f\u00fcr den Brandanschlag auf eine Gruppe junger Migranten in Baden-W\u00fcrttemberg war nach Informationen der &#8222;taz&#8220; schon vor elf Jahren an einem brutalen Angriff auf einen Griechen in Schorndorf beteiligt. Das best\u00e4tigte die Polizeidirektion Waiblingen auf Nachfrage. Der 35-J\u00e4hrige Christian W. war damals Pressesprecher der NPD im Rems-Murr-Kreis.<\/p>\n","protected":false},"author":229,"featured_media":0,"comment_status":"open","ping_status":"open","sticky":false,"template":"","format":"standard","meta":{"_jetpack_memberships_contains_paid_content":false,"footnotes":""},"categories":[1450],"tags":[1511,1716,1755],"class_list":["post-6089","post","type-post","status-publish","format-standard","hentry","category-baden-wurttemberg","tag-brandanschlag","tag-npd","tag-rechte-gewalt"],"yoast_head":"<!-- This site is optimized with the Yoast SEO plugin v21.0 - https:\/\/yoast.com\/wordpress\/plugins\/seo\/ -->\n<title>Brandanschlag auf Migranten: Fr\u00fcheres NPD-Mitglied beteiligt - St\u00f6rungsmelder<\/title>\n<meta name=\"robots\" content=\"index, follow, max-snippet:-1, max-image-preview:large, max-video-preview:-1\" \/>\n<link rel=\"canonical\" href=\"https:\/\/blog.zeit.de\/stoerungsmelder\/2011\/04\/15\/brandanschlag-auf-migranten-fruheres-npd-mitglied-beteiligt_6089\" \/>\n<meta property=\"og:locale\" content=\"de_DE\" \/>\n<meta property=\"og:type\" content=\"article\" \/>\n<meta property=\"og:title\" content=\"Brandanschlag auf Migranten: Fr\u00fcheres NPD-Mitglied beteiligt - St\u00f6rungsmelder\" \/>\n<meta property=\"og:description\" content=\"Einer der Tatverd\u00e4chtigen f\u00fcr den Brandanschlag auf eine Gruppe junger Migranten in Baden-W\u00fcrttemberg war nach Informationen der &#8222;taz&#8220; schon vor elf Jahren an einem brutalen Angriff auf einen Griechen in Schorndorf beteiligt. Das best\u00e4tigte die Polizeidirektion Waiblingen auf Nachfrage. Der 35-J\u00e4hrige Christian W. war damals Pressesprecher der NPD im Rems-Murr-Kreis.\" \/>\n<meta property=\"og:url\" content=\"https:\/\/blog.zeit.de\/stoerungsmelder\/2011\/04\/15\/brandanschlag-auf-migranten-fruheres-npd-mitglied-beteiligt_6089\" \/>\n<meta property=\"og:site_name\" content=\"St\u00f6rungsmelder\" \/>\n<meta property=\"article:published_time\" content=\"2011-04-15T13:17:04+00:00\" \/>\n<meta property=\"og:image\" content=\"https:\/\/blog.zeit.de\/stoerungsmelder\/files\/2011\/04\/anschlag.jpg\" \/>\n<meta name=\"author\" content=\"St\u00f6rungsmelder\" \/>\n<meta name=\"twitter:card\" content=\"summary_large_image\" \/>\n<meta name=\"twitter:label1\" content=\"Geschrieben von\" \/>\n\t<meta name=\"twitter:data1\" content=\"St\u00f6rungsmelder\" \/>\n\t<meta name=\"twitter:label2\" content=\"Gesch\u00e4tzte Lesezeit\" \/>\n\t<meta name=\"twitter:data2\" content=\"1\u00a0Minute\" \/>\n<script type=\"application\/ld+json\" class=\"yoast-schema-graph\">{\"@context\":\"https:\/\/schema.org\",\"@graph\":[{\"@type\":\"WebPage\",\"@id\":\"https:\/\/blog.zeit.de\/stoerungsmelder\/2011\/04\/15\/brandanschlag-auf-migranten-fruheres-npd-mitglied-beteiligt_6089\",\"url\":\"https:\/\/blog.zeit.de\/stoerungsmelder\/2011\/04\/15\/brandanschlag-auf-migranten-fruheres-npd-mitglied-beteiligt_6089\",\"name\":\"Brandanschlag auf Migranten: Fr\u00fcheres NPD-Mitglied beteiligt - St\u00f6rungsmelder\",\"isPartOf\":{\"@id\":\"https:\/\/blog.zeit.de\/stoerungsmelder\/#website\"},\"datePublished\":\"2011-04-15T13:17:04+00:00\",\"dateModified\":\"2011-04-15T13:17:04+00:00\",\"author\":{\"@id\":\"https:\/\/blog.zeit.de\/stoerungsmelder\/#\/schema\/person\/fdd0b9818f65738672810b6d6f037f71\"},\"breadcrumb\":{\"@id\":\"https:\/\/blog.zeit.de\/stoerungsmelder\/2011\/04\/15\/brandanschlag-auf-migranten-fruheres-npd-mitglied-beteiligt_6089#breadcrumb\"},\"inLanguage\":\"de\",\"potentialAction\":[{\"@type\":\"ReadAction\",\"target\":[\"https:\/\/blog.zeit.de\/stoerungsmelder\/2011\/04\/15\/brandanschlag-auf-migranten-fruheres-npd-mitglied-beteiligt_6089\"]}]},{\"@type\":\"BreadcrumbList\",\"@id\":\"https:\/\/blog.zeit.de\/stoerungsmelder\/2011\/04\/15\/brandanschlag-auf-migranten-fruheres-npd-mitglied-beteiligt_6089#breadcrumb\",\"itemListElement\":[{\"@type\":\"ListItem\",\"position\":1,\"name\":\"Startseite\",\"item\":\"https:\/\/blog.zeit.de\/stoerungsmelder\"},{\"@type\":\"ListItem\",\"position\":2,\"name\":\"Brandanschlag auf Migranten: Fr\u00fcheres NPD-Mitglied beteiligt\"}]},{\"@type\":\"WebSite\",\"@id\":\"https:\/\/blog.zeit.de\/stoerungsmelder\/#website\",\"url\":\"https:\/\/blog.zeit.de\/stoerungsmelder\/\",\"name\":\"St\u00f6rungsmelder\",\"description\":\"Recherchen und Analysen \u00fcber die extreme Rechte\",\"potentialAction\":[{\"@type\":\"SearchAction\",\"target\":{\"@type\":\"EntryPoint\",\"urlTemplate\":\"https:\/\/blog.zeit.de\/stoerungsmelder\/?s={search_term_string}\"},\"query-input\":\"required name=search_term_string\"}],\"inLanguage\":\"de\"},{\"@type\":\"Person\",\"@id\":\"https:\/\/blog.zeit.de\/stoerungsmelder\/#\/schema\/person\/fdd0b9818f65738672810b6d6f037f71\",\"name\":\"St\u00f6rungsmelder\",\"image\":{\"@type\":\"ImageObject\",\"inLanguage\":\"de\",\"@id\":\"https:\/\/blog.zeit.de\/stoerungsmelder\/#\/schema\/person\/image\/\",\"url\":\"https:\/\/secure.gravatar.com\/avatar\/dfa4be514c3e82a71e4f9a0020035d38192d080ccaa5e4e6d7a1472c763535c5?s=96&d=mm&r=pg\",\"contentUrl\":\"https:\/\/secure.gravatar.com\/avatar\/dfa4be514c3e82a71e4f9a0020035d38192d080ccaa5e4e6d7a1472c763535c5?s=96&d=mm&r=pg\",\"caption\":\"St\u00f6rungsmelder\"},\"url\":\"https:\/\/blog.zeit.de\/stoerungsmelder\/author\/stoerungsmelder\"}]}<\/script>\n<!-- \/ Yoast SEO plugin. -->","yoast_head_json":{"title":"Brandanschlag auf Migranten: Fr\u00fcheres NPD-Mitglied beteiligt - St\u00f6rungsmelder","robots":{"index":"index","follow":"follow","max-snippet":"max-snippet:-1","max-image-preview":"max-image-preview:large","max-video-preview":"max-video-preview:-1"},"canonical":"https:\/\/blog.zeit.de\/stoerungsmelder\/2011\/04\/15\/brandanschlag-auf-migranten-fruheres-npd-mitglied-beteiligt_6089","og_locale":"de_DE","og_type":"article","og_title":"Brandanschlag auf Migranten: Fr\u00fcheres NPD-Mitglied beteiligt - St\u00f6rungsmelder","og_description":"Einer der Tatverd\u00e4chtigen f\u00fcr den Brandanschlag auf eine Gruppe junger Migranten in Baden-W\u00fcrttemberg war nach Informationen der &#8222;taz&#8220; schon vor elf Jahren an einem brutalen Angriff auf einen Griechen in Schorndorf beteiligt. Das best\u00e4tigte die Polizeidirektion Waiblingen auf Nachfrage. Der 35-J\u00e4hrige Christian W. war damals Pressesprecher der NPD im Rems-Murr-Kreis.","og_url":"https:\/\/blog.zeit.de\/stoerungsmelder\/2011\/04\/15\/brandanschlag-auf-migranten-fruheres-npd-mitglied-beteiligt_6089","og_site_name":"St\u00f6rungsmelder","article_published_time":"2011-04-15T13:17:04+00:00","og_image":[{"url":"https:\/\/blog.zeit.de\/stoerungsmelder\/files\/2011\/04\/anschlag.jpg"}],"author":"St\u00f6rungsmelder","twitter_card":"summary_large_image","twitter_misc":{"Geschrieben von":"St\u00f6rungsmelder","Gesch\u00e4tzte Lesezeit":"1\u00a0Minute"},"schema":{"@context":"https:\/\/schema.org","@graph":[{"@type":"WebPage","@id":"https:\/\/blog.zeit.de\/stoerungsmelder\/2011\/04\/15\/brandanschlag-auf-migranten-fruheres-npd-mitglied-beteiligt_6089","url":"https:\/\/blog.zeit.de\/stoerungsmelder\/2011\/04\/15\/brandanschlag-auf-migranten-fruheres-npd-mitglied-beteiligt_6089","name":"Brandanschlag auf Migranten: Fr\u00fcheres NPD-Mitglied beteiligt - St\u00f6rungsmelder","isPartOf":{"@id":"https:\/\/blog.zeit.de\/stoerungsmelder\/#website"},"datePublished":"2011-04-15T13:17:04+00:00","dateModified":"2011-04-15T13:17:04+00:00","author":{"@id":"https:\/\/blog.zeit.de\/stoerungsmelder\/#\/schema\/person\/fdd0b9818f65738672810b6d6f037f71"},"breadcrumb":{"@id":"https:\/\/blog.zeit.de\/stoerungsmelder\/2011\/04\/15\/brandanschlag-auf-migranten-fruheres-npd-mitglied-beteiligt_6089#breadcrumb"},"inLanguage":"de","potentialAction":[{"@type":"ReadAction","target":["https:\/\/blog.zeit.de\/stoerungsmelder\/2011\/04\/15\/brandanschlag-auf-migranten-fruheres-npd-mitglied-beteiligt_6089"]}]},{"@type":"BreadcrumbList","@id":"https:\/\/blog.zeit.de\/stoerungsmelder\/2011\/04\/15\/brandanschlag-auf-migranten-fruheres-npd-mitglied-beteiligt_6089#breadcrumb","itemListElement":[{"@type":"ListItem","position":1,"name":"Startseite","item":"https:\/\/blog.zeit.de\/stoerungsmelder"},{"@type":"ListItem","position":2,"name":"Brandanschlag auf Migranten: Fr\u00fcheres NPD-Mitglied beteiligt"}]},{"@type":"WebSite","@id":"https:\/\/blog.zeit.de\/stoerungsmelder\/#website","url":"https:\/\/blog.zeit.de\/stoerungsmelder\/","name":"St\u00f6rungsmelder","description":"Recherchen und Analysen \u00fcber die extreme Rechte","potentialAction":[{"@type":"SearchAction","target":{"@type":"EntryPoint","urlTemplate":"https:\/\/blog.zeit.de\/stoerungsmelder\/?s={search_term_string}"},"query-input":"required name=search_term_string"}],"inLanguage":"de"},{"@type":"Person","@id":"https:\/\/blog.zeit.de\/stoerungsmelder\/#\/schema\/person\/fdd0b9818f65738672810b6d6f037f71","name":"St\u00f6rungsmelder","image":{"@type":"ImageObject","inLanguage":"de","@id":"https:\/\/blog.zeit.de\/stoerungsmelder\/#\/schema\/person\/image\/","url":"https:\/\/secure.gravatar.com\/avatar\/dfa4be514c3e82a71e4f9a0020035d38192d080ccaa5e4e6d7a1472c763535c5?s=96&d=mm&r=pg","contentUrl":"https:\/\/secure.gravatar.com\/avatar\/dfa4be514c3e82a71e4f9a0020035d38192d080ccaa5e4e6d7a1472c763535c5?s=96&d=mm&r=pg","caption":"St\u00f6rungsmelder"},"url":"https:\/\/blog.zeit.de\/stoerungsmelder\/author\/stoerungsmelder"}]}},"jetpack_featured_media_url":"","jetpack_sharing_enabled":true,"_links":{"self":[{"href":"https:\/\/blog.zeit.de\/stoerungsmelder\/wp-json\/wp\/v2\/posts\/6089","targetHints":{"allow":["GET"]}}],"collection":[{"href":"https:\/\/blog.zeit.de\/stoerungsmelder\/wp-json\/wp\/v2\/posts"}],"about":[{"href":"https:\/\/blog.zeit.de\/stoerungsmelder\/wp-json\/wp\/v2\/types\/post"}],"author":[{"embeddable":true,"href":"https:\/\/blog.zeit.de\/stoerungsmelder\/wp-json\/wp\/v2\/users\/229"}],"replies":[{"embeddable":true,"href":"https:\/\/blog.zeit.de\/stoerungsmelder\/wp-json\/wp\/v2\/comments?post=6089"}],"version-history":[{"count":5,"href":"https:\/\/blog.zeit.de\/stoerungsmelder\/wp-json\/wp\/v2\/posts\/6089\/revisions"}],"predecessor-version":[{"id":6095,"href":"https:\/\/blog.zeit.de\/stoerungsmelder\/wp-json\/wp\/v2\/posts\/6089\/revisions\/6095"}],"wp:attachment":[{"href":"https:\/\/blog.zeit.de\/stoerungsmelder\/wp-json\/wp\/v2\/media?parent=6089"}],"wp:term":[{"taxonomy":"category","embeddable":true,"href":"https:\/\/blog.zeit.de\/stoerungsmelder\/wp-json\/wp\/v2\/categories?post=6089"},{"taxonomy":"post_tag","embeddable":true,"href":"https:\/\/blog.zeit.de\/stoerungsmelder\/wp-json\/wp\/v2\/tags?post=6089"}],"curies":[{"name":"wp","href":"https:\/\/api.w.org\/{rel}","templated":true}]}}