{"id":6113,"date":"2011-04-18T08:28:11","date_gmt":"2011-04-18T06:28:11","guid":{"rendered":"http:\/\/blog.zeit.de\/stoerungsmelder\/?p=6113"},"modified":"2017-07-08T16:39:12","modified_gmt":"2017-07-08T14:39:12","slug":"npd-wirbt-mit-sarrazin","status":"publish","type":"post","link":"https:\/\/blog.zeit.de\/stoerungsmelder\/2011\/04\/18\/npd-wirbt-mit-sarrazin_6113","title":{"rendered":"NPD wirbt mit Sarrazin"},"content":{"rendered":"<p><figure id=\"attachment_6118\" aria-describedby=\"caption-attachment-6118\" style=\"width: 539px\" class=\"wp-caption aligncenter\"><a href=\"https:\/\/blog.zeit.de\/stoerungsmelder\/files\/2011\/04\/sarrazin.jpg\"><img loading=\"lazy\" decoding=\"async\" class=\"size-full wp-image-6118\" src=\"https:\/\/blog.zeit.de\/stoerungsmelder\/files\/2011\/04\/sarrazin.jpg\" alt=\"\" width=\"539\" height=\"258\" \/><\/a><figcaption id=\"caption-attachment-6118\" class=\"wp-caption-text\">Wird von der NPD f\u00fcr ihre Zwecke vereinnahmt - Thilo Sarrazin (SPD) \u00a9 dpa<\/figcaption><\/figure><\/p>\n<p>Die Berliner NPD wirbt auf einem Flugblatt mit einem Zitat von Thilo Sarrazin. Auf den in der Hauptstadt verteilten Postkarten ist ein Satz aus dem umstrittenen Bestseller des Ex-Finanzsenators zu lesen.<!--more--><\/p>\n<p>Die rechtsextreme NPD wirbt derzeit auf tausenden Wahlkampfflugbl\u00e4ttern mit einem Zitat von Ex-Finanzsenator Thilo Sarrazin (SPD). Der Satz \u201eIch m\u00f6chte nicht, dass wir zu Fremden im eigenen Land werden\u201c, aus seinem umstrittenen Bestseller steht direkt \u00fcber den rassistischen Parolen auf der schwarz-weiss-roten Postkarte. \u00dcber ein Formular auf der R\u00fcckseite kann man die Parteimitgliedschaft beantragen. F\u00fcr manche Berliner, die das Flugblatt in ihrem Briefkasten finden, entsteht so der Eindruck, dass Sarrazin aktiv die NPD unterst\u00fctzen w\u00fcrde.<\/p>\n<p>Um Erlaubnis gefragt habe man Sarrazin nicht, gab der Berliner NPD-Landesvorsitzende Uwe Meenen gegen\u00fcber offen zu. Eine juristische Auseinandersetzung haben die Rechtsextremisten offenbar f\u00fcr ihre gezielte Provokation bewusst eingeplant. \u201eWir lassen uns da \u00fcberraschen\u201c, sagte Meenen. Wenn Sarrazins Verlag klagen wolle, k\u00f6nne er das versuchen. Angeblich w\u00fcrden die Flugbl\u00e4tter in den kommenden Wochen in \u201esechsstelliger St\u00fcckzahl\u201c in allen Berliner Bezirken verteilt.<\/p>\n<p><figure id=\"attachment_6117\" aria-describedby=\"caption-attachment-6117\" style=\"width: 540px\" class=\"wp-caption aligncenter\"><a href=\"https:\/\/blog.zeit.de\/stoerungsmelder\/files\/2011\/04\/meenen_web.jpg\"><img loading=\"lazy\" decoding=\"async\" class=\"size-full wp-image-6117\" src=\"https:\/\/blog.zeit.de\/stoerungsmelder\/files\/2011\/04\/meenen_web.jpg\" alt=\"\" width=\"540\" height=\"200\" srcset=\"https:\/\/blog.zeit.de\/stoerungsmelder\/files\/2011\/04\/meenen_web.jpg 540w, https:\/\/blog.zeit.de\/stoerungsmelder\/files\/2011\/04\/meenen_web-300x111.jpg 300w\" sizes=\"auto, (max-width: 540px) 100vw, 540px\" \/><\/a><figcaption id=\"caption-attachment-6117\" class=\"wp-caption-text\">NPD-Landesvorsitzender Uwe Meenen bei einer NPD-Veranstaltung im Januar 2011 \u00a9 Matthias Zickrow<\/figcaption><\/figure><\/p>\n<p>Ob Sarrazin gegen den Missbrauch seines Zitats vorgehen wird, war am Sonntag nicht zu erfahren. Weder sein Verlag, noch er selbst waren telefonisch zu erreichen. Oskar Lafontaine (Linke) hatte 2006 einen Prozess gegen die Autovermietung Sixt verloren, die mit seinem Foto geworben hatte. Die ebenfalls betroffene Angela Merkel (CDU) hatte 2001 auf eine Klage gegen Sixt verzichtet.<\/p>\n<p>\u201eMan kann dem Noch-Genossen Sarrazin nur raten mit allen rechtlichen Mitteln dagegen vorzugehen\u201c, sagte der SPD-Abgeordnete Tom Schreiber. Andererseits sei es nicht verwunderlich, dass \u201erechte Rattenf\u00e4nger\u201c genau auf diese Zitate anspringen w\u00fcrden. \u201eEs war abzusehen, dass genau das im Wahlkampf passiert und die NPD versucht so in die Medien zu kommen.\u201c Am Montagabend will die NPD am Bat-Yam-Platz in Rudow unter dem Motto \u201eFremdarbeiter Stoppen\u201c eine Kundgebung abhalten. Vermutlich werden die Flugbl\u00e4tter auch dort verteilt. Initiativen gegen Rechts haben eine Gegendemonstration angemeldet.<\/p>\n<p>Die NPD-Postkarte ist nicht das erste Mal, dass Neonazis Sarrazins Thesen f\u00fcr Wahlkampfzwecke missbrauchen. Im vergangenen Jahr entfernte die Polizei an der NPD-Bundeszentrale in K\u00f6penick ein Banner mit dem Konterfei Sarrazins. Darunter stand \u201eSarrazin hat recht\u201c. Sein Verlag hatte damals Anzeige gegen die Partei erstattet. Trotzdem kursieren immer noch NPD-Aufkleber mit demselben Motiv in der Szene.<\/p>\n<p><img loading=\"lazy\" decoding=\"async\" src=\"http:\/\/vg06.met.vgwort.de\/na\/4225551aef794e74ac0aed3783ba2008\" width=\"1\" height=\"1\" alt=\"\"><\/p>\n","protected":false},"excerpt":{"rendered":"<p>Die Berliner NPD wirbt auf einem Flugblatt mit einem Zitat von Thilo Sarrazin. Auf den in der Hauptstadt verteilten Postkarten ist ein Satz aus dem umstrittenen Bestseller des Ex-Finanzsenators zu lesen.<\/p>\n","protected":false},"author":229,"featured_media":0,"comment_status":"open","ping_status":"open","sticky":false,"template":"","format":"standard","meta":{"_jetpack_memberships_contains_paid_content":false,"footnotes":""},"categories":[249],"tags":[1716,97,2535,2442,919],"class_list":["post-6113","post","type-post","status-publish","format-standard","hentry","category-berlin","tag-npd","tag-rassismus","tag-thilo-sarrazin","tag-uwe-meenen","tag-wahlkampf"],"yoast_head":"<!-- This site is optimized with the Yoast SEO plugin v21.0 - https:\/\/yoast.com\/wordpress\/plugins\/seo\/ -->\n<title>NPD wirbt mit Sarrazin - St\u00f6rungsmelder<\/title>\n<meta name=\"robots\" content=\"index, follow, max-snippet:-1, max-image-preview:large, max-video-preview:-1\" \/>\n<link rel=\"canonical\" href=\"https:\/\/blog.zeit.de\/stoerungsmelder\/2011\/04\/18\/npd-wirbt-mit-sarrazin_6113\" \/>\n<meta property=\"og:locale\" content=\"de_DE\" \/>\n<meta property=\"og:type\" content=\"article\" \/>\n<meta property=\"og:title\" content=\"NPD wirbt mit Sarrazin - St\u00f6rungsmelder\" \/>\n<meta property=\"og:description\" content=\"Die Berliner NPD wirbt auf einem Flugblatt mit einem Zitat von Thilo Sarrazin. Auf den in der Hauptstadt verteilten Postkarten ist ein Satz aus dem umstrittenen Bestseller des Ex-Finanzsenators zu lesen.\" \/>\n<meta property=\"og:url\" content=\"https:\/\/blog.zeit.de\/stoerungsmelder\/2011\/04\/18\/npd-wirbt-mit-sarrazin_6113\" \/>\n<meta property=\"og:site_name\" content=\"St\u00f6rungsmelder\" \/>\n<meta property=\"article:published_time\" content=\"2011-04-18T06:28:11+00:00\" \/>\n<meta property=\"article:modified_time\" content=\"2017-07-08T14:39:12+00:00\" \/>\n<meta property=\"og:image\" content=\"https:\/\/blog.zeit.de\/stoerungsmelder\/files\/2011\/04\/sarrazin.jpg\" \/>\n<meta name=\"author\" content=\"St\u00f6rungsmelder\" \/>\n<meta name=\"twitter:card\" content=\"summary_large_image\" \/>\n<meta name=\"twitter:label1\" content=\"Geschrieben von\" \/>\n\t<meta name=\"twitter:data1\" content=\"St\u00f6rungsmelder\" \/>\n\t<meta name=\"twitter:label2\" content=\"Gesch\u00e4tzte Lesezeit\" \/>\n\t<meta name=\"twitter:data2\" content=\"2\u00a0Minuten\" \/>\n<script type=\"application\/ld+json\" class=\"yoast-schema-graph\">{\"@context\":\"https:\/\/schema.org\",\"@graph\":[{\"@type\":\"WebPage\",\"@id\":\"https:\/\/blog.zeit.de\/stoerungsmelder\/2011\/04\/18\/npd-wirbt-mit-sarrazin_6113\",\"url\":\"https:\/\/blog.zeit.de\/stoerungsmelder\/2011\/04\/18\/npd-wirbt-mit-sarrazin_6113\",\"name\":\"NPD wirbt mit Sarrazin - St\u00f6rungsmelder\",\"isPartOf\":{\"@id\":\"https:\/\/blog.zeit.de\/stoerungsmelder\/#website\"},\"datePublished\":\"2011-04-18T06:28:11+00:00\",\"dateModified\":\"2017-07-08T14:39:12+00:00\",\"author\":{\"@id\":\"https:\/\/blog.zeit.de\/stoerungsmelder\/#\/schema\/person\/fdd0b9818f65738672810b6d6f037f71\"},\"breadcrumb\":{\"@id\":\"https:\/\/blog.zeit.de\/stoerungsmelder\/2011\/04\/18\/npd-wirbt-mit-sarrazin_6113#breadcrumb\"},\"inLanguage\":\"de\",\"potentialAction\":[{\"@type\":\"ReadAction\",\"target\":[\"https:\/\/blog.zeit.de\/stoerungsmelder\/2011\/04\/18\/npd-wirbt-mit-sarrazin_6113\"]}]},{\"@type\":\"BreadcrumbList\",\"@id\":\"https:\/\/blog.zeit.de\/stoerungsmelder\/2011\/04\/18\/npd-wirbt-mit-sarrazin_6113#breadcrumb\",\"itemListElement\":[{\"@type\":\"ListItem\",\"position\":1,\"name\":\"Startseite\",\"item\":\"https:\/\/blog.zeit.de\/stoerungsmelder\"},{\"@type\":\"ListItem\",\"position\":2,\"name\":\"NPD wirbt mit Sarrazin\"}]},{\"@type\":\"WebSite\",\"@id\":\"https:\/\/blog.zeit.de\/stoerungsmelder\/#website\",\"url\":\"https:\/\/blog.zeit.de\/stoerungsmelder\/\",\"name\":\"St\u00f6rungsmelder\",\"description\":\"Recherchen und Analysen \u00fcber die extreme Rechte\",\"potentialAction\":[{\"@type\":\"SearchAction\",\"target\":{\"@type\":\"EntryPoint\",\"urlTemplate\":\"https:\/\/blog.zeit.de\/stoerungsmelder\/?s={search_term_string}\"},\"query-input\":\"required name=search_term_string\"}],\"inLanguage\":\"de\"},{\"@type\":\"Person\",\"@id\":\"https:\/\/blog.zeit.de\/stoerungsmelder\/#\/schema\/person\/fdd0b9818f65738672810b6d6f037f71\",\"name\":\"St\u00f6rungsmelder\",\"image\":{\"@type\":\"ImageObject\",\"inLanguage\":\"de\",\"@id\":\"https:\/\/blog.zeit.de\/stoerungsmelder\/#\/schema\/person\/image\/\",\"url\":\"https:\/\/secure.gravatar.com\/avatar\/dfa4be514c3e82a71e4f9a0020035d38192d080ccaa5e4e6d7a1472c763535c5?s=96&d=mm&r=pg\",\"contentUrl\":\"https:\/\/secure.gravatar.com\/avatar\/dfa4be514c3e82a71e4f9a0020035d38192d080ccaa5e4e6d7a1472c763535c5?s=96&d=mm&r=pg\",\"caption\":\"St\u00f6rungsmelder\"},\"url\":\"https:\/\/blog.zeit.de\/stoerungsmelder\/author\/stoerungsmelder\"}]}<\/script>\n<!-- \/ Yoast SEO plugin. -->","yoast_head_json":{"title":"NPD wirbt mit Sarrazin - St\u00f6rungsmelder","robots":{"index":"index","follow":"follow","max-snippet":"max-snippet:-1","max-image-preview":"max-image-preview:large","max-video-preview":"max-video-preview:-1"},"canonical":"https:\/\/blog.zeit.de\/stoerungsmelder\/2011\/04\/18\/npd-wirbt-mit-sarrazin_6113","og_locale":"de_DE","og_type":"article","og_title":"NPD wirbt mit Sarrazin - St\u00f6rungsmelder","og_description":"Die Berliner NPD wirbt auf einem Flugblatt mit einem Zitat von Thilo Sarrazin. Auf den in der Hauptstadt verteilten Postkarten ist ein Satz aus dem umstrittenen Bestseller des Ex-Finanzsenators zu lesen.","og_url":"https:\/\/blog.zeit.de\/stoerungsmelder\/2011\/04\/18\/npd-wirbt-mit-sarrazin_6113","og_site_name":"St\u00f6rungsmelder","article_published_time":"2011-04-18T06:28:11+00:00","article_modified_time":"2017-07-08T14:39:12+00:00","og_image":[{"url":"https:\/\/blog.zeit.de\/stoerungsmelder\/files\/2011\/04\/sarrazin.jpg"}],"author":"St\u00f6rungsmelder","twitter_card":"summary_large_image","twitter_misc":{"Geschrieben von":"St\u00f6rungsmelder","Gesch\u00e4tzte Lesezeit":"2\u00a0Minuten"},"schema":{"@context":"https:\/\/schema.org","@graph":[{"@type":"WebPage","@id":"https:\/\/blog.zeit.de\/stoerungsmelder\/2011\/04\/18\/npd-wirbt-mit-sarrazin_6113","url":"https:\/\/blog.zeit.de\/stoerungsmelder\/2011\/04\/18\/npd-wirbt-mit-sarrazin_6113","name":"NPD wirbt mit Sarrazin - St\u00f6rungsmelder","isPartOf":{"@id":"https:\/\/blog.zeit.de\/stoerungsmelder\/#website"},"datePublished":"2011-04-18T06:28:11+00:00","dateModified":"2017-07-08T14:39:12+00:00","author":{"@id":"https:\/\/blog.zeit.de\/stoerungsmelder\/#\/schema\/person\/fdd0b9818f65738672810b6d6f037f71"},"breadcrumb":{"@id":"https:\/\/blog.zeit.de\/stoerungsmelder\/2011\/04\/18\/npd-wirbt-mit-sarrazin_6113#breadcrumb"},"inLanguage":"de","potentialAction":[{"@type":"ReadAction","target":["https:\/\/blog.zeit.de\/stoerungsmelder\/2011\/04\/18\/npd-wirbt-mit-sarrazin_6113"]}]},{"@type":"BreadcrumbList","@id":"https:\/\/blog.zeit.de\/stoerungsmelder\/2011\/04\/18\/npd-wirbt-mit-sarrazin_6113#breadcrumb","itemListElement":[{"@type":"ListItem","position":1,"name":"Startseite","item":"https:\/\/blog.zeit.de\/stoerungsmelder"},{"@type":"ListItem","position":2,"name":"NPD wirbt mit Sarrazin"}]},{"@type":"WebSite","@id":"https:\/\/blog.zeit.de\/stoerungsmelder\/#website","url":"https:\/\/blog.zeit.de\/stoerungsmelder\/","name":"St\u00f6rungsmelder","description":"Recherchen und Analysen \u00fcber die extreme Rechte","potentialAction":[{"@type":"SearchAction","target":{"@type":"EntryPoint","urlTemplate":"https:\/\/blog.zeit.de\/stoerungsmelder\/?s={search_term_string}"},"query-input":"required name=search_term_string"}],"inLanguage":"de"},{"@type":"Person","@id":"https:\/\/blog.zeit.de\/stoerungsmelder\/#\/schema\/person\/fdd0b9818f65738672810b6d6f037f71","name":"St\u00f6rungsmelder","image":{"@type":"ImageObject","inLanguage":"de","@id":"https:\/\/blog.zeit.de\/stoerungsmelder\/#\/schema\/person\/image\/","url":"https:\/\/secure.gravatar.com\/avatar\/dfa4be514c3e82a71e4f9a0020035d38192d080ccaa5e4e6d7a1472c763535c5?s=96&d=mm&r=pg","contentUrl":"https:\/\/secure.gravatar.com\/avatar\/dfa4be514c3e82a71e4f9a0020035d38192d080ccaa5e4e6d7a1472c763535c5?s=96&d=mm&r=pg","caption":"St\u00f6rungsmelder"},"url":"https:\/\/blog.zeit.de\/stoerungsmelder\/author\/stoerungsmelder"}]}},"jetpack_featured_media_url":"","jetpack_sharing_enabled":true,"_links":{"self":[{"href":"https:\/\/blog.zeit.de\/stoerungsmelder\/wp-json\/wp\/v2\/posts\/6113","targetHints":{"allow":["GET"]}}],"collection":[{"href":"https:\/\/blog.zeit.de\/stoerungsmelder\/wp-json\/wp\/v2\/posts"}],"about":[{"href":"https:\/\/blog.zeit.de\/stoerungsmelder\/wp-json\/wp\/v2\/types\/post"}],"author":[{"embeddable":true,"href":"https:\/\/blog.zeit.de\/stoerungsmelder\/wp-json\/wp\/v2\/users\/229"}],"replies":[{"embeddable":true,"href":"https:\/\/blog.zeit.de\/stoerungsmelder\/wp-json\/wp\/v2\/comments?post=6113"}],"version-history":[{"count":5,"href":"https:\/\/blog.zeit.de\/stoerungsmelder\/wp-json\/wp\/v2\/posts\/6113\/revisions"}],"predecessor-version":[{"id":24166,"href":"https:\/\/blog.zeit.de\/stoerungsmelder\/wp-json\/wp\/v2\/posts\/6113\/revisions\/24166"}],"wp:attachment":[{"href":"https:\/\/blog.zeit.de\/stoerungsmelder\/wp-json\/wp\/v2\/media?parent=6113"}],"wp:term":[{"taxonomy":"category","embeddable":true,"href":"https:\/\/blog.zeit.de\/stoerungsmelder\/wp-json\/wp\/v2\/categories?post=6113"},{"taxonomy":"post_tag","embeddable":true,"href":"https:\/\/blog.zeit.de\/stoerungsmelder\/wp-json\/wp\/v2\/tags?post=6113"}],"curies":[{"name":"wp","href":"https:\/\/api.w.org\/{rel}","templated":true}]}}