{"id":613,"date":"2008-11-24T14:59:28","date_gmt":"2008-11-24T13:59:28","guid":{"rendered":"http:\/\/blog.zeit.de\/stoerungsmelder\/?p=613"},"modified":"2008-11-24T14:59:28","modified_gmt":"2008-11-24T13:59:28","slug":"bremer-fans-zeigen-courage","status":"publish","type":"post","link":"https:\/\/blog.zeit.de\/stoerungsmelder\/2008\/11\/24\/bremer-fans-zeigen-courage_613","title":{"rendered":"Bremer Fans zeigen Courage"},"content":{"rendered":"<p>Beim Bundesliga Spiel zwischen dem VfL Bochum und Werder Bremen am 8.11.08 mischten sich Mitglieder der Organisation \u201eNordsturm Hansestadt Bremen\u201c (NS-HB) unter die Bremer Fu\u00dfballanh\u00e4nger. Als die Kleingruppe zum wiederholten Male ihr Transparent mit der Aufschrift NS-HB, sowie einem stilisierten Totenkopf, ausrollen wollten, skandierten die Bremer Fans \u201eNazis raus\u201c und provozierten somit den Einsatz der Polizei. Begleitet von den Nazi-raus-Rufen wurden sechs der NS-HB <a href=\"http:\/\/www.youtube.com\/watch?v=2zWP44fyRVU\">Leute aus dem Block gef\u00fchrt und in Polizeigewahrsam<\/a> genommen.<!--more--><\/p>\n<p>Der Vorfall in Bochum vor 2 Wochen machte deutlich, dass das Nazi-Problem im Fu\u00dfball auch in der 1. Bundesliga auftritt und keineswegs nur ein Ph\u00e4nomen in den unteren Ligen ist. Aber die Anti-Diskriminierungs-Programme in den Bundesliga-Vereinen zeigen ihre Wirkung.<\/p>\n<p>Vergangenen Woche erhielt der SV Werder Bremen vom Deutschen Fu\u00dfball Bund den \u201eJulius-Hirsch-Preis\u201c f\u00fcr seinen beeindruckenden Umfang an Ma\u00dfnahmen der Anti-Diskriminierungskampagne. Das Verhalten der Bremer Fans in Bochum unterstreicht die Seri\u00f6sit\u00e4t und Ernsthaftigkeit, mit der sich der Verein diesem Thema widmet. <a href=\"http:\/\/www.dfb.de\/index.php?id=501067\" target=\"_blank\">Der Preis<\/a> wird seit 2005 in Gedenken an den j\u00fcdischen Nationalspieler Julius Hirsch vergeben. Ausgezeichnet werden Projekte und Initiativen, die sich in \u00f6ffentlich wahrnehmbarer Form f\u00fcr Demokratie und Menschenrechte und gegen Antisemitismus, Rassismus, Extremismus und Gewalt wenden und im Fu\u00dfball ihr Wirkungsfeld haben.<\/p>\n<p>Die Bremer Fans haben das richtige Zeichen gesetzt und gezeigt, wie man mit solchen Schwachk\u00f6pfen umgeht. Zusammen mit den Profis auf dem Platz kann es gelingen, die restlichen Schwachk\u00f6pfe aus den Stadien zu vertreiben und im besten Falle zur Vernunft zu bringen. Es ist aber zu bef\u00fcrchten, dass sie ihre hohlen Aktionen in der 2. oder 3. Liga oder gar in den Amateurligen wiederholen. Daher sind auch die Spieler und Fans in jenen Ligen aufgefordert, nicht weg zu schauen und weg zu h\u00f6ren.<\/p>\n","protected":false},"excerpt":{"rendered":"<p>Beim Bundesliga Spiel zwischen dem VfL Bochum und Werder Bremen am 8.11.08 mischten sich Mitglieder der Organisation \u201eNordsturm Hansestadt Bremen\u201c (NS-HB) unter die Bremer Fu\u00dfballanh\u00e4nger. Als die Kleingruppe zum wiederholten Male ihr Transparent mit der Aufschrift NS-HB, sowie einem stilisierten Totenkopf, ausrollen wollten, skandierten die Bremer Fans \u201eNazis raus\u201c und provozierten somit den Einsatz der [&hellip;]<\/p>\n","protected":false},"author":235,"featured_media":0,"comment_status":"open","ping_status":"open","sticky":false,"template":"","format":"standard","meta":{"_jetpack_memberships_contains_paid_content":false,"footnotes":""},"categories":[1452,1515],"tags":[666],"class_list":["post-613","post","type-post","status-publish","format-standard","hentry","category-bremen","category-bundesweit","tag-fusball"],"yoast_head":"<!-- This site is optimized with the Yoast SEO plugin v21.0 - https:\/\/yoast.com\/wordpress\/plugins\/seo\/ -->\n<title>Bremer Fans zeigen Courage - St\u00f6rungsmelder<\/title>\n<meta name=\"robots\" content=\"index, follow, max-snippet:-1, max-image-preview:large, max-video-preview:-1\" \/>\n<link rel=\"canonical\" href=\"https:\/\/blog.zeit.de\/stoerungsmelder\/2008\/11\/24\/bremer-fans-zeigen-courage_613\" \/>\n<meta property=\"og:locale\" content=\"de_DE\" \/>\n<meta property=\"og:type\" content=\"article\" \/>\n<meta property=\"og:title\" content=\"Bremer Fans zeigen Courage - St\u00f6rungsmelder\" \/>\n<meta property=\"og:description\" content=\"Beim Bundesliga Spiel zwischen dem VfL Bochum und Werder Bremen am 8.11.08 mischten sich Mitglieder der Organisation \u201eNordsturm Hansestadt Bremen\u201c (NS-HB) unter die Bremer Fu\u00dfballanh\u00e4nger. Als die Kleingruppe zum wiederholten Male ihr Transparent mit der Aufschrift NS-HB, sowie einem stilisierten Totenkopf, ausrollen wollten, skandierten die Bremer Fans \u201eNazis raus\u201c und provozierten somit den Einsatz der [&hellip;]\" \/>\n<meta property=\"og:url\" content=\"https:\/\/blog.zeit.de\/stoerungsmelder\/2008\/11\/24\/bremer-fans-zeigen-courage_613\" \/>\n<meta property=\"og:site_name\" content=\"St\u00f6rungsmelder\" \/>\n<meta property=\"article:published_time\" content=\"2008-11-24T13:59:28+00:00\" \/>\n<meta name=\"author\" content=\"Thomas Hitzlsperger\" \/>\n<meta name=\"twitter:card\" content=\"summary_large_image\" \/>\n<meta name=\"twitter:label1\" content=\"Geschrieben von\" \/>\n\t<meta name=\"twitter:data1\" content=\"Thomas Hitzlsperger\" \/>\n\t<meta name=\"twitter:label2\" content=\"Gesch\u00e4tzte Lesezeit\" \/>\n\t<meta name=\"twitter:data2\" content=\"1\u00a0Minute\" \/>\n<script type=\"application\/ld+json\" class=\"yoast-schema-graph\">{\"@context\":\"https:\/\/schema.org\",\"@graph\":[{\"@type\":\"WebPage\",\"@id\":\"https:\/\/blog.zeit.de\/stoerungsmelder\/2008\/11\/24\/bremer-fans-zeigen-courage_613\",\"url\":\"https:\/\/blog.zeit.de\/stoerungsmelder\/2008\/11\/24\/bremer-fans-zeigen-courage_613\",\"name\":\"Bremer Fans zeigen Courage - St\u00f6rungsmelder\",\"isPartOf\":{\"@id\":\"https:\/\/blog.zeit.de\/stoerungsmelder\/#website\"},\"datePublished\":\"2008-11-24T13:59:28+00:00\",\"dateModified\":\"2008-11-24T13:59:28+00:00\",\"author\":{\"@id\":\"https:\/\/blog.zeit.de\/stoerungsmelder\/#\/schema\/person\/f00edd5a787a17b766716b34b3fb6d56\"},\"breadcrumb\":{\"@id\":\"https:\/\/blog.zeit.de\/stoerungsmelder\/2008\/11\/24\/bremer-fans-zeigen-courage_613#breadcrumb\"},\"inLanguage\":\"de\",\"potentialAction\":[{\"@type\":\"ReadAction\",\"target\":[\"https:\/\/blog.zeit.de\/stoerungsmelder\/2008\/11\/24\/bremer-fans-zeigen-courage_613\"]}]},{\"@type\":\"BreadcrumbList\",\"@id\":\"https:\/\/blog.zeit.de\/stoerungsmelder\/2008\/11\/24\/bremer-fans-zeigen-courage_613#breadcrumb\",\"itemListElement\":[{\"@type\":\"ListItem\",\"position\":1,\"name\":\"Startseite\",\"item\":\"https:\/\/blog.zeit.de\/stoerungsmelder\"},{\"@type\":\"ListItem\",\"position\":2,\"name\":\"Bremer Fans zeigen Courage\"}]},{\"@type\":\"WebSite\",\"@id\":\"https:\/\/blog.zeit.de\/stoerungsmelder\/#website\",\"url\":\"https:\/\/blog.zeit.de\/stoerungsmelder\/\",\"name\":\"St\u00f6rungsmelder\",\"description\":\"Recherchen und Analysen \u00fcber die extreme Rechte\",\"potentialAction\":[{\"@type\":\"SearchAction\",\"target\":{\"@type\":\"EntryPoint\",\"urlTemplate\":\"https:\/\/blog.zeit.de\/stoerungsmelder\/?s={search_term_string}\"},\"query-input\":\"required name=search_term_string\"}],\"inLanguage\":\"de\"},{\"@type\":\"Person\",\"@id\":\"https:\/\/blog.zeit.de\/stoerungsmelder\/#\/schema\/person\/f00edd5a787a17b766716b34b3fb6d56\",\"name\":\"Thomas Hitzlsperger\",\"image\":{\"@type\":\"ImageObject\",\"inLanguage\":\"de\",\"@id\":\"https:\/\/blog.zeit.de\/stoerungsmelder\/#\/schema\/person\/image\/\",\"url\":\"https:\/\/secure.gravatar.com\/avatar\/302e97e92e7af782a610726384aeae742b0e168e418426880e2c48145c25f113?s=96&d=mm&r=pg\",\"contentUrl\":\"https:\/\/secure.gravatar.com\/avatar\/302e97e92e7af782a610726384aeae742b0e168e418426880e2c48145c25f113?s=96&d=mm&r=pg\",\"caption\":\"Thomas Hitzlsperger\"},\"url\":\"https:\/\/blog.zeit.de\/stoerungsmelder\/author\/thomas-hitzlsperger\"}]}<\/script>\n<!-- \/ Yoast SEO plugin. -->","yoast_head_json":{"title":"Bremer Fans zeigen Courage - St\u00f6rungsmelder","robots":{"index":"index","follow":"follow","max-snippet":"max-snippet:-1","max-image-preview":"max-image-preview:large","max-video-preview":"max-video-preview:-1"},"canonical":"https:\/\/blog.zeit.de\/stoerungsmelder\/2008\/11\/24\/bremer-fans-zeigen-courage_613","og_locale":"de_DE","og_type":"article","og_title":"Bremer Fans zeigen Courage - St\u00f6rungsmelder","og_description":"Beim Bundesliga Spiel zwischen dem VfL Bochum und Werder Bremen am 8.11.08 mischten sich Mitglieder der Organisation \u201eNordsturm Hansestadt Bremen\u201c (NS-HB) unter die Bremer Fu\u00dfballanh\u00e4nger. Als die Kleingruppe zum wiederholten Male ihr Transparent mit der Aufschrift NS-HB, sowie einem stilisierten Totenkopf, ausrollen wollten, skandierten die Bremer Fans \u201eNazis raus\u201c und provozierten somit den Einsatz der [&hellip;]","og_url":"https:\/\/blog.zeit.de\/stoerungsmelder\/2008\/11\/24\/bremer-fans-zeigen-courage_613","og_site_name":"St\u00f6rungsmelder","article_published_time":"2008-11-24T13:59:28+00:00","author":"Thomas Hitzlsperger","twitter_card":"summary_large_image","twitter_misc":{"Geschrieben von":"Thomas Hitzlsperger","Gesch\u00e4tzte Lesezeit":"1\u00a0Minute"},"schema":{"@context":"https:\/\/schema.org","@graph":[{"@type":"WebPage","@id":"https:\/\/blog.zeit.de\/stoerungsmelder\/2008\/11\/24\/bremer-fans-zeigen-courage_613","url":"https:\/\/blog.zeit.de\/stoerungsmelder\/2008\/11\/24\/bremer-fans-zeigen-courage_613","name":"Bremer Fans zeigen Courage - St\u00f6rungsmelder","isPartOf":{"@id":"https:\/\/blog.zeit.de\/stoerungsmelder\/#website"},"datePublished":"2008-11-24T13:59:28+00:00","dateModified":"2008-11-24T13:59:28+00:00","author":{"@id":"https:\/\/blog.zeit.de\/stoerungsmelder\/#\/schema\/person\/f00edd5a787a17b766716b34b3fb6d56"},"breadcrumb":{"@id":"https:\/\/blog.zeit.de\/stoerungsmelder\/2008\/11\/24\/bremer-fans-zeigen-courage_613#breadcrumb"},"inLanguage":"de","potentialAction":[{"@type":"ReadAction","target":["https:\/\/blog.zeit.de\/stoerungsmelder\/2008\/11\/24\/bremer-fans-zeigen-courage_613"]}]},{"@type":"BreadcrumbList","@id":"https:\/\/blog.zeit.de\/stoerungsmelder\/2008\/11\/24\/bremer-fans-zeigen-courage_613#breadcrumb","itemListElement":[{"@type":"ListItem","position":1,"name":"Startseite","item":"https:\/\/blog.zeit.de\/stoerungsmelder"},{"@type":"ListItem","position":2,"name":"Bremer Fans zeigen Courage"}]},{"@type":"WebSite","@id":"https:\/\/blog.zeit.de\/stoerungsmelder\/#website","url":"https:\/\/blog.zeit.de\/stoerungsmelder\/","name":"St\u00f6rungsmelder","description":"Recherchen und Analysen \u00fcber die extreme Rechte","potentialAction":[{"@type":"SearchAction","target":{"@type":"EntryPoint","urlTemplate":"https:\/\/blog.zeit.de\/stoerungsmelder\/?s={search_term_string}"},"query-input":"required name=search_term_string"}],"inLanguage":"de"},{"@type":"Person","@id":"https:\/\/blog.zeit.de\/stoerungsmelder\/#\/schema\/person\/f00edd5a787a17b766716b34b3fb6d56","name":"Thomas Hitzlsperger","image":{"@type":"ImageObject","inLanguage":"de","@id":"https:\/\/blog.zeit.de\/stoerungsmelder\/#\/schema\/person\/image\/","url":"https:\/\/secure.gravatar.com\/avatar\/302e97e92e7af782a610726384aeae742b0e168e418426880e2c48145c25f113?s=96&d=mm&r=pg","contentUrl":"https:\/\/secure.gravatar.com\/avatar\/302e97e92e7af782a610726384aeae742b0e168e418426880e2c48145c25f113?s=96&d=mm&r=pg","caption":"Thomas Hitzlsperger"},"url":"https:\/\/blog.zeit.de\/stoerungsmelder\/author\/thomas-hitzlsperger"}]}},"jetpack_featured_media_url":"","jetpack_sharing_enabled":true,"_links":{"self":[{"href":"https:\/\/blog.zeit.de\/stoerungsmelder\/wp-json\/wp\/v2\/posts\/613","targetHints":{"allow":["GET"]}}],"collection":[{"href":"https:\/\/blog.zeit.de\/stoerungsmelder\/wp-json\/wp\/v2\/posts"}],"about":[{"href":"https:\/\/blog.zeit.de\/stoerungsmelder\/wp-json\/wp\/v2\/types\/post"}],"author":[{"embeddable":true,"href":"https:\/\/blog.zeit.de\/stoerungsmelder\/wp-json\/wp\/v2\/users\/235"}],"replies":[{"embeddable":true,"href":"https:\/\/blog.zeit.de\/stoerungsmelder\/wp-json\/wp\/v2\/comments?post=613"}],"version-history":[{"count":0,"href":"https:\/\/blog.zeit.de\/stoerungsmelder\/wp-json\/wp\/v2\/posts\/613\/revisions"}],"wp:attachment":[{"href":"https:\/\/blog.zeit.de\/stoerungsmelder\/wp-json\/wp\/v2\/media?parent=613"}],"wp:term":[{"taxonomy":"category","embeddable":true,"href":"https:\/\/blog.zeit.de\/stoerungsmelder\/wp-json\/wp\/v2\/categories?post=613"},{"taxonomy":"post_tag","embeddable":true,"href":"https:\/\/blog.zeit.de\/stoerungsmelder\/wp-json\/wp\/v2\/tags?post=613"}],"curies":[{"name":"wp","href":"https:\/\/api.w.org\/{rel}","templated":true}]}}