{"id":6132,"date":"2011-04-22T12:57:51","date_gmt":"2011-04-22T10:57:51","guid":{"rendered":"http:\/\/blog.zeit.de\/stoerungsmelder\/?p=6132"},"modified":"2011-04-22T12:57:51","modified_gmt":"2011-04-22T10:57:51","slug":"werder-bremens-unerwunschter-npd-fan","status":"publish","type":"post","link":"https:\/\/blog.zeit.de\/stoerungsmelder\/2011\/04\/22\/werder-bremens-unerwunschter-npd-fan_6132","title":{"rendered":"Werder Bremens unerw\u00fcnschter NPD-Fan"},"content":{"rendered":"<p><img loading=\"lazy\" decoding=\"async\" title=\"Fans von Werder Bremen\" src=\"https:\/\/img.zeit.de\/sport\/2011-04\/bremen-fans\/bremen-fans-540x304.jpg\" alt=\"Fans von Werder Bremen\" width=\"540\" height=\"304\" \/><br \/>\n<em>Fans von Werder Bremen\u00a0 \u00a9 Joern Pollex\/Bongarts\/Getty Images<\/em><\/p>\n<p>Ein erst vor wenigen Wochen dem Verein beigetretener  NPD-Politiker ist bei Werder unerw\u00fcnscht. Die NPD freut sich. Der  Fan-Streit ist nun Medien- und Wahlkampfthema.<!--more--><\/p>\n<p>Auf dem Facebook-Profil des NPD-Wahlkampfleiters steht die  Werder-Raute neben dem Logo seiner Partei. Seit fr\u00fchesten Jugendtagen,  teilte <a href=\"http:\/\/www.netz-gegen-nazis.de\/lexikontext\/jens-puehse-0\">Jens P\u00fchse<\/a> bem\u00fcht unpolitisch mit, habe er sich schon mit Werder  Bremen verbunden gef\u00fchlt. Nach seiner R\u00fcckkehr an die Weser war es f\u00fcr  ihn &#8222;nur logisch&#8220; die Vereinsmitgliedschaft zu beantragen, schreibt der  Politiker auf der NPD-Landeswebsite weiter.<\/p>\n<p>Auf Facebook hatte P\u00fchse seine Vereinsmitgliedschaft selbst  \u00f6ffentlich gemacht. Es dauerte einige Wochen, dann geschah, was  geschehen sollte. Am 15. April forderte Werders Vizepr\u00e4sident Hubertus  Hess-Grunewald den NPD-Politiker in einem Brief auf, den Verein zu  verlassen. Andernfalls werde ein &#8222;Vereinsausschlussverfahren&#8220;  eingeleitet. Teile des Briefes ver\u00f6ffentlichte P\u00fchse stolz via Facebook.<\/p>\n<p>Am 22. Mai will P\u00fchse bei der Wahl zur Bremer B\u00fcrgerschaft in  Bremerhaven f\u00fcr die NPD als Spitzenkandidat antreten. Ein so erfahrener  Parteikader wie der 39-J\u00e4hrige, Mitglied im Bundesvorstand und  Bundesorganisationsleiter der NPD, wei\u00df, wie Informationen wirken.<\/p>\n<p>Es sieht so aus, als ob er den Verein benutzt. Nicht mal vier Monate  w\u00e4re P\u00fchse nach dem bevorstehenden Rausschmiss Werder-Mitglied gewesen.  &#8222;Freiwillig trete ich nicht aus&#8220;, schreibt P\u00fchse als Antwort auf den  Werder-Brief. Er sucht den Konflikt, denn im Wahlkampf will die NPD in  die Medien \u2013 Schlagzeilen machen, Berichte provozieren.<\/p>\n<p>In der <em>Deutschen Stimme<\/em>, der NPD-Monatszeitung, betonen der  Bremer Spitzenkandidat Matthias Faust und Jens P\u00fchse im Interview, dass  sie im Wahlkampf dringend Medienechos erzeugen m\u00fcssen, um wahrgenommen  zu werden. Interne NPD-Mails, die im Februar verschieden Redaktionen  zug\u00e4nglich gemacht wurden, belegen, wie die NPD versucht, noch so kleine  Aktionen oder Informationen so zu lancieren, das ein gro\u00dfes Medienecho  entstehen k\u00f6nnte.<\/p>\n<p>Erfreut \u00e4u\u00dferte sich Faust in der Mai-Ausgabe der <em>Deutschen Stimme<\/em> dar\u00fcber, dass an der Weser kein Tag vergehe, an dem sie &#8222;nicht in den  lokalen Medien erw\u00e4hnt&#8220; w\u00fcrden. &#8222;\u00dcber uns wird geredet, was eine  Grundvoraussetzung f\u00fcr eine erfolgreiche Wahlteilnahme ist&#8220;, sagt er.  Die Meldung \u00fcber das Ausschlussverfahren von Werder Bremen wurde am  Mittwoch von der Deutschen Presseagentur an hunderte Zeitungen  geliefert.<\/p>\n<p>Sport als Wahlkampfthema, das ist bei der NPD nichts Neues. In  Sachsen-Anhalt nutzte die Partei schon vor der hei\u00dfen Phase des  Landtagswahlkampfes die Auseinandersetzung um den  Fu\u00dfball-Nachwuchstrainer Lutz Battke. Der Sportverein BSC 99 Laucha war  wegen Battkes Engagement in die Kritik geraten, weil der f\u00fcr die NPD in  Kommunalparlamenten sitzt und wie erwartet zur Landtagswahl antrat. Der  NPD-Landesverband sprach von Ausgrenzung wegen falscher politischer  Einstellungen und startete die Kampagne: &#8222;Unser Trainer hei\u00dft Battke.&#8220;<\/p>\n<p>Vom &#8222;Gesinnungs-T\u00fcv&#8220; spricht jetzt auch die Bremer NPD. P\u00fchse fragt:  &#8222;Was hat meine Parteimitgliedschaft mit meiner Mitgliedschaft bei Werder  Bremen zu tun?&#8220;<\/p>\n<p>Viel, hei\u00dft es bei Werder. Der Vereinssprecher Tino Polster erkl\u00e4rte  zum wiederholten\u00a0Male, dass die Ziele der NPD dem Ethik-Kodex Werders  widersprechen. In der Vereinssatzung hei\u00dft es: &#8222;Der Verein f\u00f6rdert die  Funktion des Sports als verbindendes Element zwischen Nationalit\u00e4ten,  Kulturen, Religionen und sozialen Schichten. Er bietet Kindern,  Jugendlichen und Erwachsenen unabh\u00e4ngig von Geschlecht, Abstammung,  Hautfarbe, Herkunft, Glauben, sozialer Stellung oder sexueller Identit\u00e4t  eine sportliche Heimat.&#8220;<\/p>\n<p>Auf der n\u00e4chsten Pr\u00e4sidiumssitzung, am 3. Mai, d\u00fcrfte die Einleitung  des Ausschlusses des NPD-Politikers nur noch Formsache sein. Nach der  Vereinssatzung hat der Betroffene jedoch das Recht auf eine  Stellungnahme. Diese M\u00f6glichkeit f\u00fcr einen erneuten Mediencoup will  P\u00fchse nicht verpassen. &#8222;Ich werde den SV Werder Bremen nun auffordern,  mich zu einer pers\u00f6nlichen Anh\u00f6rung im Pr\u00e4sidium des SV Werder  einzuladen!&#8220;, teilte er auf Facebook mit.<\/p>\n","protected":false},"excerpt":{"rendered":"<p>Fans von Werder Bremen\u00a0 \u00a9 Joern Pollex\/Bongarts\/Getty Images Ein erst vor wenigen Wochen dem Verein beigetretener NPD-Politiker ist bei Werder unerw\u00fcnscht. Die NPD freut sich. Der Fan-Streit ist nun Medien- und Wahlkampfthema.<\/p>\n","protected":false},"author":228,"featured_media":0,"comment_status":"open","ping_status":"open","sticky":false,"template":"","format":"standard","meta":{"_jetpack_memberships_contains_paid_content":false,"footnotes":""},"categories":[1452],"tags":[666,11382,1716,726],"class_list":["post-6132","post","type-post","status-publish","format-standard","hentry","category-bremen","tag-fusball","tag-jens-puhse","tag-npd","tag-werder-bremen"],"yoast_head":"<!-- This site is optimized with the Yoast SEO plugin v21.0 - https:\/\/yoast.com\/wordpress\/plugins\/seo\/ -->\n<title>Werder Bremens unerw\u00fcnschter NPD-Fan - St\u00f6rungsmelder<\/title>\n<meta name=\"robots\" content=\"index, follow, max-snippet:-1, max-image-preview:large, max-video-preview:-1\" \/>\n<link rel=\"canonical\" href=\"https:\/\/blog.zeit.de\/stoerungsmelder\/2011\/04\/22\/werder-bremens-unerwunschter-npd-fan_6132\" \/>\n<meta property=\"og:locale\" content=\"de_DE\" \/>\n<meta property=\"og:type\" content=\"article\" \/>\n<meta property=\"og:title\" content=\"Werder Bremens unerw\u00fcnschter NPD-Fan - St\u00f6rungsmelder\" \/>\n<meta property=\"og:description\" content=\"Fans von Werder Bremen\u00a0 \u00a9 Joern Pollex\/Bongarts\/Getty Images Ein erst vor wenigen Wochen dem Verein beigetretener NPD-Politiker ist bei Werder unerw\u00fcnscht. Die NPD freut sich. Der Fan-Streit ist nun Medien- und Wahlkampfthema.\" \/>\n<meta property=\"og:url\" content=\"https:\/\/blog.zeit.de\/stoerungsmelder\/2011\/04\/22\/werder-bremens-unerwunschter-npd-fan_6132\" \/>\n<meta property=\"og:site_name\" content=\"St\u00f6rungsmelder\" \/>\n<meta property=\"article:published_time\" content=\"2011-04-22T10:57:51+00:00\" \/>\n<meta property=\"og:image\" content=\"https:\/\/img.zeit.de\/sport\/2011-04\/bremen-fans\/bremen-fans-540x304.jpg\" \/>\n<meta name=\"author\" content=\"Andreas Speit\" \/>\n<meta name=\"twitter:card\" content=\"summary_large_image\" \/>\n<meta name=\"twitter:label1\" content=\"Geschrieben von\" \/>\n\t<meta name=\"twitter:data1\" content=\"Andreas Speit\" \/>\n\t<meta name=\"twitter:label2\" content=\"Gesch\u00e4tzte Lesezeit\" \/>\n\t<meta name=\"twitter:data2\" content=\"3\u00a0Minuten\" \/>\n<script type=\"application\/ld+json\" class=\"yoast-schema-graph\">{\"@context\":\"https:\/\/schema.org\",\"@graph\":[{\"@type\":\"WebPage\",\"@id\":\"https:\/\/blog.zeit.de\/stoerungsmelder\/2011\/04\/22\/werder-bremens-unerwunschter-npd-fan_6132\",\"url\":\"https:\/\/blog.zeit.de\/stoerungsmelder\/2011\/04\/22\/werder-bremens-unerwunschter-npd-fan_6132\",\"name\":\"Werder Bremens unerw\u00fcnschter NPD-Fan - St\u00f6rungsmelder\",\"isPartOf\":{\"@id\":\"https:\/\/blog.zeit.de\/stoerungsmelder\/#website\"},\"datePublished\":\"2011-04-22T10:57:51+00:00\",\"dateModified\":\"2011-04-22T10:57:51+00:00\",\"author\":{\"@id\":\"https:\/\/blog.zeit.de\/stoerungsmelder\/#\/schema\/person\/10a29eed2b533072d3cf133470d799bc\"},\"breadcrumb\":{\"@id\":\"https:\/\/blog.zeit.de\/stoerungsmelder\/2011\/04\/22\/werder-bremens-unerwunschter-npd-fan_6132#breadcrumb\"},\"inLanguage\":\"de\",\"potentialAction\":[{\"@type\":\"ReadAction\",\"target\":[\"https:\/\/blog.zeit.de\/stoerungsmelder\/2011\/04\/22\/werder-bremens-unerwunschter-npd-fan_6132\"]}]},{\"@type\":\"BreadcrumbList\",\"@id\":\"https:\/\/blog.zeit.de\/stoerungsmelder\/2011\/04\/22\/werder-bremens-unerwunschter-npd-fan_6132#breadcrumb\",\"itemListElement\":[{\"@type\":\"ListItem\",\"position\":1,\"name\":\"Startseite\",\"item\":\"https:\/\/blog.zeit.de\/stoerungsmelder\"},{\"@type\":\"ListItem\",\"position\":2,\"name\":\"Werder Bremens unerw\u00fcnschter NPD-Fan\"}]},{\"@type\":\"WebSite\",\"@id\":\"https:\/\/blog.zeit.de\/stoerungsmelder\/#website\",\"url\":\"https:\/\/blog.zeit.de\/stoerungsmelder\/\",\"name\":\"St\u00f6rungsmelder\",\"description\":\"Recherchen und Analysen \u00fcber die extreme Rechte\",\"potentialAction\":[{\"@type\":\"SearchAction\",\"target\":{\"@type\":\"EntryPoint\",\"urlTemplate\":\"https:\/\/blog.zeit.de\/stoerungsmelder\/?s={search_term_string}\"},\"query-input\":\"required name=search_term_string\"}],\"inLanguage\":\"de\"},{\"@type\":\"Person\",\"@id\":\"https:\/\/blog.zeit.de\/stoerungsmelder\/#\/schema\/person\/10a29eed2b533072d3cf133470d799bc\",\"name\":\"Andreas Speit\",\"image\":{\"@type\":\"ImageObject\",\"inLanguage\":\"de\",\"@id\":\"https:\/\/blog.zeit.de\/stoerungsmelder\/#\/schema\/person\/image\/\",\"url\":\"https:\/\/secure.gravatar.com\/avatar\/a978196d1dd2db2075f1f6ae937c27c60fdab0283eaa61a154cfa36b320c7a58?s=96&d=mm&r=pg\",\"contentUrl\":\"https:\/\/secure.gravatar.com\/avatar\/a978196d1dd2db2075f1f6ae937c27c60fdab0283eaa61a154cfa36b320c7a58?s=96&d=mm&r=pg\",\"caption\":\"Andreas Speit\"},\"url\":\"https:\/\/blog.zeit.de\/stoerungsmelder\/author\/andreas-speit\"}]}<\/script>\n<!-- \/ Yoast SEO plugin. -->","yoast_head_json":{"title":"Werder Bremens unerw\u00fcnschter NPD-Fan - St\u00f6rungsmelder","robots":{"index":"index","follow":"follow","max-snippet":"max-snippet:-1","max-image-preview":"max-image-preview:large","max-video-preview":"max-video-preview:-1"},"canonical":"https:\/\/blog.zeit.de\/stoerungsmelder\/2011\/04\/22\/werder-bremens-unerwunschter-npd-fan_6132","og_locale":"de_DE","og_type":"article","og_title":"Werder Bremens unerw\u00fcnschter NPD-Fan - St\u00f6rungsmelder","og_description":"Fans von Werder Bremen\u00a0 \u00a9 Joern Pollex\/Bongarts\/Getty Images Ein erst vor wenigen Wochen dem Verein beigetretener NPD-Politiker ist bei Werder unerw\u00fcnscht. Die NPD freut sich. Der Fan-Streit ist nun Medien- und Wahlkampfthema.","og_url":"https:\/\/blog.zeit.de\/stoerungsmelder\/2011\/04\/22\/werder-bremens-unerwunschter-npd-fan_6132","og_site_name":"St\u00f6rungsmelder","article_published_time":"2011-04-22T10:57:51+00:00","og_image":[{"url":"https:\/\/img.zeit.de\/sport\/2011-04\/bremen-fans\/bremen-fans-540x304.jpg"}],"author":"Andreas Speit","twitter_card":"summary_large_image","twitter_misc":{"Geschrieben von":"Andreas Speit","Gesch\u00e4tzte Lesezeit":"3\u00a0Minuten"},"schema":{"@context":"https:\/\/schema.org","@graph":[{"@type":"WebPage","@id":"https:\/\/blog.zeit.de\/stoerungsmelder\/2011\/04\/22\/werder-bremens-unerwunschter-npd-fan_6132","url":"https:\/\/blog.zeit.de\/stoerungsmelder\/2011\/04\/22\/werder-bremens-unerwunschter-npd-fan_6132","name":"Werder Bremens unerw\u00fcnschter NPD-Fan - St\u00f6rungsmelder","isPartOf":{"@id":"https:\/\/blog.zeit.de\/stoerungsmelder\/#website"},"datePublished":"2011-04-22T10:57:51+00:00","dateModified":"2011-04-22T10:57:51+00:00","author":{"@id":"https:\/\/blog.zeit.de\/stoerungsmelder\/#\/schema\/person\/10a29eed2b533072d3cf133470d799bc"},"breadcrumb":{"@id":"https:\/\/blog.zeit.de\/stoerungsmelder\/2011\/04\/22\/werder-bremens-unerwunschter-npd-fan_6132#breadcrumb"},"inLanguage":"de","potentialAction":[{"@type":"ReadAction","target":["https:\/\/blog.zeit.de\/stoerungsmelder\/2011\/04\/22\/werder-bremens-unerwunschter-npd-fan_6132"]}]},{"@type":"BreadcrumbList","@id":"https:\/\/blog.zeit.de\/stoerungsmelder\/2011\/04\/22\/werder-bremens-unerwunschter-npd-fan_6132#breadcrumb","itemListElement":[{"@type":"ListItem","position":1,"name":"Startseite","item":"https:\/\/blog.zeit.de\/stoerungsmelder"},{"@type":"ListItem","position":2,"name":"Werder Bremens unerw\u00fcnschter NPD-Fan"}]},{"@type":"WebSite","@id":"https:\/\/blog.zeit.de\/stoerungsmelder\/#website","url":"https:\/\/blog.zeit.de\/stoerungsmelder\/","name":"St\u00f6rungsmelder","description":"Recherchen und Analysen \u00fcber die extreme Rechte","potentialAction":[{"@type":"SearchAction","target":{"@type":"EntryPoint","urlTemplate":"https:\/\/blog.zeit.de\/stoerungsmelder\/?s={search_term_string}"},"query-input":"required name=search_term_string"}],"inLanguage":"de"},{"@type":"Person","@id":"https:\/\/blog.zeit.de\/stoerungsmelder\/#\/schema\/person\/10a29eed2b533072d3cf133470d799bc","name":"Andreas Speit","image":{"@type":"ImageObject","inLanguage":"de","@id":"https:\/\/blog.zeit.de\/stoerungsmelder\/#\/schema\/person\/image\/","url":"https:\/\/secure.gravatar.com\/avatar\/a978196d1dd2db2075f1f6ae937c27c60fdab0283eaa61a154cfa36b320c7a58?s=96&d=mm&r=pg","contentUrl":"https:\/\/secure.gravatar.com\/avatar\/a978196d1dd2db2075f1f6ae937c27c60fdab0283eaa61a154cfa36b320c7a58?s=96&d=mm&r=pg","caption":"Andreas Speit"},"url":"https:\/\/blog.zeit.de\/stoerungsmelder\/author\/andreas-speit"}]}},"jetpack_featured_media_url":"","jetpack_sharing_enabled":true,"_links":{"self":[{"href":"https:\/\/blog.zeit.de\/stoerungsmelder\/wp-json\/wp\/v2\/posts\/6132","targetHints":{"allow":["GET"]}}],"collection":[{"href":"https:\/\/blog.zeit.de\/stoerungsmelder\/wp-json\/wp\/v2\/posts"}],"about":[{"href":"https:\/\/blog.zeit.de\/stoerungsmelder\/wp-json\/wp\/v2\/types\/post"}],"author":[{"embeddable":true,"href":"https:\/\/blog.zeit.de\/stoerungsmelder\/wp-json\/wp\/v2\/users\/228"}],"replies":[{"embeddable":true,"href":"https:\/\/blog.zeit.de\/stoerungsmelder\/wp-json\/wp\/v2\/comments?post=6132"}],"version-history":[{"count":5,"href":"https:\/\/blog.zeit.de\/stoerungsmelder\/wp-json\/wp\/v2\/posts\/6132\/revisions"}],"predecessor-version":[{"id":6137,"href":"https:\/\/blog.zeit.de\/stoerungsmelder\/wp-json\/wp\/v2\/posts\/6132\/revisions\/6137"}],"wp:attachment":[{"href":"https:\/\/blog.zeit.de\/stoerungsmelder\/wp-json\/wp\/v2\/media?parent=6132"}],"wp:term":[{"taxonomy":"category","embeddable":true,"href":"https:\/\/blog.zeit.de\/stoerungsmelder\/wp-json\/wp\/v2\/categories?post=6132"},{"taxonomy":"post_tag","embeddable":true,"href":"https:\/\/blog.zeit.de\/stoerungsmelder\/wp-json\/wp\/v2\/tags?post=6132"}],"curies":[{"name":"wp","href":"https:\/\/api.w.org\/{rel}","templated":true}]}}