{"id":616,"date":"2008-12-01T14:13:40","date_gmt":"2008-12-01T13:13:40","guid":{"rendered":"http:\/\/blog.zeit.de\/stoerungsmelder\/?p=616"},"modified":"2008-12-01T14:13:40","modified_gmt":"2008-12-01T13:13:40","slug":"neue-rechtsextremismus-studie","status":"publish","type":"post","link":"https:\/\/blog.zeit.de\/stoerungsmelder\/2008\/12\/01\/neue-rechtsextremismus-studie_616","title":{"rendered":"Neue Rechtsextremismus-Studie"},"content":{"rendered":"<p>Vergangenen Donnerstag wurde die vierte <a href=\"http:\/\/library.fes.de\/pdf-files\/do\/05864.pdf\" target=\"_blank\">Studie<\/a> der Friedrich-Ebert Stiftung vorgestellt. Wir stellen euch die wichtigsten Punkte in  K\u00fcrze vor.<!--more--><\/p>\n<p>1. Die Studie zeigt, dass die Anzahl der Deutschen mit rechtsextremer Einstellung im Vergleich zur vorherigen Studie im Jahr 2002, um 5,5%  zur\u00fcckgegangen ist.<\/p>\n<p>2. W\u00e4hrend die Ausl\u00e4nderfeindlichkeit im Westen abnimmt, ist die Tendenz im Osten     steigend. Dort \u00e4u\u00dferten sich 32,6% der Befragten ausl\u00e4nderfeindlich. Im Westen  waren es 18,2%.<\/p>\n<p>3.  \u00c4hnlich beim Antisemitismus: Der  Westen leicht r\u00fcckl\u00e4ufig von 9,5% (2002) auf   9,3% (2008), der  Osten dagegen mit stark steigender Tendenz von 4,2% auf   7,9%.<\/p>\n<p>4.  Im Vergleich schneiden auch westdeutsche Bundesl\u00e4nder zum Teil       schlecht ab. So hat Bayern \u00e4hnlich hohe Raten bei der Zustimmung zu  ausl\u00e4nderfeindlichen Aussagen wie Sachsen-Anhalt. Die Wissenschaftler betonen deshalb, dass die einfache Unterscheidung in Ost \/ West allein nicht mehr tragf\u00e4hig ist und regionale Unterschiede ebenso zu beachten sind.<\/p>\n","protected":false},"excerpt":{"rendered":"<p>Vergangenen Donnerstag wurde die vierte Studie der Friedrich-Ebert Stiftung vorgestellt. Wir stellen euch die wichtigsten Punkte in K\u00fcrze vor.<\/p>\n","protected":false},"author":229,"featured_media":0,"comment_status":"open","ping_status":"open","sticky":false,"template":"","format":"standard","meta":{"_jetpack_memberships_contains_paid_content":false,"footnotes":""},"categories":[59,1515,1457],"tags":[537],"class_list":["post-616","post","type-post","status-publish","format-standard","hentry","category-bayern","category-bundesweit","category-sachsen-anhalt","tag-studie"],"yoast_head":"<!-- This site is optimized with the Yoast SEO plugin v21.0 - https:\/\/yoast.com\/wordpress\/plugins\/seo\/ -->\n<title>Neue Rechtsextremismus-Studie - St\u00f6rungsmelder<\/title>\n<meta name=\"robots\" content=\"index, follow, max-snippet:-1, max-image-preview:large, max-video-preview:-1\" \/>\n<link rel=\"canonical\" href=\"https:\/\/blog.zeit.de\/stoerungsmelder\/2008\/12\/01\/neue-rechtsextremismus-studie_616\" \/>\n<meta property=\"og:locale\" content=\"de_DE\" \/>\n<meta property=\"og:type\" content=\"article\" \/>\n<meta property=\"og:title\" content=\"Neue Rechtsextremismus-Studie - St\u00f6rungsmelder\" \/>\n<meta property=\"og:description\" content=\"Vergangenen Donnerstag wurde die vierte Studie der Friedrich-Ebert Stiftung vorgestellt. Wir stellen euch die wichtigsten Punkte in K\u00fcrze vor.\" \/>\n<meta property=\"og:url\" content=\"https:\/\/blog.zeit.de\/stoerungsmelder\/2008\/12\/01\/neue-rechtsextremismus-studie_616\" \/>\n<meta property=\"og:site_name\" content=\"St\u00f6rungsmelder\" \/>\n<meta property=\"article:published_time\" content=\"2008-12-01T13:13:40+00:00\" \/>\n<meta name=\"author\" content=\"St\u00f6rungsmelder\" \/>\n<meta name=\"twitter:card\" content=\"summary_large_image\" \/>\n<meta name=\"twitter:label1\" content=\"Geschrieben von\" \/>\n\t<meta name=\"twitter:data1\" content=\"St\u00f6rungsmelder\" \/>\n\t<meta name=\"twitter:label2\" content=\"Gesch\u00e4tzte Lesezeit\" \/>\n\t<meta name=\"twitter:data2\" content=\"1\u00a0Minute\" \/>\n<script type=\"application\/ld+json\" class=\"yoast-schema-graph\">{\"@context\":\"https:\/\/schema.org\",\"@graph\":[{\"@type\":\"WebPage\",\"@id\":\"https:\/\/blog.zeit.de\/stoerungsmelder\/2008\/12\/01\/neue-rechtsextremismus-studie_616\",\"url\":\"https:\/\/blog.zeit.de\/stoerungsmelder\/2008\/12\/01\/neue-rechtsextremismus-studie_616\",\"name\":\"Neue Rechtsextremismus-Studie - St\u00f6rungsmelder\",\"isPartOf\":{\"@id\":\"https:\/\/blog.zeit.de\/stoerungsmelder\/#website\"},\"datePublished\":\"2008-12-01T13:13:40+00:00\",\"dateModified\":\"2008-12-01T13:13:40+00:00\",\"author\":{\"@id\":\"https:\/\/blog.zeit.de\/stoerungsmelder\/#\/schema\/person\/fdd0b9818f65738672810b6d6f037f71\"},\"breadcrumb\":{\"@id\":\"https:\/\/blog.zeit.de\/stoerungsmelder\/2008\/12\/01\/neue-rechtsextremismus-studie_616#breadcrumb\"},\"inLanguage\":\"de\",\"potentialAction\":[{\"@type\":\"ReadAction\",\"target\":[\"https:\/\/blog.zeit.de\/stoerungsmelder\/2008\/12\/01\/neue-rechtsextremismus-studie_616\"]}]},{\"@type\":\"BreadcrumbList\",\"@id\":\"https:\/\/blog.zeit.de\/stoerungsmelder\/2008\/12\/01\/neue-rechtsextremismus-studie_616#breadcrumb\",\"itemListElement\":[{\"@type\":\"ListItem\",\"position\":1,\"name\":\"Startseite\",\"item\":\"https:\/\/blog.zeit.de\/stoerungsmelder\"},{\"@type\":\"ListItem\",\"position\":2,\"name\":\"Neue Rechtsextremismus-Studie\"}]},{\"@type\":\"WebSite\",\"@id\":\"https:\/\/blog.zeit.de\/stoerungsmelder\/#website\",\"url\":\"https:\/\/blog.zeit.de\/stoerungsmelder\/\",\"name\":\"St\u00f6rungsmelder\",\"description\":\"Recherchen und Analysen \u00fcber die extreme Rechte\",\"potentialAction\":[{\"@type\":\"SearchAction\",\"target\":{\"@type\":\"EntryPoint\",\"urlTemplate\":\"https:\/\/blog.zeit.de\/stoerungsmelder\/?s={search_term_string}\"},\"query-input\":\"required name=search_term_string\"}],\"inLanguage\":\"de\"},{\"@type\":\"Person\",\"@id\":\"https:\/\/blog.zeit.de\/stoerungsmelder\/#\/schema\/person\/fdd0b9818f65738672810b6d6f037f71\",\"name\":\"St\u00f6rungsmelder\",\"image\":{\"@type\":\"ImageObject\",\"inLanguage\":\"de\",\"@id\":\"https:\/\/blog.zeit.de\/stoerungsmelder\/#\/schema\/person\/image\/\",\"url\":\"https:\/\/secure.gravatar.com\/avatar\/dfa4be514c3e82a71e4f9a0020035d38192d080ccaa5e4e6d7a1472c763535c5?s=96&d=mm&r=pg\",\"contentUrl\":\"https:\/\/secure.gravatar.com\/avatar\/dfa4be514c3e82a71e4f9a0020035d38192d080ccaa5e4e6d7a1472c763535c5?s=96&d=mm&r=pg\",\"caption\":\"St\u00f6rungsmelder\"},\"url\":\"https:\/\/blog.zeit.de\/stoerungsmelder\/author\/stoerungsmelder\"}]}<\/script>\n<!-- \/ Yoast SEO plugin. -->","yoast_head_json":{"title":"Neue Rechtsextremismus-Studie - St\u00f6rungsmelder","robots":{"index":"index","follow":"follow","max-snippet":"max-snippet:-1","max-image-preview":"max-image-preview:large","max-video-preview":"max-video-preview:-1"},"canonical":"https:\/\/blog.zeit.de\/stoerungsmelder\/2008\/12\/01\/neue-rechtsextremismus-studie_616","og_locale":"de_DE","og_type":"article","og_title":"Neue Rechtsextremismus-Studie - St\u00f6rungsmelder","og_description":"Vergangenen Donnerstag wurde die vierte Studie der Friedrich-Ebert Stiftung vorgestellt. Wir stellen euch die wichtigsten Punkte in K\u00fcrze vor.","og_url":"https:\/\/blog.zeit.de\/stoerungsmelder\/2008\/12\/01\/neue-rechtsextremismus-studie_616","og_site_name":"St\u00f6rungsmelder","article_published_time":"2008-12-01T13:13:40+00:00","author":"St\u00f6rungsmelder","twitter_card":"summary_large_image","twitter_misc":{"Geschrieben von":"St\u00f6rungsmelder","Gesch\u00e4tzte Lesezeit":"1\u00a0Minute"},"schema":{"@context":"https:\/\/schema.org","@graph":[{"@type":"WebPage","@id":"https:\/\/blog.zeit.de\/stoerungsmelder\/2008\/12\/01\/neue-rechtsextremismus-studie_616","url":"https:\/\/blog.zeit.de\/stoerungsmelder\/2008\/12\/01\/neue-rechtsextremismus-studie_616","name":"Neue Rechtsextremismus-Studie - St\u00f6rungsmelder","isPartOf":{"@id":"https:\/\/blog.zeit.de\/stoerungsmelder\/#website"},"datePublished":"2008-12-01T13:13:40+00:00","dateModified":"2008-12-01T13:13:40+00:00","author":{"@id":"https:\/\/blog.zeit.de\/stoerungsmelder\/#\/schema\/person\/fdd0b9818f65738672810b6d6f037f71"},"breadcrumb":{"@id":"https:\/\/blog.zeit.de\/stoerungsmelder\/2008\/12\/01\/neue-rechtsextremismus-studie_616#breadcrumb"},"inLanguage":"de","potentialAction":[{"@type":"ReadAction","target":["https:\/\/blog.zeit.de\/stoerungsmelder\/2008\/12\/01\/neue-rechtsextremismus-studie_616"]}]},{"@type":"BreadcrumbList","@id":"https:\/\/blog.zeit.de\/stoerungsmelder\/2008\/12\/01\/neue-rechtsextremismus-studie_616#breadcrumb","itemListElement":[{"@type":"ListItem","position":1,"name":"Startseite","item":"https:\/\/blog.zeit.de\/stoerungsmelder"},{"@type":"ListItem","position":2,"name":"Neue Rechtsextremismus-Studie"}]},{"@type":"WebSite","@id":"https:\/\/blog.zeit.de\/stoerungsmelder\/#website","url":"https:\/\/blog.zeit.de\/stoerungsmelder\/","name":"St\u00f6rungsmelder","description":"Recherchen und Analysen \u00fcber die extreme Rechte","potentialAction":[{"@type":"SearchAction","target":{"@type":"EntryPoint","urlTemplate":"https:\/\/blog.zeit.de\/stoerungsmelder\/?s={search_term_string}"},"query-input":"required name=search_term_string"}],"inLanguage":"de"},{"@type":"Person","@id":"https:\/\/blog.zeit.de\/stoerungsmelder\/#\/schema\/person\/fdd0b9818f65738672810b6d6f037f71","name":"St\u00f6rungsmelder","image":{"@type":"ImageObject","inLanguage":"de","@id":"https:\/\/blog.zeit.de\/stoerungsmelder\/#\/schema\/person\/image\/","url":"https:\/\/secure.gravatar.com\/avatar\/dfa4be514c3e82a71e4f9a0020035d38192d080ccaa5e4e6d7a1472c763535c5?s=96&d=mm&r=pg","contentUrl":"https:\/\/secure.gravatar.com\/avatar\/dfa4be514c3e82a71e4f9a0020035d38192d080ccaa5e4e6d7a1472c763535c5?s=96&d=mm&r=pg","caption":"St\u00f6rungsmelder"},"url":"https:\/\/blog.zeit.de\/stoerungsmelder\/author\/stoerungsmelder"}]}},"jetpack_featured_media_url":"","jetpack_sharing_enabled":true,"_links":{"self":[{"href":"https:\/\/blog.zeit.de\/stoerungsmelder\/wp-json\/wp\/v2\/posts\/616","targetHints":{"allow":["GET"]}}],"collection":[{"href":"https:\/\/blog.zeit.de\/stoerungsmelder\/wp-json\/wp\/v2\/posts"}],"about":[{"href":"https:\/\/blog.zeit.de\/stoerungsmelder\/wp-json\/wp\/v2\/types\/post"}],"author":[{"embeddable":true,"href":"https:\/\/blog.zeit.de\/stoerungsmelder\/wp-json\/wp\/v2\/users\/229"}],"replies":[{"embeddable":true,"href":"https:\/\/blog.zeit.de\/stoerungsmelder\/wp-json\/wp\/v2\/comments?post=616"}],"version-history":[{"count":0,"href":"https:\/\/blog.zeit.de\/stoerungsmelder\/wp-json\/wp\/v2\/posts\/616\/revisions"}],"wp:attachment":[{"href":"https:\/\/blog.zeit.de\/stoerungsmelder\/wp-json\/wp\/v2\/media?parent=616"}],"wp:term":[{"taxonomy":"category","embeddable":true,"href":"https:\/\/blog.zeit.de\/stoerungsmelder\/wp-json\/wp\/v2\/categories?post=616"},{"taxonomy":"post_tag","embeddable":true,"href":"https:\/\/blog.zeit.de\/stoerungsmelder\/wp-json\/wp\/v2\/tags?post=616"}],"curies":[{"name":"wp","href":"https:\/\/api.w.org\/{rel}","templated":true}]}}