{"id":6162,"date":"2011-04-28T12:57:47","date_gmt":"2011-04-28T10:57:47","guid":{"rendered":"http:\/\/blog.zeit.de\/stoerungsmelder\/?p=6162"},"modified":"2017-07-08T16:39:10","modified_gmt":"2017-07-08T14:39:10","slug":"blockaden-gegen-die-naziaufmarsche-am-1-mai","status":"publish","type":"post","link":"https:\/\/blog.zeit.de\/stoerungsmelder\/2011\/04\/28\/blockaden-gegen-die-naziaufmarsche-am-1-mai_6162","title":{"rendered":"Proteste &amp; Blockaden gegen die Naziaufm\u00e4rsche am 1. Mai"},"content":{"rendered":"<p><figure id=\"attachment_3211\" aria-describedby=\"caption-attachment-3211\" style=\"width: 540px\" class=\"wp-caption aligncenter\"><a href=\"https:\/\/blog.zeit.de\/stoerungsmelder\/files\/2010\/05\/blockaden-410.jpg\"><img loading=\"lazy\" decoding=\"async\" class=\"size-full wp-image-3211\" src=\"https:\/\/blog.zeit.de\/stoerungsmelder\/files\/2010\/05\/blockaden-410.jpg\" alt=\"\" width=\"540\" height=\"262\" srcset=\"https:\/\/blog.zeit.de\/stoerungsmelder\/files\/2010\/05\/blockaden-410.jpg 410w, https:\/\/blog.zeit.de\/stoerungsmelder\/files\/2010\/05\/blockaden-410-300x146.jpg 300w\" sizes=\"auto, (max-width: 540px) 100vw, 540px\" \/><\/a><figcaption id=\"caption-attachment-3211\" class=\"wp-caption-text\">In Berlin wurden am 1. Mai 2010 die Neonazis nach 800 Metern durch Sitzblockaden gestoppt   \u00a9 Matthias Zickrow<\/figcaption><\/figure><\/p>\n<p>Rund um den 1.Mai 2011 haben Neonazis wieder an verschiedenen Orten in ganz Deutschland Aufm\u00e4rsche angemeldet. In allen betroffenen St\u00e4dten haben sich B\u00fcndnisse von Parteien, Gewerkschaften, Zivilgesellschaft und Antifagruppen zusammengetan, um die rechten Aufz\u00fcge zu stoppen. Der St\u00f6rungsmelder gibt einen \u00dcberblick \u00fcber alle Protestaktionen. Falls Sie als Leser noch erg\u00e4nzende Informationen haben, bitte in die Kommentarspalte posten. Danke!<!--more--><\/p>\n<p><strong>Bremen<\/strong><\/p>\n<p><a href=\"https:\/\/blog.zeit.de\/stoerungsmelder\/files\/2011\/04\/bremen.png\"><img loading=\"lazy\" decoding=\"async\" class=\"aligncenter size-full wp-image-6169\" src=\"https:\/\/blog.zeit.de\/stoerungsmelder\/files\/2011\/04\/bremen.png\" alt=\"\" width=\"540\" height=\"132\" srcset=\"https:\/\/blog.zeit.de\/stoerungsmelder\/files\/2011\/04\/bremen.png 490w, https:\/\/blog.zeit.de\/stoerungsmelder\/files\/2011\/04\/bremen-300x73.png 300w\" sizes=\"auto, (max-width: 540px) 100vw, 540px\" \/><\/a>Der Bremer NPD-Aufmarsch zum 1. Mai wurde auf den 30.April vorverlegt. Aktueller Stand ist, dass die NPD am 30. April ab 11 Uhr vom Bahnhof  Neustadt losl\u00e4uft. Das <a href=\"http:\/\/www.keinen-meter.org\/\">Protestb\u00fcndnis &#8222;Keinen Meter&#8220;<\/a> plant vielf\u00e4ltige Aktionen, Demonstrationen und Blockaden  gegen den Aufzug.<\/p>\n<p>Das Ziel von &#8222;Keine Meter&#8220; ist es, den Aufmarsch komplett zu verhindern. Um das  zu schaffen, wollen die Aktivisten mit vielen Menschen fr\u00fchzeitig an Ort und Stelle  sein, die Route der Nazis blockieren und Pl\u00e4tze besetzen.<\/p>\n<p><strong>Die Gegendemo startet am Samstag um 9 Uhr an der Friedrich-Ebert-Stra\u00dfe Ecke Neuenlanderstra\u00dfe.<\/strong><\/p>\n<p>Aktuelle Informationen gibt es:<\/p>\n<p>auf der Internetseite:<a href=\"http:\/\/www.keinen-meter.org\/\"> www.keinen-meter.org<\/a><\/p>\n<p>\u00fcber Twitter:<a href=\"http:\/\/twitter.com\/keinenmeter\"> twitter.com\/keinenmeter<\/a><\/p>\n<p>auf Facebook:<a href=\"https:\/\/www.facebook.com\/pages\/Keinen-Meter\/183543621689945\"> www.facebook.com\/pages\/Keinen-Meter\/183543621689945<\/a><\/p>\n<p>und bei der letzten \u00f6ffentlichen <a href=\"http:\/\/www.keinen-meter.org\/2011\/03\/29\/offentliche-informations-und-vorbereitungsveranstaltung-zum-antifaschistischen-1-mai-2011\/\">Infoveranstaltung <\/a>am 29. April um 19 Uhr in der Spedition (G\u00fcterbahnhof)<\/p>\n<p>Am 29.\/30. April ist ein Infotelefon geschaltet 015257086321<\/p>\n<p><a href=\"http:\/\/www.keinen-meter.org\/wp-content\/uploads\/2011\/04\/aktionskarte.jpg\"><img decoding=\"async\" src=\"http:\/\/www.keinen-meter.org\/wp-content\/uploads\/2011\/04\/aktionskarte-212x300.jpg\" alt=\"Aktionskarte\" \/><\/a><br \/>\n<a href=\"http:\/\/www.keinen-meter.org\/wp-content\/uploads\/2011\/04\/aktionskarte_keinenmeter.pdf\">download<\/a><\/p>\n<p>Die Nummer des Ermittlungsausschusses bei Festnahmen ist 0421 78744<\/p>\n<p>F\u00fcr Ausw\u00e4rtige gibt es ab sofort eine Schlafplatz. Kontakt und Sonderw\u00fcnsche l\u00e4uft \u00fcber diese Adresse:<br \/>\npennplatzboerse[at ]keinen-meter.org<br \/>\nMenschen aus Bremen k\u00f6nnen sich \u00fcber diese Adresse melden, falls sie freie Schlafpl\u00e4tze haben.<\/p>\n<p><strong><br \/>\nHeilbronn<\/strong><\/p>\n<p><a href=\"https:\/\/blog.zeit.de\/stoerungsmelder\/files\/2011\/04\/heilbronn.jpg\"><img loading=\"lazy\" decoding=\"async\" class=\"aligncenter size-full wp-image-6170\" src=\"https:\/\/blog.zeit.de\/stoerungsmelder\/files\/2011\/04\/heilbronn.jpg\" alt=\"\" width=\"539\" height=\"100\" srcset=\"https:\/\/blog.zeit.de\/stoerungsmelder\/files\/2011\/04\/heilbronn.jpg 980w, https:\/\/blog.zeit.de\/stoerungsmelder\/files\/2011\/04\/heilbronn-300x55.jpg 300w\" sizes=\"auto, (max-width: 539px) 100vw, 539px\" \/><\/a>Auch in Heilbronn soll der Naziaufmarsch am 1.Mai durch friedliche Massenblockaden verhindert werden<strong>.<\/strong> Da die Polizei vor hat, das komplette Bahnhofsviertel f\u00fcr die Rechten abzuriegeln und mehrere angemeldete Gegenkundgebungen verboten wurden, heisst es: Fr\u00fch aufstehen.<\/p>\n<p><strong>Das <a href=\"http:\/\/www.heilbronn-stellt-sich-quer.tk\/\">B\u00fcndnis &#8222;Heilbronn stellt sich quer&#8220;<\/a> mobilisiert auf 8.00 Uhr zu  drei verschiedenen Blockadepunkten<\/strong>, um den Naziaufmarsch im  Bahnhofsviertel unm\u00f6glich zu machen. Die Punkte sind in der unten  stehenden Karte als runde Symbole markiert.<\/p>\n<p>Erg\u00e4nzend zu den Blockadepunkten wird  es zwei angemeldete Anlaufpunkte geben. Diese dienen dazu, sich mit  aktuellen Informationen zu versorgen und den Austausch mit anderen Aktivisten zu erm\u00f6glichen. Am Punkt B gibt es zudem eine K\u00fcche mit Essen und Trinken.<\/p>\n<p>Aktuelle Informatonen gibt es:<\/p>\n<p>auf der B\u00fcndnisseite: <a href=\"http:\/\/www.heilbronn-stellt-sich-quer.tk\/\">www.heilbronn-stellt-sich-quer.tk<\/a><\/p>\n<p>\u00fcber Twitter: <a href=\"http:\/\/twitter.com\/#!\/hn_quer\">www.twitter.com\/#!\/hn_quer<\/a><\/p>\n<p>auf Facebook: <a href=\"www.facebook.com\/pages\/Heilbronn-stellt-sich-quer\/134002893336885\">www.facebook.com\/pages\/Heilbronn-stellt-sich-quer\/134002893336885<\/a><\/p>\n<p><img loading=\"lazy\" decoding=\"async\" src=\"http:\/\/hnssq.nfshost.com\/images\/Karte%20%C3%9Cbersicht.PNG\" border=\"0\" alt=\"\" width=\"608\" height=\"467\" \/><\/p>\n<p><strong>Blockadepunkt<\/strong> an der Theresienwiese <img loading=\"lazy\" decoding=\"async\" src=\"http:\/\/hnssq.nfshost.com\/images\/gelber-punkt.jpg\" border=\"0\" alt=\"\" width=\"34\" height=\"34\" \/><\/p>\n<p><img loading=\"lazy\" decoding=\"async\" src=\"http:\/\/hnssq.nfshost.com\/images\/BlauerPunkt_1.gif\" border=\"0\" alt=\"\" width=\"36\" height=\"36\" \/><strong>Blockadepunkt<\/strong> am Kaiser- Friedrich- Platz<\/p>\n<p><img loading=\"lazy\" decoding=\"async\" src=\"http:\/\/hnssq.nfshost.com\/images\/120px-gruener_punkt.svg.png\" border=\"0\" alt=\"\" width=\"32\" height=\"32\" \/> <strong>Blockadepunkt<\/strong> gegen\u00fcber Hauptbahnhof, Ecke Rosskampffstra\u00dfe<\/p>\n<p><img loading=\"lazy\" decoding=\"async\" src=\"http:\/\/hnssq.nfshost.com\/images\/Blaues_Quadrat.JPG\" border=\"0\" alt=\"\" width=\"30\" height=\"30\" \/> <strong>Infopunkt <\/strong>an der Arbeitsagentur<\/p>\n<p><img decoding=\"async\" src=\"http:\/\/hnssq.nfshost.com\/images\/sp_rotes_viereck.jpg\" border=\"0\" alt=\"\" \/><strong>Infopunkt <\/strong>in der Kirchbrunnenstr. vor dem C &amp;A<\/p>\n<p><strong><br \/>\nGreifswald<\/strong><\/p>\n<p><a href=\"https:\/\/blog.zeit.de\/stoerungsmelder\/files\/2011\/04\/greifswald.png\"><img loading=\"lazy\" decoding=\"async\" class=\"aligncenter size-full wp-image-6172\" src=\"https:\/\/blog.zeit.de\/stoerungsmelder\/files\/2011\/04\/greifswald.png\" alt=\"\" width=\"537\" height=\"113\" srcset=\"https:\/\/blog.zeit.de\/stoerungsmelder\/files\/2011\/04\/greifswald.png 940w, https:\/\/blog.zeit.de\/stoerungsmelder\/files\/2011\/04\/greifswald-300x63.png 300w\" sizes=\"auto, (max-width: 537px) 100vw, 537px\" \/><\/a>&#8222;Am Sonntag, dem 1. Mai 2011, will die NPD unter dem Motto \u201eUnsere Heimat  \u2013 unsere Arbeit! Fremdarbeiterinvasion stoppen\u201c durch Greifswald  marschieren. Dies werden wir verhindern! Gemeinsam und entschlossen  wollen wir den Aufmarsch der NPD blockieren!&#8220;, hei\u00dft es im Aufruf von <a href=\"http:\/\/greifswaldnazifrei.blogsport.eu\/aufruf\/\">Greifswald Nazifrei.<\/a> <strong>Los geht es um 9 Uhr mit einer<strong> Kundgebung am Fl\u00fcchtlingsheim Heinrich-Hertzstra\u00dfe, Ecke Spiegelsdorfer Wende<\/strong>.<\/strong> Die angemeldete Kundgebung liegt direkt neben der Route der NPD.<\/p>\n<p>Aktuelle Informationen gibt es:<\/p>\n<p>auf der Webseite: <a href=\"http:\/\/www.greifswaldnazifrei.blogsport.eu\">www.greifswaldnazifrei.blogsport.eu<\/a><\/p>\n<p>als Liveticker: <a href=\"http:\/\/ticker.hopto.org\/\">ticker.hopto.org<\/a><\/p>\n<p>\u00fcber Twitter: <a href=\"http:\/\/twitter.com\/#!\/hgw_nazifrei\">www.twitter.com\/#!\/hgw_nazifrei<\/a><\/p>\n<p>Die Route des Naziaufmarsches<strong>:<\/strong><\/p>\n<p><strong><a href=\"http:\/\/blog.17vier.de\/wp-content\/uploads\/2011\/03\/route-npd-demo-1-5-11.jpg\"><img loading=\"lazy\" decoding=\"async\" src=\"http:\/\/blog.17vier.de\/wp-content\/uploads\/2011\/03\/route-npd-demo-1-5-11.jpg\" alt=\"\" width=\"600\" height=\"330\" \/><\/a><\/strong><\/p>\n<p><strong><br \/>\nHalle<\/strong><\/p>\n<p><a href=\"https:\/\/blog.zeit.de\/stoerungsmelder\/files\/2011\/04\/halle.png\"><img loading=\"lazy\" decoding=\"async\" class=\"aligncenter size-full wp-image-6174\" src=\"https:\/\/blog.zeit.de\/stoerungsmelder\/files\/2011\/04\/halle.png\" alt=\"\" width=\"537\" height=\"113\" srcset=\"https:\/\/blog.zeit.de\/stoerungsmelder\/files\/2011\/04\/halle.png 940w, https:\/\/blog.zeit.de\/stoerungsmelder\/files\/2011\/04\/halle-300x63.png 300w\" sizes=\"auto, (max-width: 537px) 100vw, 537px\" \/><\/a>Auch in Halle an der Saale will ein B\u00fcrgerb\u00fcndnis aus\u00a0diversen zivilgesellschaftlichen Organisationen, Gewerkschaften und Parteien mit Kundgebungen und Demos gegen den Naziaufmarsch protestieren \u2013 so gibt es Kundgebungen in   Sicht- und Rufweite im Steinweg und in der Prof.-Friedrich-Hoffmann-Str.   jeweils unmittelbar n\u00f6rdlich der Philipp-M\u00fcller-Stra\u00dfe sowie s\u00fcdlich   des Nazitreffpunkts in der E.-Kamieth-Str. sowie eine zentrale   Demonstration, die vormittags vom Rannischen Platz \u00fcber   Philipp-M\u00fcller-Str., Turmstr. und Merseurger Stra\u00dfe zur Kundgebung   E.-Kamieth-Stra\u00dfe f\u00fchrt.\u00a0 Hallische DJs organisieren zudem am Tag des   Aufmarsches eine Partykundgebung unter dem Motto \u201cNazis wegbassen\u201d am   Leipziger Turm. <strong>Die Gegendemo trifft sich um 9.30 Uhr am  Rannischen Platz.<\/strong><\/p>\n<p>Aktuelle Informationen gibt es:<\/p>\n<p>auf der Webseite: <a href=\"http:\/\/www.nonazisinhalle.tk\/\">www.nonazisinhalle.tk<\/a><\/p>\n<p>\u00fcber Twitter: <a href=\"http:\/\/www.twitter.com\/nonazisinhalle\">www.twitter.com\/nonazisinhalle<\/a><\/p>\n<p>Die Neonazis treffen sich um 12.00 Uhr am Hauptbahnhof Halle<br \/>\n<em><em> <\/em><\/em><\/p>\n<p><em><em><a href=\"http:\/\/nonazis.files.wordpress.com\/2011\/04\/stadtplan1.jpg\"><img loading=\"lazy\" decoding=\"async\" src=\"http:\/\/nonazis.files.wordpress.com\/2011\/04\/stadtplan1.jpg?w=299&amp;h=213\" alt=\"\" width=\"299\" height=\"213\" \/><\/a><\/em><\/em><\/p>\n","protected":false},"excerpt":{"rendered":"<p>Rund um den 1.Mai 2011 haben Neonazis wieder an verschiedenen Orten in ganz Deutschland Aufm\u00e4rsche angemeldet. In allen betroffenen St\u00e4dten haben sich B\u00fcndnisse von Parteien, Gewerkschaften, Zivilgesellschaft und Antifagruppen zusammengetan, um die rechten Aufz\u00fcge zu stoppen. Der St\u00f6rungsmelder gibt einen \u00dcberblick \u00fcber alle Protestaktionen. Falls Sie als Leser noch erg\u00e4nzende Informationen haben, bitte in die [&hellip;]<\/p>\n","protected":false},"author":229,"featured_media":0,"comment_status":"open","ping_status":"open","sticky":false,"template":"","format":"standard","meta":{"_jetpack_memberships_contains_paid_content":false,"footnotes":""},"categories":[1450,1452,90,1457],"tags":[1707,1716,1752,1795,1859],"class_list":["post-6162","post","type-post","status-publish","format-standard","hentry","category-baden-wurttemberg","category-bremen","category-mecklenburg-vorpommern","category-sachsen-anhalt","tag-naziaufmarsch","tag-npd","tag-protest","tag-sitzblockade","tag-ziviler-ungehorsam"],"yoast_head":"<!-- This site is optimized with the Yoast SEO plugin v21.0 - https:\/\/yoast.com\/wordpress\/plugins\/seo\/ -->\n<title>Proteste &amp; Blockaden gegen die Naziaufm\u00e4rsche am 1. Mai - St\u00f6rungsmelder<\/title>\n<meta name=\"robots\" content=\"index, follow, max-snippet:-1, max-image-preview:large, max-video-preview:-1\" \/>\n<link rel=\"canonical\" href=\"https:\/\/blog.zeit.de\/stoerungsmelder\/2011\/04\/28\/blockaden-gegen-die-naziaufmarsche-am-1-mai_6162\" \/>\n<meta property=\"og:locale\" content=\"de_DE\" \/>\n<meta property=\"og:type\" content=\"article\" \/>\n<meta property=\"og:title\" content=\"Proteste &amp; Blockaden gegen die Naziaufm\u00e4rsche am 1. Mai - St\u00f6rungsmelder\" \/>\n<meta property=\"og:description\" content=\"Rund um den 1.Mai 2011 haben Neonazis wieder an verschiedenen Orten in ganz Deutschland Aufm\u00e4rsche angemeldet. In allen betroffenen St\u00e4dten haben sich B\u00fcndnisse von Parteien, Gewerkschaften, Zivilgesellschaft und Antifagruppen zusammengetan, um die rechten Aufz\u00fcge zu stoppen. Der St\u00f6rungsmelder gibt einen \u00dcberblick \u00fcber alle Protestaktionen. Falls Sie als Leser noch erg\u00e4nzende Informationen haben, bitte in die [&hellip;]\" \/>\n<meta property=\"og:url\" content=\"https:\/\/blog.zeit.de\/stoerungsmelder\/2011\/04\/28\/blockaden-gegen-die-naziaufmarsche-am-1-mai_6162\" \/>\n<meta property=\"og:site_name\" content=\"St\u00f6rungsmelder\" \/>\n<meta property=\"article:published_time\" content=\"2011-04-28T10:57:47+00:00\" \/>\n<meta property=\"article:modified_time\" content=\"2017-07-08T14:39:10+00:00\" \/>\n<meta property=\"og:image\" content=\"https:\/\/blog.zeit.de\/stoerungsmelder\/files\/2010\/05\/blockaden-410.jpg\" \/>\n<meta name=\"author\" content=\"St\u00f6rungsmelder\" \/>\n<meta name=\"twitter:card\" content=\"summary_large_image\" \/>\n<meta name=\"twitter:label1\" content=\"Geschrieben von\" \/>\n\t<meta name=\"twitter:data1\" content=\"St\u00f6rungsmelder\" \/>\n\t<meta name=\"twitter:label2\" content=\"Gesch\u00e4tzte Lesezeit\" \/>\n\t<meta name=\"twitter:data2\" content=\"3\u00a0Minuten\" \/>\n<script type=\"application\/ld+json\" class=\"yoast-schema-graph\">{\"@context\":\"https:\/\/schema.org\",\"@graph\":[{\"@type\":\"WebPage\",\"@id\":\"https:\/\/blog.zeit.de\/stoerungsmelder\/2011\/04\/28\/blockaden-gegen-die-naziaufmarsche-am-1-mai_6162\",\"url\":\"https:\/\/blog.zeit.de\/stoerungsmelder\/2011\/04\/28\/blockaden-gegen-die-naziaufmarsche-am-1-mai_6162\",\"name\":\"Proteste &amp; Blockaden gegen die Naziaufm\u00e4rsche am 1. Mai - St\u00f6rungsmelder\",\"isPartOf\":{\"@id\":\"https:\/\/blog.zeit.de\/stoerungsmelder\/#website\"},\"datePublished\":\"2011-04-28T10:57:47+00:00\",\"dateModified\":\"2017-07-08T14:39:10+00:00\",\"author\":{\"@id\":\"https:\/\/blog.zeit.de\/stoerungsmelder\/#\/schema\/person\/fdd0b9818f65738672810b6d6f037f71\"},\"breadcrumb\":{\"@id\":\"https:\/\/blog.zeit.de\/stoerungsmelder\/2011\/04\/28\/blockaden-gegen-die-naziaufmarsche-am-1-mai_6162#breadcrumb\"},\"inLanguage\":\"de\",\"potentialAction\":[{\"@type\":\"ReadAction\",\"target\":[\"https:\/\/blog.zeit.de\/stoerungsmelder\/2011\/04\/28\/blockaden-gegen-die-naziaufmarsche-am-1-mai_6162\"]}]},{\"@type\":\"BreadcrumbList\",\"@id\":\"https:\/\/blog.zeit.de\/stoerungsmelder\/2011\/04\/28\/blockaden-gegen-die-naziaufmarsche-am-1-mai_6162#breadcrumb\",\"itemListElement\":[{\"@type\":\"ListItem\",\"position\":1,\"name\":\"Startseite\",\"item\":\"https:\/\/blog.zeit.de\/stoerungsmelder\"},{\"@type\":\"ListItem\",\"position\":2,\"name\":\"Proteste &amp; Blockaden gegen die Naziaufm\u00e4rsche am 1. Mai\"}]},{\"@type\":\"WebSite\",\"@id\":\"https:\/\/blog.zeit.de\/stoerungsmelder\/#website\",\"url\":\"https:\/\/blog.zeit.de\/stoerungsmelder\/\",\"name\":\"St\u00f6rungsmelder\",\"description\":\"Recherchen und Analysen \u00fcber die extreme Rechte\",\"potentialAction\":[{\"@type\":\"SearchAction\",\"target\":{\"@type\":\"EntryPoint\",\"urlTemplate\":\"https:\/\/blog.zeit.de\/stoerungsmelder\/?s={search_term_string}\"},\"query-input\":\"required name=search_term_string\"}],\"inLanguage\":\"de\"},{\"@type\":\"Person\",\"@id\":\"https:\/\/blog.zeit.de\/stoerungsmelder\/#\/schema\/person\/fdd0b9818f65738672810b6d6f037f71\",\"name\":\"St\u00f6rungsmelder\",\"image\":{\"@type\":\"ImageObject\",\"inLanguage\":\"de\",\"@id\":\"https:\/\/blog.zeit.de\/stoerungsmelder\/#\/schema\/person\/image\/\",\"url\":\"https:\/\/secure.gravatar.com\/avatar\/dfa4be514c3e82a71e4f9a0020035d38192d080ccaa5e4e6d7a1472c763535c5?s=96&d=mm&r=pg\",\"contentUrl\":\"https:\/\/secure.gravatar.com\/avatar\/dfa4be514c3e82a71e4f9a0020035d38192d080ccaa5e4e6d7a1472c763535c5?s=96&d=mm&r=pg\",\"caption\":\"St\u00f6rungsmelder\"},\"url\":\"https:\/\/blog.zeit.de\/stoerungsmelder\/author\/stoerungsmelder\"}]}<\/script>\n<!-- \/ Yoast SEO plugin. -->","yoast_head_json":{"title":"Proteste &amp; Blockaden gegen die Naziaufm\u00e4rsche am 1. Mai - St\u00f6rungsmelder","robots":{"index":"index","follow":"follow","max-snippet":"max-snippet:-1","max-image-preview":"max-image-preview:large","max-video-preview":"max-video-preview:-1"},"canonical":"https:\/\/blog.zeit.de\/stoerungsmelder\/2011\/04\/28\/blockaden-gegen-die-naziaufmarsche-am-1-mai_6162","og_locale":"de_DE","og_type":"article","og_title":"Proteste &amp; Blockaden gegen die Naziaufm\u00e4rsche am 1. Mai - St\u00f6rungsmelder","og_description":"Rund um den 1.Mai 2011 haben Neonazis wieder an verschiedenen Orten in ganz Deutschland Aufm\u00e4rsche angemeldet. In allen betroffenen St\u00e4dten haben sich B\u00fcndnisse von Parteien, Gewerkschaften, Zivilgesellschaft und Antifagruppen zusammengetan, um die rechten Aufz\u00fcge zu stoppen. Der St\u00f6rungsmelder gibt einen \u00dcberblick \u00fcber alle Protestaktionen. Falls Sie als Leser noch erg\u00e4nzende Informationen haben, bitte in die [&hellip;]","og_url":"https:\/\/blog.zeit.de\/stoerungsmelder\/2011\/04\/28\/blockaden-gegen-die-naziaufmarsche-am-1-mai_6162","og_site_name":"St\u00f6rungsmelder","article_published_time":"2011-04-28T10:57:47+00:00","article_modified_time":"2017-07-08T14:39:10+00:00","og_image":[{"url":"https:\/\/blog.zeit.de\/stoerungsmelder\/files\/2010\/05\/blockaden-410.jpg"}],"author":"St\u00f6rungsmelder","twitter_card":"summary_large_image","twitter_misc":{"Geschrieben von":"St\u00f6rungsmelder","Gesch\u00e4tzte Lesezeit":"3\u00a0Minuten"},"schema":{"@context":"https:\/\/schema.org","@graph":[{"@type":"WebPage","@id":"https:\/\/blog.zeit.de\/stoerungsmelder\/2011\/04\/28\/blockaden-gegen-die-naziaufmarsche-am-1-mai_6162","url":"https:\/\/blog.zeit.de\/stoerungsmelder\/2011\/04\/28\/blockaden-gegen-die-naziaufmarsche-am-1-mai_6162","name":"Proteste &amp; Blockaden gegen die Naziaufm\u00e4rsche am 1. Mai - St\u00f6rungsmelder","isPartOf":{"@id":"https:\/\/blog.zeit.de\/stoerungsmelder\/#website"},"datePublished":"2011-04-28T10:57:47+00:00","dateModified":"2017-07-08T14:39:10+00:00","author":{"@id":"https:\/\/blog.zeit.de\/stoerungsmelder\/#\/schema\/person\/fdd0b9818f65738672810b6d6f037f71"},"breadcrumb":{"@id":"https:\/\/blog.zeit.de\/stoerungsmelder\/2011\/04\/28\/blockaden-gegen-die-naziaufmarsche-am-1-mai_6162#breadcrumb"},"inLanguage":"de","potentialAction":[{"@type":"ReadAction","target":["https:\/\/blog.zeit.de\/stoerungsmelder\/2011\/04\/28\/blockaden-gegen-die-naziaufmarsche-am-1-mai_6162"]}]},{"@type":"BreadcrumbList","@id":"https:\/\/blog.zeit.de\/stoerungsmelder\/2011\/04\/28\/blockaden-gegen-die-naziaufmarsche-am-1-mai_6162#breadcrumb","itemListElement":[{"@type":"ListItem","position":1,"name":"Startseite","item":"https:\/\/blog.zeit.de\/stoerungsmelder"},{"@type":"ListItem","position":2,"name":"Proteste &amp; Blockaden gegen die Naziaufm\u00e4rsche am 1. Mai"}]},{"@type":"WebSite","@id":"https:\/\/blog.zeit.de\/stoerungsmelder\/#website","url":"https:\/\/blog.zeit.de\/stoerungsmelder\/","name":"St\u00f6rungsmelder","description":"Recherchen und Analysen \u00fcber die extreme Rechte","potentialAction":[{"@type":"SearchAction","target":{"@type":"EntryPoint","urlTemplate":"https:\/\/blog.zeit.de\/stoerungsmelder\/?s={search_term_string}"},"query-input":"required name=search_term_string"}],"inLanguage":"de"},{"@type":"Person","@id":"https:\/\/blog.zeit.de\/stoerungsmelder\/#\/schema\/person\/fdd0b9818f65738672810b6d6f037f71","name":"St\u00f6rungsmelder","image":{"@type":"ImageObject","inLanguage":"de","@id":"https:\/\/blog.zeit.de\/stoerungsmelder\/#\/schema\/person\/image\/","url":"https:\/\/secure.gravatar.com\/avatar\/dfa4be514c3e82a71e4f9a0020035d38192d080ccaa5e4e6d7a1472c763535c5?s=96&d=mm&r=pg","contentUrl":"https:\/\/secure.gravatar.com\/avatar\/dfa4be514c3e82a71e4f9a0020035d38192d080ccaa5e4e6d7a1472c763535c5?s=96&d=mm&r=pg","caption":"St\u00f6rungsmelder"},"url":"https:\/\/blog.zeit.de\/stoerungsmelder\/author\/stoerungsmelder"}]}},"jetpack_featured_media_url":"","jetpack_sharing_enabled":true,"_links":{"self":[{"href":"https:\/\/blog.zeit.de\/stoerungsmelder\/wp-json\/wp\/v2\/posts\/6162","targetHints":{"allow":["GET"]}}],"collection":[{"href":"https:\/\/blog.zeit.de\/stoerungsmelder\/wp-json\/wp\/v2\/posts"}],"about":[{"href":"https:\/\/blog.zeit.de\/stoerungsmelder\/wp-json\/wp\/v2\/types\/post"}],"author":[{"embeddable":true,"href":"https:\/\/blog.zeit.de\/stoerungsmelder\/wp-json\/wp\/v2\/users\/229"}],"replies":[{"embeddable":true,"href":"https:\/\/blog.zeit.de\/stoerungsmelder\/wp-json\/wp\/v2\/comments?post=6162"}],"version-history":[{"count":21,"href":"https:\/\/blog.zeit.de\/stoerungsmelder\/wp-json\/wp\/v2\/posts\/6162\/revisions"}],"predecessor-version":[{"id":24164,"href":"https:\/\/blog.zeit.de\/stoerungsmelder\/wp-json\/wp\/v2\/posts\/6162\/revisions\/24164"}],"wp:attachment":[{"href":"https:\/\/blog.zeit.de\/stoerungsmelder\/wp-json\/wp\/v2\/media?parent=6162"}],"wp:term":[{"taxonomy":"category","embeddable":true,"href":"https:\/\/blog.zeit.de\/stoerungsmelder\/wp-json\/wp\/v2\/categories?post=6162"},{"taxonomy":"post_tag","embeddable":true,"href":"https:\/\/blog.zeit.de\/stoerungsmelder\/wp-json\/wp\/v2\/tags?post=6162"}],"curies":[{"name":"wp","href":"https:\/\/api.w.org\/{rel}","templated":true}]}}