{"id":6200,"date":"2011-05-06T12:10:05","date_gmt":"2011-05-06T10:10:05","guid":{"rendered":"http:\/\/blog.zeit.de\/stoerungsmelder\/?p=6200"},"modified":"2017-07-08T16:39:10","modified_gmt":"2017-07-08T14:39:10","slug":"kugel-in-den-bauch-fur-demokraten-bundesprufstelle-indiziert-naziseite","status":"publish","type":"post","link":"https:\/\/blog.zeit.de\/stoerungsmelder\/2011\/05\/06\/kugel-in-den-bauch-fur-demokraten-bundesprufstelle-indiziert-naziseite_6200","title":{"rendered":"&#8222;Kugel in den Bauch&#8220; f\u00fcr Demokraten &#8211; Bundespr\u00fcfstelle indiziert Naziseite"},"content":{"rendered":"<p><figure id=\"attachment_6201\" aria-describedby=\"caption-attachment-6201\" style=\"width: 540px\" class=\"wp-caption aligncenter\"><a href=\"https:\/\/blog.zeit.de\/stoerungsmelder\/files\/2011\/05\/nw_fackelmarsch.jpg\"><img loading=\"lazy\" decoding=\"async\" class=\"size-full wp-image-6201\" src=\"https:\/\/blog.zeit.de\/stoerungsmelder\/files\/2011\/05\/nw_fackelmarsch.jpg\" alt=\"\" width=\"540\" height=\"304\" srcset=\"https:\/\/blog.zeit.de\/stoerungsmelder\/files\/2011\/05\/nw_fackelmarsch.jpg 540w, https:\/\/blog.zeit.de\/stoerungsmelder\/files\/2011\/05\/nw_fackelmarsch-300x168.jpg 300w\" sizes=\"auto, (max-width: 540px) 100vw, 540px\" \/><\/a><figcaption id=\"caption-attachment-6201\" class=\"wp-caption-text\">Screenshot des inzwischen gel\u00f6schten Artikels auf der Webseite<\/figcaption><\/figure><\/p>\n<p>Einen \u201eStrick um den Hals oder [eine] Kugel in den Bauch\u201c drohen Neonazis auf einer Internetseite ihren Gegnern an und rufen ganz offen mit Hitlerzitaten zu einer \u201eAusl\u00e4nder Raus\u201c-Kampagne auf. W\u00e4hrend die Polizei es bislang nicht geschafft hat, die wichtigste Webseite der Berliner Neonaziszene zu schlie\u00dfen, reagierte jetzt die Bundespr\u00fcfstelle f\u00fcr jugendgef\u00e4hrdende Medien. Vergangene Woche wurde die Internetpr\u00e4senz des \u201eNationalen Widerstands Berlin\u201c (NW-Berlin) offiziell indiziert. Bei gro\u00dfen Suchmaschinen wie Google und Yahoo taucht die Homepage nicht mehr auf. Wer die Webadresse kennt, kann die Seite jedoch weiterhin erreichen. Der Server der Firma Dreamhost steht f\u00fcr deutsche Beh\u00f6rden unerreichbar in den USA. Im Forum der Firma l\u00e4uft bereits eine<a href=\"http:\/\/discussion.dreamhost.com\/thread-129373.html\"> l\u00e4ngere Diskussion dar\u00fcber, warum Dreamhost die Seite nicht l\u00f6scht.<\/a> \u201eAuf der Seite wird eindeutig zum Rassenhass angereizt und die Ideologie des Nationalsozialismus verherrlicht\u201c, begr\u00fcndete eine Sprecherin der Bundespr\u00fcfstelle die Indizierung. Insbesondere NS-F\u00fchrungspersonen wie Rudolf He\u00df w\u00fcrden von den Rechten glorifiziert. Dass die Polizei bislang nicht ernsthaft gegen die Webseite vorgeht, sorgt bei Politikern und Initiativen gegen Rechts f\u00fcr Unverst\u00e4ndnis.<\/p>\n<p>Stolz pr\u00e4sentieren die Rechtsextremen Fotos von Straftaten, Berichte von unangemeldeten Aufm\u00e4rschen und einem \u201eAktionstraining\u201c in einem Waldst\u00fcck. Nachdem Neonazis rassistische Parolen an die Scheiben einer t\u00fcrkischen B\u00e4ckerei in Lichtenberg geschmiert hatten, machten sie schnell noch Fotos vom Tatort. Einen Tag sp\u00e4ter erschienen die Bilder auf der Seite. Auch Aufnahmen und private Informationen von missliebigen Journalisten Gewerkschaftern und linken Jugendlichen werden auf NW-Berlin ver\u00f6ffentlicht. Daneben findet sich eine Liste mit alternativen Caf\u00e9s und Einrichtungen, verbunden mit dem Hinweis die Betreiber w\u00fcrden sich \u00fcber \u201eGastgeschenke freuen\u201c.<\/p>\n<p>Die rechte Szene hat den Hinweis offenbar verstanden. Seit der Ver\u00f6ffentlichung der Adressen wurden viele der betroffenen L\u00e4den regelm\u00e4\u00dfig beschmiert und die Scheiben eingeschlagen. Vorl\u00e4ufiger H\u00f6hepunkt war im Oktober vergangenen Jahres <a href=\"https:\/\/blog.zeit.de\/stoerungsmelder\/2010\/10\/27\/berlin-brandanschlag-auf-szenegeschaft-in-kreuzberg_4852\">ein Brandanschlag auf ein Wohnhaus in Kreuzberg<\/a>, in dem ein linksalternatives Gesch\u00e4ft seine R\u00e4ume hat.<\/p>\n<p>Zuletzt wurde am 1. Mai ein Artikel \u00fcber einen <a href=\"http:\/\/lauterbautzner.blog.de\/2011\/04\/30\/neonazis-marschieren-bautzen-11080981\/\">n\u00e4chtlichen Fackelmarsch von rund 300 vermummten Neonazis im s\u00e4chsischen Bautze<\/a>n eingestellt. Der inzwischen wieder gel\u00f6schte Text endet mit den S\u00e4tzen: \u201eDie Zeit wird kommen, wo wir zum Angriff \u00fcbergehen. Die ersten Schritte werden schon geebnet. Dann hei\u00dft es nicht Gesinnungshaft, dann hei\u00dft es Strick um den Hals oder Kugel in den Bauch!\u201c<\/p>\n<p>\u201eEs kann nicht sein, dass die Justiz bei der Ver\u00f6ffentlichung solcher rechtsextremen Mordfantasien nicht reagiert\u201c, sagt der innenpolitische Sprecher der Gr\u00fcnenfraktion, Benedikt Lux. Er hoffe, dass die Ermittler alle rechtlichen M\u00f6glichkeiten aussch\u00f6pfen, um die Betreiber zu fassen.<\/p>\n<p>Aber wer steckt hinter der Onlineplattform des \u201eNationalen Widerstands\u201c? Eine Antwort auf eine<a href=\"http:\/\/www.parlament-berlin.de:8080\/starweb\/adis\/citat\/VT\/16\/KlAnfr\/ka16-14280.pdf\"> entsprechende Anfrage der Gr\u00fcnen<\/a> im Abgeordnetenhaus konnte der Innensenator mit Verweis auf den ausl\u00e4ndischen Server nicht geben. Bei der Polizei hei\u00dft es, dass der Betreiber nicht ermittelt werden k\u00f6nne. Dabei ist es in der Szene ein offenes Geheimnis, wer f\u00fcr die Onlineplattform verantwortlich ist. Sebastian Schmidtke, der im Landesvorstand der NPD sitzt und jahrelang f\u00fchrender Kopf der Nazigruppe \u201eM\u00e4rkischer Heimatschutz\u201c war, sprach in einem Interview mit einer rechtsextremen Zeitschrift offen von \u201eunserer Seite\u201c. Auf mehreren auf der Homepage ver\u00f6ffentlichten Flugbl\u00e4ttern wird er als Verantwortlicher im Sinne des Pressegesetzes genannt. W\u00e4hlte man die zeitweise auf der Seite genannte Kontakttelefonnummer, nahm Schmidtke den H\u00f6rer ab. Zuletzt schrieb der nieders\u00e4chsische Nazifunktion\u00e4r Dieter Riefling nach einer rechten Veranstaltung in der Szenekneipe \u201eZum Henker\u201c in Sch\u00f6neweide im April, dass er herzlich von \u201eSebastian Schmidtke vom NW-Berlin\u201c begr\u00fc\u00dft worden sei.<\/p>\n<p><figure id=\"attachment_6115\" aria-describedby=\"caption-attachment-6115\" style=\"width: 540px\" class=\"wp-caption aligncenter\"><a href=\"https:\/\/blog.zeit.de\/stoerungsmelder\/files\/2011\/04\/schmidtke_web.jpg\"><img loading=\"lazy\" decoding=\"async\" class=\"size-full wp-image-6115\" src=\"https:\/\/blog.zeit.de\/stoerungsmelder\/files\/2011\/04\/schmidtke_web.jpg\" alt=\"\" width=\"540\" height=\"200\" srcset=\"https:\/\/blog.zeit.de\/stoerungsmelder\/files\/2011\/04\/schmidtke_web.jpg 540w, https:\/\/blog.zeit.de\/stoerungsmelder\/files\/2011\/04\/schmidtke_web-300x111.jpg 300w\" sizes=\"auto, (max-width: 540px) 100vw, 540px\" \/><\/a><figcaption id=\"caption-attachment-6115\" class=\"wp-caption-text\"> Sebastian Schmidtke (Mitte) gilt als Betreiber der rechtsextremen Onlinepr\u00e4senz  \u00a9 Matthias Zickrow<\/figcaption><\/figure><\/p>\n<p>Schmidtke ist f\u00fcr den Staatsschutz kein Unbekannter. Er hat beste Verbindungen in die militante Szene und fungierte auch als Anmelder des Naziaufmarsches am 1.Mai 2010 in Prenzlauer Berg. Zuletzt meldete er vor wenigen Wochen eine Kundgebung vor der Botschaft \u00d6sterreichs an, um gegen die Verhaftung des \u00f6sterreichischen Holocaustleugners Gottfried K\u00fcssel zu protestieren. Anschlie\u00dfend versuchte eine Gruppe von Neonazis <a href=\"https:\/\/blog.zeit.de\/stoerungsmelder\/2011\/04\/17\/neonazis-sturmen-auf-holocaustmahnmal-gelande_6109\">auf das Gel\u00e4nde des Holocaustmahnmals zu st\u00fcrmen<\/a>. Die Polizei dr\u00e4ngte sie ab und erteilte Platzverweise.<\/p>\n<p>\u201eEs ist schon verwunderlich, warum keine weiteren Ermittlungen erfolgen\u201c, sagt Rechtsanwalt Daniel W\u00f6lky. Er vertritt zwei Journalisten, deren Portr\u00e4tfotos auf der Seite ver\u00f6ffentlicht wurden und die seither von Neonazis bedroht werden. Sie haben Anzeige wegen Urheberrechtsverletzung, Beleidigung und Verleumdung gestellt. \u201eAlle Strafanzeigen wurden bisher zur\u00fcckgewiesen, obwohl es starke Indizien daf\u00fcr gibt, dass Sebastian Schmidtke der inhaltlich Verantwortliche ist\u201c, sagt W\u00f6lky. In vergleichbaren F\u00e4llen h\u00e4tten solche Hinweise der Staatsanwaltschaft f\u00fcr weitere Ermittlungen ausgereicht.<\/p>\n<p><img alt=\"\" \/><\/p>\n","protected":false},"excerpt":{"rendered":"<p>Einen \u201eStrick um den Hals oder [eine] Kugel in den Bauch\u201c drohen Neonazis auf einer Internetseite ihren Gegnern an und rufen ganz offen mit Hitlerzitaten zu einer \u201eAusl\u00e4nder Raus\u201c-Kampagne auf. W\u00e4hrend die Polizei es bislang nicht geschafft hat, die wichtigste Webseite der Berliner Neonaziszene zu schlie\u00dfen, reagierte jetzt die Bundespr\u00fcfstelle f\u00fcr jugendgef\u00e4hrdende Medien. Vergangene Woche [&hellip;]<\/p>\n","protected":false},"author":229,"featured_media":0,"comment_status":"open","ping_status":"open","sticky":false,"template":"","format":"standard","meta":{"_jetpack_memberships_contains_paid_content":false,"footnotes":""},"categories":[249,1457],"tags":[1493,11388,11360,11389,11391,11390,1791],"class_list":["post-6200","post","type-post","status-publish","format-standard","hentry","category-berlin","category-sachsen-anhalt","tag-autonome-nationalisten","tag-bautzen","tag-dieter-riefling","tag-indizierung","tag-nationaler-widerstand-berlin","tag-nw-berlin","tag-sebastian-schmidtke"],"yoast_head":"<!-- This site is optimized with the Yoast SEO plugin v21.0 - https:\/\/yoast.com\/wordpress\/plugins\/seo\/ -->\n<title>&quot;Kugel in den Bauch&quot; f\u00fcr Demokraten - Bundespr\u00fcfstelle indiziert Naziseite - St\u00f6rungsmelder<\/title>\n<meta name=\"robots\" content=\"index, follow, max-snippet:-1, max-image-preview:large, max-video-preview:-1\" \/>\n<link rel=\"canonical\" href=\"https:\/\/blog.zeit.de\/stoerungsmelder\/2011\/05\/06\/kugel-in-den-bauch-fur-demokraten-bundesprufstelle-indiziert-naziseite_6200\" \/>\n<meta property=\"og:locale\" content=\"de_DE\" \/>\n<meta property=\"og:type\" content=\"article\" \/>\n<meta property=\"og:title\" content=\"&quot;Kugel in den Bauch&quot; f\u00fcr Demokraten - Bundespr\u00fcfstelle indiziert Naziseite - St\u00f6rungsmelder\" \/>\n<meta property=\"og:description\" content=\"Einen \u201eStrick um den Hals oder [eine] Kugel in den Bauch\u201c drohen Neonazis auf einer Internetseite ihren Gegnern an und rufen ganz offen mit Hitlerzitaten zu einer \u201eAusl\u00e4nder Raus\u201c-Kampagne auf. W\u00e4hrend die Polizei es bislang nicht geschafft hat, die wichtigste Webseite der Berliner Neonaziszene zu schlie\u00dfen, reagierte jetzt die Bundespr\u00fcfstelle f\u00fcr jugendgef\u00e4hrdende Medien. Vergangene Woche [&hellip;]\" \/>\n<meta property=\"og:url\" content=\"https:\/\/blog.zeit.de\/stoerungsmelder\/2011\/05\/06\/kugel-in-den-bauch-fur-demokraten-bundesprufstelle-indiziert-naziseite_6200\" \/>\n<meta property=\"og:site_name\" content=\"St\u00f6rungsmelder\" \/>\n<meta property=\"article:published_time\" content=\"2011-05-06T10:10:05+00:00\" \/>\n<meta property=\"article:modified_time\" content=\"2017-07-08T14:39:10+00:00\" \/>\n<meta property=\"og:image\" content=\"https:\/\/blog.zeit.de\/stoerungsmelder\/files\/2011\/05\/nw_fackelmarsch.jpg\" \/>\n<meta name=\"author\" content=\"St\u00f6rungsmelder\" \/>\n<meta name=\"twitter:card\" content=\"summary_large_image\" \/>\n<meta name=\"twitter:label1\" content=\"Geschrieben von\" \/>\n\t<meta name=\"twitter:data1\" content=\"St\u00f6rungsmelder\" \/>\n\t<meta name=\"twitter:label2\" content=\"Gesch\u00e4tzte Lesezeit\" \/>\n\t<meta name=\"twitter:data2\" content=\"4\u00a0Minuten\" \/>\n<script type=\"application\/ld+json\" class=\"yoast-schema-graph\">{\"@context\":\"https:\/\/schema.org\",\"@graph\":[{\"@type\":\"WebPage\",\"@id\":\"https:\/\/blog.zeit.de\/stoerungsmelder\/2011\/05\/06\/kugel-in-den-bauch-fur-demokraten-bundesprufstelle-indiziert-naziseite_6200\",\"url\":\"https:\/\/blog.zeit.de\/stoerungsmelder\/2011\/05\/06\/kugel-in-den-bauch-fur-demokraten-bundesprufstelle-indiziert-naziseite_6200\",\"name\":\"\\\"Kugel in den Bauch\\\" f\u00fcr Demokraten - Bundespr\u00fcfstelle indiziert Naziseite - St\u00f6rungsmelder\",\"isPartOf\":{\"@id\":\"https:\/\/blog.zeit.de\/stoerungsmelder\/#website\"},\"datePublished\":\"2011-05-06T10:10:05+00:00\",\"dateModified\":\"2017-07-08T14:39:10+00:00\",\"author\":{\"@id\":\"https:\/\/blog.zeit.de\/stoerungsmelder\/#\/schema\/person\/fdd0b9818f65738672810b6d6f037f71\"},\"breadcrumb\":{\"@id\":\"https:\/\/blog.zeit.de\/stoerungsmelder\/2011\/05\/06\/kugel-in-den-bauch-fur-demokraten-bundesprufstelle-indiziert-naziseite_6200#breadcrumb\"},\"inLanguage\":\"de\",\"potentialAction\":[{\"@type\":\"ReadAction\",\"target\":[\"https:\/\/blog.zeit.de\/stoerungsmelder\/2011\/05\/06\/kugel-in-den-bauch-fur-demokraten-bundesprufstelle-indiziert-naziseite_6200\"]}]},{\"@type\":\"BreadcrumbList\",\"@id\":\"https:\/\/blog.zeit.de\/stoerungsmelder\/2011\/05\/06\/kugel-in-den-bauch-fur-demokraten-bundesprufstelle-indiziert-naziseite_6200#breadcrumb\",\"itemListElement\":[{\"@type\":\"ListItem\",\"position\":1,\"name\":\"Startseite\",\"item\":\"https:\/\/blog.zeit.de\/stoerungsmelder\"},{\"@type\":\"ListItem\",\"position\":2,\"name\":\"&#8222;Kugel in den Bauch&#8220; f\u00fcr Demokraten &#8211; Bundespr\u00fcfstelle indiziert Naziseite\"}]},{\"@type\":\"WebSite\",\"@id\":\"https:\/\/blog.zeit.de\/stoerungsmelder\/#website\",\"url\":\"https:\/\/blog.zeit.de\/stoerungsmelder\/\",\"name\":\"St\u00f6rungsmelder\",\"description\":\"Recherchen und Analysen \u00fcber die extreme Rechte\",\"potentialAction\":[{\"@type\":\"SearchAction\",\"target\":{\"@type\":\"EntryPoint\",\"urlTemplate\":\"https:\/\/blog.zeit.de\/stoerungsmelder\/?s={search_term_string}\"},\"query-input\":\"required name=search_term_string\"}],\"inLanguage\":\"de\"},{\"@type\":\"Person\",\"@id\":\"https:\/\/blog.zeit.de\/stoerungsmelder\/#\/schema\/person\/fdd0b9818f65738672810b6d6f037f71\",\"name\":\"St\u00f6rungsmelder\",\"image\":{\"@type\":\"ImageObject\",\"inLanguage\":\"de\",\"@id\":\"https:\/\/blog.zeit.de\/stoerungsmelder\/#\/schema\/person\/image\/\",\"url\":\"https:\/\/secure.gravatar.com\/avatar\/dfa4be514c3e82a71e4f9a0020035d38192d080ccaa5e4e6d7a1472c763535c5?s=96&d=mm&r=pg\",\"contentUrl\":\"https:\/\/secure.gravatar.com\/avatar\/dfa4be514c3e82a71e4f9a0020035d38192d080ccaa5e4e6d7a1472c763535c5?s=96&d=mm&r=pg\",\"caption\":\"St\u00f6rungsmelder\"},\"url\":\"https:\/\/blog.zeit.de\/stoerungsmelder\/author\/stoerungsmelder\"}]}<\/script>\n<!-- \/ Yoast SEO plugin. -->","yoast_head_json":{"title":"\"Kugel in den Bauch\" f\u00fcr Demokraten - Bundespr\u00fcfstelle indiziert Naziseite - St\u00f6rungsmelder","robots":{"index":"index","follow":"follow","max-snippet":"max-snippet:-1","max-image-preview":"max-image-preview:large","max-video-preview":"max-video-preview:-1"},"canonical":"https:\/\/blog.zeit.de\/stoerungsmelder\/2011\/05\/06\/kugel-in-den-bauch-fur-demokraten-bundesprufstelle-indiziert-naziseite_6200","og_locale":"de_DE","og_type":"article","og_title":"\"Kugel in den Bauch\" f\u00fcr Demokraten - Bundespr\u00fcfstelle indiziert Naziseite - St\u00f6rungsmelder","og_description":"Einen \u201eStrick um den Hals oder [eine] Kugel in den Bauch\u201c drohen Neonazis auf einer Internetseite ihren Gegnern an und rufen ganz offen mit Hitlerzitaten zu einer \u201eAusl\u00e4nder Raus\u201c-Kampagne auf. W\u00e4hrend die Polizei es bislang nicht geschafft hat, die wichtigste Webseite der Berliner Neonaziszene zu schlie\u00dfen, reagierte jetzt die Bundespr\u00fcfstelle f\u00fcr jugendgef\u00e4hrdende Medien. Vergangene Woche [&hellip;]","og_url":"https:\/\/blog.zeit.de\/stoerungsmelder\/2011\/05\/06\/kugel-in-den-bauch-fur-demokraten-bundesprufstelle-indiziert-naziseite_6200","og_site_name":"St\u00f6rungsmelder","article_published_time":"2011-05-06T10:10:05+00:00","article_modified_time":"2017-07-08T14:39:10+00:00","og_image":[{"url":"https:\/\/blog.zeit.de\/stoerungsmelder\/files\/2011\/05\/nw_fackelmarsch.jpg"}],"author":"St\u00f6rungsmelder","twitter_card":"summary_large_image","twitter_misc":{"Geschrieben von":"St\u00f6rungsmelder","Gesch\u00e4tzte Lesezeit":"4\u00a0Minuten"},"schema":{"@context":"https:\/\/schema.org","@graph":[{"@type":"WebPage","@id":"https:\/\/blog.zeit.de\/stoerungsmelder\/2011\/05\/06\/kugel-in-den-bauch-fur-demokraten-bundesprufstelle-indiziert-naziseite_6200","url":"https:\/\/blog.zeit.de\/stoerungsmelder\/2011\/05\/06\/kugel-in-den-bauch-fur-demokraten-bundesprufstelle-indiziert-naziseite_6200","name":"\"Kugel in den Bauch\" f\u00fcr Demokraten - Bundespr\u00fcfstelle indiziert Naziseite - St\u00f6rungsmelder","isPartOf":{"@id":"https:\/\/blog.zeit.de\/stoerungsmelder\/#website"},"datePublished":"2011-05-06T10:10:05+00:00","dateModified":"2017-07-08T14:39:10+00:00","author":{"@id":"https:\/\/blog.zeit.de\/stoerungsmelder\/#\/schema\/person\/fdd0b9818f65738672810b6d6f037f71"},"breadcrumb":{"@id":"https:\/\/blog.zeit.de\/stoerungsmelder\/2011\/05\/06\/kugel-in-den-bauch-fur-demokraten-bundesprufstelle-indiziert-naziseite_6200#breadcrumb"},"inLanguage":"de","potentialAction":[{"@type":"ReadAction","target":["https:\/\/blog.zeit.de\/stoerungsmelder\/2011\/05\/06\/kugel-in-den-bauch-fur-demokraten-bundesprufstelle-indiziert-naziseite_6200"]}]},{"@type":"BreadcrumbList","@id":"https:\/\/blog.zeit.de\/stoerungsmelder\/2011\/05\/06\/kugel-in-den-bauch-fur-demokraten-bundesprufstelle-indiziert-naziseite_6200#breadcrumb","itemListElement":[{"@type":"ListItem","position":1,"name":"Startseite","item":"https:\/\/blog.zeit.de\/stoerungsmelder"},{"@type":"ListItem","position":2,"name":"&#8222;Kugel in den Bauch&#8220; f\u00fcr Demokraten &#8211; Bundespr\u00fcfstelle indiziert Naziseite"}]},{"@type":"WebSite","@id":"https:\/\/blog.zeit.de\/stoerungsmelder\/#website","url":"https:\/\/blog.zeit.de\/stoerungsmelder\/","name":"St\u00f6rungsmelder","description":"Recherchen und Analysen \u00fcber die extreme Rechte","potentialAction":[{"@type":"SearchAction","target":{"@type":"EntryPoint","urlTemplate":"https:\/\/blog.zeit.de\/stoerungsmelder\/?s={search_term_string}"},"query-input":"required name=search_term_string"}],"inLanguage":"de"},{"@type":"Person","@id":"https:\/\/blog.zeit.de\/stoerungsmelder\/#\/schema\/person\/fdd0b9818f65738672810b6d6f037f71","name":"St\u00f6rungsmelder","image":{"@type":"ImageObject","inLanguage":"de","@id":"https:\/\/blog.zeit.de\/stoerungsmelder\/#\/schema\/person\/image\/","url":"https:\/\/secure.gravatar.com\/avatar\/dfa4be514c3e82a71e4f9a0020035d38192d080ccaa5e4e6d7a1472c763535c5?s=96&d=mm&r=pg","contentUrl":"https:\/\/secure.gravatar.com\/avatar\/dfa4be514c3e82a71e4f9a0020035d38192d080ccaa5e4e6d7a1472c763535c5?s=96&d=mm&r=pg","caption":"St\u00f6rungsmelder"},"url":"https:\/\/blog.zeit.de\/stoerungsmelder\/author\/stoerungsmelder"}]}},"jetpack_featured_media_url":"","jetpack_sharing_enabled":true,"_links":{"self":[{"href":"https:\/\/blog.zeit.de\/stoerungsmelder\/wp-json\/wp\/v2\/posts\/6200","targetHints":{"allow":["GET"]}}],"collection":[{"href":"https:\/\/blog.zeit.de\/stoerungsmelder\/wp-json\/wp\/v2\/posts"}],"about":[{"href":"https:\/\/blog.zeit.de\/stoerungsmelder\/wp-json\/wp\/v2\/types\/post"}],"author":[{"embeddable":true,"href":"https:\/\/blog.zeit.de\/stoerungsmelder\/wp-json\/wp\/v2\/users\/229"}],"replies":[{"embeddable":true,"href":"https:\/\/blog.zeit.de\/stoerungsmelder\/wp-json\/wp\/v2\/comments?post=6200"}],"version-history":[{"count":10,"href":"https:\/\/blog.zeit.de\/stoerungsmelder\/wp-json\/wp\/v2\/posts\/6200\/revisions"}],"predecessor-version":[{"id":24163,"href":"https:\/\/blog.zeit.de\/stoerungsmelder\/wp-json\/wp\/v2\/posts\/6200\/revisions\/24163"}],"wp:attachment":[{"href":"https:\/\/blog.zeit.de\/stoerungsmelder\/wp-json\/wp\/v2\/media?parent=6200"}],"wp:term":[{"taxonomy":"category","embeddable":true,"href":"https:\/\/blog.zeit.de\/stoerungsmelder\/wp-json\/wp\/v2\/categories?post=6200"},{"taxonomy":"post_tag","embeddable":true,"href":"https:\/\/blog.zeit.de\/stoerungsmelder\/wp-json\/wp\/v2\/tags?post=6200"}],"curies":[{"name":"wp","href":"https:\/\/api.w.org\/{rel}","templated":true}]}}