{"id":6237,"date":"2011-05-12T18:25:06","date_gmt":"2011-05-12T16:25:06","guid":{"rendered":"http:\/\/blog.zeit.de\/stoerungsmelder\/?p=6237"},"modified":"2017-07-08T16:39:09","modified_gmt":"2017-07-08T14:39:09","slug":"brandanschlag-auf-jugendzentrum-in-salzwedel","status":"publish","type":"post","link":"https:\/\/blog.zeit.de\/stoerungsmelder\/2011\/05\/12\/brandanschlag-auf-jugendzentrum-in-salzwedel_6237","title":{"rendered":"Brandanschlag auf Jugendzentrum in Salzwedel"},"content":{"rendered":"<p><figure id=\"attachment_6238\" aria-describedby=\"caption-attachment-6238\" style=\"width: 540px\" class=\"wp-caption aligncenter\"><a href=\"https:\/\/blog.zeit.de\/stoerungsmelder\/files\/2011\/05\/salzwedel.jpg\"><img loading=\"lazy\" decoding=\"async\" class=\"size-full wp-image-6238\" src=\"https:\/\/blog.zeit.de\/stoerungsmelder\/files\/2011\/05\/salzwedel.jpg\" alt=\"\" width=\"540\" height=\"200\" srcset=\"https:\/\/blog.zeit.de\/stoerungsmelder\/files\/2011\/05\/salzwedel.jpg 540w, https:\/\/blog.zeit.de\/stoerungsmelder\/files\/2011\/05\/salzwedel-300x111.jpg 300w\" sizes=\"auto, (max-width: 540px) 100vw, 540px\" \/><\/a><figcaption id=\"caption-attachment-6238\" class=\"wp-caption-text\">Die Brandspuren an der Fassade des Jugendzentrums \u00a9 Mobile Opferberatung <\/figcaption><\/figure><\/p>\n<p>Zwei Tage vor einem Neonaziaufmarsch ver\u00fcbten vermutlich Rechtsextremisten einen Brandanschlag auf ein Jugendzentrum in Salzwedel. Opferberatungsstellen und Initiativen gegen Rechts zeigten sich entsetzt \u00fcber den Angriff, bei dem die T\u00e4ter offensichtlich auch vor der Gef\u00e4hrdung von Menschenleben nicht zur\u00fcckschreckten.<!--more--><\/p>\n<p>\u201eAufgrund mehrerer rechter Angriffe auf das Zentrum in diesem und dem letzten Jahr ist von einem Zusammenhang mit dem Neonaziaufmarsch am Samstag in Salzwedel auszugehen\u201c, sagte eine Sprecherin der <a href=\"http:\/\/www.mobile-opferberatung.de\/\">Mobilen Opferberatung<\/a>.<\/p>\n<p>Die drei Brandsa\u00e4tzen flogen gegen 1 Uhr an die Fassade des linken Zentrums \u201eKim Hubert\u201c in Salzwedel. \u201eZur Tatzeit befanden sich mehrere Personen im Geb\u00e4ude, in dem von au\u00dfen erkennbar Licht brannte.\u201c Die Beratungsstelle geht davon aus, dass die Angreifer K\u00f6rperverletzungen und Gef\u00e4hrdung von Menschenleben bewusst in Kauf nahmen. \u201eNur durch Gl\u00fcck und umsichtiges Handeln der Anwesenden kam niemand zu Schaden, allerdings richteten die Brands\u00e4tze Schaden an der Fassade an.\u201c Eines der Molotowcocktails traf zwischen zwei Fenster und richtete dort Sachschaden an, die anderen schlugen unmittelbar vor dem Haus auf dem Bordstein auf &#8211;  unweit eines leicht entflammbaren Haufens Plastikm\u00fcll, der an einer benachbarten Hauswand lehnte.<\/p>\n<p>Neben einer ad\u00e4quaten Strafverfolgung betont die Mobile Opferberatung die Notwendigkeit einer \u00f6ffentlichen Anerkennung und Unterst\u00fctzung alternativer, emanzipatorischer Jugend- und Subkulturen und ihrer Strukturen. Diese sei besonders notwendig, um Betroffene rechter Gewalt zu st\u00e4rken.<\/p>\n<p>Pascal Begrich, Gesch\u00e4ftsf\u00fchrer des <a href=\"http:\/\/www.miteinander-ev.de\/index.php\">Vereins Miteinander e.V<\/a>., forderte als Konsequenz auf dne Anschlag ein Verbot des Aufmarsches: &#8222;Wir sind entsetzt angesichts der aktuellen Vorkomnisse und sehen dem Aufmarsch und dem damit zusammenh\u00e4ngenden Gewaltpotential mit gro\u00dfer Sorge entgegen. Wir fordern die Polizeidirektion als Versammlungsbeh\u00f6rde auf, die Konsequenz aus den Vorf\u00e4llen der letzten Zeit zu ziehen und den Naziaufmarsch zu verbieten&#8220;<\/p>\n<p>Linke Gruppen, Gewerkschaften und Parteien Mobilisieren unterdessen trotz des Angriffs weiter zu Blockaden gegen den rechten Aufmarsch am Samstag. <a href=\"http:\/\/14mai.blogsport.de\/\">Informationen zu den Protesten gibt es hier.<\/a><\/p>\n<p><em>Das AZ wurde in den vergangenen 15 Monaten bereits viermal von Rechten angegriffen<\/em><\/p>\n<p><strong>2.2.2010<\/strong><br \/>\n10 vermummte Personen st\u00fcrmen w\u00e4hrend einer Infoveranstaltung zum Neonaziaufmarsch in Dresden in das gerade er\u00f6ffnete AZ. Sie bedrohen und schlagen zwei Besucher der Veranstaltung, verw\u00fcsten den Infoladen und schmei\u00dfen einen Stuhl durch ein Fenster. Dem AZ drohen sie: \u201eWenn ihr nochmal so eine Schei\u00df-Veranstaltung macht, kommen wir wieder\u201c.<\/p>\n<p><strong>11.11. 2010<\/strong><br \/>\nMindestens drei Neonazis werfen Steine gegen die Fassade und zerst\u00f6ren drei Fenster.<\/p>\n<p><strong>April 2011:<\/strong><br \/>\nEin Mann mit Neonazivergangenheit br\u00fcllt rechte Parolen und tritt die T\u00fcr des AZ ein.<\/p>\n<p><strong>April 2011:<\/strong><br \/>\nEin Neonazi versucht, die gerade reparierte T\u00fcr des AZ einzutreten und bedroht eine anwesende Person, die er gegen eine Wand dr\u00fcckt.<\/p>\n<p><img alt=\"\" \/><\/p>\n","protected":false},"excerpt":{"rendered":"<p>Zwei Tage vor einem Neonaziaufmarsch ver\u00fcbten vermutlich Rechtsextremisten einen Brandanschlag auf ein Jugendzentrum in Salzwedel. Opferberatungsstellen und Initiativen gegen Rechts zeigten sich entsetzt \u00fcber den Angriff, bei dem die T\u00e4ter offensichtlich auch vor der Gef\u00e4hrdung von Menschenleben nicht zur\u00fcckschreckten.<\/p>\n","protected":false},"author":229,"featured_media":0,"comment_status":"open","ping_status":"open","sticky":false,"template":"","format":"standard","meta":{"_jetpack_memberships_contains_paid_content":false,"footnotes":""},"categories":[1457],"tags":[1511,1755],"class_list":["post-6237","post","type-post","status-publish","format-standard","hentry","category-sachsen-anhalt","tag-brandanschlag","tag-rechte-gewalt"],"yoast_head":"<!-- This site is optimized with the Yoast SEO plugin v21.0 - https:\/\/yoast.com\/wordpress\/plugins\/seo\/ -->\n<title>Brandanschlag auf Jugendzentrum in Salzwedel - St\u00f6rungsmelder<\/title>\n<meta name=\"robots\" content=\"index, follow, max-snippet:-1, max-image-preview:large, max-video-preview:-1\" \/>\n<link rel=\"canonical\" href=\"https:\/\/blog.zeit.de\/stoerungsmelder\/2011\/05\/12\/brandanschlag-auf-jugendzentrum-in-salzwedel_6237\" \/>\n<meta property=\"og:locale\" content=\"de_DE\" \/>\n<meta property=\"og:type\" content=\"article\" \/>\n<meta property=\"og:title\" content=\"Brandanschlag auf Jugendzentrum in Salzwedel - St\u00f6rungsmelder\" \/>\n<meta property=\"og:description\" content=\"Zwei Tage vor einem Neonaziaufmarsch ver\u00fcbten vermutlich Rechtsextremisten einen Brandanschlag auf ein Jugendzentrum in Salzwedel. Opferberatungsstellen und Initiativen gegen Rechts zeigten sich entsetzt \u00fcber den Angriff, bei dem die T\u00e4ter offensichtlich auch vor der Gef\u00e4hrdung von Menschenleben nicht zur\u00fcckschreckten.\" \/>\n<meta property=\"og:url\" content=\"https:\/\/blog.zeit.de\/stoerungsmelder\/2011\/05\/12\/brandanschlag-auf-jugendzentrum-in-salzwedel_6237\" \/>\n<meta property=\"og:site_name\" content=\"St\u00f6rungsmelder\" \/>\n<meta property=\"article:published_time\" content=\"2011-05-12T16:25:06+00:00\" \/>\n<meta property=\"article:modified_time\" content=\"2017-07-08T14:39:09+00:00\" \/>\n<meta property=\"og:image\" content=\"https:\/\/blog.zeit.de\/stoerungsmelder\/files\/2011\/05\/salzwedel.jpg\" \/>\n<meta name=\"author\" content=\"St\u00f6rungsmelder\" \/>\n<meta name=\"twitter:card\" content=\"summary_large_image\" \/>\n<meta name=\"twitter:label1\" content=\"Geschrieben von\" \/>\n\t<meta name=\"twitter:data1\" content=\"St\u00f6rungsmelder\" \/>\n\t<meta name=\"twitter:label2\" content=\"Gesch\u00e4tzte Lesezeit\" \/>\n\t<meta name=\"twitter:data2\" content=\"2\u00a0Minuten\" \/>\n<script type=\"application\/ld+json\" class=\"yoast-schema-graph\">{\"@context\":\"https:\/\/schema.org\",\"@graph\":[{\"@type\":\"WebPage\",\"@id\":\"https:\/\/blog.zeit.de\/stoerungsmelder\/2011\/05\/12\/brandanschlag-auf-jugendzentrum-in-salzwedel_6237\",\"url\":\"https:\/\/blog.zeit.de\/stoerungsmelder\/2011\/05\/12\/brandanschlag-auf-jugendzentrum-in-salzwedel_6237\",\"name\":\"Brandanschlag auf Jugendzentrum in Salzwedel - St\u00f6rungsmelder\",\"isPartOf\":{\"@id\":\"https:\/\/blog.zeit.de\/stoerungsmelder\/#website\"},\"datePublished\":\"2011-05-12T16:25:06+00:00\",\"dateModified\":\"2017-07-08T14:39:09+00:00\",\"author\":{\"@id\":\"https:\/\/blog.zeit.de\/stoerungsmelder\/#\/schema\/person\/fdd0b9818f65738672810b6d6f037f71\"},\"breadcrumb\":{\"@id\":\"https:\/\/blog.zeit.de\/stoerungsmelder\/2011\/05\/12\/brandanschlag-auf-jugendzentrum-in-salzwedel_6237#breadcrumb\"},\"inLanguage\":\"de\",\"potentialAction\":[{\"@type\":\"ReadAction\",\"target\":[\"https:\/\/blog.zeit.de\/stoerungsmelder\/2011\/05\/12\/brandanschlag-auf-jugendzentrum-in-salzwedel_6237\"]}]},{\"@type\":\"BreadcrumbList\",\"@id\":\"https:\/\/blog.zeit.de\/stoerungsmelder\/2011\/05\/12\/brandanschlag-auf-jugendzentrum-in-salzwedel_6237#breadcrumb\",\"itemListElement\":[{\"@type\":\"ListItem\",\"position\":1,\"name\":\"Startseite\",\"item\":\"https:\/\/blog.zeit.de\/stoerungsmelder\"},{\"@type\":\"ListItem\",\"position\":2,\"name\":\"Brandanschlag auf Jugendzentrum in Salzwedel\"}]},{\"@type\":\"WebSite\",\"@id\":\"https:\/\/blog.zeit.de\/stoerungsmelder\/#website\",\"url\":\"https:\/\/blog.zeit.de\/stoerungsmelder\/\",\"name\":\"St\u00f6rungsmelder\",\"description\":\"Recherchen und Analysen \u00fcber die extreme Rechte\",\"potentialAction\":[{\"@type\":\"SearchAction\",\"target\":{\"@type\":\"EntryPoint\",\"urlTemplate\":\"https:\/\/blog.zeit.de\/stoerungsmelder\/?s={search_term_string}\"},\"query-input\":\"required name=search_term_string\"}],\"inLanguage\":\"de\"},{\"@type\":\"Person\",\"@id\":\"https:\/\/blog.zeit.de\/stoerungsmelder\/#\/schema\/person\/fdd0b9818f65738672810b6d6f037f71\",\"name\":\"St\u00f6rungsmelder\",\"image\":{\"@type\":\"ImageObject\",\"inLanguage\":\"de\",\"@id\":\"https:\/\/blog.zeit.de\/stoerungsmelder\/#\/schema\/person\/image\/\",\"url\":\"https:\/\/secure.gravatar.com\/avatar\/dfa4be514c3e82a71e4f9a0020035d38192d080ccaa5e4e6d7a1472c763535c5?s=96&d=mm&r=pg\",\"contentUrl\":\"https:\/\/secure.gravatar.com\/avatar\/dfa4be514c3e82a71e4f9a0020035d38192d080ccaa5e4e6d7a1472c763535c5?s=96&d=mm&r=pg\",\"caption\":\"St\u00f6rungsmelder\"},\"url\":\"https:\/\/blog.zeit.de\/stoerungsmelder\/author\/stoerungsmelder\"}]}<\/script>\n<!-- \/ Yoast SEO plugin. -->","yoast_head_json":{"title":"Brandanschlag auf Jugendzentrum in Salzwedel - St\u00f6rungsmelder","robots":{"index":"index","follow":"follow","max-snippet":"max-snippet:-1","max-image-preview":"max-image-preview:large","max-video-preview":"max-video-preview:-1"},"canonical":"https:\/\/blog.zeit.de\/stoerungsmelder\/2011\/05\/12\/brandanschlag-auf-jugendzentrum-in-salzwedel_6237","og_locale":"de_DE","og_type":"article","og_title":"Brandanschlag auf Jugendzentrum in Salzwedel - St\u00f6rungsmelder","og_description":"Zwei Tage vor einem Neonaziaufmarsch ver\u00fcbten vermutlich Rechtsextremisten einen Brandanschlag auf ein Jugendzentrum in Salzwedel. Opferberatungsstellen und Initiativen gegen Rechts zeigten sich entsetzt \u00fcber den Angriff, bei dem die T\u00e4ter offensichtlich auch vor der Gef\u00e4hrdung von Menschenleben nicht zur\u00fcckschreckten.","og_url":"https:\/\/blog.zeit.de\/stoerungsmelder\/2011\/05\/12\/brandanschlag-auf-jugendzentrum-in-salzwedel_6237","og_site_name":"St\u00f6rungsmelder","article_published_time":"2011-05-12T16:25:06+00:00","article_modified_time":"2017-07-08T14:39:09+00:00","og_image":[{"url":"https:\/\/blog.zeit.de\/stoerungsmelder\/files\/2011\/05\/salzwedel.jpg"}],"author":"St\u00f6rungsmelder","twitter_card":"summary_large_image","twitter_misc":{"Geschrieben von":"St\u00f6rungsmelder","Gesch\u00e4tzte Lesezeit":"2\u00a0Minuten"},"schema":{"@context":"https:\/\/schema.org","@graph":[{"@type":"WebPage","@id":"https:\/\/blog.zeit.de\/stoerungsmelder\/2011\/05\/12\/brandanschlag-auf-jugendzentrum-in-salzwedel_6237","url":"https:\/\/blog.zeit.de\/stoerungsmelder\/2011\/05\/12\/brandanschlag-auf-jugendzentrum-in-salzwedel_6237","name":"Brandanschlag auf Jugendzentrum in Salzwedel - St\u00f6rungsmelder","isPartOf":{"@id":"https:\/\/blog.zeit.de\/stoerungsmelder\/#website"},"datePublished":"2011-05-12T16:25:06+00:00","dateModified":"2017-07-08T14:39:09+00:00","author":{"@id":"https:\/\/blog.zeit.de\/stoerungsmelder\/#\/schema\/person\/fdd0b9818f65738672810b6d6f037f71"},"breadcrumb":{"@id":"https:\/\/blog.zeit.de\/stoerungsmelder\/2011\/05\/12\/brandanschlag-auf-jugendzentrum-in-salzwedel_6237#breadcrumb"},"inLanguage":"de","potentialAction":[{"@type":"ReadAction","target":["https:\/\/blog.zeit.de\/stoerungsmelder\/2011\/05\/12\/brandanschlag-auf-jugendzentrum-in-salzwedel_6237"]}]},{"@type":"BreadcrumbList","@id":"https:\/\/blog.zeit.de\/stoerungsmelder\/2011\/05\/12\/brandanschlag-auf-jugendzentrum-in-salzwedel_6237#breadcrumb","itemListElement":[{"@type":"ListItem","position":1,"name":"Startseite","item":"https:\/\/blog.zeit.de\/stoerungsmelder"},{"@type":"ListItem","position":2,"name":"Brandanschlag auf Jugendzentrum in Salzwedel"}]},{"@type":"WebSite","@id":"https:\/\/blog.zeit.de\/stoerungsmelder\/#website","url":"https:\/\/blog.zeit.de\/stoerungsmelder\/","name":"St\u00f6rungsmelder","description":"Recherchen und Analysen \u00fcber die extreme Rechte","potentialAction":[{"@type":"SearchAction","target":{"@type":"EntryPoint","urlTemplate":"https:\/\/blog.zeit.de\/stoerungsmelder\/?s={search_term_string}"},"query-input":"required name=search_term_string"}],"inLanguage":"de"},{"@type":"Person","@id":"https:\/\/blog.zeit.de\/stoerungsmelder\/#\/schema\/person\/fdd0b9818f65738672810b6d6f037f71","name":"St\u00f6rungsmelder","image":{"@type":"ImageObject","inLanguage":"de","@id":"https:\/\/blog.zeit.de\/stoerungsmelder\/#\/schema\/person\/image\/","url":"https:\/\/secure.gravatar.com\/avatar\/dfa4be514c3e82a71e4f9a0020035d38192d080ccaa5e4e6d7a1472c763535c5?s=96&d=mm&r=pg","contentUrl":"https:\/\/secure.gravatar.com\/avatar\/dfa4be514c3e82a71e4f9a0020035d38192d080ccaa5e4e6d7a1472c763535c5?s=96&d=mm&r=pg","caption":"St\u00f6rungsmelder"},"url":"https:\/\/blog.zeit.de\/stoerungsmelder\/author\/stoerungsmelder"}]}},"jetpack_featured_media_url":"","jetpack_sharing_enabled":true,"_links":{"self":[{"href":"https:\/\/blog.zeit.de\/stoerungsmelder\/wp-json\/wp\/v2\/posts\/6237","targetHints":{"allow":["GET"]}}],"collection":[{"href":"https:\/\/blog.zeit.de\/stoerungsmelder\/wp-json\/wp\/v2\/posts"}],"about":[{"href":"https:\/\/blog.zeit.de\/stoerungsmelder\/wp-json\/wp\/v2\/types\/post"}],"author":[{"embeddable":true,"href":"https:\/\/blog.zeit.de\/stoerungsmelder\/wp-json\/wp\/v2\/users\/229"}],"replies":[{"embeddable":true,"href":"https:\/\/blog.zeit.de\/stoerungsmelder\/wp-json\/wp\/v2\/comments?post=6237"}],"version-history":[{"count":7,"href":"https:\/\/blog.zeit.de\/stoerungsmelder\/wp-json\/wp\/v2\/posts\/6237\/revisions"}],"predecessor-version":[{"id":24162,"href":"https:\/\/blog.zeit.de\/stoerungsmelder\/wp-json\/wp\/v2\/posts\/6237\/revisions\/24162"}],"wp:attachment":[{"href":"https:\/\/blog.zeit.de\/stoerungsmelder\/wp-json\/wp\/v2\/media?parent=6237"}],"wp:term":[{"taxonomy":"category","embeddable":true,"href":"https:\/\/blog.zeit.de\/stoerungsmelder\/wp-json\/wp\/v2\/categories?post=6237"},{"taxonomy":"post_tag","embeddable":true,"href":"https:\/\/blog.zeit.de\/stoerungsmelder\/wp-json\/wp\/v2\/tags?post=6237"}],"curies":[{"name":"wp","href":"https:\/\/api.w.org\/{rel}","templated":true}]}}