{"id":6267,"date":"2011-05-14T17:56:24","date_gmt":"2011-05-14T15:56:24","guid":{"rendered":"http:\/\/blog.zeit.de\/stoerungsmelder\/?p=6267"},"modified":"2017-07-08T16:39:08","modified_gmt":"2017-07-08T14:39:08","slug":"jagdszenen-in-kreuzberg","status":"publish","type":"post","link":"https:\/\/blog.zeit.de\/stoerungsmelder\/2011\/05\/14\/jagdszenen-in-kreuzberg_6267","title":{"rendered":"Jagdszenen in Kreuzberg"},"content":{"rendered":"<p><figure id=\"attachment_6273\" aria-describedby=\"caption-attachment-6273\" style=\"width: 540px\" class=\"wp-caption aligncenter\"><a href=\"https:\/\/blog.zeit.de\/stoerungsmelder\/files\/2011\/05\/durchbruch.jpg\"><img loading=\"lazy\" decoding=\"async\" class=\"size-full wp-image-6273 \" src=\"https:\/\/blog.zeit.de\/stoerungsmelder\/files\/2011\/05\/durchbruch.jpg\" alt=\"\" width=\"540\" height=\"200\" srcset=\"https:\/\/blog.zeit.de\/stoerungsmelder\/files\/2011\/05\/durchbruch.jpg 540w, https:\/\/blog.zeit.de\/stoerungsmelder\/files\/2011\/05\/durchbruch-300x111.jpg 300w\" sizes=\"auto, (max-width: 540px) 100vw, 540px\" \/><\/a><figcaption id=\"caption-attachment-6273\" class=\"wp-caption-text\">Nach dem Durchbruch der Neonazis war die Polizei minutenlang v\u00f6llig \u00fcberfordert<\/figcaption><\/figure><\/p>\n<p style=\"text-align: center\">\n<p>Bei einem rechtsextremen Aufmarsch in Berlin-Kreuzberg haben Neonazis Passanten und Gegendemonstranten attackiert. Am U-Bahnhof Mehringdamm geriet die Lage au\u00dfer Kontrolle. Gegendemonstranten verhinderten schlie\u00dflich den Aufzug.<!--more--><\/p>\n<p>Ein junger Mann mit dunkler Hautfarbe rennt in Panik die Treppenstufen des U-Bahnhofs hinauf, verfolgt von einer Gruppe gr\u00f6lender Neonazis, die auf ihn einschlagen. Pl\u00f6tzlich erscheinen zwei Polizisten in Kampfmontur, die den Angegriffenen z\u00fcgig beiseite schieben.<\/p>\n<p>Gespenstische Szenen spielten sich am Samstagmittag auf dem Mehringdamm ab, mitten in Kreuzberg. Rund 120 Rechtsextremisten wollten von dort zum Polizeipr\u00e4sidium nach Tempelhof marschieren. Mehr als 400 Gegendemonstranten verhinderten den Aufmarsch. Politiker und Initiativen gegen Rechts kritisierten die Taktik der Polizei, die den Aufzug bis zuletzt geheim gehalten hatte.<\/p>\n<p>\u201eDeutschland den Deutschen, Ausl\u00e4nder raus\u201c, skandieren die fast ausschlie\u00dflich in Schwarz gekleideten Rechtsextremisten. \u201eWas wollt ihr hier?\u201c, ruft ein sichtlich schockierter t\u00fcrkischer Imbissbesitzer. \u201eKomm doch her\u201c, schreit ihm ein vermummter Rechter, der mit beiden H\u00e4nden drohend eine Fahnenstange h\u00e4lt, entgegen. \u201eDas ist unglaublich, die machen hier Jagd auf Ausl\u00e4nder\u201c, spricht eine Frau in ihr Handy.<\/p>\n<p>Gegen 12 Uhr sah es noch so aus, als habe die Polizei die Situation unter Kontrolle. Die Rechtsextremen sammelten sich auf dem Mehringdamm in H\u00f6he der Baruther Stra\u00dfe, darunter viele bekannte Funktion\u00e4re aus Westdeutschland. Innerhalb von einer halben Stunde str\u00f6mten hunderte Gegendemonstranten auf die Stra\u00dfe und blockierten die Fahrbahn. Die Polizei begann einen Kessel um die Nazigegner zu bilden, die mit Pfiffen und Sprechch\u00f6ren friedlich protestierten.<\/p>\n<p>Doch mit einem simplen Trick \u00fcberrumpelten die Rechten die Polizei. Auf ein Kommando rannten sie in die n\u00f6rdlichen Eing\u00e4nge des U-Bahnhofs Mehringdamm, z\u00fcndeten dort \u201ePolenb\u00f6ller\u201c und st\u00fcrmten aus den s\u00fcdlichen Eing\u00e4ngen direkt in die Menge der Gegendemonstranten. Minutenlang hatte die Polizei die Lage nicht unter Kontrolle. Die Rechten gingen mit Fahnenstangen und F\u00e4usten auf Migranten, Journalisten und Gegendemonstranten los. Flaschen flogen von beiden Seiten.<\/p>\n<p>Nur langsam schafften es die Beamten, die aggressive Nazigruppe einzukesseln. Gegen 13 Uhr l\u00f6ste Anmelder Sebastian Schmidtke den Aufzug pl\u00f6tzlich auf, ohne dass die Rechten auch nur einen Meter der Strecke gelaufen waren. Als die Neonazis nach einer weiteren halben Stunde in die U-Bahn eskortiert wurden, kam es zu Rangeleien mit Gegendemonstranten. Tomaten und Flaschen flogen auf die Rechten, die Polizei setzte Pfefferspray ein. Anschlie\u00dfend fuhren die Neonazis nach Alt-Rudow und versuchten in kleineren Gruppen Spontanaufm\u00e4rsche, was von den Einsatzkr\u00e4ften aber unterbunden wurde. Dabei kam es offenbar auch zu Angriffen auf die Polizei. Zahlen zu Festnahmen und Verletzten, konnte die Polizei am Nachmittag noch nicht nennen.<\/p>\n<p>Angefangen hatte alles am Freitagmittag. Ein Neonazi hatte den bevorstehenden Aufmarsch ausgerechnet auf Facebook ausgeplaudert, obwohl die Szene bewusst heimlich mobilisiert hatte. Nachfragen bei der Polizei ergaben, dass tats\u00e4chlich ein Aufzug angemeldet worden war. Doch die Polizei weigerte sich, den genauen Ort oder die Route zu nennen. Selbst w\u00e4hrend des Aufmarsches hie\u00df es von der Pressestelle, dass die konkrete Route nicht bekannt gegeben werde.<\/p>\n<p>Die SPD k\u00fcndigte an, die Geschehnisse im n\u00e4chsten Verfassungsschutzausschuss zu thematisieren. \u201eDer NPD-Politiker Sebastian Schmidtke tr\u00e4gt als Anmelder pers\u00f6nlich die Verantwortung f\u00fcr die Gewalttaten\u201c, sagte der SPD-Sicherheitsexperte Tom Schreiber. Er forderte f\u00fcr zuk\u00fcnftige von Schmidtke angemeldete Aufm\u00e4rsche ein Verbot im Vorfeld. Zudem m\u00fcsse mit dem Einsatzleiter gekl\u00e4rt werden, wie es dazu kommen konnte, dass die Rechten durchbrachen. Auch sei aus polizeilicher Sicht zwar verst\u00e4ndlich, dass die Polizei die Route geheim hielt, \u201eaber Proteste in Sicht- und H\u00f6rweite der Rechten m\u00fcssen weiterhin m\u00f6glich sein.\u201c<\/p>\n<p>\u201eEs ist ein katastrophales Zeichen an die Zivilgesellschaft, dass die Polizei am Tag selbst den Rechtsextremisten das Feld bereitete\u201c, sagte die Leiterin der Mobilen Beratung gegen Rechtsextremismus, Bianca Klose. \u201eIch habe da kein Verst\u00e4ndnis f\u00fcr\u201c, sagte der Gr\u00fcnen-Abgeordnete Christian Str\u00f6bele, der selbst an den Protesten teilnahm. Mit einer solchen Geheimhaltungstaktik werde nicht nur zivilgesellschaftlicher Protest erschwert, sondern auch ein Misstrauen der B\u00fcrger gegen\u00fcber der Polizei gesch\u00fcrt. Nicht einmal der Bezirksb\u00fcrgermeister Franz Schulz (Gr\u00fcne) sei informiert worden, hei\u00dft es vom Bezirksverband der Gr\u00fcnen. Gleichzeitig verurteile die Partei \u201eden Einsatz von Pfefferspray gegen friedliche Gegendemonstranten\u201c.<\/p>\n<p>Auch die Gewerkschaft Verdi kritisierte den Einsatz. \u201eDie Informationspolitik des rot-roten Senats sowie der Polizei ist ein Skandal. Antifaschistischer Protest wird somit verunm\u00f6glicht\u201c, sagte Ringo Bischoff, Bundesjugendsekret\u00e4r der Verdi-Jugend. Der \u00dcbergriff von Neonazis auf Migranten zeige erneut, wie notwendig zivilgesellschaftlicher Widerstand gegen Rechts sei.<\/p>\n<p><img alt=\"\" \/><\/p>\n","protected":false},"excerpt":{"rendered":"<p>Bei einem rechtsextremen Aufmarsch in Berlin-Kreuzberg haben Neonazis Passanten und Gegendemonstranten attackiert. Am U-Bahnhof Mehringdamm geriet die Lage au\u00dfer Kontrolle. Gegendemonstranten verhinderten schlie\u00dflich den Aufzug.<\/p>\n","protected":false},"author":229,"featured_media":0,"comment_status":"open","ping_status":"open","sticky":false,"template":"","format":"standard","meta":{"_jetpack_memberships_contains_paid_content":false,"footnotes":""},"categories":[249],"tags":[1707,1716,1755,1791],"class_list":["post-6267","post","type-post","status-publish","format-standard","hentry","category-berlin","tag-naziaufmarsch","tag-npd","tag-rechte-gewalt","tag-sebastian-schmidtke"],"yoast_head":"<!-- This site is optimized with the Yoast SEO plugin v21.0 - https:\/\/yoast.com\/wordpress\/plugins\/seo\/ -->\n<title>Jagdszenen in Kreuzberg - St\u00f6rungsmelder<\/title>\n<meta name=\"robots\" content=\"index, follow, max-snippet:-1, max-image-preview:large, max-video-preview:-1\" \/>\n<link rel=\"canonical\" href=\"https:\/\/blog.zeit.de\/stoerungsmelder\/2011\/05\/14\/jagdszenen-in-kreuzberg_6267\" \/>\n<meta property=\"og:locale\" content=\"de_DE\" \/>\n<meta property=\"og:type\" content=\"article\" \/>\n<meta property=\"og:title\" content=\"Jagdszenen in Kreuzberg - St\u00f6rungsmelder\" \/>\n<meta property=\"og:description\" content=\"Bei einem rechtsextremen Aufmarsch in Berlin-Kreuzberg haben Neonazis Passanten und Gegendemonstranten attackiert. Am U-Bahnhof Mehringdamm geriet die Lage au\u00dfer Kontrolle. Gegendemonstranten verhinderten schlie\u00dflich den Aufzug.\" \/>\n<meta property=\"og:url\" content=\"https:\/\/blog.zeit.de\/stoerungsmelder\/2011\/05\/14\/jagdszenen-in-kreuzberg_6267\" \/>\n<meta property=\"og:site_name\" content=\"St\u00f6rungsmelder\" \/>\n<meta property=\"article:published_time\" content=\"2011-05-14T15:56:24+00:00\" \/>\n<meta property=\"article:modified_time\" content=\"2017-07-08T14:39:08+00:00\" \/>\n<meta property=\"og:image\" content=\"https:\/\/blog.zeit.de\/stoerungsmelder\/files\/2011\/05\/durchbruch.jpg\" \/>\n<meta name=\"author\" content=\"St\u00f6rungsmelder\" \/>\n<meta name=\"twitter:card\" content=\"summary_large_image\" \/>\n<meta name=\"twitter:label1\" content=\"Geschrieben von\" \/>\n\t<meta name=\"twitter:data1\" content=\"St\u00f6rungsmelder\" \/>\n\t<meta name=\"twitter:label2\" content=\"Gesch\u00e4tzte Lesezeit\" \/>\n\t<meta name=\"twitter:data2\" content=\"4\u00a0Minuten\" \/>\n<script type=\"application\/ld+json\" class=\"yoast-schema-graph\">{\"@context\":\"https:\/\/schema.org\",\"@graph\":[{\"@type\":\"WebPage\",\"@id\":\"https:\/\/blog.zeit.de\/stoerungsmelder\/2011\/05\/14\/jagdszenen-in-kreuzberg_6267\",\"url\":\"https:\/\/blog.zeit.de\/stoerungsmelder\/2011\/05\/14\/jagdszenen-in-kreuzberg_6267\",\"name\":\"Jagdszenen in Kreuzberg - St\u00f6rungsmelder\",\"isPartOf\":{\"@id\":\"https:\/\/blog.zeit.de\/stoerungsmelder\/#website\"},\"datePublished\":\"2011-05-14T15:56:24+00:00\",\"dateModified\":\"2017-07-08T14:39:08+00:00\",\"author\":{\"@id\":\"https:\/\/blog.zeit.de\/stoerungsmelder\/#\/schema\/person\/fdd0b9818f65738672810b6d6f037f71\"},\"breadcrumb\":{\"@id\":\"https:\/\/blog.zeit.de\/stoerungsmelder\/2011\/05\/14\/jagdszenen-in-kreuzberg_6267#breadcrumb\"},\"inLanguage\":\"de\",\"potentialAction\":[{\"@type\":\"ReadAction\",\"target\":[\"https:\/\/blog.zeit.de\/stoerungsmelder\/2011\/05\/14\/jagdszenen-in-kreuzberg_6267\"]}]},{\"@type\":\"BreadcrumbList\",\"@id\":\"https:\/\/blog.zeit.de\/stoerungsmelder\/2011\/05\/14\/jagdszenen-in-kreuzberg_6267#breadcrumb\",\"itemListElement\":[{\"@type\":\"ListItem\",\"position\":1,\"name\":\"Startseite\",\"item\":\"https:\/\/blog.zeit.de\/stoerungsmelder\"},{\"@type\":\"ListItem\",\"position\":2,\"name\":\"Jagdszenen in Kreuzberg\"}]},{\"@type\":\"WebSite\",\"@id\":\"https:\/\/blog.zeit.de\/stoerungsmelder\/#website\",\"url\":\"https:\/\/blog.zeit.de\/stoerungsmelder\/\",\"name\":\"St\u00f6rungsmelder\",\"description\":\"Recherchen und Analysen \u00fcber die extreme Rechte\",\"potentialAction\":[{\"@type\":\"SearchAction\",\"target\":{\"@type\":\"EntryPoint\",\"urlTemplate\":\"https:\/\/blog.zeit.de\/stoerungsmelder\/?s={search_term_string}\"},\"query-input\":\"required name=search_term_string\"}],\"inLanguage\":\"de\"},{\"@type\":\"Person\",\"@id\":\"https:\/\/blog.zeit.de\/stoerungsmelder\/#\/schema\/person\/fdd0b9818f65738672810b6d6f037f71\",\"name\":\"St\u00f6rungsmelder\",\"image\":{\"@type\":\"ImageObject\",\"inLanguage\":\"de\",\"@id\":\"https:\/\/blog.zeit.de\/stoerungsmelder\/#\/schema\/person\/image\/\",\"url\":\"https:\/\/secure.gravatar.com\/avatar\/dfa4be514c3e82a71e4f9a0020035d38192d080ccaa5e4e6d7a1472c763535c5?s=96&d=mm&r=pg\",\"contentUrl\":\"https:\/\/secure.gravatar.com\/avatar\/dfa4be514c3e82a71e4f9a0020035d38192d080ccaa5e4e6d7a1472c763535c5?s=96&d=mm&r=pg\",\"caption\":\"St\u00f6rungsmelder\"},\"url\":\"https:\/\/blog.zeit.de\/stoerungsmelder\/author\/stoerungsmelder\"}]}<\/script>\n<!-- \/ Yoast SEO plugin. -->","yoast_head_json":{"title":"Jagdszenen in Kreuzberg - St\u00f6rungsmelder","robots":{"index":"index","follow":"follow","max-snippet":"max-snippet:-1","max-image-preview":"max-image-preview:large","max-video-preview":"max-video-preview:-1"},"canonical":"https:\/\/blog.zeit.de\/stoerungsmelder\/2011\/05\/14\/jagdszenen-in-kreuzberg_6267","og_locale":"de_DE","og_type":"article","og_title":"Jagdszenen in Kreuzberg - St\u00f6rungsmelder","og_description":"Bei einem rechtsextremen Aufmarsch in Berlin-Kreuzberg haben Neonazis Passanten und Gegendemonstranten attackiert. Am U-Bahnhof Mehringdamm geriet die Lage au\u00dfer Kontrolle. Gegendemonstranten verhinderten schlie\u00dflich den Aufzug.","og_url":"https:\/\/blog.zeit.de\/stoerungsmelder\/2011\/05\/14\/jagdszenen-in-kreuzberg_6267","og_site_name":"St\u00f6rungsmelder","article_published_time":"2011-05-14T15:56:24+00:00","article_modified_time":"2017-07-08T14:39:08+00:00","og_image":[{"url":"https:\/\/blog.zeit.de\/stoerungsmelder\/files\/2011\/05\/durchbruch.jpg"}],"author":"St\u00f6rungsmelder","twitter_card":"summary_large_image","twitter_misc":{"Geschrieben von":"St\u00f6rungsmelder","Gesch\u00e4tzte Lesezeit":"4\u00a0Minuten"},"schema":{"@context":"https:\/\/schema.org","@graph":[{"@type":"WebPage","@id":"https:\/\/blog.zeit.de\/stoerungsmelder\/2011\/05\/14\/jagdszenen-in-kreuzberg_6267","url":"https:\/\/blog.zeit.de\/stoerungsmelder\/2011\/05\/14\/jagdszenen-in-kreuzberg_6267","name":"Jagdszenen in Kreuzberg - St\u00f6rungsmelder","isPartOf":{"@id":"https:\/\/blog.zeit.de\/stoerungsmelder\/#website"},"datePublished":"2011-05-14T15:56:24+00:00","dateModified":"2017-07-08T14:39:08+00:00","author":{"@id":"https:\/\/blog.zeit.de\/stoerungsmelder\/#\/schema\/person\/fdd0b9818f65738672810b6d6f037f71"},"breadcrumb":{"@id":"https:\/\/blog.zeit.de\/stoerungsmelder\/2011\/05\/14\/jagdszenen-in-kreuzberg_6267#breadcrumb"},"inLanguage":"de","potentialAction":[{"@type":"ReadAction","target":["https:\/\/blog.zeit.de\/stoerungsmelder\/2011\/05\/14\/jagdszenen-in-kreuzberg_6267"]}]},{"@type":"BreadcrumbList","@id":"https:\/\/blog.zeit.de\/stoerungsmelder\/2011\/05\/14\/jagdszenen-in-kreuzberg_6267#breadcrumb","itemListElement":[{"@type":"ListItem","position":1,"name":"Startseite","item":"https:\/\/blog.zeit.de\/stoerungsmelder"},{"@type":"ListItem","position":2,"name":"Jagdszenen in Kreuzberg"}]},{"@type":"WebSite","@id":"https:\/\/blog.zeit.de\/stoerungsmelder\/#website","url":"https:\/\/blog.zeit.de\/stoerungsmelder\/","name":"St\u00f6rungsmelder","description":"Recherchen und Analysen \u00fcber die extreme Rechte","potentialAction":[{"@type":"SearchAction","target":{"@type":"EntryPoint","urlTemplate":"https:\/\/blog.zeit.de\/stoerungsmelder\/?s={search_term_string}"},"query-input":"required name=search_term_string"}],"inLanguage":"de"},{"@type":"Person","@id":"https:\/\/blog.zeit.de\/stoerungsmelder\/#\/schema\/person\/fdd0b9818f65738672810b6d6f037f71","name":"St\u00f6rungsmelder","image":{"@type":"ImageObject","inLanguage":"de","@id":"https:\/\/blog.zeit.de\/stoerungsmelder\/#\/schema\/person\/image\/","url":"https:\/\/secure.gravatar.com\/avatar\/dfa4be514c3e82a71e4f9a0020035d38192d080ccaa5e4e6d7a1472c763535c5?s=96&d=mm&r=pg","contentUrl":"https:\/\/secure.gravatar.com\/avatar\/dfa4be514c3e82a71e4f9a0020035d38192d080ccaa5e4e6d7a1472c763535c5?s=96&d=mm&r=pg","caption":"St\u00f6rungsmelder"},"url":"https:\/\/blog.zeit.de\/stoerungsmelder\/author\/stoerungsmelder"}]}},"jetpack_featured_media_url":"","jetpack_sharing_enabled":true,"_links":{"self":[{"href":"https:\/\/blog.zeit.de\/stoerungsmelder\/wp-json\/wp\/v2\/posts\/6267","targetHints":{"allow":["GET"]}}],"collection":[{"href":"https:\/\/blog.zeit.de\/stoerungsmelder\/wp-json\/wp\/v2\/posts"}],"about":[{"href":"https:\/\/blog.zeit.de\/stoerungsmelder\/wp-json\/wp\/v2\/types\/post"}],"author":[{"embeddable":true,"href":"https:\/\/blog.zeit.de\/stoerungsmelder\/wp-json\/wp\/v2\/users\/229"}],"replies":[{"embeddable":true,"href":"https:\/\/blog.zeit.de\/stoerungsmelder\/wp-json\/wp\/v2\/comments?post=6267"}],"version-history":[{"count":7,"href":"https:\/\/blog.zeit.de\/stoerungsmelder\/wp-json\/wp\/v2\/posts\/6267\/revisions"}],"predecessor-version":[{"id":24160,"href":"https:\/\/blog.zeit.de\/stoerungsmelder\/wp-json\/wp\/v2\/posts\/6267\/revisions\/24160"}],"wp:attachment":[{"href":"https:\/\/blog.zeit.de\/stoerungsmelder\/wp-json\/wp\/v2\/media?parent=6267"}],"wp:term":[{"taxonomy":"category","embeddable":true,"href":"https:\/\/blog.zeit.de\/stoerungsmelder\/wp-json\/wp\/v2\/categories?post=6267"},{"taxonomy":"post_tag","embeddable":true,"href":"https:\/\/blog.zeit.de\/stoerungsmelder\/wp-json\/wp\/v2\/tags?post=6267"}],"curies":[{"name":"wp","href":"https:\/\/api.w.org\/{rel}","templated":true}]}}