{"id":6286,"date":"2011-05-15T19:43:29","date_gmt":"2011-05-15T17:43:29","guid":{"rendered":"http:\/\/blog.zeit.de\/stoerungsmelder\/?p=6286"},"modified":"2011-05-15T19:43:58","modified_gmt":"2011-05-15T17:43:58","slug":"veranstaltung-zu-todesopfern-rechter-gewalt","status":"publish","type":"post","link":"https:\/\/blog.zeit.de\/stoerungsmelder\/2011\/05\/15\/veranstaltung-zu-todesopfern-rechter-gewalt_6286","title":{"rendered":"Veranstaltung zu Todesopfern rechter Gewalt"},"content":{"rendered":"<p><img loading=\"lazy\" decoding=\"async\" class=\"alignleft\" src=\"http:\/\/niemandistvergessen.blogsport.eu\/files\/2011\/03\/Flyer_1bunt.jpg\" alt=\"\" width=\"310\" height=\"437\" \/>In Berlin findet am Montag eine Veranstaltung zum Thema t\u00f6dliche Gewalt von Neonazis statt. Ein B\u00fcndnis bereitet damit das Gedenken an den von Rechten 2000 ermordeten Dieter Eich vor. Der St\u00f6rungsmelder dokumentiert den Aufruf zu den Gedenkaktionen.<!--more--><\/p>\n<p><strong>&#8222;Gegen das Schweigen! F\u00fcr ein w\u00fcrdiges Gedenken an die Opfer rechter Gewalt.<\/strong><\/p>\n<p><strong>Kurzaufruf f\u00fcr das Gedenken an Dieter Eich am 24. Mai 2011<br \/>\nund die Podiumsveranstaltung am 16. Mai 2011.<\/strong><\/p>\n<p>Seit dem Mauerfall wurden in Deutschland rund 150 Menschen durch  Neonazis ermordetet, doch die offizielle Statistik spricht  lediglich  von 47 Toten. Nach welchen Kriterien\u00a0 dabei vorgegangen wird,  ist  r\u00e4tselhaft. Klar ist jedoch, dass viele Richter_innen sich scheuen,   eine Tat als klar rechts motiviert zu benennen. In den Medien werden   rassistisch oder nationalistisch motivierte Morde nicht selten als   \u201eStreit unter Saufkumpanen\u201c dargestellt. Dabei wird jedoch das   eigentliche Tatmotiv v\u00f6llig au\u00dfer Acht gelassen und verharmlost.   Betrachtet mensch die Tatmotive rechter Morde, so l\u00e4sst sich erkennen,   dass diese ebenso vielf\u00e4ltig sind, wie zu Zeiten des Dritten Reichs.Um  wachsam zu bleiben, den Ermordeten ein w\u00fcrdiges Gedenken und den  Angeh\u00f6rigen \u201cGerechtigkeit\u201d zu verschaffen, sehen wir es als notwendig  an dagegen etwas zu tun. Darum laden wir am 16. Mai zu einer  Podiumsdiskussion mit Menschen ein, die sich seit mehreren Jahren f\u00fcr  die Opfer neonazistischer Gewalt und deren Angeh\u00f6rige stark machen.<\/p>\n<p>Um auch praktisch Zeichen gegen die gegenw\u00e4rtige Ignoranz zu setzen  werden wir am 24. Mai in Pankow-Buch eine Demo und ein Gedenken  veranstalten. Wir m\u00f6chten damit an Dieter Eich erinnern, der im Mai 2000  von vier Neonazis ums Leben gebracht wurde. Dieter Eich ist einer der  \u201everschwiegenen Toten\u201c. Obwohl der neonazistische Hintergrund der Tat  belegt ist gilt er offiziell nicht als Opfer rechter Gewalt. Als  Begr\u00fcndung f\u00fchrte die Staatsanwaltschaft an, dass der t\u00f6dliche  Messersto\u00df nur eine Verdeckungstat des vorangegangenen \u00dcbergriffs  dargestellt habe.<\/p>\n<p>Wie viele der Ermordeten passte auch Dieter Eich nicht in die  typische Vorstellung, die von Opfern rechter Gewalt herrscht. Oft sind  es eben finanziell schw\u00e4cher gestellte oder obdachlose Menschen, die von  Neonazis angegriffen oder ermordet werden, denen aufgrund ihres Status  in der Gesellschaft, das Lebensrecht aberkannt wird.<\/p>\n<p>Auch, wenn die Statistiken zugunsten der Opfer korrigiert werden  w\u00fcrden, w\u00e4re eine Auseinandersetzung mit den Ursachen noch lange nicht  gegeben, da die Ursachen f\u00fcr das m\u00f6rderische Handeln der Rechten dieser  Gesellschaft tief eingeschrieben sind.<\/p>\n<p>Mit der Gedenkkundgebung, wie auch mit der Podiumsdiskussion soll die  die Debatte um die verschwiegenen Toten gest\u00e4rkt und die Forderung nach  einem Gedenkstein am ehemaligen Wohnhaus von Dieter Eich hervorgehoben  werden. Wir hoffen auf euch, wir hoffen auf dich, schlie\u00dflich ist es ein  Kampf der uns alle angehen sollte.&#8220;<\/p>\n<p><strong>Mo., 16. Mai 2011, Veranstaltung: \u201cDie verschwiegenen Toten\u201d<br \/>\nZum Umgang mit dem Opfern rechter Gewalt in Deutschland<br \/>\n<\/strong>19.30 Uhr, Haus der Demokratie, Greifswalder Stra\u00dfe 4 Anfahrt | M4: Tram-Station \u201cAm Friedrichshain\u201d<\/p>\n<p><strong> <\/strong><\/p>\n<p><strong>Di., 24. Mai 2011, Demo &amp; Kundgebung im Gedenken an Dieter Eich<\/strong><br \/>\n17.30 Uhr, S-Bhf. Buch | S 2 | Bringt Blumen mit!<br \/>\n<strong>Referent_innen bei der Veranstaltung am 16. Mai 2011:<\/strong><\/p>\n<p><strong>Heike Kleffner (freie Journalistin \/ Aktion S\u00fchnezeichen e.V.)<\/strong><br \/>\nHat als Frankfurter Rundschau-Autorin 2000 zusammen mit Frank Jansen die  Debatte um verschwiegene rechte Morde angesto\u00dfen. Mitglied des Beirats  der Mobilen Beratung f\u00fcr Opfer rechter Gewalt in Sachsen-Anhalt,  Ver\u00f6ffentlichungen u.a. in: Frankfurter Rundschau, \u201cjetzt\u201d \u2013  Jugendmagazin der S\u00fcddeutschen Zeitung, Tagesspiegel, taz.<\/p>\n<p><strong>Ulla Jelpke (MdB Die.LINKE)<\/strong><br \/>\nSeit Jahren aktiv gegen die Besch\u00f6nigung der Opferstatistiken.<\/p>\n<p><strong>Helga Seyb (Reach Out)<br \/>\n<\/strong>Reach Out ber\u00e4t seit Jahren Opfer rechter Gewalt, vermittelt Anw\u00e4lte und begleitet die Betroffenen w\u00e4hrend der Prozesse.<strong> <\/strong><\/p>\n<p><strong>Marek Grosz (ehem. Mitglied der Kampagne \u201cSchon vergessen\u201d)<\/strong><br \/>\nDie Antifa Greifswald initiierte im Jahr 2006 die Kampagne \u201cSchon  vergessen\u201d, die sich f\u00fcr einen Gedenkstein f\u00fcr Eckard R\u00fctz einsetzte.  Eckard R\u00fctz wurde am 25. November 2000 in Greifswald von Neonazis auf  Grund seiner Obdachlosigkeit ermordet.<strong> <\/strong><\/p>\n<p><strong>Martin Sonnenburg (B\u00fcndnis \u201cNiemand ist vergessen!\u201d)<\/strong><br \/>\nSeit 2007 wurde das Gedenken an den von Neonazis in Berlin-Buch  ermordeten Erwerbslosen Dieter Eich wieder aufgenommen und m\u00fcndete 2010  in der Gr\u00fcndung des B\u00fcndnisses \u201cNiemand ist vergessen!\u201d. 2010  organisierte das B\u00fcndnis eine breit angelegte Kampagne zum zehnten  Todestag Dieter Eichs.<strong> <\/strong><\/p>\n<p><strong>Initiativkreis Antirassismus (Leipzig)<br \/>\n<\/strong>In der Nacht vom 23. auf den 24.10.2010 wurde der 19-j\u00e4hrige  Kamal K. in Leipzig von Neonazis ermordet. F\u00fcr ein rassistisches  Tatmotiv h\u00e4tte es \u2013 laut dem Leipziger Oberstaatsanwalt \u2013 keine Hinweise  gegeben. Der Initiativkreis Antirassismus begleitet seit dem Mord den  Fall durch \u00d6ffentlichkeitsarbeit.<\/p>\n<p><strong>Aufrufer_innen\/Unterst\u00fctzer_innen:<\/strong><br \/>\n<a href=\"http:\/\/niemandistvergessen.blogsport.eu\/\">\u201eNiemand ist vergessen!\u201c-B\u00fcndnis<\/a>, <a href=\"http:\/\/www.nadir.org\/nadir\/periodika\/aib\/\">Antifaschistisches Infoblat<\/a>t, <a href=\"http:\/\/www.reachoutberlin.de\/\">Reach Out \u2013 Opferberatung<\/a>, <a href=\"http:\/\/nea.antifa.de\/\">North East Antifascists (NEA)<\/a>, <a href=\"http:\/\/asjberlin.blogsport.de\/\">Anrachosyndikalistische Jugend \u2013 Berlin (ASJ)<\/a>, <a href=\"http:\/\/www.die-linke-pankow.de\/\">Die.LINKE Pankow<\/a>, <a href=\"http:\/\/www.vosifa.de\/\">VOSIFA<\/a>, <a href=\"http:\/\/berlin.vvn-bda.org\/\">VVN \u2013 BdA \u2013 Berlin<\/a>, Die.LINKE \u2013 AG Antifa\/Antira pankow, Antifaschistische Initiative Nordost (AINO)<\/p>\n<p><strong>Gef\u00f6rdert durch: <\/strong><a href=\"http:\/\/www.netzwerk-selbsthilfe.de\/\">Netzwerk Selbsthilfe e.V<\/a><\/p>\n","protected":false},"excerpt":{"rendered":"<p>In Berlin findet am Montag eine Veranstaltung zum Thema t\u00f6dliche Gewalt von Neonazis statt. Ein B\u00fcndnis bereitet damit das Gedenken an den von Rechten 2000 ermordeten Dieter Eich vor. Der St\u00f6rungsmelder dokumentiert den Aufruf zu den Gedenkaktionen.<\/p>\n","protected":false},"author":229,"featured_media":0,"comment_status":"open","ping_status":"open","sticky":false,"template":"","format":"standard","meta":{"_jetpack_memberships_contains_paid_content":false,"footnotes":""},"categories":[249],"tags":[11396,1755],"class_list":["post-6286","post","type-post","status-publish","format-standard","hentry","category-berlin","tag-dieter-eich","tag-rechte-gewalt"],"yoast_head":"<!-- This site is optimized with the Yoast SEO plugin v21.0 - https:\/\/yoast.com\/wordpress\/plugins\/seo\/ -->\n<title>Veranstaltung zu Todesopfern rechter Gewalt - St\u00f6rungsmelder<\/title>\n<meta name=\"robots\" content=\"index, follow, max-snippet:-1, max-image-preview:large, max-video-preview:-1\" \/>\n<link rel=\"canonical\" href=\"https:\/\/blog.zeit.de\/stoerungsmelder\/2011\/05\/15\/veranstaltung-zu-todesopfern-rechter-gewalt_6286\" \/>\n<meta property=\"og:locale\" content=\"de_DE\" \/>\n<meta property=\"og:type\" content=\"article\" \/>\n<meta property=\"og:title\" content=\"Veranstaltung zu Todesopfern rechter Gewalt - St\u00f6rungsmelder\" \/>\n<meta property=\"og:description\" content=\"In Berlin findet am Montag eine Veranstaltung zum Thema t\u00f6dliche Gewalt von Neonazis statt. Ein B\u00fcndnis bereitet damit das Gedenken an den von Rechten 2000 ermordeten Dieter Eich vor. Der St\u00f6rungsmelder dokumentiert den Aufruf zu den Gedenkaktionen.\" \/>\n<meta property=\"og:url\" content=\"https:\/\/blog.zeit.de\/stoerungsmelder\/2011\/05\/15\/veranstaltung-zu-todesopfern-rechter-gewalt_6286\" \/>\n<meta property=\"og:site_name\" content=\"St\u00f6rungsmelder\" \/>\n<meta property=\"article:published_time\" content=\"2011-05-15T17:43:29+00:00\" \/>\n<meta property=\"article:modified_time\" content=\"2011-05-15T17:43:58+00:00\" \/>\n<meta property=\"og:image\" content=\"http:\/\/niemandistvergessen.blogsport.eu\/files\/2011\/03\/Flyer_1bunt.jpg\" \/>\n<meta name=\"author\" content=\"St\u00f6rungsmelder\" \/>\n<meta name=\"twitter:card\" content=\"summary_large_image\" \/>\n<meta name=\"twitter:label1\" content=\"Geschrieben von\" \/>\n\t<meta name=\"twitter:data1\" content=\"St\u00f6rungsmelder\" \/>\n\t<meta name=\"twitter:label2\" content=\"Gesch\u00e4tzte Lesezeit\" \/>\n\t<meta name=\"twitter:data2\" content=\"4\u00a0Minuten\" \/>\n<script type=\"application\/ld+json\" class=\"yoast-schema-graph\">{\"@context\":\"https:\/\/schema.org\",\"@graph\":[{\"@type\":\"WebPage\",\"@id\":\"https:\/\/blog.zeit.de\/stoerungsmelder\/2011\/05\/15\/veranstaltung-zu-todesopfern-rechter-gewalt_6286\",\"url\":\"https:\/\/blog.zeit.de\/stoerungsmelder\/2011\/05\/15\/veranstaltung-zu-todesopfern-rechter-gewalt_6286\",\"name\":\"Veranstaltung zu Todesopfern rechter Gewalt - St\u00f6rungsmelder\",\"isPartOf\":{\"@id\":\"https:\/\/blog.zeit.de\/stoerungsmelder\/#website\"},\"datePublished\":\"2011-05-15T17:43:29+00:00\",\"dateModified\":\"2011-05-15T17:43:58+00:00\",\"author\":{\"@id\":\"https:\/\/blog.zeit.de\/stoerungsmelder\/#\/schema\/person\/fdd0b9818f65738672810b6d6f037f71\"},\"breadcrumb\":{\"@id\":\"https:\/\/blog.zeit.de\/stoerungsmelder\/2011\/05\/15\/veranstaltung-zu-todesopfern-rechter-gewalt_6286#breadcrumb\"},\"inLanguage\":\"de\",\"potentialAction\":[{\"@type\":\"ReadAction\",\"target\":[\"https:\/\/blog.zeit.de\/stoerungsmelder\/2011\/05\/15\/veranstaltung-zu-todesopfern-rechter-gewalt_6286\"]}]},{\"@type\":\"BreadcrumbList\",\"@id\":\"https:\/\/blog.zeit.de\/stoerungsmelder\/2011\/05\/15\/veranstaltung-zu-todesopfern-rechter-gewalt_6286#breadcrumb\",\"itemListElement\":[{\"@type\":\"ListItem\",\"position\":1,\"name\":\"Startseite\",\"item\":\"https:\/\/blog.zeit.de\/stoerungsmelder\"},{\"@type\":\"ListItem\",\"position\":2,\"name\":\"Veranstaltung zu Todesopfern rechter Gewalt\"}]},{\"@type\":\"WebSite\",\"@id\":\"https:\/\/blog.zeit.de\/stoerungsmelder\/#website\",\"url\":\"https:\/\/blog.zeit.de\/stoerungsmelder\/\",\"name\":\"St\u00f6rungsmelder\",\"description\":\"Recherchen und Analysen \u00fcber die extreme Rechte\",\"potentialAction\":[{\"@type\":\"SearchAction\",\"target\":{\"@type\":\"EntryPoint\",\"urlTemplate\":\"https:\/\/blog.zeit.de\/stoerungsmelder\/?s={search_term_string}\"},\"query-input\":\"required name=search_term_string\"}],\"inLanguage\":\"de\"},{\"@type\":\"Person\",\"@id\":\"https:\/\/blog.zeit.de\/stoerungsmelder\/#\/schema\/person\/fdd0b9818f65738672810b6d6f037f71\",\"name\":\"St\u00f6rungsmelder\",\"image\":{\"@type\":\"ImageObject\",\"inLanguage\":\"de\",\"@id\":\"https:\/\/blog.zeit.de\/stoerungsmelder\/#\/schema\/person\/image\/\",\"url\":\"https:\/\/secure.gravatar.com\/avatar\/dfa4be514c3e82a71e4f9a0020035d38192d080ccaa5e4e6d7a1472c763535c5?s=96&d=mm&r=pg\",\"contentUrl\":\"https:\/\/secure.gravatar.com\/avatar\/dfa4be514c3e82a71e4f9a0020035d38192d080ccaa5e4e6d7a1472c763535c5?s=96&d=mm&r=pg\",\"caption\":\"St\u00f6rungsmelder\"},\"url\":\"https:\/\/blog.zeit.de\/stoerungsmelder\/author\/stoerungsmelder\"}]}<\/script>\n<!-- \/ Yoast SEO plugin. -->","yoast_head_json":{"title":"Veranstaltung zu Todesopfern rechter Gewalt - St\u00f6rungsmelder","robots":{"index":"index","follow":"follow","max-snippet":"max-snippet:-1","max-image-preview":"max-image-preview:large","max-video-preview":"max-video-preview:-1"},"canonical":"https:\/\/blog.zeit.de\/stoerungsmelder\/2011\/05\/15\/veranstaltung-zu-todesopfern-rechter-gewalt_6286","og_locale":"de_DE","og_type":"article","og_title":"Veranstaltung zu Todesopfern rechter Gewalt - St\u00f6rungsmelder","og_description":"In Berlin findet am Montag eine Veranstaltung zum Thema t\u00f6dliche Gewalt von Neonazis statt. Ein B\u00fcndnis bereitet damit das Gedenken an den von Rechten 2000 ermordeten Dieter Eich vor. Der St\u00f6rungsmelder dokumentiert den Aufruf zu den Gedenkaktionen.","og_url":"https:\/\/blog.zeit.de\/stoerungsmelder\/2011\/05\/15\/veranstaltung-zu-todesopfern-rechter-gewalt_6286","og_site_name":"St\u00f6rungsmelder","article_published_time":"2011-05-15T17:43:29+00:00","article_modified_time":"2011-05-15T17:43:58+00:00","og_image":[{"url":"http:\/\/niemandistvergessen.blogsport.eu\/files\/2011\/03\/Flyer_1bunt.jpg"}],"author":"St\u00f6rungsmelder","twitter_card":"summary_large_image","twitter_misc":{"Geschrieben von":"St\u00f6rungsmelder","Gesch\u00e4tzte Lesezeit":"4\u00a0Minuten"},"schema":{"@context":"https:\/\/schema.org","@graph":[{"@type":"WebPage","@id":"https:\/\/blog.zeit.de\/stoerungsmelder\/2011\/05\/15\/veranstaltung-zu-todesopfern-rechter-gewalt_6286","url":"https:\/\/blog.zeit.de\/stoerungsmelder\/2011\/05\/15\/veranstaltung-zu-todesopfern-rechter-gewalt_6286","name":"Veranstaltung zu Todesopfern rechter Gewalt - St\u00f6rungsmelder","isPartOf":{"@id":"https:\/\/blog.zeit.de\/stoerungsmelder\/#website"},"datePublished":"2011-05-15T17:43:29+00:00","dateModified":"2011-05-15T17:43:58+00:00","author":{"@id":"https:\/\/blog.zeit.de\/stoerungsmelder\/#\/schema\/person\/fdd0b9818f65738672810b6d6f037f71"},"breadcrumb":{"@id":"https:\/\/blog.zeit.de\/stoerungsmelder\/2011\/05\/15\/veranstaltung-zu-todesopfern-rechter-gewalt_6286#breadcrumb"},"inLanguage":"de","potentialAction":[{"@type":"ReadAction","target":["https:\/\/blog.zeit.de\/stoerungsmelder\/2011\/05\/15\/veranstaltung-zu-todesopfern-rechter-gewalt_6286"]}]},{"@type":"BreadcrumbList","@id":"https:\/\/blog.zeit.de\/stoerungsmelder\/2011\/05\/15\/veranstaltung-zu-todesopfern-rechter-gewalt_6286#breadcrumb","itemListElement":[{"@type":"ListItem","position":1,"name":"Startseite","item":"https:\/\/blog.zeit.de\/stoerungsmelder"},{"@type":"ListItem","position":2,"name":"Veranstaltung zu Todesopfern rechter Gewalt"}]},{"@type":"WebSite","@id":"https:\/\/blog.zeit.de\/stoerungsmelder\/#website","url":"https:\/\/blog.zeit.de\/stoerungsmelder\/","name":"St\u00f6rungsmelder","description":"Recherchen und Analysen \u00fcber die extreme Rechte","potentialAction":[{"@type":"SearchAction","target":{"@type":"EntryPoint","urlTemplate":"https:\/\/blog.zeit.de\/stoerungsmelder\/?s={search_term_string}"},"query-input":"required name=search_term_string"}],"inLanguage":"de"},{"@type":"Person","@id":"https:\/\/blog.zeit.de\/stoerungsmelder\/#\/schema\/person\/fdd0b9818f65738672810b6d6f037f71","name":"St\u00f6rungsmelder","image":{"@type":"ImageObject","inLanguage":"de","@id":"https:\/\/blog.zeit.de\/stoerungsmelder\/#\/schema\/person\/image\/","url":"https:\/\/secure.gravatar.com\/avatar\/dfa4be514c3e82a71e4f9a0020035d38192d080ccaa5e4e6d7a1472c763535c5?s=96&d=mm&r=pg","contentUrl":"https:\/\/secure.gravatar.com\/avatar\/dfa4be514c3e82a71e4f9a0020035d38192d080ccaa5e4e6d7a1472c763535c5?s=96&d=mm&r=pg","caption":"St\u00f6rungsmelder"},"url":"https:\/\/blog.zeit.de\/stoerungsmelder\/author\/stoerungsmelder"}]}},"jetpack_featured_media_url":"","jetpack_sharing_enabled":true,"_links":{"self":[{"href":"https:\/\/blog.zeit.de\/stoerungsmelder\/wp-json\/wp\/v2\/posts\/6286","targetHints":{"allow":["GET"]}}],"collection":[{"href":"https:\/\/blog.zeit.de\/stoerungsmelder\/wp-json\/wp\/v2\/posts"}],"about":[{"href":"https:\/\/blog.zeit.de\/stoerungsmelder\/wp-json\/wp\/v2\/types\/post"}],"author":[{"embeddable":true,"href":"https:\/\/blog.zeit.de\/stoerungsmelder\/wp-json\/wp\/v2\/users\/229"}],"replies":[{"embeddable":true,"href":"https:\/\/blog.zeit.de\/stoerungsmelder\/wp-json\/wp\/v2\/comments?post=6286"}],"version-history":[{"count":4,"href":"https:\/\/blog.zeit.de\/stoerungsmelder\/wp-json\/wp\/v2\/posts\/6286\/revisions"}],"predecessor-version":[{"id":6290,"href":"https:\/\/blog.zeit.de\/stoerungsmelder\/wp-json\/wp\/v2\/posts\/6286\/revisions\/6290"}],"wp:attachment":[{"href":"https:\/\/blog.zeit.de\/stoerungsmelder\/wp-json\/wp\/v2\/media?parent=6286"}],"wp:term":[{"taxonomy":"category","embeddable":true,"href":"https:\/\/blog.zeit.de\/stoerungsmelder\/wp-json\/wp\/v2\/categories?post=6286"},{"taxonomy":"post_tag","embeddable":true,"href":"https:\/\/blog.zeit.de\/stoerungsmelder\/wp-json\/wp\/v2\/tags?post=6286"}],"curies":[{"name":"wp","href":"https:\/\/api.w.org\/{rel}","templated":true}]}}