{"id":6314,"date":"2011-05-17T15:27:11","date_gmt":"2011-05-17T13:27:11","guid":{"rendered":"http:\/\/blog.zeit.de\/stoerungsmelder\/?p=6314"},"modified":"2011-05-17T19:25:14","modified_gmt":"2011-05-17T17:25:14","slug":"traurige-rekorde","status":"publish","type":"post","link":"https:\/\/blog.zeit.de\/stoerungsmelder\/2011\/05\/17\/traurige-rekorde_6314","title":{"rendered":"Traurige Rekorde"},"content":{"rendered":"<p><strong>Rechte Straf- und Gewalttaten 2010 im L\u00e4ndervergleich.<\/strong><\/p>\n<p>Als Antwort auf eine Kleine Anfrage der Linksfraktion im Bundestag hat die Bundesregierung heute eine Aufschl\u00fcsselung der rechten Straf- und Gewalttaten 2010 nach Bundesl\u00e4ndern ver\u00f6ffentlicht.<br \/>\nBei diesen Zahlen muss allerdings einschr\u00e4nkend erw\u00e4hnt werden, dass sie nur die tats\u00e4chlich zur Anzeige gebrachten F\u00e4lle abbilden &#8211; das Dunkelfeld nicht angezeigter bzw. falsch eingeordneter F\u00e4lle ist sicherlich um ein vielfaches Gr\u00f6\u00dfer.<!--more--><\/p>\n<p>Interessant ist f\u00fcr einen L\u00e4ndervergleich der Blick auf die sog. H\u00e4ufigkeitszahl &#8211; die Zahl der Taten pro 100.000 Einwohner_innen. Hier stellt man kaum substantielle Ver\u00e4nderungen gegen\u00fcber 2009 fest: Nach wie vor gibt es ein deutliches Gef\u00e4lle zwischen den neuen und den alten L\u00e4ndern.<br \/>\nAn der traurigen Spitze der Gewalttaten liegt Sachsen-Anhalt, gefolgt von Brandenburg und Sachsen. Im Westen werden die meisten rechten Gewalttaten pro 100.000 Einwohner_innen in Schleswig-Holstein ver\u00fcbt, dicht gefolgt von Hamburg. Die Freie und Hansestadt bildet im Vergleich der Stadtstaaten ebenfalls den besch\u00e4menden Rekord der meisten rechten Gewalttaten &#8211; weit vor Berlin und Bremen.<\/p>\n<p>Bereits Mitte April 2011 hatte das Bundesinnenministerium in einer Pressemeldung bekannt gegeben, dass im vergangenen Jahr bundesweit insgesamt 16.375 politisch rechts motivierte Straftaten polizeilich erfasst wurden. Darunter waren 806 Gewalttaten. Gegen\u00fcber dem Vorjahr ging die Zahl der Gewalttaten damit um 16 % zur\u00fcck, die Zahl der rechten Straftaten um 15,9%. Das bedeutet, dass in Deutschland im Durchschnitt immer noch alle 10 Stunden jemand zum Opfer eines politisch motivierten, rechten Gewaltverbrechens wird.<\/p>\n<p><a href=\"http:\/\/dipbt.bundestag.de\/dip21\/btd\/17\/056\/1705687.pdf\">Hier <\/a>ist der Link zur Drucksache 17\/5687 der Bundesregierung<\/p>\n<p>und <a href=\"http:\/\/www.bmi.bund.de\/SharedDocs\/Pressemitteilungen\/DE\/2011\/04\/pmk.html?nn=109632\">hier <\/a>die erw\u00e4hnte Pressemitteilung des Bundesinnenministeriums.<\/p>\n","protected":false},"excerpt":{"rendered":"<p>Rechte Straf- und Gewalttaten 2010 im L\u00e4ndervergleich. Als Antwort auf eine Kleine Anfrage der Linksfraktion im Bundestag hat die Bundesregierung heute eine Aufschl\u00fcsselung der rechten Straf- und Gewalttaten 2010 nach Bundesl\u00e4ndern ver\u00f6ffentlicht. Bei diesen Zahlen muss allerdings einschr\u00e4nkend erw\u00e4hnt werden, dass sie nur die tats\u00e4chlich zur Anzeige gebrachten F\u00e4lle abbilden &#8211; das Dunkelfeld nicht angezeigter [&hellip;]<\/p>\n","protected":false},"author":248,"featured_media":0,"comment_status":"open","ping_status":"open","sticky":false,"template":"","format":"standard","meta":{"_jetpack_memberships_contains_paid_content":false,"footnotes":""},"categories":[249,1451,1452,1515,1329,1456,1457,1458],"tags":[1587,1755],"class_list":["post-6314","post","type-post","status-publish","format-standard","hentry","category-berlin","category-brandenburg","category-bremen","category-bundesweit","category-hamburg","category-sachsen","category-sachsen-anhalt","category-schleswig-holstein","tag-gewalt","tag-rechte-gewalt"],"yoast_head":"<!-- This site is optimized with the Yoast SEO plugin v21.0 - https:\/\/yoast.com\/wordpress\/plugins\/seo\/ -->\n<title>Traurige Rekorde - St\u00f6rungsmelder<\/title>\n<meta name=\"robots\" content=\"index, follow, max-snippet:-1, max-image-preview:large, max-video-preview:-1\" \/>\n<link rel=\"canonical\" href=\"https:\/\/blog.zeit.de\/stoerungsmelder\/2011\/05\/17\/traurige-rekorde_6314\" \/>\n<meta property=\"og:locale\" content=\"de_DE\" \/>\n<meta property=\"og:type\" content=\"article\" \/>\n<meta property=\"og:title\" content=\"Traurige Rekorde - St\u00f6rungsmelder\" \/>\n<meta property=\"og:description\" content=\"Rechte Straf- und Gewalttaten 2010 im L\u00e4ndervergleich. Als Antwort auf eine Kleine Anfrage der Linksfraktion im Bundestag hat die Bundesregierung heute eine Aufschl\u00fcsselung der rechten Straf- und Gewalttaten 2010 nach Bundesl\u00e4ndern ver\u00f6ffentlicht. Bei diesen Zahlen muss allerdings einschr\u00e4nkend erw\u00e4hnt werden, dass sie nur die tats\u00e4chlich zur Anzeige gebrachten F\u00e4lle abbilden &#8211; das Dunkelfeld nicht angezeigter [&hellip;]\" \/>\n<meta property=\"og:url\" content=\"https:\/\/blog.zeit.de\/stoerungsmelder\/2011\/05\/17\/traurige-rekorde_6314\" \/>\n<meta property=\"og:site_name\" content=\"St\u00f6rungsmelder\" \/>\n<meta property=\"article:published_time\" content=\"2011-05-17T13:27:11+00:00\" \/>\n<meta property=\"article:modified_time\" content=\"2011-05-17T17:25:14+00:00\" \/>\n<meta name=\"author\" content=\"Wolfgang Nacken\" \/>\n<meta name=\"twitter:card\" content=\"summary_large_image\" \/>\n<meta name=\"twitter:label1\" content=\"Geschrieben von\" \/>\n\t<meta name=\"twitter:data1\" content=\"Wolfgang Nacken\" \/>\n\t<meta name=\"twitter:label2\" content=\"Gesch\u00e4tzte Lesezeit\" \/>\n\t<meta name=\"twitter:data2\" content=\"1\u00a0Minute\" \/>\n<script type=\"application\/ld+json\" class=\"yoast-schema-graph\">{\"@context\":\"https:\/\/schema.org\",\"@graph\":[{\"@type\":\"WebPage\",\"@id\":\"https:\/\/blog.zeit.de\/stoerungsmelder\/2011\/05\/17\/traurige-rekorde_6314\",\"url\":\"https:\/\/blog.zeit.de\/stoerungsmelder\/2011\/05\/17\/traurige-rekorde_6314\",\"name\":\"Traurige Rekorde - St\u00f6rungsmelder\",\"isPartOf\":{\"@id\":\"https:\/\/blog.zeit.de\/stoerungsmelder\/#website\"},\"datePublished\":\"2011-05-17T13:27:11+00:00\",\"dateModified\":\"2011-05-17T17:25:14+00:00\",\"author\":{\"@id\":\"https:\/\/blog.zeit.de\/stoerungsmelder\/#\/schema\/person\/b02a8433063f6e814210aacbca218a70\"},\"breadcrumb\":{\"@id\":\"https:\/\/blog.zeit.de\/stoerungsmelder\/2011\/05\/17\/traurige-rekorde_6314#breadcrumb\"},\"inLanguage\":\"de\",\"potentialAction\":[{\"@type\":\"ReadAction\",\"target\":[\"https:\/\/blog.zeit.de\/stoerungsmelder\/2011\/05\/17\/traurige-rekorde_6314\"]}]},{\"@type\":\"BreadcrumbList\",\"@id\":\"https:\/\/blog.zeit.de\/stoerungsmelder\/2011\/05\/17\/traurige-rekorde_6314#breadcrumb\",\"itemListElement\":[{\"@type\":\"ListItem\",\"position\":1,\"name\":\"Startseite\",\"item\":\"https:\/\/blog.zeit.de\/stoerungsmelder\"},{\"@type\":\"ListItem\",\"position\":2,\"name\":\"Traurige Rekorde\"}]},{\"@type\":\"WebSite\",\"@id\":\"https:\/\/blog.zeit.de\/stoerungsmelder\/#website\",\"url\":\"https:\/\/blog.zeit.de\/stoerungsmelder\/\",\"name\":\"St\u00f6rungsmelder\",\"description\":\"Recherchen und Analysen \u00fcber die extreme Rechte\",\"potentialAction\":[{\"@type\":\"SearchAction\",\"target\":{\"@type\":\"EntryPoint\",\"urlTemplate\":\"https:\/\/blog.zeit.de\/stoerungsmelder\/?s={search_term_string}\"},\"query-input\":\"required name=search_term_string\"}],\"inLanguage\":\"de\"},{\"@type\":\"Person\",\"@id\":\"https:\/\/blog.zeit.de\/stoerungsmelder\/#\/schema\/person\/b02a8433063f6e814210aacbca218a70\",\"name\":\"Wolfgang Nacken\",\"image\":{\"@type\":\"ImageObject\",\"inLanguage\":\"de\",\"@id\":\"https:\/\/blog.zeit.de\/stoerungsmelder\/#\/schema\/person\/image\/\",\"url\":\"https:\/\/secure.gravatar.com\/avatar\/f98376037e9c891aa24470592fecd9dab9252b80ec2ad04fd762e058ba3a8f12?s=96&d=mm&r=pg\",\"contentUrl\":\"https:\/\/secure.gravatar.com\/avatar\/f98376037e9c891aa24470592fecd9dab9252b80ec2ad04fd762e058ba3a8f12?s=96&d=mm&r=pg\",\"caption\":\"Wolfgang Nacken\"},\"url\":\"https:\/\/blog.zeit.de\/stoerungsmelder\/author\/wolfgang-nacken\"}]}<\/script>\n<!-- \/ Yoast SEO plugin. -->","yoast_head_json":{"title":"Traurige Rekorde - St\u00f6rungsmelder","robots":{"index":"index","follow":"follow","max-snippet":"max-snippet:-1","max-image-preview":"max-image-preview:large","max-video-preview":"max-video-preview:-1"},"canonical":"https:\/\/blog.zeit.de\/stoerungsmelder\/2011\/05\/17\/traurige-rekorde_6314","og_locale":"de_DE","og_type":"article","og_title":"Traurige Rekorde - St\u00f6rungsmelder","og_description":"Rechte Straf- und Gewalttaten 2010 im L\u00e4ndervergleich. Als Antwort auf eine Kleine Anfrage der Linksfraktion im Bundestag hat die Bundesregierung heute eine Aufschl\u00fcsselung der rechten Straf- und Gewalttaten 2010 nach Bundesl\u00e4ndern ver\u00f6ffentlicht. Bei diesen Zahlen muss allerdings einschr\u00e4nkend erw\u00e4hnt werden, dass sie nur die tats\u00e4chlich zur Anzeige gebrachten F\u00e4lle abbilden &#8211; das Dunkelfeld nicht angezeigter [&hellip;]","og_url":"https:\/\/blog.zeit.de\/stoerungsmelder\/2011\/05\/17\/traurige-rekorde_6314","og_site_name":"St\u00f6rungsmelder","article_published_time":"2011-05-17T13:27:11+00:00","article_modified_time":"2011-05-17T17:25:14+00:00","author":"Wolfgang Nacken","twitter_card":"summary_large_image","twitter_misc":{"Geschrieben von":"Wolfgang Nacken","Gesch\u00e4tzte Lesezeit":"1\u00a0Minute"},"schema":{"@context":"https:\/\/schema.org","@graph":[{"@type":"WebPage","@id":"https:\/\/blog.zeit.de\/stoerungsmelder\/2011\/05\/17\/traurige-rekorde_6314","url":"https:\/\/blog.zeit.de\/stoerungsmelder\/2011\/05\/17\/traurige-rekorde_6314","name":"Traurige Rekorde - St\u00f6rungsmelder","isPartOf":{"@id":"https:\/\/blog.zeit.de\/stoerungsmelder\/#website"},"datePublished":"2011-05-17T13:27:11+00:00","dateModified":"2011-05-17T17:25:14+00:00","author":{"@id":"https:\/\/blog.zeit.de\/stoerungsmelder\/#\/schema\/person\/b02a8433063f6e814210aacbca218a70"},"breadcrumb":{"@id":"https:\/\/blog.zeit.de\/stoerungsmelder\/2011\/05\/17\/traurige-rekorde_6314#breadcrumb"},"inLanguage":"de","potentialAction":[{"@type":"ReadAction","target":["https:\/\/blog.zeit.de\/stoerungsmelder\/2011\/05\/17\/traurige-rekorde_6314"]}]},{"@type":"BreadcrumbList","@id":"https:\/\/blog.zeit.de\/stoerungsmelder\/2011\/05\/17\/traurige-rekorde_6314#breadcrumb","itemListElement":[{"@type":"ListItem","position":1,"name":"Startseite","item":"https:\/\/blog.zeit.de\/stoerungsmelder"},{"@type":"ListItem","position":2,"name":"Traurige Rekorde"}]},{"@type":"WebSite","@id":"https:\/\/blog.zeit.de\/stoerungsmelder\/#website","url":"https:\/\/blog.zeit.de\/stoerungsmelder\/","name":"St\u00f6rungsmelder","description":"Recherchen und Analysen \u00fcber die extreme Rechte","potentialAction":[{"@type":"SearchAction","target":{"@type":"EntryPoint","urlTemplate":"https:\/\/blog.zeit.de\/stoerungsmelder\/?s={search_term_string}"},"query-input":"required name=search_term_string"}],"inLanguage":"de"},{"@type":"Person","@id":"https:\/\/blog.zeit.de\/stoerungsmelder\/#\/schema\/person\/b02a8433063f6e814210aacbca218a70","name":"Wolfgang Nacken","image":{"@type":"ImageObject","inLanguage":"de","@id":"https:\/\/blog.zeit.de\/stoerungsmelder\/#\/schema\/person\/image\/","url":"https:\/\/secure.gravatar.com\/avatar\/f98376037e9c891aa24470592fecd9dab9252b80ec2ad04fd762e058ba3a8f12?s=96&d=mm&r=pg","contentUrl":"https:\/\/secure.gravatar.com\/avatar\/f98376037e9c891aa24470592fecd9dab9252b80ec2ad04fd762e058ba3a8f12?s=96&d=mm&r=pg","caption":"Wolfgang Nacken"},"url":"https:\/\/blog.zeit.de\/stoerungsmelder\/author\/wolfgang-nacken"}]}},"jetpack_featured_media_url":"","jetpack_sharing_enabled":true,"_links":{"self":[{"href":"https:\/\/blog.zeit.de\/stoerungsmelder\/wp-json\/wp\/v2\/posts\/6314","targetHints":{"allow":["GET"]}}],"collection":[{"href":"https:\/\/blog.zeit.de\/stoerungsmelder\/wp-json\/wp\/v2\/posts"}],"about":[{"href":"https:\/\/blog.zeit.de\/stoerungsmelder\/wp-json\/wp\/v2\/types\/post"}],"author":[{"embeddable":true,"href":"https:\/\/blog.zeit.de\/stoerungsmelder\/wp-json\/wp\/v2\/users\/248"}],"replies":[{"embeddable":true,"href":"https:\/\/blog.zeit.de\/stoerungsmelder\/wp-json\/wp\/v2\/comments?post=6314"}],"version-history":[{"count":9,"href":"https:\/\/blog.zeit.de\/stoerungsmelder\/wp-json\/wp\/v2\/posts\/6314\/revisions"}],"predecessor-version":[{"id":6334,"href":"https:\/\/blog.zeit.de\/stoerungsmelder\/wp-json\/wp\/v2\/posts\/6314\/revisions\/6334"}],"wp:attachment":[{"href":"https:\/\/blog.zeit.de\/stoerungsmelder\/wp-json\/wp\/v2\/media?parent=6314"}],"wp:term":[{"taxonomy":"category","embeddable":true,"href":"https:\/\/blog.zeit.de\/stoerungsmelder\/wp-json\/wp\/v2\/categories?post=6314"},{"taxonomy":"post_tag","embeddable":true,"href":"https:\/\/blog.zeit.de\/stoerungsmelder\/wp-json\/wp\/v2\/tags?post=6314"}],"curies":[{"name":"wp","href":"https:\/\/api.w.org\/{rel}","templated":true}]}}