{"id":6441,"date":"2011-05-27T17:30:17","date_gmt":"2011-05-27T15:30:17","guid":{"rendered":"http:\/\/blog.zeit.de\/stoerungsmelder\/?p=6441"},"modified":"2011-05-27T17:33:49","modified_gmt":"2011-05-27T15:33:49","slug":"deine-stunde-fur-demokratie","status":"publish","type":"post","link":"https:\/\/blog.zeit.de\/stoerungsmelder\/2011\/05\/27\/deine-stunde-fur-demokratie_6441","title":{"rendered":"(D)eine Stunde f\u00fcr Demokratie!"},"content":{"rendered":"<p><a href=\"https:\/\/blog.zeit.de\/stoerungsmelder\/files\/2011\/05\/header5.jpg\"><img loading=\"lazy\" decoding=\"async\" class=\"aligncenter size-full wp-image-6442\" title=\"header5\" src=\"https:\/\/blog.zeit.de\/stoerungsmelder\/files\/2011\/05\/header5.jpg\" alt=\"\" width=\"538\" height=\"103\" srcset=\"https:\/\/blog.zeit.de\/stoerungsmelder\/files\/2011\/05\/header5.jpg 741w, https:\/\/blog.zeit.de\/stoerungsmelder\/files\/2011\/05\/header5-300x57.jpg 300w\" sizes=\"auto, (max-width: 538px) 100vw, 538px\" \/><\/a><\/p>\n<p>Am 18. Juni wollen in Merseburg (Sachsen-Anhalt) hunderte Neonazis aufmarschieren.\u00a0 Parteien, Gewerkschaften, Kirchen und Zivilgesellschaft machen gegen den Rechtsextremen Aufzug mobil. Rund 70 Gruppen und Einzelpersonen haben den Protest-Aufruf bereits unterschrieben.<!--more--><\/p>\n<p>Hier der Aufruf des <a href=\"http:\/\/merseburggegenrechts.wordpress.com\/\">Protest-B\u00fcndnisses<\/a>:<\/p>\n<p>&#8222;Am 18. Juni 2011 wollen Neonazis bereits zum zweiten Mal binnen eines Jahres in Merseburg auf die Stra\u00dfe gehen. Unter dem Motto: \u201cDamals wie heute: Arbeiter im Kampf um die Freiheit!\u201d planen sie einen Aufmarsch, der die Erinnerung an den Aufstand des 17. Juni 1953 missbraucht.<\/p>\n<p>An diesem Tag setzten sich auch in der Region Merseburg Tausende Menschen gegen Diktatur und staatliche Willk\u00fcr zur Wehr. Sie protestierten mit Demonstrationsz\u00fcgen, u.a. aus den Leuna- und Bunawerken kommend, gegen Normerh\u00f6hungen und gegen staatliche Bevormundung. Einige bezahlten ihr Engagement gegen die DDR-Diktatur mit dem Leben. Viele mussten nach der Niederschlagung des Aufstands fliehen, andere mussten Repressionen erdulden.<\/p>\n<p>Nur vorgeblich geht es den Neonazis am 18. Juni 2011 um die \u201eFreiheit\u201c. Als Feinde von Demokratie und Menschenrechten wollen sie stattdessen wie im vergangenen Jahr das Wochenende des Merseburger Schlossfestes nutzen, um ihre rassistischen, antisemitischen und allgemein menschenfeindlichen Parolen offensiv und mit gro\u00dfem Publikum auf die Merseburger Stra\u00dfen zu tragen. Das wollen und werden wir nicht zulassen.<\/p>\n<p>Unsere Sorge ist dabei nicht nur, dass Neonazis sich ausgerechnet das imagetr\u00e4chtige Wochenende des Merseburger Schlossfestes f\u00fcr ihre menschenfeindlichen Aktivit\u00e4ten aussuchen. Merseburg hat auch an allen anderen Tagen des Jahres ein Problem mit Neonazis. Zur Landtagswahl w\u00e4hlten \u00fcber 600 Menschen (4,6 Prozent) in der Stadt die verfassungsfeindliche NPD. Viele Geb\u00e4ude sind mit neonazistischen Parolen beschmiert. Offenbar rechte T\u00e4ter sch\u00e4ndeten inzwischen zum vierten Mal die Gedenkstele f\u00fcr die ermordeten Sinti und Roma auf dem Merseburger Neumarkt. Zudem kommt es immer wieder zu Angriffen von Neonazis auf nicht-rechte Jugendliche sowie auf Migrantinnen und Migranten.<\/p>\n<p>Widerstand gegen Neonazis in Merseburg muss noch sichtbarer und wirksamer werden. Wir wollen in unserer Stadt den Nazis aktiv etwas entgegensetzen. Beispiele aus der Region zeigen: Wo Neonazis ungehindert demonstrieren k\u00f6nnen, kommen sie wieder. Wo ihnen aber Widerstand entgegengesetzt wird, werden Aufm\u00e4rsche f\u00fcr sie unattraktiver.<\/p>\n<p>Unser breites B\u00fcndnis will den Naziaufmarsch nicht einfach hinnehmen. Wir rufen deshalb zum friedlichen und gewaltfreien Protest gegen die Neonazis auf. Wir werden die Aktivit\u00e4ten der rechten Szene aus NPD und \u201eFreien Kr\u00e4ften\u201c in Merseburg konsequent behindern. Mit unseren Aktivit\u00e4ten wollen wir den Neonazis die Lust an Aufm\u00e4rschen in Merseburg nehmen. Wir setzen dabei auf unterschiedlichste, aber immer friedliche Aktionsformen. Dieses Ziel eint uns \u00fcber alle sozialen, politischen oder kulturellen Unterschiede hinweg.<\/p>\n<p>Wir laden alle B\u00fcrgerinnen und B\u00fcrger sowie die vielen G\u00e4ste des Schlossfests ein, am 18. Juni 2011 eine Stunde f\u00fcr Demokratie zu geben. Ob jung, ob alt, kommen Sie am 18. Juni vor Ihrem Besuch des Merseburger Schlossfests zu den Kundgebungen und Aktionen gegen Neonazis. Beteiligen Sie sich am gewaltfreien Protest und helfen Sie mit, dass Neonazis in Merseburg nicht ungehindert marschieren k\u00f6nnen!&#8220;<\/p>\n","protected":false},"excerpt":{"rendered":"<p>Am 18. Juni wollen in Merseburg (Sachsen-Anhalt) hunderte Neonazis aufmarschieren.\u00a0 Parteien, Gewerkschaften, Kirchen und Zivilgesellschaft machen gegen den Rechtsextremen Aufzug mobil. Rund 70 Gruppen und Einzelpersonen haben den Protest-Aufruf bereits unterschrieben.<\/p>\n","protected":false},"author":229,"featured_media":0,"comment_status":"open","ping_status":"open","sticky":false,"template":"","format":"standard","meta":{"_jetpack_memberships_contains_paid_content":false,"footnotes":""},"categories":[1457],"tags":[1707,1752,1858],"class_list":["post-6441","post","type-post","status-publish","format-standard","hentry","category-sachsen-anhalt","tag-naziaufmarsch","tag-protest","tag-zivilcourage"],"yoast_head":"<!-- This site is optimized with the Yoast SEO plugin v21.0 - https:\/\/yoast.com\/wordpress\/plugins\/seo\/ -->\n<title>(D)eine Stunde f\u00fcr Demokratie! - St\u00f6rungsmelder<\/title>\n<meta name=\"robots\" content=\"index, follow, max-snippet:-1, max-image-preview:large, max-video-preview:-1\" \/>\n<link rel=\"canonical\" href=\"https:\/\/blog.zeit.de\/stoerungsmelder\/2011\/05\/27\/deine-stunde-fur-demokratie_6441\" \/>\n<meta property=\"og:locale\" content=\"de_DE\" \/>\n<meta property=\"og:type\" content=\"article\" \/>\n<meta property=\"og:title\" content=\"(D)eine Stunde f\u00fcr Demokratie! - St\u00f6rungsmelder\" \/>\n<meta property=\"og:description\" content=\"Am 18. Juni wollen in Merseburg (Sachsen-Anhalt) hunderte Neonazis aufmarschieren.\u00a0 Parteien, Gewerkschaften, Kirchen und Zivilgesellschaft machen gegen den Rechtsextremen Aufzug mobil. Rund 70 Gruppen und Einzelpersonen haben den Protest-Aufruf bereits unterschrieben.\" \/>\n<meta property=\"og:url\" content=\"https:\/\/blog.zeit.de\/stoerungsmelder\/2011\/05\/27\/deine-stunde-fur-demokratie_6441\" \/>\n<meta property=\"og:site_name\" content=\"St\u00f6rungsmelder\" \/>\n<meta property=\"article:published_time\" content=\"2011-05-27T15:30:17+00:00\" \/>\n<meta property=\"article:modified_time\" content=\"2011-05-27T15:33:49+00:00\" \/>\n<meta property=\"og:image\" content=\"https:\/\/blog.zeit.de\/stoerungsmelder\/files\/2011\/05\/header5.jpg\" \/>\n<meta name=\"author\" content=\"St\u00f6rungsmelder\" \/>\n<meta name=\"twitter:card\" content=\"summary_large_image\" \/>\n<meta name=\"twitter:label1\" content=\"Geschrieben von\" \/>\n\t<meta name=\"twitter:data1\" content=\"St\u00f6rungsmelder\" \/>\n\t<meta name=\"twitter:label2\" content=\"Gesch\u00e4tzte Lesezeit\" \/>\n\t<meta name=\"twitter:data2\" content=\"2\u00a0Minuten\" \/>\n<script type=\"application\/ld+json\" class=\"yoast-schema-graph\">{\"@context\":\"https:\/\/schema.org\",\"@graph\":[{\"@type\":\"WebPage\",\"@id\":\"https:\/\/blog.zeit.de\/stoerungsmelder\/2011\/05\/27\/deine-stunde-fur-demokratie_6441\",\"url\":\"https:\/\/blog.zeit.de\/stoerungsmelder\/2011\/05\/27\/deine-stunde-fur-demokratie_6441\",\"name\":\"(D)eine Stunde f\u00fcr Demokratie! - St\u00f6rungsmelder\",\"isPartOf\":{\"@id\":\"https:\/\/blog.zeit.de\/stoerungsmelder\/#website\"},\"datePublished\":\"2011-05-27T15:30:17+00:00\",\"dateModified\":\"2011-05-27T15:33:49+00:00\",\"author\":{\"@id\":\"https:\/\/blog.zeit.de\/stoerungsmelder\/#\/schema\/person\/fdd0b9818f65738672810b6d6f037f71\"},\"breadcrumb\":{\"@id\":\"https:\/\/blog.zeit.de\/stoerungsmelder\/2011\/05\/27\/deine-stunde-fur-demokratie_6441#breadcrumb\"},\"inLanguage\":\"de\",\"potentialAction\":[{\"@type\":\"ReadAction\",\"target\":[\"https:\/\/blog.zeit.de\/stoerungsmelder\/2011\/05\/27\/deine-stunde-fur-demokratie_6441\"]}]},{\"@type\":\"BreadcrumbList\",\"@id\":\"https:\/\/blog.zeit.de\/stoerungsmelder\/2011\/05\/27\/deine-stunde-fur-demokratie_6441#breadcrumb\",\"itemListElement\":[{\"@type\":\"ListItem\",\"position\":1,\"name\":\"Startseite\",\"item\":\"https:\/\/blog.zeit.de\/stoerungsmelder\"},{\"@type\":\"ListItem\",\"position\":2,\"name\":\"(D)eine Stunde f\u00fcr Demokratie!\"}]},{\"@type\":\"WebSite\",\"@id\":\"https:\/\/blog.zeit.de\/stoerungsmelder\/#website\",\"url\":\"https:\/\/blog.zeit.de\/stoerungsmelder\/\",\"name\":\"St\u00f6rungsmelder\",\"description\":\"Recherchen und Analysen \u00fcber die extreme Rechte\",\"potentialAction\":[{\"@type\":\"SearchAction\",\"target\":{\"@type\":\"EntryPoint\",\"urlTemplate\":\"https:\/\/blog.zeit.de\/stoerungsmelder\/?s={search_term_string}\"},\"query-input\":\"required name=search_term_string\"}],\"inLanguage\":\"de\"},{\"@type\":\"Person\",\"@id\":\"https:\/\/blog.zeit.de\/stoerungsmelder\/#\/schema\/person\/fdd0b9818f65738672810b6d6f037f71\",\"name\":\"St\u00f6rungsmelder\",\"image\":{\"@type\":\"ImageObject\",\"inLanguage\":\"de\",\"@id\":\"https:\/\/blog.zeit.de\/stoerungsmelder\/#\/schema\/person\/image\/\",\"url\":\"https:\/\/secure.gravatar.com\/avatar\/dfa4be514c3e82a71e4f9a0020035d38192d080ccaa5e4e6d7a1472c763535c5?s=96&d=mm&r=pg\",\"contentUrl\":\"https:\/\/secure.gravatar.com\/avatar\/dfa4be514c3e82a71e4f9a0020035d38192d080ccaa5e4e6d7a1472c763535c5?s=96&d=mm&r=pg\",\"caption\":\"St\u00f6rungsmelder\"},\"url\":\"https:\/\/blog.zeit.de\/stoerungsmelder\/author\/stoerungsmelder\"}]}<\/script>\n<!-- \/ Yoast SEO plugin. -->","yoast_head_json":{"title":"(D)eine Stunde f\u00fcr Demokratie! - St\u00f6rungsmelder","robots":{"index":"index","follow":"follow","max-snippet":"max-snippet:-1","max-image-preview":"max-image-preview:large","max-video-preview":"max-video-preview:-1"},"canonical":"https:\/\/blog.zeit.de\/stoerungsmelder\/2011\/05\/27\/deine-stunde-fur-demokratie_6441","og_locale":"de_DE","og_type":"article","og_title":"(D)eine Stunde f\u00fcr Demokratie! - St\u00f6rungsmelder","og_description":"Am 18. Juni wollen in Merseburg (Sachsen-Anhalt) hunderte Neonazis aufmarschieren.\u00a0 Parteien, Gewerkschaften, Kirchen und Zivilgesellschaft machen gegen den Rechtsextremen Aufzug mobil. Rund 70 Gruppen und Einzelpersonen haben den Protest-Aufruf bereits unterschrieben.","og_url":"https:\/\/blog.zeit.de\/stoerungsmelder\/2011\/05\/27\/deine-stunde-fur-demokratie_6441","og_site_name":"St\u00f6rungsmelder","article_published_time":"2011-05-27T15:30:17+00:00","article_modified_time":"2011-05-27T15:33:49+00:00","og_image":[{"url":"https:\/\/blog.zeit.de\/stoerungsmelder\/files\/2011\/05\/header5.jpg"}],"author":"St\u00f6rungsmelder","twitter_card":"summary_large_image","twitter_misc":{"Geschrieben von":"St\u00f6rungsmelder","Gesch\u00e4tzte Lesezeit":"2\u00a0Minuten"},"schema":{"@context":"https:\/\/schema.org","@graph":[{"@type":"WebPage","@id":"https:\/\/blog.zeit.de\/stoerungsmelder\/2011\/05\/27\/deine-stunde-fur-demokratie_6441","url":"https:\/\/blog.zeit.de\/stoerungsmelder\/2011\/05\/27\/deine-stunde-fur-demokratie_6441","name":"(D)eine Stunde f\u00fcr Demokratie! - St\u00f6rungsmelder","isPartOf":{"@id":"https:\/\/blog.zeit.de\/stoerungsmelder\/#website"},"datePublished":"2011-05-27T15:30:17+00:00","dateModified":"2011-05-27T15:33:49+00:00","author":{"@id":"https:\/\/blog.zeit.de\/stoerungsmelder\/#\/schema\/person\/fdd0b9818f65738672810b6d6f037f71"},"breadcrumb":{"@id":"https:\/\/blog.zeit.de\/stoerungsmelder\/2011\/05\/27\/deine-stunde-fur-demokratie_6441#breadcrumb"},"inLanguage":"de","potentialAction":[{"@type":"ReadAction","target":["https:\/\/blog.zeit.de\/stoerungsmelder\/2011\/05\/27\/deine-stunde-fur-demokratie_6441"]}]},{"@type":"BreadcrumbList","@id":"https:\/\/blog.zeit.de\/stoerungsmelder\/2011\/05\/27\/deine-stunde-fur-demokratie_6441#breadcrumb","itemListElement":[{"@type":"ListItem","position":1,"name":"Startseite","item":"https:\/\/blog.zeit.de\/stoerungsmelder"},{"@type":"ListItem","position":2,"name":"(D)eine Stunde f\u00fcr Demokratie!"}]},{"@type":"WebSite","@id":"https:\/\/blog.zeit.de\/stoerungsmelder\/#website","url":"https:\/\/blog.zeit.de\/stoerungsmelder\/","name":"St\u00f6rungsmelder","description":"Recherchen und Analysen \u00fcber die extreme Rechte","potentialAction":[{"@type":"SearchAction","target":{"@type":"EntryPoint","urlTemplate":"https:\/\/blog.zeit.de\/stoerungsmelder\/?s={search_term_string}"},"query-input":"required name=search_term_string"}],"inLanguage":"de"},{"@type":"Person","@id":"https:\/\/blog.zeit.de\/stoerungsmelder\/#\/schema\/person\/fdd0b9818f65738672810b6d6f037f71","name":"St\u00f6rungsmelder","image":{"@type":"ImageObject","inLanguage":"de","@id":"https:\/\/blog.zeit.de\/stoerungsmelder\/#\/schema\/person\/image\/","url":"https:\/\/secure.gravatar.com\/avatar\/dfa4be514c3e82a71e4f9a0020035d38192d080ccaa5e4e6d7a1472c763535c5?s=96&d=mm&r=pg","contentUrl":"https:\/\/secure.gravatar.com\/avatar\/dfa4be514c3e82a71e4f9a0020035d38192d080ccaa5e4e6d7a1472c763535c5?s=96&d=mm&r=pg","caption":"St\u00f6rungsmelder"},"url":"https:\/\/blog.zeit.de\/stoerungsmelder\/author\/stoerungsmelder"}]}},"jetpack_featured_media_url":"","jetpack_sharing_enabled":true,"_links":{"self":[{"href":"https:\/\/blog.zeit.de\/stoerungsmelder\/wp-json\/wp\/v2\/posts\/6441","targetHints":{"allow":["GET"]}}],"collection":[{"href":"https:\/\/blog.zeit.de\/stoerungsmelder\/wp-json\/wp\/v2\/posts"}],"about":[{"href":"https:\/\/blog.zeit.de\/stoerungsmelder\/wp-json\/wp\/v2\/types\/post"}],"author":[{"embeddable":true,"href":"https:\/\/blog.zeit.de\/stoerungsmelder\/wp-json\/wp\/v2\/users\/229"}],"replies":[{"embeddable":true,"href":"https:\/\/blog.zeit.de\/stoerungsmelder\/wp-json\/wp\/v2\/comments?post=6441"}],"version-history":[{"count":6,"href":"https:\/\/blog.zeit.de\/stoerungsmelder\/wp-json\/wp\/v2\/posts\/6441\/revisions"}],"predecessor-version":[{"id":6447,"href":"https:\/\/blog.zeit.de\/stoerungsmelder\/wp-json\/wp\/v2\/posts\/6441\/revisions\/6447"}],"wp:attachment":[{"href":"https:\/\/blog.zeit.de\/stoerungsmelder\/wp-json\/wp\/v2\/media?parent=6441"}],"wp:term":[{"taxonomy":"category","embeddable":true,"href":"https:\/\/blog.zeit.de\/stoerungsmelder\/wp-json\/wp\/v2\/categories?post=6441"},{"taxonomy":"post_tag","embeddable":true,"href":"https:\/\/blog.zeit.de\/stoerungsmelder\/wp-json\/wp\/v2\/tags?post=6441"}],"curies":[{"name":"wp","href":"https:\/\/api.w.org\/{rel}","templated":true}]}}