{"id":6571,"date":"2011-06-19T12:34:28","date_gmt":"2011-06-19T10:34:28","guid":{"rendered":"http:\/\/blog.zeit.de\/stoerungsmelder\/?p=6571"},"modified":"2011-06-19T12:37:37","modified_gmt":"2011-06-19T10:37:37","slug":"hakenkreuz-auf-der-brust","status":"publish","type":"post","link":"https:\/\/blog.zeit.de\/stoerungsmelder\/2011\/06\/19\/hakenkreuz-auf-der-brust_6571","title":{"rendered":"Messerstecher mit Hakenkreuz auf der Brust"},"content":{"rendered":"<p>Der Mann sieht aus wie eine Figur aus der Geisterbahn. Der Sch\u00e4del fast komplett t\u00e4towiert, das Gesicht mit Piercings getackert. W\u00fcrde der 33-j\u00e4hrige Marcus E. seinen Oberk\u00f6rper frei machen, k\u00e4men weitere Tattoos zum Vorschein, darunter ein Hakenkreuz, wie es in Sicherheitskreisen hei\u00dft. F\u00fcr die Mutter von Kamal Kilade reicht schon der Blick ins Gesicht des Mannes. Die aus dem Irak stammende Frau weint heftig, als sie am Freitag im Leipziger Landgericht den Angeklagten sieht, der am 24. Oktober 2010 ihren Sohn erstochen haben soll.<!--more--><\/p>\n<p><em>Von <a href=\"http:\/\/www.tagesspiegel.de\/politik\/mit-dem-klappmesser-zugestochen-prozess-um-den-tod-eines-jungen-irakers-in-leipzig\/4298178.html\">Tagesspiegel<\/a>-Autor Frank Jansen<\/em><\/p>\n<p>Marcus E. wirkt unger\u00fchrt. Der Mitangeklagte Daniel K. (29) senkt den Kopf. Mit den Strubbelhaaren sieht K. nicht mehr wie ein Neonazi aus, doch auch er soll seinen K\u00f6rper mit einem Hakenkreuz verunziert haben \u2013 und dem Leitspruch der SS, \u201eMeine Ehre hei\u00dft Treue\u201c.<\/p>\n<p>Marcus E. und Daniel K. h\u00e4tten am Willy-Brandt-Platz in Leipzig grundlos mit dem 19-j\u00e4hrigen Kilade Streit gesucht, tr\u00e4gt Staatsanw\u00e4ltin Katrin Minkus zum Beginn des Prozesses aus der Anklageschrift vor. Beide M\u00e4nner h\u00e4tten Kilade geschlagen, K. habe ihm auch Reizgas ins Gesicht gespr\u00fcht. Pl\u00f6tzlich habe E. mit einem Klappmesser zugestochen. Kilade starb noch am selben Tag im Universit\u00e4tsklinikum Leipzig. Minkus h\u00e4lt E. Totschlag vor und beiden Angeklagten gef\u00e4hrliche K\u00f6rperverletzung.<\/p>\n<p>Das reicht nach Ansicht von Kilades Familie nicht. Der Anwalt der Mutter, Sebastian Scharmer, fordert in einem Antrag die Richter auf, Marcus E. den rechtlichen Hinweis zu erteilen, er k\u00f6nne auch wegen eines rassistischen Mordes verurteilt werden. Und Daniel K. sollten die Richter sagen, bei ihm k\u00e4me auch K\u00f6rperverletzung mit Todesfolge in Betracht. Scharmer betont, dass im Haftbefehl, den das Amtsgericht Leipzig im Oktober 2010 gegen E. und K. erlie\u00df, von einer ausl\u00e4nderfeindlichen Gesinnung und gemeinschaftlichem Mord die Rede war. Dass die Anklagebeh\u00f6rde den Fall dann herunterstufte, ist f\u00fcr Scharmer und Kilades Familie unverst\u00e4ndlich. Die Richter \u00e4u\u00dfern sich zum Antrag erst mal nicht \u2013 erteilen aber von sich aus E. den Hinweis, gegen ihn k\u00f6nne Sicherungsverwahrung verh\u00e4ngt werden.<\/p>\n","protected":false},"excerpt":{"rendered":"<p>Der Mann sieht aus wie eine Figur aus der Geisterbahn. Der Sch\u00e4del fast komplett t\u00e4towiert, das Gesicht mit Piercings getackert. W\u00fcrde der 33-j\u00e4hrige Marcus E. seinen Oberk\u00f6rper frei machen, k\u00e4men weitere Tattoos zum Vorschein, darunter ein Hakenkreuz, wie es in Sicherheitskreisen hei\u00dft. F\u00fcr die Mutter von Kamal Kilade reicht schon der Blick ins Gesicht des [&hellip;]<\/p>\n","protected":false},"author":229,"featured_media":0,"comment_status":"open","ping_status":"open","sticky":false,"template":"","format":"standard","meta":{"_jetpack_memberships_contains_paid_content":false,"footnotes":""},"categories":[1456],"tags":[1638,6386,1755],"class_list":["post-6571","post","type-post","status-publish","format-standard","hentry","category-sachsen","tag-justiz","tag-kamal","tag-rechte-gewalt"],"yoast_head":"<!-- This site is optimized with the Yoast SEO plugin v21.0 - https:\/\/yoast.com\/wordpress\/plugins\/seo\/ -->\n<title>Messerstecher mit Hakenkreuz auf der Brust - St\u00f6rungsmelder<\/title>\n<meta name=\"robots\" content=\"index, follow, max-snippet:-1, max-image-preview:large, max-video-preview:-1\" \/>\n<link rel=\"canonical\" href=\"https:\/\/blog.zeit.de\/stoerungsmelder\/2011\/06\/19\/hakenkreuz-auf-der-brust_6571\" \/>\n<meta property=\"og:locale\" content=\"de_DE\" \/>\n<meta property=\"og:type\" content=\"article\" \/>\n<meta property=\"og:title\" content=\"Messerstecher mit Hakenkreuz auf der Brust - St\u00f6rungsmelder\" \/>\n<meta property=\"og:description\" content=\"Der Mann sieht aus wie eine Figur aus der Geisterbahn. Der Sch\u00e4del fast komplett t\u00e4towiert, das Gesicht mit Piercings getackert. W\u00fcrde der 33-j\u00e4hrige Marcus E. seinen Oberk\u00f6rper frei machen, k\u00e4men weitere Tattoos zum Vorschein, darunter ein Hakenkreuz, wie es in Sicherheitskreisen hei\u00dft. F\u00fcr die Mutter von Kamal Kilade reicht schon der Blick ins Gesicht des [&hellip;]\" \/>\n<meta property=\"og:url\" content=\"https:\/\/blog.zeit.de\/stoerungsmelder\/2011\/06\/19\/hakenkreuz-auf-der-brust_6571\" \/>\n<meta property=\"og:site_name\" content=\"St\u00f6rungsmelder\" \/>\n<meta property=\"article:published_time\" content=\"2011-06-19T10:34:28+00:00\" \/>\n<meta property=\"article:modified_time\" content=\"2011-06-19T10:37:37+00:00\" \/>\n<meta name=\"author\" content=\"St\u00f6rungsmelder\" \/>\n<meta name=\"twitter:card\" content=\"summary_large_image\" \/>\n<meta name=\"twitter:label1\" content=\"Geschrieben von\" \/>\n\t<meta name=\"twitter:data1\" content=\"St\u00f6rungsmelder\" \/>\n\t<meta name=\"twitter:label2\" content=\"Gesch\u00e4tzte Lesezeit\" \/>\n\t<meta name=\"twitter:data2\" content=\"2\u00a0Minuten\" \/>\n<script type=\"application\/ld+json\" class=\"yoast-schema-graph\">{\"@context\":\"https:\/\/schema.org\",\"@graph\":[{\"@type\":\"WebPage\",\"@id\":\"https:\/\/blog.zeit.de\/stoerungsmelder\/2011\/06\/19\/hakenkreuz-auf-der-brust_6571\",\"url\":\"https:\/\/blog.zeit.de\/stoerungsmelder\/2011\/06\/19\/hakenkreuz-auf-der-brust_6571\",\"name\":\"Messerstecher mit Hakenkreuz auf der Brust - St\u00f6rungsmelder\",\"isPartOf\":{\"@id\":\"https:\/\/blog.zeit.de\/stoerungsmelder\/#website\"},\"datePublished\":\"2011-06-19T10:34:28+00:00\",\"dateModified\":\"2011-06-19T10:37:37+00:00\",\"author\":{\"@id\":\"https:\/\/blog.zeit.de\/stoerungsmelder\/#\/schema\/person\/fdd0b9818f65738672810b6d6f037f71\"},\"breadcrumb\":{\"@id\":\"https:\/\/blog.zeit.de\/stoerungsmelder\/2011\/06\/19\/hakenkreuz-auf-der-brust_6571#breadcrumb\"},\"inLanguage\":\"de\",\"potentialAction\":[{\"@type\":\"ReadAction\",\"target\":[\"https:\/\/blog.zeit.de\/stoerungsmelder\/2011\/06\/19\/hakenkreuz-auf-der-brust_6571\"]}]},{\"@type\":\"BreadcrumbList\",\"@id\":\"https:\/\/blog.zeit.de\/stoerungsmelder\/2011\/06\/19\/hakenkreuz-auf-der-brust_6571#breadcrumb\",\"itemListElement\":[{\"@type\":\"ListItem\",\"position\":1,\"name\":\"Startseite\",\"item\":\"https:\/\/blog.zeit.de\/stoerungsmelder\"},{\"@type\":\"ListItem\",\"position\":2,\"name\":\"Messerstecher mit Hakenkreuz auf der Brust\"}]},{\"@type\":\"WebSite\",\"@id\":\"https:\/\/blog.zeit.de\/stoerungsmelder\/#website\",\"url\":\"https:\/\/blog.zeit.de\/stoerungsmelder\/\",\"name\":\"St\u00f6rungsmelder\",\"description\":\"Recherchen und Analysen \u00fcber die extreme Rechte\",\"potentialAction\":[{\"@type\":\"SearchAction\",\"target\":{\"@type\":\"EntryPoint\",\"urlTemplate\":\"https:\/\/blog.zeit.de\/stoerungsmelder\/?s={search_term_string}\"},\"query-input\":\"required name=search_term_string\"}],\"inLanguage\":\"de\"},{\"@type\":\"Person\",\"@id\":\"https:\/\/blog.zeit.de\/stoerungsmelder\/#\/schema\/person\/fdd0b9818f65738672810b6d6f037f71\",\"name\":\"St\u00f6rungsmelder\",\"image\":{\"@type\":\"ImageObject\",\"inLanguage\":\"de\",\"@id\":\"https:\/\/blog.zeit.de\/stoerungsmelder\/#\/schema\/person\/image\/\",\"url\":\"https:\/\/secure.gravatar.com\/avatar\/dfa4be514c3e82a71e4f9a0020035d38192d080ccaa5e4e6d7a1472c763535c5?s=96&d=mm&r=pg\",\"contentUrl\":\"https:\/\/secure.gravatar.com\/avatar\/dfa4be514c3e82a71e4f9a0020035d38192d080ccaa5e4e6d7a1472c763535c5?s=96&d=mm&r=pg\",\"caption\":\"St\u00f6rungsmelder\"},\"url\":\"https:\/\/blog.zeit.de\/stoerungsmelder\/author\/stoerungsmelder\"}]}<\/script>\n<!-- \/ Yoast SEO plugin. -->","yoast_head_json":{"title":"Messerstecher mit Hakenkreuz auf der Brust - St\u00f6rungsmelder","robots":{"index":"index","follow":"follow","max-snippet":"max-snippet:-1","max-image-preview":"max-image-preview:large","max-video-preview":"max-video-preview:-1"},"canonical":"https:\/\/blog.zeit.de\/stoerungsmelder\/2011\/06\/19\/hakenkreuz-auf-der-brust_6571","og_locale":"de_DE","og_type":"article","og_title":"Messerstecher mit Hakenkreuz auf der Brust - St\u00f6rungsmelder","og_description":"Der Mann sieht aus wie eine Figur aus der Geisterbahn. Der Sch\u00e4del fast komplett t\u00e4towiert, das Gesicht mit Piercings getackert. W\u00fcrde der 33-j\u00e4hrige Marcus E. seinen Oberk\u00f6rper frei machen, k\u00e4men weitere Tattoos zum Vorschein, darunter ein Hakenkreuz, wie es in Sicherheitskreisen hei\u00dft. F\u00fcr die Mutter von Kamal Kilade reicht schon der Blick ins Gesicht des [&hellip;]","og_url":"https:\/\/blog.zeit.de\/stoerungsmelder\/2011\/06\/19\/hakenkreuz-auf-der-brust_6571","og_site_name":"St\u00f6rungsmelder","article_published_time":"2011-06-19T10:34:28+00:00","article_modified_time":"2011-06-19T10:37:37+00:00","author":"St\u00f6rungsmelder","twitter_card":"summary_large_image","twitter_misc":{"Geschrieben von":"St\u00f6rungsmelder","Gesch\u00e4tzte Lesezeit":"2\u00a0Minuten"},"schema":{"@context":"https:\/\/schema.org","@graph":[{"@type":"WebPage","@id":"https:\/\/blog.zeit.de\/stoerungsmelder\/2011\/06\/19\/hakenkreuz-auf-der-brust_6571","url":"https:\/\/blog.zeit.de\/stoerungsmelder\/2011\/06\/19\/hakenkreuz-auf-der-brust_6571","name":"Messerstecher mit Hakenkreuz auf der Brust - St\u00f6rungsmelder","isPartOf":{"@id":"https:\/\/blog.zeit.de\/stoerungsmelder\/#website"},"datePublished":"2011-06-19T10:34:28+00:00","dateModified":"2011-06-19T10:37:37+00:00","author":{"@id":"https:\/\/blog.zeit.de\/stoerungsmelder\/#\/schema\/person\/fdd0b9818f65738672810b6d6f037f71"},"breadcrumb":{"@id":"https:\/\/blog.zeit.de\/stoerungsmelder\/2011\/06\/19\/hakenkreuz-auf-der-brust_6571#breadcrumb"},"inLanguage":"de","potentialAction":[{"@type":"ReadAction","target":["https:\/\/blog.zeit.de\/stoerungsmelder\/2011\/06\/19\/hakenkreuz-auf-der-brust_6571"]}]},{"@type":"BreadcrumbList","@id":"https:\/\/blog.zeit.de\/stoerungsmelder\/2011\/06\/19\/hakenkreuz-auf-der-brust_6571#breadcrumb","itemListElement":[{"@type":"ListItem","position":1,"name":"Startseite","item":"https:\/\/blog.zeit.de\/stoerungsmelder"},{"@type":"ListItem","position":2,"name":"Messerstecher mit Hakenkreuz auf der Brust"}]},{"@type":"WebSite","@id":"https:\/\/blog.zeit.de\/stoerungsmelder\/#website","url":"https:\/\/blog.zeit.de\/stoerungsmelder\/","name":"St\u00f6rungsmelder","description":"Recherchen und Analysen \u00fcber die extreme Rechte","potentialAction":[{"@type":"SearchAction","target":{"@type":"EntryPoint","urlTemplate":"https:\/\/blog.zeit.de\/stoerungsmelder\/?s={search_term_string}"},"query-input":"required name=search_term_string"}],"inLanguage":"de"},{"@type":"Person","@id":"https:\/\/blog.zeit.de\/stoerungsmelder\/#\/schema\/person\/fdd0b9818f65738672810b6d6f037f71","name":"St\u00f6rungsmelder","image":{"@type":"ImageObject","inLanguage":"de","@id":"https:\/\/blog.zeit.de\/stoerungsmelder\/#\/schema\/person\/image\/","url":"https:\/\/secure.gravatar.com\/avatar\/dfa4be514c3e82a71e4f9a0020035d38192d080ccaa5e4e6d7a1472c763535c5?s=96&d=mm&r=pg","contentUrl":"https:\/\/secure.gravatar.com\/avatar\/dfa4be514c3e82a71e4f9a0020035d38192d080ccaa5e4e6d7a1472c763535c5?s=96&d=mm&r=pg","caption":"St\u00f6rungsmelder"},"url":"https:\/\/blog.zeit.de\/stoerungsmelder\/author\/stoerungsmelder"}]}},"jetpack_featured_media_url":"","jetpack_sharing_enabled":true,"_links":{"self":[{"href":"https:\/\/blog.zeit.de\/stoerungsmelder\/wp-json\/wp\/v2\/posts\/6571","targetHints":{"allow":["GET"]}}],"collection":[{"href":"https:\/\/blog.zeit.de\/stoerungsmelder\/wp-json\/wp\/v2\/posts"}],"about":[{"href":"https:\/\/blog.zeit.de\/stoerungsmelder\/wp-json\/wp\/v2\/types\/post"}],"author":[{"embeddable":true,"href":"https:\/\/blog.zeit.de\/stoerungsmelder\/wp-json\/wp\/v2\/users\/229"}],"replies":[{"embeddable":true,"href":"https:\/\/blog.zeit.de\/stoerungsmelder\/wp-json\/wp\/v2\/comments?post=6571"}],"version-history":[{"count":5,"href":"https:\/\/blog.zeit.de\/stoerungsmelder\/wp-json\/wp\/v2\/posts\/6571\/revisions"}],"predecessor-version":[{"id":6574,"href":"https:\/\/blog.zeit.de\/stoerungsmelder\/wp-json\/wp\/v2\/posts\/6571\/revisions\/6574"}],"wp:attachment":[{"href":"https:\/\/blog.zeit.de\/stoerungsmelder\/wp-json\/wp\/v2\/media?parent=6571"}],"wp:term":[{"taxonomy":"category","embeddable":true,"href":"https:\/\/blog.zeit.de\/stoerungsmelder\/wp-json\/wp\/v2\/categories?post=6571"},{"taxonomy":"post_tag","embeddable":true,"href":"https:\/\/blog.zeit.de\/stoerungsmelder\/wp-json\/wp\/v2\/tags?post=6571"}],"curies":[{"name":"wp","href":"https:\/\/api.w.org\/{rel}","templated":true}]}}