{"id":6611,"date":"2011-07-01T12:21:01","date_gmt":"2011-07-01T10:21:01","guid":{"rendered":"http:\/\/blog.zeit.de\/stoerungsmelder\/?p=6611"},"modified":"2011-07-01T12:21:01","modified_gmt":"2011-07-01T10:21:01","slug":"buntes-fest-gegen-braune-propaganda","status":"publish","type":"post","link":"https:\/\/blog.zeit.de\/stoerungsmelder\/2011\/07\/01\/buntes-fest-gegen-braune-propaganda_6611","title":{"rendered":"Buntes Fest gegen braune Propaganda"},"content":{"rendered":"<p><a href=\"https:\/\/blog.zeit.de\/stoerungsmelder\/files\/2011\/07\/276790_103580373071068_8331937_n.jpg\"><img loading=\"lazy\" decoding=\"async\" class=\"alignleft size-full wp-image-6612\" title=\"276790_103580373071068_8331937_n\" src=\"https:\/\/blog.zeit.de\/stoerungsmelder\/files\/2011\/07\/276790_103580373071068_8331937_n.jpg\" alt=\"\" width=\"200\" height=\"283\" \/><\/a><\/p>\n<p>Am Quitzdorfer See bei Niesky (Sachsen) veranstaltet die NPD am kommenden Wochenende zum wiederholten Mal das sogenannte Pressefest ihrer Parteizeitung \u201eDeutsche Stimme\u201c. Neu ist die Dimension: Erstmals l\u00e4uft die Nazi-Versammlung \u00fcber zwei Tage, und mobilisiert werden soll offensichtlich nicht nur die deutsche, sondern auch die europ\u00e4ische Naziszene. Hier findet eher unbeachtet von der breiten \u00d6ffentlichkeit eine Entwicklung statt, deren Ziel augenscheinlich die Etablierung eines neuen festen Gro\u00dfereignisses f\u00fcr Europas rechte Szene in Sachsen ist. Ein breites B\u00fcndnis organisiert jetzt eine bunte Protestaktion.<!--more--><\/p>\n<p>Die zunehmend erfolglose Instrumentalisierung des 13. Februars in Dresden durch die Nazis ist der Erfolg einer mutigen B\u00fcrgerschaft und engagierter Menschen aus allen gesellschaftlichen Bereichen. Umso wichtiger ist es, dass nun auch eine breite \u00d6ffentlichkeit ihre Aufmerksamkeit auf den Quitzdorfer See richtet, wo sich Nazis fernab der Gro\u00dfst\u00e4dte und im idyllischen Schutz von Wasser und Wald versuchen, ein neues Gro\u00dfevent zu etablieren.<\/p>\n<p>Daf\u00fcr sprechen auch Bem\u00fchungen, neben den klassischen NPD-Anh\u00e4ngern die offen nazistischen und gewaltbereiten \u201eFreien Kr\u00e4fte\u201c einzubeziehen, die nur lockere Organisationsstrukturen haben und nicht im engeren Einflussbereich der NPD stehen. Denn das Nazi-Fest am Quitzdorfer Stausee ist eine Mischung aus parteipolitischer Podiumsveranstaltung der NPD und Rechtsrock-Festival mit Zeltlager. Dies ist als Versuch zu werten, zwei unterschiedliche Lager zu bedienen: einerseits die so genannte Freie Szene, die in ihren Kleinstzusammenh\u00e4ngen neue Netzwerke vor allem \u00fcber Musikveranstaltungen herstellten, und andererseits die klein- und spie\u00dfb\u00fcrgerliche Kientel der NPD.<\/p>\n<p>Nicht zuletzt soll die Veranstaltung nat\u00fcrlich \u00fcber die erheblichen Eintrittsgelder und eine Reihe von Nazi-Merchandising-St\u00e4nden frisches Geld in die immer mehr unter Druck geratenden NPD-Kassen sp\u00fclen.<\/p>\n<p>Das \u201ePressefest\u201c samt Zeltlager findet auf privaten Grundst\u00fccken rund um den Stausee statt. Verwalterin und Besitzerin ist die Familie Redeker, die vom DDR-Naherholungsgel\u00e4nde des &#8222;Kombinates Industrielle Mast&#8220; \u2013 heute \u201eNiederschlesisches Feriendorf\u201c \u2013\u00a0aus in den vergangenen Jahren ihre Immobilieninteressen ausgebaut und durch Grundst\u00fcckszuk\u00e4ufe und Pachtvertr\u00e4ge erweitert hat. Obwohl die Familie ihre Grundst\u00fccke\u00a0in den vergangenen Jahren\u00a0mehrfach f\u00fcr Neonaziveranstaltungen zur Verf\u00fcgung stellte, gab es keine \u00f6ffentlich wahrnehmbare kritische Diskussion. So konnten die Redekers ihren wirtschaftlichen Interessen unbehelligt weiter nachgehen.<\/p>\n<p>Ein breites gesellschaftliches B\u00fcndnis l\u00e4dt nun ein, am kommenden Samstag nach Quitzdorf \/ OT Stein\u00f6lsa zu kommen und die Nazi-Versammlung lautstark und kritisch zu begleiten. Unter dem Motto &#8222;Bunter Schall als Widerhall&#8220; wird allen Interessierten Gegenkultur zum &#8222;Pressefest&#8220; geboten: Reden und Musik werden sich den ganzen Tag \u00fcber abwechseln; neben dem Auftritt verschiedener Bands werden auch die Besucher aktiv: \u201eMit mitgebrachten Trommeln, Vuvuzelas und anderen Instrumenten, k\u00f6nnen sich alle an selbst gemachter Musik laut und fr\u00f6hlich erfreuen\u201c, hei\u00dft es in der Pressemitteilung des B\u00fcndnisses.<\/p>\n<p>Die Teilnehmer von Workshops und einer Ideenwerkstadt werden gemeinsam Strategien f\u00fcr den zuk\u00fcnftigen Umgang mit solch rechtsradikalen Gro\u00dfveranstaltungen in der Region entwickeln. Kurzfilme zum Thema geh\u00f6ren ebenfalls zum Rahmenprogramm, und f\u00fcr das leibliche Wohl ist gesorgt.<\/p>\n<p>\u201eDie Region rund um den Quitzdorfer See hat es schwer genug in Bezug auf die wirtschaftliche Entwicklung. Es kann nicht in unserem Sinne sein, dass die Gegend, die sich jetzt langsam touristisch entwickelt, nun durch die Vereinnahmung einer verfassungsfeindlichen, intoleranten und menschenverachtenden Organisation in Verruf ger\u00e4t.\u201c<\/p>\n<p><strong>Zeit:\u00a0\u00a0\u00a0Samstag, 2. Juli, 12:30 \u2013 19:00 Uhr<br \/>\nOrt:\u00a0\u00a0\u00a0 Indianistik- und Westernverein &#8211; &#8222;Crazy Horse&#8220;<br \/>\nKollmer Str. 24<br \/>\n02906 Quitzdorf am See \/ Ortsteil Stein\u00f6lsa<\/strong><\/p>\n<p><strong>Weitere Infos bei <a href=\"http:\/\/www.facebook.com\/event.php?eid=103580373071068\">Facebook<\/a><\/strong><\/p>\n","protected":false},"excerpt":{"rendered":"<p>Am Quitzdorfer See bei Niesky (Sachsen) veranstaltet die NPD am kommenden Wochenende zum wiederholten Mal das sogenannte Pressefest ihrer Parteizeitung \u201eDeutsche Stimme\u201c. Neu ist die Dimension: Erstmals l\u00e4uft die Nazi-Versammlung \u00fcber zwei Tage, und mobilisiert werden soll offensichtlich nicht nur die deutsche, sondern auch die europ\u00e4ische Naziszene. Hier findet eher unbeachtet von der breiten \u00d6ffentlichkeit [&hellip;]<\/p>\n","protected":false},"author":229,"featured_media":0,"comment_status":"open","ping_status":"open","sticky":false,"template":"","format":"standard","meta":{"_jetpack_memberships_contains_paid_content":false,"footnotes":""},"categories":[1456],"tags":[1716,1752,1858],"class_list":["post-6611","post","type-post","status-publish","format-standard","hentry","category-sachsen","tag-npd","tag-protest","tag-zivilcourage"],"yoast_head":"<!-- This site is optimized with the Yoast SEO plugin v21.0 - https:\/\/yoast.com\/wordpress\/plugins\/seo\/ -->\n<title>Buntes Fest gegen braune Propaganda - St\u00f6rungsmelder<\/title>\n<meta name=\"robots\" content=\"index, follow, max-snippet:-1, max-image-preview:large, max-video-preview:-1\" \/>\n<link rel=\"canonical\" href=\"https:\/\/blog.zeit.de\/stoerungsmelder\/2011\/07\/01\/buntes-fest-gegen-braune-propaganda_6611\" \/>\n<meta property=\"og:locale\" content=\"de_DE\" \/>\n<meta property=\"og:type\" content=\"article\" \/>\n<meta property=\"og:title\" content=\"Buntes Fest gegen braune Propaganda - St\u00f6rungsmelder\" \/>\n<meta property=\"og:description\" content=\"Am Quitzdorfer See bei Niesky (Sachsen) veranstaltet die NPD am kommenden Wochenende zum wiederholten Mal das sogenannte Pressefest ihrer Parteizeitung \u201eDeutsche Stimme\u201c. Neu ist die Dimension: Erstmals l\u00e4uft die Nazi-Versammlung \u00fcber zwei Tage, und mobilisiert werden soll offensichtlich nicht nur die deutsche, sondern auch die europ\u00e4ische Naziszene. Hier findet eher unbeachtet von der breiten \u00d6ffentlichkeit [&hellip;]\" \/>\n<meta property=\"og:url\" content=\"https:\/\/blog.zeit.de\/stoerungsmelder\/2011\/07\/01\/buntes-fest-gegen-braune-propaganda_6611\" \/>\n<meta property=\"og:site_name\" content=\"St\u00f6rungsmelder\" \/>\n<meta property=\"article:published_time\" content=\"2011-07-01T10:21:01+00:00\" \/>\n<meta property=\"og:image\" content=\"https:\/\/blog.zeit.de\/stoerungsmelder\/files\/2011\/07\/276790_103580373071068_8331937_n.jpg\" \/>\n<meta name=\"author\" content=\"St\u00f6rungsmelder\" \/>\n<meta name=\"twitter:card\" content=\"summary_large_image\" \/>\n<meta name=\"twitter:label1\" content=\"Geschrieben von\" \/>\n\t<meta name=\"twitter:data1\" content=\"St\u00f6rungsmelder\" \/>\n\t<meta name=\"twitter:label2\" content=\"Gesch\u00e4tzte Lesezeit\" \/>\n\t<meta name=\"twitter:data2\" content=\"3\u00a0Minuten\" \/>\n<script type=\"application\/ld+json\" class=\"yoast-schema-graph\">{\"@context\":\"https:\/\/schema.org\",\"@graph\":[{\"@type\":\"WebPage\",\"@id\":\"https:\/\/blog.zeit.de\/stoerungsmelder\/2011\/07\/01\/buntes-fest-gegen-braune-propaganda_6611\",\"url\":\"https:\/\/blog.zeit.de\/stoerungsmelder\/2011\/07\/01\/buntes-fest-gegen-braune-propaganda_6611\",\"name\":\"Buntes Fest gegen braune Propaganda - St\u00f6rungsmelder\",\"isPartOf\":{\"@id\":\"https:\/\/blog.zeit.de\/stoerungsmelder\/#website\"},\"datePublished\":\"2011-07-01T10:21:01+00:00\",\"dateModified\":\"2011-07-01T10:21:01+00:00\",\"author\":{\"@id\":\"https:\/\/blog.zeit.de\/stoerungsmelder\/#\/schema\/person\/fdd0b9818f65738672810b6d6f037f71\"},\"breadcrumb\":{\"@id\":\"https:\/\/blog.zeit.de\/stoerungsmelder\/2011\/07\/01\/buntes-fest-gegen-braune-propaganda_6611#breadcrumb\"},\"inLanguage\":\"de\",\"potentialAction\":[{\"@type\":\"ReadAction\",\"target\":[\"https:\/\/blog.zeit.de\/stoerungsmelder\/2011\/07\/01\/buntes-fest-gegen-braune-propaganda_6611\"]}]},{\"@type\":\"BreadcrumbList\",\"@id\":\"https:\/\/blog.zeit.de\/stoerungsmelder\/2011\/07\/01\/buntes-fest-gegen-braune-propaganda_6611#breadcrumb\",\"itemListElement\":[{\"@type\":\"ListItem\",\"position\":1,\"name\":\"Startseite\",\"item\":\"https:\/\/blog.zeit.de\/stoerungsmelder\"},{\"@type\":\"ListItem\",\"position\":2,\"name\":\"Buntes Fest gegen braune Propaganda\"}]},{\"@type\":\"WebSite\",\"@id\":\"https:\/\/blog.zeit.de\/stoerungsmelder\/#website\",\"url\":\"https:\/\/blog.zeit.de\/stoerungsmelder\/\",\"name\":\"St\u00f6rungsmelder\",\"description\":\"Recherchen und Analysen \u00fcber die extreme Rechte\",\"potentialAction\":[{\"@type\":\"SearchAction\",\"target\":{\"@type\":\"EntryPoint\",\"urlTemplate\":\"https:\/\/blog.zeit.de\/stoerungsmelder\/?s={search_term_string}\"},\"query-input\":\"required name=search_term_string\"}],\"inLanguage\":\"de\"},{\"@type\":\"Person\",\"@id\":\"https:\/\/blog.zeit.de\/stoerungsmelder\/#\/schema\/person\/fdd0b9818f65738672810b6d6f037f71\",\"name\":\"St\u00f6rungsmelder\",\"image\":{\"@type\":\"ImageObject\",\"inLanguage\":\"de\",\"@id\":\"https:\/\/blog.zeit.de\/stoerungsmelder\/#\/schema\/person\/image\/\",\"url\":\"https:\/\/secure.gravatar.com\/avatar\/dfa4be514c3e82a71e4f9a0020035d38192d080ccaa5e4e6d7a1472c763535c5?s=96&d=mm&r=pg\",\"contentUrl\":\"https:\/\/secure.gravatar.com\/avatar\/dfa4be514c3e82a71e4f9a0020035d38192d080ccaa5e4e6d7a1472c763535c5?s=96&d=mm&r=pg\",\"caption\":\"St\u00f6rungsmelder\"},\"url\":\"https:\/\/blog.zeit.de\/stoerungsmelder\/author\/stoerungsmelder\"}]}<\/script>\n<!-- \/ Yoast SEO plugin. -->","yoast_head_json":{"title":"Buntes Fest gegen braune Propaganda - St\u00f6rungsmelder","robots":{"index":"index","follow":"follow","max-snippet":"max-snippet:-1","max-image-preview":"max-image-preview:large","max-video-preview":"max-video-preview:-1"},"canonical":"https:\/\/blog.zeit.de\/stoerungsmelder\/2011\/07\/01\/buntes-fest-gegen-braune-propaganda_6611","og_locale":"de_DE","og_type":"article","og_title":"Buntes Fest gegen braune Propaganda - St\u00f6rungsmelder","og_description":"Am Quitzdorfer See bei Niesky (Sachsen) veranstaltet die NPD am kommenden Wochenende zum wiederholten Mal das sogenannte Pressefest ihrer Parteizeitung \u201eDeutsche Stimme\u201c. Neu ist die Dimension: Erstmals l\u00e4uft die Nazi-Versammlung \u00fcber zwei Tage, und mobilisiert werden soll offensichtlich nicht nur die deutsche, sondern auch die europ\u00e4ische Naziszene. Hier findet eher unbeachtet von der breiten \u00d6ffentlichkeit [&hellip;]","og_url":"https:\/\/blog.zeit.de\/stoerungsmelder\/2011\/07\/01\/buntes-fest-gegen-braune-propaganda_6611","og_site_name":"St\u00f6rungsmelder","article_published_time":"2011-07-01T10:21:01+00:00","og_image":[{"url":"https:\/\/blog.zeit.de\/stoerungsmelder\/files\/2011\/07\/276790_103580373071068_8331937_n.jpg"}],"author":"St\u00f6rungsmelder","twitter_card":"summary_large_image","twitter_misc":{"Geschrieben von":"St\u00f6rungsmelder","Gesch\u00e4tzte Lesezeit":"3\u00a0Minuten"},"schema":{"@context":"https:\/\/schema.org","@graph":[{"@type":"WebPage","@id":"https:\/\/blog.zeit.de\/stoerungsmelder\/2011\/07\/01\/buntes-fest-gegen-braune-propaganda_6611","url":"https:\/\/blog.zeit.de\/stoerungsmelder\/2011\/07\/01\/buntes-fest-gegen-braune-propaganda_6611","name":"Buntes Fest gegen braune Propaganda - St\u00f6rungsmelder","isPartOf":{"@id":"https:\/\/blog.zeit.de\/stoerungsmelder\/#website"},"datePublished":"2011-07-01T10:21:01+00:00","dateModified":"2011-07-01T10:21:01+00:00","author":{"@id":"https:\/\/blog.zeit.de\/stoerungsmelder\/#\/schema\/person\/fdd0b9818f65738672810b6d6f037f71"},"breadcrumb":{"@id":"https:\/\/blog.zeit.de\/stoerungsmelder\/2011\/07\/01\/buntes-fest-gegen-braune-propaganda_6611#breadcrumb"},"inLanguage":"de","potentialAction":[{"@type":"ReadAction","target":["https:\/\/blog.zeit.de\/stoerungsmelder\/2011\/07\/01\/buntes-fest-gegen-braune-propaganda_6611"]}]},{"@type":"BreadcrumbList","@id":"https:\/\/blog.zeit.de\/stoerungsmelder\/2011\/07\/01\/buntes-fest-gegen-braune-propaganda_6611#breadcrumb","itemListElement":[{"@type":"ListItem","position":1,"name":"Startseite","item":"https:\/\/blog.zeit.de\/stoerungsmelder"},{"@type":"ListItem","position":2,"name":"Buntes Fest gegen braune Propaganda"}]},{"@type":"WebSite","@id":"https:\/\/blog.zeit.de\/stoerungsmelder\/#website","url":"https:\/\/blog.zeit.de\/stoerungsmelder\/","name":"St\u00f6rungsmelder","description":"Recherchen und Analysen \u00fcber die extreme Rechte","potentialAction":[{"@type":"SearchAction","target":{"@type":"EntryPoint","urlTemplate":"https:\/\/blog.zeit.de\/stoerungsmelder\/?s={search_term_string}"},"query-input":"required name=search_term_string"}],"inLanguage":"de"},{"@type":"Person","@id":"https:\/\/blog.zeit.de\/stoerungsmelder\/#\/schema\/person\/fdd0b9818f65738672810b6d6f037f71","name":"St\u00f6rungsmelder","image":{"@type":"ImageObject","inLanguage":"de","@id":"https:\/\/blog.zeit.de\/stoerungsmelder\/#\/schema\/person\/image\/","url":"https:\/\/secure.gravatar.com\/avatar\/dfa4be514c3e82a71e4f9a0020035d38192d080ccaa5e4e6d7a1472c763535c5?s=96&d=mm&r=pg","contentUrl":"https:\/\/secure.gravatar.com\/avatar\/dfa4be514c3e82a71e4f9a0020035d38192d080ccaa5e4e6d7a1472c763535c5?s=96&d=mm&r=pg","caption":"St\u00f6rungsmelder"},"url":"https:\/\/blog.zeit.de\/stoerungsmelder\/author\/stoerungsmelder"}]}},"jetpack_featured_media_url":"","jetpack_sharing_enabled":true,"_links":{"self":[{"href":"https:\/\/blog.zeit.de\/stoerungsmelder\/wp-json\/wp\/v2\/posts\/6611","targetHints":{"allow":["GET"]}}],"collection":[{"href":"https:\/\/blog.zeit.de\/stoerungsmelder\/wp-json\/wp\/v2\/posts"}],"about":[{"href":"https:\/\/blog.zeit.de\/stoerungsmelder\/wp-json\/wp\/v2\/types\/post"}],"author":[{"embeddable":true,"href":"https:\/\/blog.zeit.de\/stoerungsmelder\/wp-json\/wp\/v2\/users\/229"}],"replies":[{"embeddable":true,"href":"https:\/\/blog.zeit.de\/stoerungsmelder\/wp-json\/wp\/v2\/comments?post=6611"}],"version-history":[{"count":4,"href":"https:\/\/blog.zeit.de\/stoerungsmelder\/wp-json\/wp\/v2\/posts\/6611\/revisions"}],"predecessor-version":[{"id":6616,"href":"https:\/\/blog.zeit.de\/stoerungsmelder\/wp-json\/wp\/v2\/posts\/6611\/revisions\/6616"}],"wp:attachment":[{"href":"https:\/\/blog.zeit.de\/stoerungsmelder\/wp-json\/wp\/v2\/media?parent=6611"}],"wp:term":[{"taxonomy":"category","embeddable":true,"href":"https:\/\/blog.zeit.de\/stoerungsmelder\/wp-json\/wp\/v2\/categories?post=6611"},{"taxonomy":"post_tag","embeddable":true,"href":"https:\/\/blog.zeit.de\/stoerungsmelder\/wp-json\/wp\/v2\/tags?post=6611"}],"curies":[{"name":"wp","href":"https:\/\/api.w.org\/{rel}","templated":true}]}}