{"id":6638,"date":"2011-07-05T09:45:53","date_gmt":"2011-07-05T07:45:53","guid":{"rendered":"http:\/\/blog.zeit.de\/stoerungsmelder\/?p=6638"},"modified":"2011-07-05T09:45:53","modified_gmt":"2011-07-05T07:45:53","slug":"rassismus-gegen-deutsche-das-falsche-wort","status":"publish","type":"post","link":"https:\/\/blog.zeit.de\/stoerungsmelder\/2011\/07\/05\/rassismus-gegen-deutsche-das-falsche-wort_6638","title":{"rendered":"Rassismus gegen Deutsche? Das falsche Wort"},"content":{"rendered":"<p>Vor der Anklageerhebung gegen vier Jugendliche, die in Lichtenberg einen Mann brutal zusammenschlagen haben sollen, ist von &#8222;Deutschenfeindlichkeit&#8220; die Rede. Die Rassismus-Debatte beginnt &#8211; leider an der falschen Stelle.<!--more--><\/p>\n<p><em>Von <a href=\"http:\/\/www.tagesspiegel.de\/meinung\/rassismus-gegen-deutsche-das-falsche-wort\/4356688.html\">Tagesspiegel<\/a>-Autorin Andrea Dernbach<\/em><\/p>\n<p>Was w\u00fcrde ein Amerikaner mit einem Schlagwort wie \u201eAmerikanerfeindlichkeit\u201c anfangen? Antiamerikanismus kennt er aus dem Fernsehen, von brennenden US-Flaggen in Lahore und Bagdad, aber mitten in \u201eGod\u2019s own country\u201c? Deutschland dagegen scheint sich gerade an das Wort \u201eDeutschenfeindlichkeit\u201c zu gew\u00f6hnen. Es meint auf Schulh\u00f6fen g\u00e4ngige Verbalinjurien wie \u201edeutsche Kartoffel\u201c, \u201edeutsche Schlampe\u201c oder \u201edreckiger Deutscher\u201c. Auch das sei eine Form von Rassismus, sagt die Familienministerin.<\/p>\n<p>Einen Tag vor der Anklageerhebung gegen vier Jugendliche, die in Lichtenberg einen 30-J\u00e4hrigen brutal zusammenschlugen und -traten, wei\u00df die \u201eBild\u201c, dass die Tat \u201erassistische Hintergr\u00fcnde\u201c hatte, und spuckt gro\u00dfe Lettern: \u201eMotiv: Hass auf Deutsche?\u201c<\/p>\n<p>Rassismus ist eine auffallend selten verwendete Vokabel im deutschen politischen W\u00f6rterbuch. EU und UN haben mehrfach beklagt, dass der Begriff hierzulande auf Antisemitismus verengt werde, was es Beh\u00f6rden und Politik schwer mache, andere Formen von Rassismus zu erkennen und zu bek\u00e4mpfen. Das Institut f\u00fcr Menschenrechte mahnte, etwa in der Sarrazin-Debatte, dass endlich \u00fcber Rassismus zu reden sei und nicht nur den von rechtsau\u00dfen.<\/p>\n<p>Nun geschieht\u2019s. Leider an der falschen Stelle. Rassismus war immer der Vorwurf der Unterdr\u00fcckten an die Adresse der Unterdr\u00fccker, der Opfer gesellschaftlicher Verh\u00e4ltnisse gegen deren Nutznie\u00dfer. Er erz\u00e4hlt von Macht. Dass Migranten in einer Machtposition gegen\u00fcber autochthonen Deutschen w\u00e4ren, w\u00fcrde wohl auch Ministerin Schr\u00f6der nicht behaupten. Der Kampfbegriff der Deutschenfeindlichkeit soll aber auch nicht Wirklichkeit beschreiben, sondern die Mehrheit moralisch entlasten: Wenn junge T\u00fcrken, Kosovaren und Libanesen auch Rassisten sind, sind wir vielleicht gar nicht so schlimm?<\/p>\n<p>Alles, was wir inzwischen \u00fcber strukturelle Diskriminierung von Migranten allein auf dem Arbeitsmarkt und im Bildungssystem wissen, spricht eine andere Sprache. Und f\u00fcr Mordversuche in der U-Bahn und Mobbing auf dem Schulhof gibt es andere klare und harte Worte. Rassismus ist das falsche Wort.<\/p>\n","protected":false},"excerpt":{"rendered":"<p>Vor der Anklageerhebung gegen vier Jugendliche, die in Lichtenberg einen Mann brutal zusammenschlagen haben sollen, ist von &#8222;Deutschenfeindlichkeit&#8220; die Rede. Die Rassismus-Debatte beginnt &#8211; leider an der falschen Stelle.<\/p>\n","protected":false},"author":229,"featured_media":0,"comment_status":"open","ping_status":"open","sticky":false,"template":"","format":"standard","meta":{"_jetpack_memberships_contains_paid_content":false,"footnotes":""},"categories":[249,1515],"tags":[97],"class_list":["post-6638","post","type-post","status-publish","format-standard","hentry","category-berlin","category-bundesweit","tag-rassismus"],"yoast_head":"<!-- This site is optimized with the Yoast SEO plugin v21.0 - https:\/\/yoast.com\/wordpress\/plugins\/seo\/ -->\n<title>Rassismus gegen Deutsche? Das falsche Wort - St\u00f6rungsmelder<\/title>\n<meta name=\"robots\" content=\"index, follow, max-snippet:-1, max-image-preview:large, max-video-preview:-1\" \/>\n<link rel=\"canonical\" href=\"https:\/\/blog.zeit.de\/stoerungsmelder\/2011\/07\/05\/rassismus-gegen-deutsche-das-falsche-wort_6638\" \/>\n<meta property=\"og:locale\" content=\"de_DE\" \/>\n<meta property=\"og:type\" content=\"article\" \/>\n<meta property=\"og:title\" content=\"Rassismus gegen Deutsche? Das falsche Wort - St\u00f6rungsmelder\" \/>\n<meta property=\"og:description\" content=\"Vor der Anklageerhebung gegen vier Jugendliche, die in Lichtenberg einen Mann brutal zusammenschlagen haben sollen, ist von &#8222;Deutschenfeindlichkeit&#8220; die Rede. Die Rassismus-Debatte beginnt &#8211; leider an der falschen Stelle.\" \/>\n<meta property=\"og:url\" content=\"https:\/\/blog.zeit.de\/stoerungsmelder\/2011\/07\/05\/rassismus-gegen-deutsche-das-falsche-wort_6638\" \/>\n<meta property=\"og:site_name\" content=\"St\u00f6rungsmelder\" \/>\n<meta property=\"article:published_time\" content=\"2011-07-05T07:45:53+00:00\" \/>\n<meta name=\"author\" content=\"St\u00f6rungsmelder\" \/>\n<meta name=\"twitter:card\" content=\"summary_large_image\" \/>\n<meta name=\"twitter:label1\" content=\"Geschrieben von\" \/>\n\t<meta name=\"twitter:data1\" content=\"St\u00f6rungsmelder\" \/>\n\t<meta name=\"twitter:label2\" content=\"Gesch\u00e4tzte Lesezeit\" \/>\n\t<meta name=\"twitter:data2\" content=\"2\u00a0Minuten\" \/>\n<script type=\"application\/ld+json\" class=\"yoast-schema-graph\">{\"@context\":\"https:\/\/schema.org\",\"@graph\":[{\"@type\":\"WebPage\",\"@id\":\"https:\/\/blog.zeit.de\/stoerungsmelder\/2011\/07\/05\/rassismus-gegen-deutsche-das-falsche-wort_6638\",\"url\":\"https:\/\/blog.zeit.de\/stoerungsmelder\/2011\/07\/05\/rassismus-gegen-deutsche-das-falsche-wort_6638\",\"name\":\"Rassismus gegen Deutsche? Das falsche Wort - St\u00f6rungsmelder\",\"isPartOf\":{\"@id\":\"https:\/\/blog.zeit.de\/stoerungsmelder\/#website\"},\"datePublished\":\"2011-07-05T07:45:53+00:00\",\"dateModified\":\"2011-07-05T07:45:53+00:00\",\"author\":{\"@id\":\"https:\/\/blog.zeit.de\/stoerungsmelder\/#\/schema\/person\/fdd0b9818f65738672810b6d6f037f71\"},\"breadcrumb\":{\"@id\":\"https:\/\/blog.zeit.de\/stoerungsmelder\/2011\/07\/05\/rassismus-gegen-deutsche-das-falsche-wort_6638#breadcrumb\"},\"inLanguage\":\"de\",\"potentialAction\":[{\"@type\":\"ReadAction\",\"target\":[\"https:\/\/blog.zeit.de\/stoerungsmelder\/2011\/07\/05\/rassismus-gegen-deutsche-das-falsche-wort_6638\"]}]},{\"@type\":\"BreadcrumbList\",\"@id\":\"https:\/\/blog.zeit.de\/stoerungsmelder\/2011\/07\/05\/rassismus-gegen-deutsche-das-falsche-wort_6638#breadcrumb\",\"itemListElement\":[{\"@type\":\"ListItem\",\"position\":1,\"name\":\"Startseite\",\"item\":\"https:\/\/blog.zeit.de\/stoerungsmelder\"},{\"@type\":\"ListItem\",\"position\":2,\"name\":\"Rassismus gegen Deutsche? Das falsche Wort\"}]},{\"@type\":\"WebSite\",\"@id\":\"https:\/\/blog.zeit.de\/stoerungsmelder\/#website\",\"url\":\"https:\/\/blog.zeit.de\/stoerungsmelder\/\",\"name\":\"St\u00f6rungsmelder\",\"description\":\"Recherchen und Analysen \u00fcber die extreme Rechte\",\"potentialAction\":[{\"@type\":\"SearchAction\",\"target\":{\"@type\":\"EntryPoint\",\"urlTemplate\":\"https:\/\/blog.zeit.de\/stoerungsmelder\/?s={search_term_string}\"},\"query-input\":\"required name=search_term_string\"}],\"inLanguage\":\"de\"},{\"@type\":\"Person\",\"@id\":\"https:\/\/blog.zeit.de\/stoerungsmelder\/#\/schema\/person\/fdd0b9818f65738672810b6d6f037f71\",\"name\":\"St\u00f6rungsmelder\",\"image\":{\"@type\":\"ImageObject\",\"inLanguage\":\"de\",\"@id\":\"https:\/\/blog.zeit.de\/stoerungsmelder\/#\/schema\/person\/image\/\",\"url\":\"https:\/\/secure.gravatar.com\/avatar\/dfa4be514c3e82a71e4f9a0020035d38192d080ccaa5e4e6d7a1472c763535c5?s=96&d=mm&r=pg\",\"contentUrl\":\"https:\/\/secure.gravatar.com\/avatar\/dfa4be514c3e82a71e4f9a0020035d38192d080ccaa5e4e6d7a1472c763535c5?s=96&d=mm&r=pg\",\"caption\":\"St\u00f6rungsmelder\"},\"url\":\"https:\/\/blog.zeit.de\/stoerungsmelder\/author\/stoerungsmelder\"}]}<\/script>\n<!-- \/ Yoast SEO plugin. -->","yoast_head_json":{"title":"Rassismus gegen Deutsche? Das falsche Wort - St\u00f6rungsmelder","robots":{"index":"index","follow":"follow","max-snippet":"max-snippet:-1","max-image-preview":"max-image-preview:large","max-video-preview":"max-video-preview:-1"},"canonical":"https:\/\/blog.zeit.de\/stoerungsmelder\/2011\/07\/05\/rassismus-gegen-deutsche-das-falsche-wort_6638","og_locale":"de_DE","og_type":"article","og_title":"Rassismus gegen Deutsche? Das falsche Wort - St\u00f6rungsmelder","og_description":"Vor der Anklageerhebung gegen vier Jugendliche, die in Lichtenberg einen Mann brutal zusammenschlagen haben sollen, ist von &#8222;Deutschenfeindlichkeit&#8220; die Rede. Die Rassismus-Debatte beginnt &#8211; leider an der falschen Stelle.","og_url":"https:\/\/blog.zeit.de\/stoerungsmelder\/2011\/07\/05\/rassismus-gegen-deutsche-das-falsche-wort_6638","og_site_name":"St\u00f6rungsmelder","article_published_time":"2011-07-05T07:45:53+00:00","author":"St\u00f6rungsmelder","twitter_card":"summary_large_image","twitter_misc":{"Geschrieben von":"St\u00f6rungsmelder","Gesch\u00e4tzte Lesezeit":"2\u00a0Minuten"},"schema":{"@context":"https:\/\/schema.org","@graph":[{"@type":"WebPage","@id":"https:\/\/blog.zeit.de\/stoerungsmelder\/2011\/07\/05\/rassismus-gegen-deutsche-das-falsche-wort_6638","url":"https:\/\/blog.zeit.de\/stoerungsmelder\/2011\/07\/05\/rassismus-gegen-deutsche-das-falsche-wort_6638","name":"Rassismus gegen Deutsche? Das falsche Wort - St\u00f6rungsmelder","isPartOf":{"@id":"https:\/\/blog.zeit.de\/stoerungsmelder\/#website"},"datePublished":"2011-07-05T07:45:53+00:00","dateModified":"2011-07-05T07:45:53+00:00","author":{"@id":"https:\/\/blog.zeit.de\/stoerungsmelder\/#\/schema\/person\/fdd0b9818f65738672810b6d6f037f71"},"breadcrumb":{"@id":"https:\/\/blog.zeit.de\/stoerungsmelder\/2011\/07\/05\/rassismus-gegen-deutsche-das-falsche-wort_6638#breadcrumb"},"inLanguage":"de","potentialAction":[{"@type":"ReadAction","target":["https:\/\/blog.zeit.de\/stoerungsmelder\/2011\/07\/05\/rassismus-gegen-deutsche-das-falsche-wort_6638"]}]},{"@type":"BreadcrumbList","@id":"https:\/\/blog.zeit.de\/stoerungsmelder\/2011\/07\/05\/rassismus-gegen-deutsche-das-falsche-wort_6638#breadcrumb","itemListElement":[{"@type":"ListItem","position":1,"name":"Startseite","item":"https:\/\/blog.zeit.de\/stoerungsmelder"},{"@type":"ListItem","position":2,"name":"Rassismus gegen Deutsche? Das falsche Wort"}]},{"@type":"WebSite","@id":"https:\/\/blog.zeit.de\/stoerungsmelder\/#website","url":"https:\/\/blog.zeit.de\/stoerungsmelder\/","name":"St\u00f6rungsmelder","description":"Recherchen und Analysen \u00fcber die extreme Rechte","potentialAction":[{"@type":"SearchAction","target":{"@type":"EntryPoint","urlTemplate":"https:\/\/blog.zeit.de\/stoerungsmelder\/?s={search_term_string}"},"query-input":"required name=search_term_string"}],"inLanguage":"de"},{"@type":"Person","@id":"https:\/\/blog.zeit.de\/stoerungsmelder\/#\/schema\/person\/fdd0b9818f65738672810b6d6f037f71","name":"St\u00f6rungsmelder","image":{"@type":"ImageObject","inLanguage":"de","@id":"https:\/\/blog.zeit.de\/stoerungsmelder\/#\/schema\/person\/image\/","url":"https:\/\/secure.gravatar.com\/avatar\/dfa4be514c3e82a71e4f9a0020035d38192d080ccaa5e4e6d7a1472c763535c5?s=96&d=mm&r=pg","contentUrl":"https:\/\/secure.gravatar.com\/avatar\/dfa4be514c3e82a71e4f9a0020035d38192d080ccaa5e4e6d7a1472c763535c5?s=96&d=mm&r=pg","caption":"St\u00f6rungsmelder"},"url":"https:\/\/blog.zeit.de\/stoerungsmelder\/author\/stoerungsmelder"}]}},"jetpack_featured_media_url":"","jetpack_sharing_enabled":true,"_links":{"self":[{"href":"https:\/\/blog.zeit.de\/stoerungsmelder\/wp-json\/wp\/v2\/posts\/6638","targetHints":{"allow":["GET"]}}],"collection":[{"href":"https:\/\/blog.zeit.de\/stoerungsmelder\/wp-json\/wp\/v2\/posts"}],"about":[{"href":"https:\/\/blog.zeit.de\/stoerungsmelder\/wp-json\/wp\/v2\/types\/post"}],"author":[{"embeddable":true,"href":"https:\/\/blog.zeit.de\/stoerungsmelder\/wp-json\/wp\/v2\/users\/229"}],"replies":[{"embeddable":true,"href":"https:\/\/blog.zeit.de\/stoerungsmelder\/wp-json\/wp\/v2\/comments?post=6638"}],"version-history":[{"count":3,"href":"https:\/\/blog.zeit.de\/stoerungsmelder\/wp-json\/wp\/v2\/posts\/6638\/revisions"}],"predecessor-version":[{"id":6641,"href":"https:\/\/blog.zeit.de\/stoerungsmelder\/wp-json\/wp\/v2\/posts\/6638\/revisions\/6641"}],"wp:attachment":[{"href":"https:\/\/blog.zeit.de\/stoerungsmelder\/wp-json\/wp\/v2\/media?parent=6638"}],"wp:term":[{"taxonomy":"category","embeddable":true,"href":"https:\/\/blog.zeit.de\/stoerungsmelder\/wp-json\/wp\/v2\/categories?post=6638"},{"taxonomy":"post_tag","embeddable":true,"href":"https:\/\/blog.zeit.de\/stoerungsmelder\/wp-json\/wp\/v2\/tags?post=6638"}],"curies":[{"name":"wp","href":"https:\/\/api.w.org\/{rel}","templated":true}]}}