{"id":6673,"date":"2011-07-19T17:53:44","date_gmt":"2011-07-19T15:53:44","guid":{"rendered":"http:\/\/blog.zeit.de\/stoerungsmelder\/?p=6673"},"modified":"2011-07-19T17:56:00","modified_gmt":"2011-07-19T15:56:00","slug":"naziangriff-auf-stadtspaziergang-gegen-rechts-in-rostock","status":"publish","type":"post","link":"https:\/\/blog.zeit.de\/stoerungsmelder\/2011\/07\/19\/naziangriff-auf-stadtspaziergang-gegen-rechts-in-rostock_6673","title":{"rendered":"Naziangriff auf Stadtspaziergang gegen Rechts in Rostock"},"content":{"rendered":"<p><figure id=\"attachment_6674\" aria-describedby=\"caption-attachment-6674\" style=\"width: 540px\" class=\"wp-caption aligncenter\"><a href=\"https:\/\/blog.zeit.de\/stoerungsmelder\/files\/2011\/07\/0718_4.jpg\"><img loading=\"lazy\" decoding=\"async\" class=\"size-full wp-image-6674\" title=\"0718_4\" src=\"https:\/\/blog.zeit.de\/stoerungsmelder\/files\/2011\/07\/0718_4.jpg\" alt=\"\" width=\"540\" height=\"359\" srcset=\"https:\/\/blog.zeit.de\/stoerungsmelder\/files\/2011\/07\/0718_4.jpg 800w, https:\/\/blog.zeit.de\/stoerungsmelder\/files\/2011\/07\/0718_4-300x199.jpg 300w\" sizes=\"auto, (max-width: 540px) 100vw, 540px\" \/><\/a><figcaption id=\"caption-attachment-6674\" class=\"wp-caption-text\">Robert und Daniel L. sowie Benjamin K. attackierten die Nazigegner mit Pfefferspray<\/figcaption><\/figure><\/p>\n<p style=\"text-align: center;\">\n<p>Sie verteilten Flugbl\u00e4tter gegen Rechts, dann gingen drei vermummte Neonazis mit &#8222;Pfefferl\u00f6schern&#8220; auf sie los. Die rund 70 jungen Leute hatten zuvor Aufkleber und Flyer der Kampagne <a href=\"http:\/\/wakeup-standup.info\/2011\/07\/19\/pressemitteilung-neonazi-angriff-auf-anti-npd-aktion-in-rostock\/\" target=\"_blank\">&#8222;Wake Up Stand Up! Keine Stimme den Nazis in MV&#8220;<\/a> in Briefk\u00e4sten gesteckt.<!--more--><\/p>\n<p><strong>Hier die Pressemitteilung der Kampagne zu dem Angriff:<\/strong><\/p>\n<p>Mit Tausenden Flugbl\u00e4ttern und Aufklebern, die am Montag in Rostock verteilt worden sind, ist die Kampagne \u201cWake Up Stand Up! Keine Stimme den Nazis in MV\u201d in der Hansestadt aktiv geworden. Im Rahmen eines Stadtteilspaziergangs waren etwa 70 Menschen in dem f\u00fcr rechte Aktivit\u00e4ten bekannten Stadtteil Toitenwinkel unterwegs, als sie pl\u00f6tzlich und \u00fcberraschend von bekannten Neonazis und Aktivisten aus dem NPD-Milieu angegriffen wurden. Die drei Rechten liefen vermummt auf die Menge zu und bespr\u00fchten sie mit Reizgas. Anschlie\u00dfend flohen sie, und auch die Angegriffenen entfernten sich gemeinsam aus dem Stadtteil.<\/p>\n<p>\u201cDieser Angriff auf eine Gruppe Jugendliche, die Flugbl\u00e4tter verteilen, zeigt einmal mehr die Gewaltbereitschaft der rechten Szene\u201d, so Hanna Wildt, Sprecherin der Kampagne. \u201cGewalt und der Wille zum Terror sind Kern und Konsequenz jeder rechten Ideologie. Die NPD mag sich in ihrer Propaganda bieder und b\u00fcrgernah geben. Ihre Basis aus Neonazis, ihre einschl\u00e4gig verurteilten Parteikader und ihre unverkennbare Anlehnung an den Nationalsozialismus offenbaren jedoch die Sehnsucht nach der Barbarei. Dieser Propaganda wie auch der allt\u00e4glichen Gewalt gilt es sich entschieden entgegenzustellen, um weitere Erfolge und Aktivit\u00e4ten der Rechten zu verhindern.\u201d<\/p>\n<p>Die Angreifer, die Br\u00fcder Daniel und Robert L. sowie Benjamin K., sind von NPD-Aktionen in Mecklenburg-Vorpommern bekannt und etwa schon im Zusammenhang mit dem inzwischen geschlossenen Neonazi-Gesch\u00e4ft \u201cEast Coast Corner\/Dickk\u00f6pp\u201d aufgefallen. Vor dem Laden, der zuletzt dem NPD-Landtagsabgeordneten Birger L\u00fcssow geh\u00f6rte und auch sein B\u00fcrgerb\u00fcro beheimatete, drohte Daniel L. zum Beispiel mit einem Kn\u00fcppel. Benjamin K. \u00fcbernahm etwa bei einer NPD-Demonstration am 1. Mai 2011 in Greifswald eine tragende Rolle f\u00fcr die NPD. Vorbestrafte Kader und Gewaltbereitschaft sind in der Partei keine Seltenheit: Der Landtagsabgeordnete Stefan K\u00f6ster ist rechtskr\u00e4ftig verurteilt, weil er auf eine am Boden liegende Anti-NPD-Demonstrantin eingetreten hat; gegen seinen Fraktionschef Udo Past\u00f6rs sind Verfahren wegen Volksverhetzung abh\u00e4ngig; eine Vielzahl von NPD-Mitarbeitern ist einschl\u00e4gig vorbestraft.<\/p>\n<p><figure id=\"attachment_6675\" aria-describedby=\"caption-attachment-6675\" style=\"width: 540px\" class=\"wp-caption aligncenter\"><a href=\"https:\/\/blog.zeit.de\/stoerungsmelder\/files\/2011\/07\/312113.jpg\"><img loading=\"lazy\" decoding=\"async\" class=\"size-full wp-image-6675\" title=\"312113\" src=\"https:\/\/blog.zeit.de\/stoerungsmelder\/files\/2011\/07\/312113.jpg\" alt=\"\" width=\"540\" height=\"326\" srcset=\"https:\/\/blog.zeit.de\/stoerungsmelder\/files\/2011\/07\/312113.jpg 640w, https:\/\/blog.zeit.de\/stoerungsmelder\/files\/2011\/07\/312113-300x181.jpg 300w\" sizes=\"auto, (max-width: 540px) 100vw, 540px\" \/><\/a><figcaption id=\"caption-attachment-6675\" class=\"wp-caption-text\">Die vermummten Rechtsextremisten kurz vor dem Angriff auf die Plakatierer<\/figcaption><\/figure><\/p>\n<p style=\"text-align: center;\">\n<p>Eine Vielzahl von alternativen und nicht-rechten Vereinen, Projekten, Bands und Clubs aus ganz Mecklenburg-Vorpommern hat sich in der Kampagne \u201cWake Up Stand Up! Keine Stimme den Nazis in MV\u201d zusammengefunden, um dem NPD-Wahlkampf entgegenzutreten. Mit vielf\u00e4ltigen Aktivit\u00e4ten und umfangreichem Informationsmaterial wollen sie bis zur Landtags- und den Kreistagswahlen am 4. September dem Wahlkampf der NPD entgegenstellen. Mehrere Hunderttausend Flugbl\u00e4tter und Aufkleber weisen auf die menschenverachtende Ideologie der Neonazis hin und rufen dazu auf, die Propaganda der Rechten zu hinterfragen und selber gegen die NPD aktiv zu werden \u2013 am Arbeitsplatz, in Schule, Jugendclub, Nachbarschaft oder Kneipe und auch auf der Stra\u00dfe. Bereits in den vergangenen Wochen wurde mit Infoveranstaltungen und Infost\u00e4nden oder auch bei Festivals und Konzerten an vielen Orten dazu aufgerufen, im Rahmen der Kampagne aktiv zu werden.<\/p>\n","protected":false},"excerpt":{"rendered":"<p>Sie verteilten Flugbl\u00e4tter gegen Rechts, dann gingen drei vermummte Neonazis mit &#8222;Pfefferl\u00f6schern&#8220; auf sie los. Die rund 70 jungen Leute hatten zuvor Aufkleber und Flyer der Kampagne &#8222;Wake Up Stand Up! Keine Stimme den Nazis in MV&#8220; in Briefk\u00e4sten gesteckt.<\/p>\n","protected":false},"author":229,"featured_media":0,"comment_status":"open","ping_status":"open","sticky":false,"template":"","format":"standard","meta":{"_jetpack_memberships_contains_paid_content":false,"footnotes":""},"categories":[90],"tags":[1752,1755],"class_list":["post-6673","post","type-post","status-publish","format-standard","hentry","category-mecklenburg-vorpommern","tag-protest","tag-rechte-gewalt"],"yoast_head":"<!-- This site is optimized with the Yoast SEO plugin v21.0 - https:\/\/yoast.com\/wordpress\/plugins\/seo\/ -->\n<title>Naziangriff auf Stadtspaziergang gegen Rechts in Rostock - St\u00f6rungsmelder<\/title>\n<meta name=\"robots\" content=\"index, follow, max-snippet:-1, max-image-preview:large, max-video-preview:-1\" \/>\n<link rel=\"canonical\" href=\"https:\/\/blog.zeit.de\/stoerungsmelder\/2011\/07\/19\/naziangriff-auf-stadtspaziergang-gegen-rechts-in-rostock_6673\" \/>\n<meta property=\"og:locale\" content=\"de_DE\" \/>\n<meta property=\"og:type\" content=\"article\" \/>\n<meta property=\"og:title\" content=\"Naziangriff auf Stadtspaziergang gegen Rechts in Rostock - St\u00f6rungsmelder\" \/>\n<meta property=\"og:description\" content=\"Sie verteilten Flugbl\u00e4tter gegen Rechts, dann gingen drei vermummte Neonazis mit &#8222;Pfefferl\u00f6schern&#8220; auf sie los. Die rund 70 jungen Leute hatten zuvor Aufkleber und Flyer der Kampagne &#8222;Wake Up Stand Up! Keine Stimme den Nazis in MV&#8220; in Briefk\u00e4sten gesteckt.\" \/>\n<meta property=\"og:url\" content=\"https:\/\/blog.zeit.de\/stoerungsmelder\/2011\/07\/19\/naziangriff-auf-stadtspaziergang-gegen-rechts-in-rostock_6673\" \/>\n<meta property=\"og:site_name\" content=\"St\u00f6rungsmelder\" \/>\n<meta property=\"article:published_time\" content=\"2011-07-19T15:53:44+00:00\" \/>\n<meta property=\"article:modified_time\" content=\"2011-07-19T15:56:00+00:00\" \/>\n<meta property=\"og:image\" content=\"https:\/\/blog.zeit.de\/stoerungsmelder\/files\/2011\/07\/0718_4.jpg\" \/>\n<meta name=\"author\" content=\"St\u00f6rungsmelder\" \/>\n<meta name=\"twitter:card\" content=\"summary_large_image\" \/>\n<meta name=\"twitter:label1\" content=\"Geschrieben von\" \/>\n\t<meta name=\"twitter:data1\" content=\"St\u00f6rungsmelder\" \/>\n\t<meta name=\"twitter:label2\" content=\"Gesch\u00e4tzte Lesezeit\" \/>\n\t<meta name=\"twitter:data2\" content=\"3\u00a0Minuten\" \/>\n<script type=\"application\/ld+json\" class=\"yoast-schema-graph\">{\"@context\":\"https:\/\/schema.org\",\"@graph\":[{\"@type\":\"WebPage\",\"@id\":\"https:\/\/blog.zeit.de\/stoerungsmelder\/2011\/07\/19\/naziangriff-auf-stadtspaziergang-gegen-rechts-in-rostock_6673\",\"url\":\"https:\/\/blog.zeit.de\/stoerungsmelder\/2011\/07\/19\/naziangriff-auf-stadtspaziergang-gegen-rechts-in-rostock_6673\",\"name\":\"Naziangriff auf Stadtspaziergang gegen Rechts in Rostock - St\u00f6rungsmelder\",\"isPartOf\":{\"@id\":\"https:\/\/blog.zeit.de\/stoerungsmelder\/#website\"},\"datePublished\":\"2011-07-19T15:53:44+00:00\",\"dateModified\":\"2011-07-19T15:56:00+00:00\",\"author\":{\"@id\":\"https:\/\/blog.zeit.de\/stoerungsmelder\/#\/schema\/person\/fdd0b9818f65738672810b6d6f037f71\"},\"breadcrumb\":{\"@id\":\"https:\/\/blog.zeit.de\/stoerungsmelder\/2011\/07\/19\/naziangriff-auf-stadtspaziergang-gegen-rechts-in-rostock_6673#breadcrumb\"},\"inLanguage\":\"de\",\"potentialAction\":[{\"@type\":\"ReadAction\",\"target\":[\"https:\/\/blog.zeit.de\/stoerungsmelder\/2011\/07\/19\/naziangriff-auf-stadtspaziergang-gegen-rechts-in-rostock_6673\"]}]},{\"@type\":\"BreadcrumbList\",\"@id\":\"https:\/\/blog.zeit.de\/stoerungsmelder\/2011\/07\/19\/naziangriff-auf-stadtspaziergang-gegen-rechts-in-rostock_6673#breadcrumb\",\"itemListElement\":[{\"@type\":\"ListItem\",\"position\":1,\"name\":\"Startseite\",\"item\":\"https:\/\/blog.zeit.de\/stoerungsmelder\"},{\"@type\":\"ListItem\",\"position\":2,\"name\":\"Naziangriff auf Stadtspaziergang gegen Rechts in Rostock\"}]},{\"@type\":\"WebSite\",\"@id\":\"https:\/\/blog.zeit.de\/stoerungsmelder\/#website\",\"url\":\"https:\/\/blog.zeit.de\/stoerungsmelder\/\",\"name\":\"St\u00f6rungsmelder\",\"description\":\"Recherchen und Analysen \u00fcber die extreme Rechte\",\"potentialAction\":[{\"@type\":\"SearchAction\",\"target\":{\"@type\":\"EntryPoint\",\"urlTemplate\":\"https:\/\/blog.zeit.de\/stoerungsmelder\/?s={search_term_string}\"},\"query-input\":\"required name=search_term_string\"}],\"inLanguage\":\"de\"},{\"@type\":\"Person\",\"@id\":\"https:\/\/blog.zeit.de\/stoerungsmelder\/#\/schema\/person\/fdd0b9818f65738672810b6d6f037f71\",\"name\":\"St\u00f6rungsmelder\",\"image\":{\"@type\":\"ImageObject\",\"inLanguage\":\"de\",\"@id\":\"https:\/\/blog.zeit.de\/stoerungsmelder\/#\/schema\/person\/image\/\",\"url\":\"https:\/\/secure.gravatar.com\/avatar\/dfa4be514c3e82a71e4f9a0020035d38192d080ccaa5e4e6d7a1472c763535c5?s=96&d=mm&r=pg\",\"contentUrl\":\"https:\/\/secure.gravatar.com\/avatar\/dfa4be514c3e82a71e4f9a0020035d38192d080ccaa5e4e6d7a1472c763535c5?s=96&d=mm&r=pg\",\"caption\":\"St\u00f6rungsmelder\"},\"url\":\"https:\/\/blog.zeit.de\/stoerungsmelder\/author\/stoerungsmelder\"}]}<\/script>\n<!-- \/ Yoast SEO plugin. -->","yoast_head_json":{"title":"Naziangriff auf Stadtspaziergang gegen Rechts in Rostock - St\u00f6rungsmelder","robots":{"index":"index","follow":"follow","max-snippet":"max-snippet:-1","max-image-preview":"max-image-preview:large","max-video-preview":"max-video-preview:-1"},"canonical":"https:\/\/blog.zeit.de\/stoerungsmelder\/2011\/07\/19\/naziangriff-auf-stadtspaziergang-gegen-rechts-in-rostock_6673","og_locale":"de_DE","og_type":"article","og_title":"Naziangriff auf Stadtspaziergang gegen Rechts in Rostock - St\u00f6rungsmelder","og_description":"Sie verteilten Flugbl\u00e4tter gegen Rechts, dann gingen drei vermummte Neonazis mit &#8222;Pfefferl\u00f6schern&#8220; auf sie los. Die rund 70 jungen Leute hatten zuvor Aufkleber und Flyer der Kampagne &#8222;Wake Up Stand Up! Keine Stimme den Nazis in MV&#8220; in Briefk\u00e4sten gesteckt.","og_url":"https:\/\/blog.zeit.de\/stoerungsmelder\/2011\/07\/19\/naziangriff-auf-stadtspaziergang-gegen-rechts-in-rostock_6673","og_site_name":"St\u00f6rungsmelder","article_published_time":"2011-07-19T15:53:44+00:00","article_modified_time":"2011-07-19T15:56:00+00:00","og_image":[{"url":"https:\/\/blog.zeit.de\/stoerungsmelder\/files\/2011\/07\/0718_4.jpg"}],"author":"St\u00f6rungsmelder","twitter_card":"summary_large_image","twitter_misc":{"Geschrieben von":"St\u00f6rungsmelder","Gesch\u00e4tzte Lesezeit":"3\u00a0Minuten"},"schema":{"@context":"https:\/\/schema.org","@graph":[{"@type":"WebPage","@id":"https:\/\/blog.zeit.de\/stoerungsmelder\/2011\/07\/19\/naziangriff-auf-stadtspaziergang-gegen-rechts-in-rostock_6673","url":"https:\/\/blog.zeit.de\/stoerungsmelder\/2011\/07\/19\/naziangriff-auf-stadtspaziergang-gegen-rechts-in-rostock_6673","name":"Naziangriff auf Stadtspaziergang gegen Rechts in Rostock - St\u00f6rungsmelder","isPartOf":{"@id":"https:\/\/blog.zeit.de\/stoerungsmelder\/#website"},"datePublished":"2011-07-19T15:53:44+00:00","dateModified":"2011-07-19T15:56:00+00:00","author":{"@id":"https:\/\/blog.zeit.de\/stoerungsmelder\/#\/schema\/person\/fdd0b9818f65738672810b6d6f037f71"},"breadcrumb":{"@id":"https:\/\/blog.zeit.de\/stoerungsmelder\/2011\/07\/19\/naziangriff-auf-stadtspaziergang-gegen-rechts-in-rostock_6673#breadcrumb"},"inLanguage":"de","potentialAction":[{"@type":"ReadAction","target":["https:\/\/blog.zeit.de\/stoerungsmelder\/2011\/07\/19\/naziangriff-auf-stadtspaziergang-gegen-rechts-in-rostock_6673"]}]},{"@type":"BreadcrumbList","@id":"https:\/\/blog.zeit.de\/stoerungsmelder\/2011\/07\/19\/naziangriff-auf-stadtspaziergang-gegen-rechts-in-rostock_6673#breadcrumb","itemListElement":[{"@type":"ListItem","position":1,"name":"Startseite","item":"https:\/\/blog.zeit.de\/stoerungsmelder"},{"@type":"ListItem","position":2,"name":"Naziangriff auf Stadtspaziergang gegen Rechts in Rostock"}]},{"@type":"WebSite","@id":"https:\/\/blog.zeit.de\/stoerungsmelder\/#website","url":"https:\/\/blog.zeit.de\/stoerungsmelder\/","name":"St\u00f6rungsmelder","description":"Recherchen und Analysen \u00fcber die extreme Rechte","potentialAction":[{"@type":"SearchAction","target":{"@type":"EntryPoint","urlTemplate":"https:\/\/blog.zeit.de\/stoerungsmelder\/?s={search_term_string}"},"query-input":"required name=search_term_string"}],"inLanguage":"de"},{"@type":"Person","@id":"https:\/\/blog.zeit.de\/stoerungsmelder\/#\/schema\/person\/fdd0b9818f65738672810b6d6f037f71","name":"St\u00f6rungsmelder","image":{"@type":"ImageObject","inLanguage":"de","@id":"https:\/\/blog.zeit.de\/stoerungsmelder\/#\/schema\/person\/image\/","url":"https:\/\/secure.gravatar.com\/avatar\/dfa4be514c3e82a71e4f9a0020035d38192d080ccaa5e4e6d7a1472c763535c5?s=96&d=mm&r=pg","contentUrl":"https:\/\/secure.gravatar.com\/avatar\/dfa4be514c3e82a71e4f9a0020035d38192d080ccaa5e4e6d7a1472c763535c5?s=96&d=mm&r=pg","caption":"St\u00f6rungsmelder"},"url":"https:\/\/blog.zeit.de\/stoerungsmelder\/author\/stoerungsmelder"}]}},"jetpack_featured_media_url":"","jetpack_sharing_enabled":true,"_links":{"self":[{"href":"https:\/\/blog.zeit.de\/stoerungsmelder\/wp-json\/wp\/v2\/posts\/6673","targetHints":{"allow":["GET"]}}],"collection":[{"href":"https:\/\/blog.zeit.de\/stoerungsmelder\/wp-json\/wp\/v2\/posts"}],"about":[{"href":"https:\/\/blog.zeit.de\/stoerungsmelder\/wp-json\/wp\/v2\/types\/post"}],"author":[{"embeddable":true,"href":"https:\/\/blog.zeit.de\/stoerungsmelder\/wp-json\/wp\/v2\/users\/229"}],"replies":[{"embeddable":true,"href":"https:\/\/blog.zeit.de\/stoerungsmelder\/wp-json\/wp\/v2\/comments?post=6673"}],"version-history":[{"count":9,"href":"https:\/\/blog.zeit.de\/stoerungsmelder\/wp-json\/wp\/v2\/posts\/6673\/revisions"}],"predecessor-version":[{"id":6683,"href":"https:\/\/blog.zeit.de\/stoerungsmelder\/wp-json\/wp\/v2\/posts\/6673\/revisions\/6683"}],"wp:attachment":[{"href":"https:\/\/blog.zeit.de\/stoerungsmelder\/wp-json\/wp\/v2\/media?parent=6673"}],"wp:term":[{"taxonomy":"category","embeddable":true,"href":"https:\/\/blog.zeit.de\/stoerungsmelder\/wp-json\/wp\/v2\/categories?post=6673"},{"taxonomy":"post_tag","embeddable":true,"href":"https:\/\/blog.zeit.de\/stoerungsmelder\/wp-json\/wp\/v2\/tags?post=6673"}],"curies":[{"name":"wp","href":"https:\/\/api.w.org\/{rel}","templated":true}]}}