{"id":6703,"date":"2011-07-26T10:08:15","date_gmt":"2011-07-26T08:08:15","guid":{"rendered":"http:\/\/blog.zeit.de\/stoerungsmelder\/?p=6703"},"modified":"2017-07-08T16:39:01","modified_gmt":"2017-07-08T14:39:01","slug":"lesetipp-interview-zu-rechtspopulismus-auf-tagesschau-de","status":"publish","type":"post","link":"https:\/\/blog.zeit.de\/stoerungsmelder\/2011\/07\/26\/lesetipp-interview-zu-rechtspopulismus-auf-tagesschau-de_6703","title":{"rendered":"Lesetipp: Interview zu Rechtspopulismus auf Tagesschau.de"},"content":{"rendered":"<p>Ein lesenswertes Interview mit dem Rechtsextremismusexperten Anton Maegerle zu den Anschl\u00e4gen in Norwegen findet sich auf <a href=\"http:\/\/www.tagesschau.de\/ausland\/interviewmaegerle100.html\">Tagesschau.de<\/a><\/p>\n<p>Auszug: <em>&#8222;Die bekannteste deutsche Hass-Seite hat jeden Tag Zehntausende Zugriffe. Diese Menge ist sehr bedrohlich f\u00fcr die Demokratie. Auf der Seite werden permanent Angeh\u00f6rige einer fremden Religionsgemeinschaft &#8211; des Islam &#8211; ver\u00e4chtlich gemacht. Es gibt dort hin und wieder auch Verst\u00f6\u00dfe gegen das Strafgesetzbuch, wie wiederholt den Straftatbestand der Volksverhetzung oder der Beschimpfung von Religionsgemeinschaften. Dort wird der Islam in den Kommentaren beispielsweise als rassistische und faschistische Ideologie bezeichnet, &#8218;die den Terror bringt&#8216;.&#8220;<\/em><\/p>\n","protected":false},"excerpt":{"rendered":"<p>Ein lesenswertes Interview mit dem Rechtsextremismusexperten Anton Maegerle zu den Anschl\u00e4gen in Norwegen findet sich auf Tagesschau.de Auszug: &#8222;Die bekannteste deutsche Hass-Seite hat jeden Tag Zehntausende Zugriffe. Diese Menge ist sehr bedrohlich f\u00fcr die Demokratie. Auf der Seite werden permanent Angeh\u00f6rige einer fremden Religionsgemeinschaft &#8211; des Islam &#8211; ver\u00e4chtlich gemacht. Es gibt dort hin und [&hellip;]<\/p>\n","protected":false},"author":229,"featured_media":0,"comment_status":"open","ping_status":"open","sticky":false,"template":"","format":"standard","meta":{"_jetpack_memberships_contains_paid_content":false,"footnotes":""},"categories":[1515],"tags":[11428,11429,1755],"class_list":["post-6703","post","type-post","status-publish","format-standard","hentry","category-bundesweit","tag-anders-breivik","tag-oslo","tag-rechte-gewalt"],"yoast_head":"<!-- This site is optimized with the Yoast SEO plugin v21.0 - https:\/\/yoast.com\/wordpress\/plugins\/seo\/ -->\n<title>Lesetipp: Interview zu Rechtspopulismus auf Tagesschau.de - St\u00f6rungsmelder<\/title>\n<meta name=\"robots\" content=\"index, follow, max-snippet:-1, max-image-preview:large, max-video-preview:-1\" \/>\n<link rel=\"canonical\" href=\"https:\/\/blog.zeit.de\/stoerungsmelder\/2011\/07\/26\/lesetipp-interview-zu-rechtspopulismus-auf-tagesschau-de_6703\" \/>\n<meta property=\"og:locale\" content=\"de_DE\" \/>\n<meta property=\"og:type\" content=\"article\" \/>\n<meta property=\"og:title\" content=\"Lesetipp: Interview zu Rechtspopulismus auf Tagesschau.de - St\u00f6rungsmelder\" \/>\n<meta property=\"og:description\" content=\"Ein lesenswertes Interview mit dem Rechtsextremismusexperten Anton Maegerle zu den Anschl\u00e4gen in Norwegen findet sich auf Tagesschau.de Auszug: &#8222;Die bekannteste deutsche Hass-Seite hat jeden Tag Zehntausende Zugriffe. Diese Menge ist sehr bedrohlich f\u00fcr die Demokratie. Auf der Seite werden permanent Angeh\u00f6rige einer fremden Religionsgemeinschaft &#8211; des Islam &#8211; ver\u00e4chtlich gemacht. Es gibt dort hin und [&hellip;]\" \/>\n<meta property=\"og:url\" content=\"https:\/\/blog.zeit.de\/stoerungsmelder\/2011\/07\/26\/lesetipp-interview-zu-rechtspopulismus-auf-tagesschau-de_6703\" \/>\n<meta property=\"og:site_name\" content=\"St\u00f6rungsmelder\" \/>\n<meta property=\"article:published_time\" content=\"2011-07-26T08:08:15+00:00\" \/>\n<meta property=\"article:modified_time\" content=\"2017-07-08T14:39:01+00:00\" \/>\n<meta name=\"author\" content=\"St\u00f6rungsmelder\" \/>\n<meta name=\"twitter:card\" content=\"summary_large_image\" \/>\n<meta name=\"twitter:label1\" content=\"Geschrieben von\" \/>\n\t<meta name=\"twitter:data1\" content=\"St\u00f6rungsmelder\" \/>\n<script type=\"application\/ld+json\" class=\"yoast-schema-graph\">{\"@context\":\"https:\/\/schema.org\",\"@graph\":[{\"@type\":\"WebPage\",\"@id\":\"https:\/\/blog.zeit.de\/stoerungsmelder\/2011\/07\/26\/lesetipp-interview-zu-rechtspopulismus-auf-tagesschau-de_6703\",\"url\":\"https:\/\/blog.zeit.de\/stoerungsmelder\/2011\/07\/26\/lesetipp-interview-zu-rechtspopulismus-auf-tagesschau-de_6703\",\"name\":\"Lesetipp: Interview zu Rechtspopulismus auf Tagesschau.de - St\u00f6rungsmelder\",\"isPartOf\":{\"@id\":\"https:\/\/blog.zeit.de\/stoerungsmelder\/#website\"},\"datePublished\":\"2011-07-26T08:08:15+00:00\",\"dateModified\":\"2017-07-08T14:39:01+00:00\",\"author\":{\"@id\":\"https:\/\/blog.zeit.de\/stoerungsmelder\/#\/schema\/person\/fdd0b9818f65738672810b6d6f037f71\"},\"breadcrumb\":{\"@id\":\"https:\/\/blog.zeit.de\/stoerungsmelder\/2011\/07\/26\/lesetipp-interview-zu-rechtspopulismus-auf-tagesschau-de_6703#breadcrumb\"},\"inLanguage\":\"de\",\"potentialAction\":[{\"@type\":\"ReadAction\",\"target\":[\"https:\/\/blog.zeit.de\/stoerungsmelder\/2011\/07\/26\/lesetipp-interview-zu-rechtspopulismus-auf-tagesschau-de_6703\"]}]},{\"@type\":\"BreadcrumbList\",\"@id\":\"https:\/\/blog.zeit.de\/stoerungsmelder\/2011\/07\/26\/lesetipp-interview-zu-rechtspopulismus-auf-tagesschau-de_6703#breadcrumb\",\"itemListElement\":[{\"@type\":\"ListItem\",\"position\":1,\"name\":\"Startseite\",\"item\":\"https:\/\/blog.zeit.de\/stoerungsmelder\"},{\"@type\":\"ListItem\",\"position\":2,\"name\":\"Lesetipp: Interview zu Rechtspopulismus auf Tagesschau.de\"}]},{\"@type\":\"WebSite\",\"@id\":\"https:\/\/blog.zeit.de\/stoerungsmelder\/#website\",\"url\":\"https:\/\/blog.zeit.de\/stoerungsmelder\/\",\"name\":\"St\u00f6rungsmelder\",\"description\":\"Recherchen und Analysen \u00fcber die extreme Rechte\",\"potentialAction\":[{\"@type\":\"SearchAction\",\"target\":{\"@type\":\"EntryPoint\",\"urlTemplate\":\"https:\/\/blog.zeit.de\/stoerungsmelder\/?s={search_term_string}\"},\"query-input\":\"required name=search_term_string\"}],\"inLanguage\":\"de\"},{\"@type\":\"Person\",\"@id\":\"https:\/\/blog.zeit.de\/stoerungsmelder\/#\/schema\/person\/fdd0b9818f65738672810b6d6f037f71\",\"name\":\"St\u00f6rungsmelder\",\"image\":{\"@type\":\"ImageObject\",\"inLanguage\":\"de\",\"@id\":\"https:\/\/blog.zeit.de\/stoerungsmelder\/#\/schema\/person\/image\/\",\"url\":\"https:\/\/secure.gravatar.com\/avatar\/dfa4be514c3e82a71e4f9a0020035d38192d080ccaa5e4e6d7a1472c763535c5?s=96&d=mm&r=pg\",\"contentUrl\":\"https:\/\/secure.gravatar.com\/avatar\/dfa4be514c3e82a71e4f9a0020035d38192d080ccaa5e4e6d7a1472c763535c5?s=96&d=mm&r=pg\",\"caption\":\"St\u00f6rungsmelder\"},\"url\":\"https:\/\/blog.zeit.de\/stoerungsmelder\/author\/stoerungsmelder\"}]}<\/script>\n<!-- \/ Yoast SEO plugin. -->","yoast_head_json":{"title":"Lesetipp: Interview zu Rechtspopulismus auf Tagesschau.de - St\u00f6rungsmelder","robots":{"index":"index","follow":"follow","max-snippet":"max-snippet:-1","max-image-preview":"max-image-preview:large","max-video-preview":"max-video-preview:-1"},"canonical":"https:\/\/blog.zeit.de\/stoerungsmelder\/2011\/07\/26\/lesetipp-interview-zu-rechtspopulismus-auf-tagesschau-de_6703","og_locale":"de_DE","og_type":"article","og_title":"Lesetipp: Interview zu Rechtspopulismus auf Tagesschau.de - St\u00f6rungsmelder","og_description":"Ein lesenswertes Interview mit dem Rechtsextremismusexperten Anton Maegerle zu den Anschl\u00e4gen in Norwegen findet sich auf Tagesschau.de Auszug: &#8222;Die bekannteste deutsche Hass-Seite hat jeden Tag Zehntausende Zugriffe. Diese Menge ist sehr bedrohlich f\u00fcr die Demokratie. Auf der Seite werden permanent Angeh\u00f6rige einer fremden Religionsgemeinschaft &#8211; des Islam &#8211; ver\u00e4chtlich gemacht. Es gibt dort hin und [&hellip;]","og_url":"https:\/\/blog.zeit.de\/stoerungsmelder\/2011\/07\/26\/lesetipp-interview-zu-rechtspopulismus-auf-tagesschau-de_6703","og_site_name":"St\u00f6rungsmelder","article_published_time":"2011-07-26T08:08:15+00:00","article_modified_time":"2017-07-08T14:39:01+00:00","author":"St\u00f6rungsmelder","twitter_card":"summary_large_image","twitter_misc":{"Geschrieben von":"St\u00f6rungsmelder"},"schema":{"@context":"https:\/\/schema.org","@graph":[{"@type":"WebPage","@id":"https:\/\/blog.zeit.de\/stoerungsmelder\/2011\/07\/26\/lesetipp-interview-zu-rechtspopulismus-auf-tagesschau-de_6703","url":"https:\/\/blog.zeit.de\/stoerungsmelder\/2011\/07\/26\/lesetipp-interview-zu-rechtspopulismus-auf-tagesschau-de_6703","name":"Lesetipp: Interview zu Rechtspopulismus auf Tagesschau.de - St\u00f6rungsmelder","isPartOf":{"@id":"https:\/\/blog.zeit.de\/stoerungsmelder\/#website"},"datePublished":"2011-07-26T08:08:15+00:00","dateModified":"2017-07-08T14:39:01+00:00","author":{"@id":"https:\/\/blog.zeit.de\/stoerungsmelder\/#\/schema\/person\/fdd0b9818f65738672810b6d6f037f71"},"breadcrumb":{"@id":"https:\/\/blog.zeit.de\/stoerungsmelder\/2011\/07\/26\/lesetipp-interview-zu-rechtspopulismus-auf-tagesschau-de_6703#breadcrumb"},"inLanguage":"de","potentialAction":[{"@type":"ReadAction","target":["https:\/\/blog.zeit.de\/stoerungsmelder\/2011\/07\/26\/lesetipp-interview-zu-rechtspopulismus-auf-tagesschau-de_6703"]}]},{"@type":"BreadcrumbList","@id":"https:\/\/blog.zeit.de\/stoerungsmelder\/2011\/07\/26\/lesetipp-interview-zu-rechtspopulismus-auf-tagesschau-de_6703#breadcrumb","itemListElement":[{"@type":"ListItem","position":1,"name":"Startseite","item":"https:\/\/blog.zeit.de\/stoerungsmelder"},{"@type":"ListItem","position":2,"name":"Lesetipp: Interview zu Rechtspopulismus auf Tagesschau.de"}]},{"@type":"WebSite","@id":"https:\/\/blog.zeit.de\/stoerungsmelder\/#website","url":"https:\/\/blog.zeit.de\/stoerungsmelder\/","name":"St\u00f6rungsmelder","description":"Recherchen und Analysen \u00fcber die extreme Rechte","potentialAction":[{"@type":"SearchAction","target":{"@type":"EntryPoint","urlTemplate":"https:\/\/blog.zeit.de\/stoerungsmelder\/?s={search_term_string}"},"query-input":"required name=search_term_string"}],"inLanguage":"de"},{"@type":"Person","@id":"https:\/\/blog.zeit.de\/stoerungsmelder\/#\/schema\/person\/fdd0b9818f65738672810b6d6f037f71","name":"St\u00f6rungsmelder","image":{"@type":"ImageObject","inLanguage":"de","@id":"https:\/\/blog.zeit.de\/stoerungsmelder\/#\/schema\/person\/image\/","url":"https:\/\/secure.gravatar.com\/avatar\/dfa4be514c3e82a71e4f9a0020035d38192d080ccaa5e4e6d7a1472c763535c5?s=96&d=mm&r=pg","contentUrl":"https:\/\/secure.gravatar.com\/avatar\/dfa4be514c3e82a71e4f9a0020035d38192d080ccaa5e4e6d7a1472c763535c5?s=96&d=mm&r=pg","caption":"St\u00f6rungsmelder"},"url":"https:\/\/blog.zeit.de\/stoerungsmelder\/author\/stoerungsmelder"}]}},"jetpack_featured_media_url":"","jetpack_sharing_enabled":true,"_links":{"self":[{"href":"https:\/\/blog.zeit.de\/stoerungsmelder\/wp-json\/wp\/v2\/posts\/6703","targetHints":{"allow":["GET"]}}],"collection":[{"href":"https:\/\/blog.zeit.de\/stoerungsmelder\/wp-json\/wp\/v2\/posts"}],"about":[{"href":"https:\/\/blog.zeit.de\/stoerungsmelder\/wp-json\/wp\/v2\/types\/post"}],"author":[{"embeddable":true,"href":"https:\/\/blog.zeit.de\/stoerungsmelder\/wp-json\/wp\/v2\/users\/229"}],"replies":[{"embeddable":true,"href":"https:\/\/blog.zeit.de\/stoerungsmelder\/wp-json\/wp\/v2\/comments?post=6703"}],"version-history":[{"count":5,"href":"https:\/\/blog.zeit.de\/stoerungsmelder\/wp-json\/wp\/v2\/posts\/6703\/revisions"}],"predecessor-version":[{"id":6708,"href":"https:\/\/blog.zeit.de\/stoerungsmelder\/wp-json\/wp\/v2\/posts\/6703\/revisions\/6708"}],"wp:attachment":[{"href":"https:\/\/blog.zeit.de\/stoerungsmelder\/wp-json\/wp\/v2\/media?parent=6703"}],"wp:term":[{"taxonomy":"category","embeddable":true,"href":"https:\/\/blog.zeit.de\/stoerungsmelder\/wp-json\/wp\/v2\/categories?post=6703"},{"taxonomy":"post_tag","embeddable":true,"href":"https:\/\/blog.zeit.de\/stoerungsmelder\/wp-json\/wp\/v2\/tags?post=6703"}],"curies":[{"name":"wp","href":"https:\/\/api.w.org\/{rel}","templated":true}]}}