{"id":6817,"date":"2011-08-02T17:15:06","date_gmt":"2011-08-02T15:15:06","guid":{"rendered":"http:\/\/blog.zeit.de\/stoerungsmelder\/?p=6817"},"modified":"2017-07-17T21:16:13","modified_gmt":"2017-07-17T19:16:13","slug":"npd-plant-nachtliche-propagandashow-in-berlin","status":"publish","type":"post","link":"https:\/\/blog.zeit.de\/stoerungsmelder\/2011\/08\/02\/npd-plant-nachtliche-propagandashow-in-berlin_6817","title":{"rendered":"NPD plant n\u00e4chtliche Propagandashow in Berlin"},"content":{"rendered":"<p><figure id=\"attachment_6201\" aria-describedby=\"caption-attachment-6201\" style=\"width: 540px\" class=\"wp-caption aligncenter\"><a href=\"https:\/\/blog.zeit.de\/stoerungsmelder\/files\/2011\/05\/nw_fackelmarsch.jpg\"><img loading=\"lazy\" decoding=\"async\" class=\"size-full wp-image-6201\" src=\"https:\/\/blog.zeit.de\/stoerungsmelder\/files\/2011\/05\/nw_fackelmarsch.jpg\" alt=\"\" width=\"540\" height=\"304\" srcset=\"https:\/\/blog.zeit.de\/stoerungsmelder\/files\/2011\/05\/nw_fackelmarsch.jpg 540w, https:\/\/blog.zeit.de\/stoerungsmelder\/files\/2011\/05\/nw_fackelmarsch-300x168.jpg 300w\" sizes=\"auto, (max-width: 540px) 100vw, 540px\" \/><\/a><figcaption id=\"caption-attachment-6201\" class=\"wp-caption-text\">M\u00f6glicherweise planen die Neonazis einen maskierten Fackelmarsch wie zuletzt in Bautzen<\/figcaption><\/figure><\/p>\n<p>Mit einer n\u00e4chtlichen Propagandaaktion will die rechtsextreme NPD in der Nacht zu Sonntag nach eigener Aussage den \u201eKampf um Berlin\u201c einleiten. Mit Hilfe von mehreren hundert angereisten Neonazis aus ganz Deutschland und dem europ\u00e4ischen Ausland plant die Partei innerhalb von f\u00fcnf Stunden 40 000 Wahlplakate in der gesamten Stadt aufzuh\u00e4ngen.<!--more--><\/p>\n<p><em>Von Maik Baumg\u00e4rtner<br \/>\n<\/em><\/p>\n<p>In einem Parteischreiben, das dem St\u00f6rungsmelder vorliegt, ist die Rede von rund 40 Plakatiertrupps. Startpunkt ist die Parteizentrale in der Seelenbinderstra\u00dfe in K\u00f6penick. Vor der Abfahrt ist offenbar noch ein unangemeldeter Fackelmarsch durch K\u00f6penick geplant. \u201e22 Uhr: Videodreh f\u00fcr Youtube mit Fackeln, Trommeln, Fahnen\u201c, steht in dem Brief.<\/p>\n<p>Besorgniserregend ist, dass die Rechten sich offensichtlich auf Gewalttaten einstellen. So sollen Berliner Neonazis bei Rechtsextremisten aus Tschechien gezielt um Unterst\u00fctzung von \u201ekampferprobten Kameraden\u201c gefragt haben.<\/p>\n<p>\u201eSo eine Situation ist \u00e4u\u00dferst gef\u00e4hrlich f\u00fcr alle Menschen, die nicht in das rechte Weltbild passen und sich in der Nacht zuf\u00e4llig auf der Stra\u00dfe bewegen\u201c, warnt Sabine Seyb von der Opferberatungsstelle ReachOut. Die NPD-Aktion wecke b\u00f6se Erinnerungen an den Wahlkampf 2006. \u201eDamals wurden mehrfach Vertreter von demokratischen Parteien von Neonazis angegriffen und verletzt.\u201c Auf \u00f6ffentlichen Wahlveranstaltungen aller Parteien tauchten Rechtsextremisten auf, um zu st\u00f6ren und Politiker einzusch\u00fcchtern.<\/p>\n<p>Im Januar kam es bei einer NPD-Plakataktion in Hamburg zu einem Zwischenfall. Partei-Funktion\u00e4r Thomas Wulff verpr\u00fcgelte einen Ladenbesitzer und bedrohte ihn mit einer Axt, weil er sich \u00fcber das Poster direkt vor seinem Gesch\u00e4ft beschwert hatte. Die Waffe hatten die Neonazis in ihrem Wahlkampfauto versteckt.<\/p>\n<p>Das B\u00fcndnis \u201eNazis auf die Pelle r\u00fccken\u201c hat f\u00fcr Sonnabend bereits eine Kundgebung vor der NPD-Zentrale angemeldet. \u201eDie Plakatieraktion der Nazis mit Inszenierung als Sturm auf Berlin werden wir ganz sicher nicht so hinnehmen\u201c, sagte Lars Laumeyer, Sprecher der Antifaschistischen Linken Berlin. Unterst\u00fctzt werden die Proteste auch von Gewerkschaften. \u201eWenn die NPD nachts ihre Trupps in SA-Manier mit Fackeln durch Berlin laufen l\u00e4sst, dann stellt das f\u00fcr Migranten und Alternative eine Gefahr dar\u201c, sagte die stellvertretende Verdi-Bezirksgesch\u00e4ftsf\u00fchrerin, Gabi Lips. \u201eWir d\u00fcrfen es nicht zulassen, dass Nazis wie Anfang Mai in Kreuzberg, Jagd auf Linke und Menschen mit Migrationshintergrund machen.\u201c<\/p>\n<p><img alt=\"\" \/><\/p>\n","protected":false},"excerpt":{"rendered":"<p>Mit einer n\u00e4chtlichen Propagandaaktion will die rechtsextreme NPD in der Nacht zu Sonntag nach eigener Aussage den \u201eKampf um Berlin\u201c einleiten. Mit Hilfe von mehreren hundert angereisten Neonazis aus ganz Deutschland und dem europ\u00e4ischen Ausland plant die Partei innerhalb von f\u00fcnf Stunden 40 000 Wahlplakate in der gesamten Stadt aufzuh\u00e4ngen.<\/p>\n","protected":false},"author":229,"featured_media":0,"comment_status":"open","ping_status":"open","sticky":false,"template":"","format":"standard","meta":{"_jetpack_memberships_contains_paid_content":false,"footnotes":""},"categories":[249],"tags":[1716,1755,955],"class_list":["post-6817","post","type-post","status-publish","format-standard","hentry","category-berlin","tag-npd","tag-rechte-gewalt","tag-wahlen"],"yoast_head":"<!-- This site is optimized with the Yoast SEO plugin v21.0 - https:\/\/yoast.com\/wordpress\/plugins\/seo\/ -->\n<title>NPD plant n\u00e4chtliche Propagandashow in Berlin - St\u00f6rungsmelder<\/title>\n<meta name=\"robots\" content=\"index, follow, max-snippet:-1, max-image-preview:large, max-video-preview:-1\" \/>\n<link rel=\"canonical\" href=\"https:\/\/blog.zeit.de\/stoerungsmelder\/2011\/08\/02\/npd-plant-nachtliche-propagandashow-in-berlin_6817\" \/>\n<meta property=\"og:locale\" content=\"de_DE\" \/>\n<meta property=\"og:type\" content=\"article\" \/>\n<meta property=\"og:title\" content=\"NPD plant n\u00e4chtliche Propagandashow in Berlin - St\u00f6rungsmelder\" \/>\n<meta property=\"og:description\" content=\"Mit einer n\u00e4chtlichen Propagandaaktion will die rechtsextreme NPD in der Nacht zu Sonntag nach eigener Aussage den \u201eKampf um Berlin\u201c einleiten. Mit Hilfe von mehreren hundert angereisten Neonazis aus ganz Deutschland und dem europ\u00e4ischen Ausland plant die Partei innerhalb von f\u00fcnf Stunden 40 000 Wahlplakate in der gesamten Stadt aufzuh\u00e4ngen.\" \/>\n<meta property=\"og:url\" content=\"https:\/\/blog.zeit.de\/stoerungsmelder\/2011\/08\/02\/npd-plant-nachtliche-propagandashow-in-berlin_6817\" \/>\n<meta property=\"og:site_name\" content=\"St\u00f6rungsmelder\" \/>\n<meta property=\"article:published_time\" content=\"2011-08-02T15:15:06+00:00\" \/>\n<meta property=\"article:modified_time\" content=\"2017-07-17T19:16:13+00:00\" \/>\n<meta property=\"og:image\" content=\"https:\/\/blog.zeit.de\/stoerungsmelder\/files\/2011\/05\/nw_fackelmarsch.jpg\" \/>\n<meta name=\"author\" content=\"St\u00f6rungsmelder\" \/>\n<meta name=\"twitter:card\" content=\"summary_large_image\" \/>\n<meta name=\"twitter:label1\" content=\"Geschrieben von\" \/>\n\t<meta name=\"twitter:data1\" content=\"St\u00f6rungsmelder\" \/>\n\t<meta name=\"twitter:label2\" content=\"Gesch\u00e4tzte Lesezeit\" \/>\n\t<meta name=\"twitter:data2\" content=\"2\u00a0Minuten\" \/>\n<script type=\"application\/ld+json\" class=\"yoast-schema-graph\">{\"@context\":\"https:\/\/schema.org\",\"@graph\":[{\"@type\":\"WebPage\",\"@id\":\"https:\/\/blog.zeit.de\/stoerungsmelder\/2011\/08\/02\/npd-plant-nachtliche-propagandashow-in-berlin_6817\",\"url\":\"https:\/\/blog.zeit.de\/stoerungsmelder\/2011\/08\/02\/npd-plant-nachtliche-propagandashow-in-berlin_6817\",\"name\":\"NPD plant n\u00e4chtliche Propagandashow in Berlin - St\u00f6rungsmelder\",\"isPartOf\":{\"@id\":\"https:\/\/blog.zeit.de\/stoerungsmelder\/#website\"},\"datePublished\":\"2011-08-02T15:15:06+00:00\",\"dateModified\":\"2017-07-17T19:16:13+00:00\",\"author\":{\"@id\":\"https:\/\/blog.zeit.de\/stoerungsmelder\/#\/schema\/person\/fdd0b9818f65738672810b6d6f037f71\"},\"breadcrumb\":{\"@id\":\"https:\/\/blog.zeit.de\/stoerungsmelder\/2011\/08\/02\/npd-plant-nachtliche-propagandashow-in-berlin_6817#breadcrumb\"},\"inLanguage\":\"de\",\"potentialAction\":[{\"@type\":\"ReadAction\",\"target\":[\"https:\/\/blog.zeit.de\/stoerungsmelder\/2011\/08\/02\/npd-plant-nachtliche-propagandashow-in-berlin_6817\"]}]},{\"@type\":\"BreadcrumbList\",\"@id\":\"https:\/\/blog.zeit.de\/stoerungsmelder\/2011\/08\/02\/npd-plant-nachtliche-propagandashow-in-berlin_6817#breadcrumb\",\"itemListElement\":[{\"@type\":\"ListItem\",\"position\":1,\"name\":\"Startseite\",\"item\":\"https:\/\/blog.zeit.de\/stoerungsmelder\"},{\"@type\":\"ListItem\",\"position\":2,\"name\":\"NPD plant n\u00e4chtliche Propagandashow in Berlin\"}]},{\"@type\":\"WebSite\",\"@id\":\"https:\/\/blog.zeit.de\/stoerungsmelder\/#website\",\"url\":\"https:\/\/blog.zeit.de\/stoerungsmelder\/\",\"name\":\"St\u00f6rungsmelder\",\"description\":\"Recherchen und Analysen \u00fcber die extreme Rechte\",\"potentialAction\":[{\"@type\":\"SearchAction\",\"target\":{\"@type\":\"EntryPoint\",\"urlTemplate\":\"https:\/\/blog.zeit.de\/stoerungsmelder\/?s={search_term_string}\"},\"query-input\":\"required name=search_term_string\"}],\"inLanguage\":\"de\"},{\"@type\":\"Person\",\"@id\":\"https:\/\/blog.zeit.de\/stoerungsmelder\/#\/schema\/person\/fdd0b9818f65738672810b6d6f037f71\",\"name\":\"St\u00f6rungsmelder\",\"image\":{\"@type\":\"ImageObject\",\"inLanguage\":\"de\",\"@id\":\"https:\/\/blog.zeit.de\/stoerungsmelder\/#\/schema\/person\/image\/\",\"url\":\"https:\/\/secure.gravatar.com\/avatar\/dfa4be514c3e82a71e4f9a0020035d38192d080ccaa5e4e6d7a1472c763535c5?s=96&d=mm&r=pg\",\"contentUrl\":\"https:\/\/secure.gravatar.com\/avatar\/dfa4be514c3e82a71e4f9a0020035d38192d080ccaa5e4e6d7a1472c763535c5?s=96&d=mm&r=pg\",\"caption\":\"St\u00f6rungsmelder\"},\"url\":\"https:\/\/blog.zeit.de\/stoerungsmelder\/author\/stoerungsmelder\"}]}<\/script>\n<!-- \/ Yoast SEO plugin. -->","yoast_head_json":{"title":"NPD plant n\u00e4chtliche Propagandashow in Berlin - St\u00f6rungsmelder","robots":{"index":"index","follow":"follow","max-snippet":"max-snippet:-1","max-image-preview":"max-image-preview:large","max-video-preview":"max-video-preview:-1"},"canonical":"https:\/\/blog.zeit.de\/stoerungsmelder\/2011\/08\/02\/npd-plant-nachtliche-propagandashow-in-berlin_6817","og_locale":"de_DE","og_type":"article","og_title":"NPD plant n\u00e4chtliche Propagandashow in Berlin - St\u00f6rungsmelder","og_description":"Mit einer n\u00e4chtlichen Propagandaaktion will die rechtsextreme NPD in der Nacht zu Sonntag nach eigener Aussage den \u201eKampf um Berlin\u201c einleiten. Mit Hilfe von mehreren hundert angereisten Neonazis aus ganz Deutschland und dem europ\u00e4ischen Ausland plant die Partei innerhalb von f\u00fcnf Stunden 40 000 Wahlplakate in der gesamten Stadt aufzuh\u00e4ngen.","og_url":"https:\/\/blog.zeit.de\/stoerungsmelder\/2011\/08\/02\/npd-plant-nachtliche-propagandashow-in-berlin_6817","og_site_name":"St\u00f6rungsmelder","article_published_time":"2011-08-02T15:15:06+00:00","article_modified_time":"2017-07-17T19:16:13+00:00","og_image":[{"url":"https:\/\/blog.zeit.de\/stoerungsmelder\/files\/2011\/05\/nw_fackelmarsch.jpg"}],"author":"St\u00f6rungsmelder","twitter_card":"summary_large_image","twitter_misc":{"Geschrieben von":"St\u00f6rungsmelder","Gesch\u00e4tzte Lesezeit":"2\u00a0Minuten"},"schema":{"@context":"https:\/\/schema.org","@graph":[{"@type":"WebPage","@id":"https:\/\/blog.zeit.de\/stoerungsmelder\/2011\/08\/02\/npd-plant-nachtliche-propagandashow-in-berlin_6817","url":"https:\/\/blog.zeit.de\/stoerungsmelder\/2011\/08\/02\/npd-plant-nachtliche-propagandashow-in-berlin_6817","name":"NPD plant n\u00e4chtliche Propagandashow in Berlin - St\u00f6rungsmelder","isPartOf":{"@id":"https:\/\/blog.zeit.de\/stoerungsmelder\/#website"},"datePublished":"2011-08-02T15:15:06+00:00","dateModified":"2017-07-17T19:16:13+00:00","author":{"@id":"https:\/\/blog.zeit.de\/stoerungsmelder\/#\/schema\/person\/fdd0b9818f65738672810b6d6f037f71"},"breadcrumb":{"@id":"https:\/\/blog.zeit.de\/stoerungsmelder\/2011\/08\/02\/npd-plant-nachtliche-propagandashow-in-berlin_6817#breadcrumb"},"inLanguage":"de","potentialAction":[{"@type":"ReadAction","target":["https:\/\/blog.zeit.de\/stoerungsmelder\/2011\/08\/02\/npd-plant-nachtliche-propagandashow-in-berlin_6817"]}]},{"@type":"BreadcrumbList","@id":"https:\/\/blog.zeit.de\/stoerungsmelder\/2011\/08\/02\/npd-plant-nachtliche-propagandashow-in-berlin_6817#breadcrumb","itemListElement":[{"@type":"ListItem","position":1,"name":"Startseite","item":"https:\/\/blog.zeit.de\/stoerungsmelder"},{"@type":"ListItem","position":2,"name":"NPD plant n\u00e4chtliche Propagandashow in Berlin"}]},{"@type":"WebSite","@id":"https:\/\/blog.zeit.de\/stoerungsmelder\/#website","url":"https:\/\/blog.zeit.de\/stoerungsmelder\/","name":"St\u00f6rungsmelder","description":"Recherchen und Analysen \u00fcber die extreme Rechte","potentialAction":[{"@type":"SearchAction","target":{"@type":"EntryPoint","urlTemplate":"https:\/\/blog.zeit.de\/stoerungsmelder\/?s={search_term_string}"},"query-input":"required name=search_term_string"}],"inLanguage":"de"},{"@type":"Person","@id":"https:\/\/blog.zeit.de\/stoerungsmelder\/#\/schema\/person\/fdd0b9818f65738672810b6d6f037f71","name":"St\u00f6rungsmelder","image":{"@type":"ImageObject","inLanguage":"de","@id":"https:\/\/blog.zeit.de\/stoerungsmelder\/#\/schema\/person\/image\/","url":"https:\/\/secure.gravatar.com\/avatar\/dfa4be514c3e82a71e4f9a0020035d38192d080ccaa5e4e6d7a1472c763535c5?s=96&d=mm&r=pg","contentUrl":"https:\/\/secure.gravatar.com\/avatar\/dfa4be514c3e82a71e4f9a0020035d38192d080ccaa5e4e6d7a1472c763535c5?s=96&d=mm&r=pg","caption":"St\u00f6rungsmelder"},"url":"https:\/\/blog.zeit.de\/stoerungsmelder\/author\/stoerungsmelder"}]}},"jetpack_featured_media_url":"","jetpack_sharing_enabled":true,"_links":{"self":[{"href":"https:\/\/blog.zeit.de\/stoerungsmelder\/wp-json\/wp\/v2\/posts\/6817","targetHints":{"allow":["GET"]}}],"collection":[{"href":"https:\/\/blog.zeit.de\/stoerungsmelder\/wp-json\/wp\/v2\/posts"}],"about":[{"href":"https:\/\/blog.zeit.de\/stoerungsmelder\/wp-json\/wp\/v2\/types\/post"}],"author":[{"embeddable":true,"href":"https:\/\/blog.zeit.de\/stoerungsmelder\/wp-json\/wp\/v2\/users\/229"}],"replies":[{"embeddable":true,"href":"https:\/\/blog.zeit.de\/stoerungsmelder\/wp-json\/wp\/v2\/comments?post=6817"}],"version-history":[{"count":13,"href":"https:\/\/blog.zeit.de\/stoerungsmelder\/wp-json\/wp\/v2\/posts\/6817\/revisions"}],"predecessor-version":[{"id":24434,"href":"https:\/\/blog.zeit.de\/stoerungsmelder\/wp-json\/wp\/v2\/posts\/6817\/revisions\/24434"}],"wp:attachment":[{"href":"https:\/\/blog.zeit.de\/stoerungsmelder\/wp-json\/wp\/v2\/media?parent=6817"}],"wp:term":[{"taxonomy":"category","embeddable":true,"href":"https:\/\/blog.zeit.de\/stoerungsmelder\/wp-json\/wp\/v2\/categories?post=6817"},{"taxonomy":"post_tag","embeddable":true,"href":"https:\/\/blog.zeit.de\/stoerungsmelder\/wp-json\/wp\/v2\/tags?post=6817"}],"curies":[{"name":"wp","href":"https:\/\/api.w.org\/{rel}","templated":true}]}}