{"id":695,"date":"2009-01-12T17:07:18","date_gmt":"2009-01-12T16:07:18","guid":{"rendered":"http:\/\/blog.zeit.de\/stoerungsmelder\/?p=695"},"modified":"2009-01-12T17:07:18","modified_gmt":"2009-01-12T16:07:18","slug":"historiker-raumen-mit-dem-opfermythos-dresden-auf","status":"publish","type":"post","link":"https:\/\/blog.zeit.de\/stoerungsmelder\/2009\/01\/12\/historiker-raumen-mit-dem-opfermythos-dresden-auf_695","title":{"rendered":"Historiker r\u00e4umen mit dem &#8222;Opfermythos Dresden&#8220; auf"},"content":{"rendered":"<p>Auch in diesem Jahr wollen Nazis am 13.\/14.02. in Dresden aufmarschieren, um der \u201chunderttausenden Toten des anglo-amerikanischen Terrorangriffs\u201d (NPD-Pressemitteilung) im Februar 1945 zu gedenken. Der NPD-Landtagsabgeordnete J\u00fcrgen Gansel sorgte in diesem Zusammenhang 2005 im S\u00e4chsischen Landtag mit dem Begriff \u201cBomben-Holocaust\u201d f\u00fcr Schlagzeilen, der einen Holocaust an den Deutschen suggerieren soll. Der Aufmarsch hat f\u00fcr Nazis eine zentrale Bedeutung, da er die Deutschen wahnhaft als eigentliche Opfer des 2. Weltkriegs zu etablieren versucht \u2013 und damit gleichzeitig die NS-Vernichtungsfabriken und den industriellen Massenmord an den europ\u00e4ischen Juden relativiert.<\/p>\n<p>Auch wenn es die Nazis nicht von ihrer Propaganda abhalten wird: Der Bericht der <a title=\"Presseerkl\u00e4rung\" href=\"http:\/\/www.dresden.de\/media\/pdf\/presseamt\/Erklaerung_Historikerkommission.pdf\">Dresdner Historikerkommission<\/a> beendet die Spekulationen um die Zahl der Toten und r\u00e4umt in zentralen Punkten mit dem &#8222;Opfermythos Dresden&#8220; auf.<!--more--><\/p>\n<p style=\"center;\"><strong>Historikerkommission 2004 eingesetzt<\/strong><\/p>\n<p>Die Stadt Dresden hatte die Kommission 2004 mit der Kl\u00e4rung der Frage beauftragt, wie viele Menschen durch die Luftangriffe ums Leben gekommen waren. Die meisten Historiker gingen bisher von ca. 35.000 Toten aus. Nazis sprechen hingegen von 250.000 Toten und mehr und scheinen offensichtlich der offiziellen Zahl der Dresdner Zivilverwaltung und Polizei von 1945  (sie gingen von 25.000 Opfern aus) einfach eine Null mehr angeh\u00e4ngt zu haben.<\/p>\n<p style=\"center;\"><strong>&#8222;Keine Beweise oder belastbaren Indizien&#8220;<\/strong><\/p>\n<p>Nach dem Bericht der Kommission, der auf dem Deutschen Historikertag im Herbst 2008 vorgestellt wurde, sind 18.000 Tote sicher nachgewiesen worden. Die Experten gehen zugleich davon aus, dass bei den alliierten Luftangriffen auf Dresden am 13. und 14. Februar 1945 maximal 25.000 Menschen ums Leben kamen. Es gebe &#8222;keine Beweise oder belastbare Indizien&#8220; daf\u00fcr, dass diese Zahl wesentlich abweichen k\u00f6nnte, hei\u00dft es in dem Bericht. Die Historikerkommission schloss zugleich &#8222;mit Sicherheit&#8220; aus, dass im Februar 1945 neben Dresdner Einwohnern zugleich auch Zehntausende Fl\u00fcchtlinge ums Leben kamen.<\/p>\n<p style=\"center;\"><strong>&#8222;Kein systematischer Beschuss&#8220;<\/strong><\/p>\n<p>Ebenso erkl\u00e4rten die Experten in ihrem Bericht, dass keine Belege f\u00fcr einen &#8222;systematischen Beschuss&#8220; der Dresdner Bev\u00f6lkerung mit Bordwaffen englischer oder amerikanischer Jagdflugzeuge gefunden wurden. Daf\u00fcr wurden Angaben von mehr als 250 Zeugen analysiert und angegebene Schaupl\u00e4tze untersucht \u2013 beispielsweise nach Munition. Diese angebliche &#8222;Jagd&#8220; durch Alliierte Flieger wird in der Nazi-Propaganda ebenfalls noch sehr gerne verbreitet.<\/p>\n<p style=\"center;\"><strong>Die Nazis ignorieren historische Fakten<\/strong><\/p>\n<p>Den Nazis sind solche Ergebnisse &#8211; wie nicht anders zu erwarten- egal. Da wird der Historikerkommission von der NPD kurz die &#8222;Erstellung eines Gef\u00e4lligkeitsgutachtens&#8220; unterstellt, historische und geschichtswissenschaftliche Belege salopp zur Seite gewischt und dennoch zum &#8222;Trauermarsch&#8220; nach Dresden mobilisiert.<\/p>\n<p>Dennoch ist das Ergebnis der Historikerkommission vom argumentativen Wert nicht zu untersch\u00e4tzen, hatten die Nazis mit ihrem &#8222;Trauermarsch&#8220; doch bisher versucht, an b\u00fcrgerliches Gedenken in Dresden anzukn\u00fcpfen. Dies wird f\u00fcr sie nun ungleich schwerer sein, da ihre wahnhafte Opferposition nun auch von offizieller Seite diskreditiert ist und als nicht diskutierbar gilt.<\/p>\n<p style=\"center;\"><strong>Breite Proteste in Planung<\/strong><\/p>\n<p>Umso wichtiger ist dennoch, dass sich breiter Widerstand gegen diesen zentralen Nazi-Aufmarsch organisiert: Von einer  <a title=\"Antifa-Demo\" href=\"http:\/\/dresden1302.noblogs.org\/post\/2008\/12\/08\/b-ndnisdemonstration-14.-februar-2009-dresden\">antifaschistischen B\u00fcndnisdemonstration <\/a>bis hin zu breiten, b\u00fcrgerlich getragenen Protestaktionen (<a title=\"Geh Denken\" href=\"http:\/\/www.geh-denken.de\/joomla\/\">Geh Denken!<\/a>) befinden sich vielf\u00e4ltigste Initiativen und Aktionen in Vorbereitung, um das Propaganda-Spektakel der Nazis zu stoppen.<\/p>\n","protected":false},"excerpt":{"rendered":"<p>Auch in diesem Jahr wollen Nazis am 13.\/14.02. in Dresden aufmarschieren, um der \u201chunderttausenden Toten des anglo-amerikanischen Terrorangriffs\u201d (NPD-Pressemitteilung) im Februar 1945 zu gedenken. Der NPD-Landtagsabgeordnete J\u00fcrgen Gansel sorgte in diesem Zusammenhang 2005 im S\u00e4chsischen Landtag mit dem Begriff \u201cBomben-Holocaust\u201d f\u00fcr Schlagzeilen, der einen Holocaust an den Deutschen suggerieren soll. Der Aufmarsch hat f\u00fcr Nazis [&hellip;]<\/p>\n","protected":false},"author":222,"featured_media":0,"comment_status":"open","ping_status":"open","sticky":false,"template":"","format":"standard","meta":{"_jetpack_memberships_contains_paid_content":false,"footnotes":""},"categories":[1515],"tags":[1477,1584,1709],"class_list":["post-695","post","type-post","status-publish","format-standard","hentry","category-bundesweit","tag-antifaschismus","tag-geschichtsrevisionismus","tag-nazis"],"yoast_head":"<!-- This site is optimized with the Yoast SEO plugin v21.0 - https:\/\/yoast.com\/wordpress\/plugins\/seo\/ -->\n<title>Historiker r\u00e4umen mit dem &quot;Opfermythos Dresden&quot; auf - St\u00f6rungsmelder<\/title>\n<meta name=\"robots\" content=\"index, follow, max-snippet:-1, max-image-preview:large, max-video-preview:-1\" \/>\n<link rel=\"canonical\" href=\"https:\/\/blog.zeit.de\/stoerungsmelder\/2009\/01\/12\/historiker-raumen-mit-dem-opfermythos-dresden-auf_695\" \/>\n<meta property=\"og:locale\" content=\"de_DE\" \/>\n<meta property=\"og:type\" content=\"article\" \/>\n<meta property=\"og:title\" content=\"Historiker r\u00e4umen mit dem &quot;Opfermythos Dresden&quot; auf - St\u00f6rungsmelder\" \/>\n<meta property=\"og:description\" content=\"Auch in diesem Jahr wollen Nazis am 13.\/14.02. in Dresden aufmarschieren, um der \u201chunderttausenden Toten des anglo-amerikanischen Terrorangriffs\u201d (NPD-Pressemitteilung) im Februar 1945 zu gedenken. Der NPD-Landtagsabgeordnete J\u00fcrgen Gansel sorgte in diesem Zusammenhang 2005 im S\u00e4chsischen Landtag mit dem Begriff \u201cBomben-Holocaust\u201d f\u00fcr Schlagzeilen, der einen Holocaust an den Deutschen suggerieren soll. Der Aufmarsch hat f\u00fcr Nazis [&hellip;]\" \/>\n<meta property=\"og:url\" content=\"https:\/\/blog.zeit.de\/stoerungsmelder\/2009\/01\/12\/historiker-raumen-mit-dem-opfermythos-dresden-auf_695\" \/>\n<meta property=\"og:site_name\" content=\"St\u00f6rungsmelder\" \/>\n<meta property=\"article:published_time\" content=\"2009-01-12T16:07:18+00:00\" \/>\n<meta name=\"author\" content=\"Jan Jetter\" \/>\n<meta name=\"twitter:card\" content=\"summary_large_image\" \/>\n<meta name=\"twitter:label1\" content=\"Geschrieben von\" \/>\n\t<meta name=\"twitter:data1\" content=\"Jan Jetter\" \/>\n\t<meta name=\"twitter:label2\" content=\"Gesch\u00e4tzte Lesezeit\" \/>\n\t<meta name=\"twitter:data2\" content=\"2\u00a0Minuten\" \/>\n<script type=\"application\/ld+json\" class=\"yoast-schema-graph\">{\"@context\":\"https:\/\/schema.org\",\"@graph\":[{\"@type\":\"WebPage\",\"@id\":\"https:\/\/blog.zeit.de\/stoerungsmelder\/2009\/01\/12\/historiker-raumen-mit-dem-opfermythos-dresden-auf_695\",\"url\":\"https:\/\/blog.zeit.de\/stoerungsmelder\/2009\/01\/12\/historiker-raumen-mit-dem-opfermythos-dresden-auf_695\",\"name\":\"Historiker r\u00e4umen mit dem \\\"Opfermythos Dresden\\\" auf - St\u00f6rungsmelder\",\"isPartOf\":{\"@id\":\"https:\/\/blog.zeit.de\/stoerungsmelder\/#website\"},\"datePublished\":\"2009-01-12T16:07:18+00:00\",\"dateModified\":\"2009-01-12T16:07:18+00:00\",\"author\":{\"@id\":\"https:\/\/blog.zeit.de\/stoerungsmelder\/#\/schema\/person\/a7da6ffb04f4cd2c86b3e3ef179aa17a\"},\"breadcrumb\":{\"@id\":\"https:\/\/blog.zeit.de\/stoerungsmelder\/2009\/01\/12\/historiker-raumen-mit-dem-opfermythos-dresden-auf_695#breadcrumb\"},\"inLanguage\":\"de\",\"potentialAction\":[{\"@type\":\"ReadAction\",\"target\":[\"https:\/\/blog.zeit.de\/stoerungsmelder\/2009\/01\/12\/historiker-raumen-mit-dem-opfermythos-dresden-auf_695\"]}]},{\"@type\":\"BreadcrumbList\",\"@id\":\"https:\/\/blog.zeit.de\/stoerungsmelder\/2009\/01\/12\/historiker-raumen-mit-dem-opfermythos-dresden-auf_695#breadcrumb\",\"itemListElement\":[{\"@type\":\"ListItem\",\"position\":1,\"name\":\"Startseite\",\"item\":\"https:\/\/blog.zeit.de\/stoerungsmelder\"},{\"@type\":\"ListItem\",\"position\":2,\"name\":\"Historiker r\u00e4umen mit dem &#8222;Opfermythos Dresden&#8220; auf\"}]},{\"@type\":\"WebSite\",\"@id\":\"https:\/\/blog.zeit.de\/stoerungsmelder\/#website\",\"url\":\"https:\/\/blog.zeit.de\/stoerungsmelder\/\",\"name\":\"St\u00f6rungsmelder\",\"description\":\"Recherchen und Analysen \u00fcber die extreme Rechte\",\"potentialAction\":[{\"@type\":\"SearchAction\",\"target\":{\"@type\":\"EntryPoint\",\"urlTemplate\":\"https:\/\/blog.zeit.de\/stoerungsmelder\/?s={search_term_string}\"},\"query-input\":\"required name=search_term_string\"}],\"inLanguage\":\"de\"},{\"@type\":\"Person\",\"@id\":\"https:\/\/blog.zeit.de\/stoerungsmelder\/#\/schema\/person\/a7da6ffb04f4cd2c86b3e3ef179aa17a\",\"name\":\"Jan Jetter\",\"image\":{\"@type\":\"ImageObject\",\"inLanguage\":\"de\",\"@id\":\"https:\/\/blog.zeit.de\/stoerungsmelder\/#\/schema\/person\/image\/\",\"url\":\"https:\/\/secure.gravatar.com\/avatar\/e0e4e181dfdaf618bd1e60990afe2a233c3d74deccf13e756c794ec8311b50a5?s=96&d=mm&r=pg\",\"contentUrl\":\"https:\/\/secure.gravatar.com\/avatar\/e0e4e181dfdaf618bd1e60990afe2a233c3d74deccf13e756c794ec8311b50a5?s=96&d=mm&r=pg\",\"caption\":\"Jan Jetter\"},\"url\":\"https:\/\/blog.zeit.de\/stoerungsmelder\/author\/jan-jetter\"}]}<\/script>\n<!-- \/ Yoast SEO plugin. -->","yoast_head_json":{"title":"Historiker r\u00e4umen mit dem \"Opfermythos Dresden\" auf - St\u00f6rungsmelder","robots":{"index":"index","follow":"follow","max-snippet":"max-snippet:-1","max-image-preview":"max-image-preview:large","max-video-preview":"max-video-preview:-1"},"canonical":"https:\/\/blog.zeit.de\/stoerungsmelder\/2009\/01\/12\/historiker-raumen-mit-dem-opfermythos-dresden-auf_695","og_locale":"de_DE","og_type":"article","og_title":"Historiker r\u00e4umen mit dem \"Opfermythos Dresden\" auf - St\u00f6rungsmelder","og_description":"Auch in diesem Jahr wollen Nazis am 13.\/14.02. in Dresden aufmarschieren, um der \u201chunderttausenden Toten des anglo-amerikanischen Terrorangriffs\u201d (NPD-Pressemitteilung) im Februar 1945 zu gedenken. Der NPD-Landtagsabgeordnete J\u00fcrgen Gansel sorgte in diesem Zusammenhang 2005 im S\u00e4chsischen Landtag mit dem Begriff \u201cBomben-Holocaust\u201d f\u00fcr Schlagzeilen, der einen Holocaust an den Deutschen suggerieren soll. Der Aufmarsch hat f\u00fcr Nazis [&hellip;]","og_url":"https:\/\/blog.zeit.de\/stoerungsmelder\/2009\/01\/12\/historiker-raumen-mit-dem-opfermythos-dresden-auf_695","og_site_name":"St\u00f6rungsmelder","article_published_time":"2009-01-12T16:07:18+00:00","author":"Jan Jetter","twitter_card":"summary_large_image","twitter_misc":{"Geschrieben von":"Jan Jetter","Gesch\u00e4tzte Lesezeit":"2\u00a0Minuten"},"schema":{"@context":"https:\/\/schema.org","@graph":[{"@type":"WebPage","@id":"https:\/\/blog.zeit.de\/stoerungsmelder\/2009\/01\/12\/historiker-raumen-mit-dem-opfermythos-dresden-auf_695","url":"https:\/\/blog.zeit.de\/stoerungsmelder\/2009\/01\/12\/historiker-raumen-mit-dem-opfermythos-dresden-auf_695","name":"Historiker r\u00e4umen mit dem \"Opfermythos Dresden\" auf - St\u00f6rungsmelder","isPartOf":{"@id":"https:\/\/blog.zeit.de\/stoerungsmelder\/#website"},"datePublished":"2009-01-12T16:07:18+00:00","dateModified":"2009-01-12T16:07:18+00:00","author":{"@id":"https:\/\/blog.zeit.de\/stoerungsmelder\/#\/schema\/person\/a7da6ffb04f4cd2c86b3e3ef179aa17a"},"breadcrumb":{"@id":"https:\/\/blog.zeit.de\/stoerungsmelder\/2009\/01\/12\/historiker-raumen-mit-dem-opfermythos-dresden-auf_695#breadcrumb"},"inLanguage":"de","potentialAction":[{"@type":"ReadAction","target":["https:\/\/blog.zeit.de\/stoerungsmelder\/2009\/01\/12\/historiker-raumen-mit-dem-opfermythos-dresden-auf_695"]}]},{"@type":"BreadcrumbList","@id":"https:\/\/blog.zeit.de\/stoerungsmelder\/2009\/01\/12\/historiker-raumen-mit-dem-opfermythos-dresden-auf_695#breadcrumb","itemListElement":[{"@type":"ListItem","position":1,"name":"Startseite","item":"https:\/\/blog.zeit.de\/stoerungsmelder"},{"@type":"ListItem","position":2,"name":"Historiker r\u00e4umen mit dem &#8222;Opfermythos Dresden&#8220; auf"}]},{"@type":"WebSite","@id":"https:\/\/blog.zeit.de\/stoerungsmelder\/#website","url":"https:\/\/blog.zeit.de\/stoerungsmelder\/","name":"St\u00f6rungsmelder","description":"Recherchen und Analysen \u00fcber die extreme Rechte","potentialAction":[{"@type":"SearchAction","target":{"@type":"EntryPoint","urlTemplate":"https:\/\/blog.zeit.de\/stoerungsmelder\/?s={search_term_string}"},"query-input":"required name=search_term_string"}],"inLanguage":"de"},{"@type":"Person","@id":"https:\/\/blog.zeit.de\/stoerungsmelder\/#\/schema\/person\/a7da6ffb04f4cd2c86b3e3ef179aa17a","name":"Jan Jetter","image":{"@type":"ImageObject","inLanguage":"de","@id":"https:\/\/blog.zeit.de\/stoerungsmelder\/#\/schema\/person\/image\/","url":"https:\/\/secure.gravatar.com\/avatar\/e0e4e181dfdaf618bd1e60990afe2a233c3d74deccf13e756c794ec8311b50a5?s=96&d=mm&r=pg","contentUrl":"https:\/\/secure.gravatar.com\/avatar\/e0e4e181dfdaf618bd1e60990afe2a233c3d74deccf13e756c794ec8311b50a5?s=96&d=mm&r=pg","caption":"Jan Jetter"},"url":"https:\/\/blog.zeit.de\/stoerungsmelder\/author\/jan-jetter"}]}},"jetpack_featured_media_url":"","jetpack_sharing_enabled":true,"_links":{"self":[{"href":"https:\/\/blog.zeit.de\/stoerungsmelder\/wp-json\/wp\/v2\/posts\/695","targetHints":{"allow":["GET"]}}],"collection":[{"href":"https:\/\/blog.zeit.de\/stoerungsmelder\/wp-json\/wp\/v2\/posts"}],"about":[{"href":"https:\/\/blog.zeit.de\/stoerungsmelder\/wp-json\/wp\/v2\/types\/post"}],"author":[{"embeddable":true,"href":"https:\/\/blog.zeit.de\/stoerungsmelder\/wp-json\/wp\/v2\/users\/222"}],"replies":[{"embeddable":true,"href":"https:\/\/blog.zeit.de\/stoerungsmelder\/wp-json\/wp\/v2\/comments?post=695"}],"version-history":[{"count":0,"href":"https:\/\/blog.zeit.de\/stoerungsmelder\/wp-json\/wp\/v2\/posts\/695\/revisions"}],"wp:attachment":[{"href":"https:\/\/blog.zeit.de\/stoerungsmelder\/wp-json\/wp\/v2\/media?parent=695"}],"wp:term":[{"taxonomy":"category","embeddable":true,"href":"https:\/\/blog.zeit.de\/stoerungsmelder\/wp-json\/wp\/v2\/categories?post=695"},{"taxonomy":"post_tag","embeddable":true,"href":"https:\/\/blog.zeit.de\/stoerungsmelder\/wp-json\/wp\/v2\/tags?post=695"}],"curies":[{"name":"wp","href":"https:\/\/api.w.org\/{rel}","templated":true}]}}