{"id":7030,"date":"2011-08-25T10:03:32","date_gmt":"2011-08-25T08:03:32","guid":{"rendered":"http:\/\/blog.zeit.de\/stoerungsmelder\/?p=7030"},"modified":"2011-08-31T15:39:38","modified_gmt":"2011-08-31T13:39:38","slug":"%e2%80%9ekeine-gnade-fur-kinderschander%e2%80%9c-rechtsextreme-propaganda-auf-facebook","status":"publish","type":"post","link":"https:\/\/blog.zeit.de\/stoerungsmelder\/2011\/08\/25\/%e2%80%9ekeine-gnade-fur-kinderschander%e2%80%9c-rechtsextreme-propaganda-auf-facebook_7030","title":{"rendered":"\u201eKeine Gnade f\u00fcr Kindersch\u00e4nder\u201c &#8211; Rechtsextreme Propaganda auf Facebook"},"content":{"rendered":"<p><a href=\"https:\/\/blog.zeit.de\/stoerungsmelder\/files\/2011\/08\/0008_Aufzeichnen.jpg\"><img loading=\"lazy\" decoding=\"async\" class=\"alignleft size-full wp-image-7033\" title=\"0008_Aufzeichnen\" src=\"https:\/\/blog.zeit.de\/stoerungsmelder\/files\/2011\/08\/0008_Aufzeichnen.jpg\" alt=\"\" width=\"182\" height=\"380\" srcset=\"https:\/\/blog.zeit.de\/stoerungsmelder\/files\/2011\/08\/0008_Aufzeichnen.jpg 182w, https:\/\/blog.zeit.de\/stoerungsmelder\/files\/2011\/08\/0008_Aufzeichnen-143x300.jpg 143w\" sizes=\"auto, (max-width: 182px) 100vw, 182px\" \/><\/a><\/p>\n<p>\u201eKeine Gnade f\u00fcr Kindersch\u00e4nder\u201c &#8211; so lautet der Titel einer gut getarnten Facebook-Seite, mit der Rechtsextremisten versuchen ihre menschenverachtenden Ideologien salonf\u00e4hig zu machen. Alarmierend ist dabei der \u00fcberraschende Erfolg der Seite. \u00dcber soziale Netzwerke versuchen die Neonazis in der Mitte der Gesellschaft Fu\u00df zu fassen. <!--more--><\/p>\n<p><strong>Unscheinbar&#8230;<\/strong><\/p>\n<p>Wenn man die Facebook-Seite \u201eKeine Gnade f\u00fcr Kindersch\u00e4nder\u201c das erste Mal anklickt, d\u00fcrfte sie die meisten kaum misstrauisch werden lassen. Daf\u00fcr ist ihre Aufmachung viel zu harmlos. So zeigt das Profilbild  des Webauftritts ein junges M\u00e4dchen, das auf einer gr\u00fcnen Wiese steht und mit einem L\u00f6wenzahn spielt; dazu steht rechts im Bild in blauen Lettern die Forderung \u201eKinder brauchen eine Lobby. Damit ihre Tr\u00e4ume in Erf\u00fcllung gehen\u201c. Das wirkt unauff\u00e4llig und auf den ersten Blick nicht rechtsextrem.<\/p>\n<p>Es kommt hinzu, dass viele Links auch auf Internetseiten von angesehenen Medien f\u00fchren. Denn neben einschl\u00e4gig bekannten rechtsextremen Internetseiten oder Blogs werden auch die Websites von \u201eSpiegel Online\u201c oder dem \u201eHamburger Abendblatt\u201c regelm\u00e4\u00dfig verlinkt. Das alles tr\u00e4gt zum seri\u00f6sen Image der Facebook-Seite bei und verleitet viele schnell dazu, auf den \u201eGef\u00e4llt-Mir-Button\u201c zu klicken, denn nicht nur Rechtsextremisten sind der Auffassung, dass Sexualstraft\u00e4ter, die sich an Kindern vergehen, zu lasch bestraft werden, sondern auch gew\u00f6hnliche B\u00fcrger.<\/p>\n<p>Genauso erkl\u00e4rt sich auch die f\u00fcr eine rechtsextreme Seite beeindruckend hohe Zahl an Unterst\u00fctzern. Insgesamt scheint der Auftritt mehr als 35 000 Nutzern zu gefallen (stand August 2011). Das ist bislang f\u00fcr eine rechtsextreme Facebookseite einmalig. Die Facebookseite der NPD hat nur rund 9000 Unterst\u00fctzer.<\/p>\n<p><strong>&#8230;und rechtsextrem<\/strong><\/p>\n<p>Betrachtet man die Seite allerdings etwas genauer, wird klar, was dahintersteckt. Die unbekannten Initiatoren werben beispielsweise offen f\u00fcr die NPD. Unauff\u00e4llig wird ein NPD Kinderfest mit den Worten \u201eDas nenn ich kinderfreundliche Politik, daran sollten dich die anderen mal ein Beispiel nehmen. Traurig, dass die etablierten Parteien sich selbst ins Aus schie\u00dfen&#8230;\u201c angepriesen oder die \u201ekinderfreundliche Politik\u201c der Neonazis hervorgehoben. Dass f\u00fchrt dann mitunter schon einmal dazu, dass die Seiteninhaber ihre Fans dazu aufrufen, den NPD-Mann Frank Franz mit einem Klick auf \u201eGef\u00e4llt-Mir\u201c bei seiner Seite zu unterst\u00fctzen, damit, so die Initiatoren, \u201eunsere Kinder bald wieder sicher auf den Spielpl\u00e4tzen spielen k\u00f6nnen\u201c.<\/p>\n<p>Ein Blick auf die Seiten, die \u201eKeine Gnade f\u00fcr Kindersch\u00e4nder\u201c gefallen, spricht B\u00e4nde: darunter der Facebook-Auftritt von Holger Apfel (Vorsitzender der NPD-Fraktion im s\u00e4chsischen Landtag), Frank Franz (Vorsitzender der NPD-Saarland) und Udo Past\u00f6rs (NPD-Landtagsmitglied in Mecklenburg-Vorpommern) sowie das rechtsextreme Blog \u201eDeutschlandEcho\u201c. Dar\u00fcber hinaus werden regelm\u00e4\u00dfig Meldungen der NPD rund um das Thema \u201eKinderschutz\u201c weiterverbreitet und in h\u00f6chsten T\u00f6nen gelobt oder fotografierte NPD-Wahlplakate mit der Forderung \u201eKinder sch\u00fctzen \u2013 Familie f\u00f6rdern\u201c gepostet und mit der Aussage \u201eVorbildlich! Leider scheint es f\u00fcr alle anderen Parteien eine Unm\u00f6glichkeit zu sein, sich diesem Thema zu widmen&#8230;\u201c kommentiert. Auch Lieder von bekennenden rechtsextremen Musikern wie Annett werden auf der Seite geteilt, darunter finden sich Titel wie \u201eWie viele noch?\u201c oder \u201eWir hassen Kindersch\u00e4nder\u201c &#8211; allesamt Songs, die sich in rechten Kreisen hoher Beliebtheit erfreuen.<\/p>\n<p><a href=\"https:\/\/blog.zeit.de\/stoerungsmelder\/files\/2011\/08\/0009_Aufzeichnen.jpg\"><img loading=\"lazy\" decoding=\"async\" class=\"alignright size-full wp-image-7034\" title=\"0009_Aufzeichnen\" src=\"https:\/\/blog.zeit.de\/stoerungsmelder\/files\/2011\/08\/0009_Aufzeichnen.jpg\" alt=\"\" width=\"176\" height=\"325\" srcset=\"https:\/\/blog.zeit.de\/stoerungsmelder\/files\/2011\/08\/0009_Aufzeichnen.jpg 176w, https:\/\/blog.zeit.de\/stoerungsmelder\/files\/2011\/08\/0009_Aufzeichnen-162x300.jpg 162w\" sizes=\"auto, (max-width: 176px) 100vw, 176px\" \/><\/a><\/p>\n<p>Doch die Administratoren beschr\u00e4nken sich nicht immer auf das Thema \u201eKinderschutz\u201c, sondern mischen sich h\u00e4ufig auch in die gro\u00dfe Politik ein. Dabei sind ihre Forderungen meistens eindeutig rechtsextrem. Unter anderem beschweren sie sich \u00fcber die \u201eMeinungsdiktatur\u201c und ein \u201elinkes Denunziantentum\u201c, anl\u00e4sslich der L\u00f6schung zahlreicher rechtsextremer Facebook-Profile oder beschweren sich dar\u00fcber, dass die \u201eLinkspartei\u201c angeblich die \u201eOpfer kommunistischer Gewaltherrschaft verh\u00f6hne\u201c und die Partei im \u201eKontext zu 100 000 000 durch linken Terror get\u00f6teten\u201c stehe, aber dennoch zu den \u201eetablierten und w\u00e4hlbaren Parteien\u201c geh\u00f6re. Solche Themen sind keine Seltenheit, denn immer wieder, wenn die Seite erneut gemeldet wird, werden diejenigen, die die Seite bedenklich fanden und deswegen reagiert haben als \u201elinke Spa\u00dfv\u00f6gel\u201c denunziert.<\/p>\n<p><strong>Was sagen die Seitenbetreiber?<\/strong><\/p>\n<p>Eine offizielle Anfrage an die Betreiber dieser Seite zu richten, ist indes nicht m\u00f6glich, da sie anonym auftreten und entsprechend auch keine Kontaktadresse hinterlassen. Das hei\u00dft aber nicht, dass sie sich zu den Anschuldigungen, die NPD zu unterst\u00fctzen, nicht \u00e4u\u00dfern. Regelm\u00e4\u00dfig schreiben sie in Postings, dass sie keinen \u201eAbgrenzungswahn zur NPD\u201c h\u00e4tten und hier \u201ePositionen von Menschen, die sich klar positionieren\u201c, verlinken w\u00fcrden und dass sie es \u201elobenswert finden, dass sich die NPD dieses Themas annimmt und dankbar daf\u00fcr sind\u201c. Gezielt w\u00fcrden sie die Partei aber nicht unterst\u00fctzen und sofern sich andere Parteien dem Kinderschutz annehmen w\u00fcrden, w\u00fcrden auch sie zu Wort kommen.<\/p>\n<p>Obwohl man aufgrund der rechtsextremen Inhalte eigentlich schnell erkennen k\u00f6nnte, dass es sich hier um eine Neonazi-Tarnseite handelt, scheint es dennoch vielen nicht aufzufallen. Und eben darin liegt die gro\u00dfe Gefahr dieser Seite.<\/p>\n<p>Erschwerend kommt hinzu, dass die wenigsten mit der neonazistischen Szene, deren Anh\u00e4nger, deren Argumentationsmuster und deren Internetauftritten vertraut sind, und deshalb der Auffassung sind, dass es sich hier um ein gutes Projekt handelt, dass man bedingungslos unterst\u00fctzen kann. Dass man sich damit zu einem Teil rechtsextremer Propaganda macht, ahnen viele nicht.<\/p>\n<p><strong>Die Strategie, die sich hinter \u201eKeine Gnade f\u00fcr Kindersch\u00e4nder\u201c verbirgt<\/strong><\/p>\n<p>Die Idee, die hinter dieser Seite steckt, ist eine simple aber \u00fcberaus effektive, auf die immer mehr rechte Parteien und deren Funktion\u00e4re erfolgreich setzen. Mittels gut getarnter Themen, die m\u00f6glichst b\u00fcrgerlich wirken und oftmals der Meinung der Masse entsprechen, wird versucht, Zustimmung in der breiten Bev\u00f6lkerung zu erlangen. W\u00e4hrend sich das im realen, gesellschaftlichen Leben unter anderem durch NPD-Kinderfeste oder St\u00e4nde in St\u00e4dten \u00e4u\u00dfert, auf denen Luftballons und Kugelschreiber verteilt werden, so \u00e4u\u00dfert sich dies im World Wide Web durch Themen, die viele bewegen.<\/p>\n<p>Mit ihrem verst\u00e4rkten Auftreten in sozialen Netzwerken wollen die Neonazis gezielt Jugendliche und junge Erwachsene ansprechen, die sonst von einem martialischen Naziaufmarsch abgeschreckt werden. Im Netz sinkt die Hemmschwelle zur Kontaktaufnahme jedoch, vor allem, wenn die Facebookseite unverf\u00e4nglich daherkommt. Eine geschickte Art der Rekrutierung f\u00fcr die Szene.<\/p>\n<p><strong>Was tut die Webgemeinde?<\/strong><\/p>\n<p>Die Seite ist im Internet l\u00e4ngst nicht mehr unbekannt, denn auch engagierte User haben die Seite bereits entdeckt und Gegengruppen gebildet. Auf Seiten wie <a href=\"http:\/\/de-de.facebook.com\/pages\/Keine-Gnade-f%C3%BCr-Kindersch%C3%A4nder-die-Hintergr%C3%BCnde\/216413065066283\">\u201eKeine Gnade f\u00fcr Kindersch\u00e4nder \u2013 die Hintergr\u00fcnde\u201c<\/a> oder <a href=\"http:\/\/de-de.facebook.com\/pages\/L%C3%B6schen-der-Seite-Keine-Gnade-f%C3%BCr-Kindersch%C3%A4nder-NAZIS\/230941090257229\">\u201eL\u00f6schen der Seite: Keine Gnade f\u00fcr Kindersch\u00e4nder (NAZIS!!)&#8220;<\/a> wird \u00fcber die Machenschaften der Initiatoren informiert und versucht auf das Problem der gut getarnten Nazipropaganda aufmerksam zu machen.<\/p>\n","protected":false},"excerpt":{"rendered":"<p>\u201eKeine Gnade f\u00fcr Kindersch\u00e4nder\u201c &#8211; so lautet der Titel einer gut getarnten Facebook-Seite, mit der Rechtsextremisten versuchen ihre menschenverachtenden Ideologien salonf\u00e4hig zu machen. Alarmierend ist dabei der \u00fcberraschende Erfolg der Seite. \u00dcber soziale Netzwerke versuchen die Neonazis in der Mitte der Gesellschaft Fu\u00df zu fassen.<\/p>\n","protected":false},"author":335,"featured_media":0,"comment_status":"open","ping_status":"open","sticky":false,"template":"","format":"standard","meta":{"_jetpack_memberships_contains_paid_content":false,"footnotes":""},"categories":[1515],"tags":[305,1716,937],"class_list":["post-7030","post","type-post","status-publish","format-standard","hentry","category-bundesweit","tag-facebook","tag-npd","tag-soziale-netzwerke"],"yoast_head":"<!-- This site is optimized with the Yoast SEO plugin v21.0 - https:\/\/yoast.com\/wordpress\/plugins\/seo\/ -->\n<title>\u201eKeine Gnade f\u00fcr Kindersch\u00e4nder\u201c - Rechtsextreme Propaganda auf Facebook - St\u00f6rungsmelder<\/title>\n<meta name=\"robots\" content=\"index, follow, max-snippet:-1, max-image-preview:large, max-video-preview:-1\" \/>\n<link rel=\"canonical\" href=\"https:\/\/blog.zeit.de\/stoerungsmelder\/2011\/08\/25\/\u201ekeine-gnade-fur-kinderschander\u201c-rechtsextreme-propaganda-auf-facebook_7030\" \/>\n<meta property=\"og:locale\" content=\"de_DE\" \/>\n<meta property=\"og:type\" content=\"article\" \/>\n<meta property=\"og:title\" content=\"\u201eKeine Gnade f\u00fcr Kindersch\u00e4nder\u201c - Rechtsextreme Propaganda auf Facebook - St\u00f6rungsmelder\" \/>\n<meta property=\"og:description\" content=\"\u201eKeine Gnade f\u00fcr Kindersch\u00e4nder\u201c &#8211; so lautet der Titel einer gut getarnten Facebook-Seite, mit der Rechtsextremisten versuchen ihre menschenverachtenden Ideologien salonf\u00e4hig zu machen. Alarmierend ist dabei der \u00fcberraschende Erfolg der Seite. \u00dcber soziale Netzwerke versuchen die Neonazis in der Mitte der Gesellschaft Fu\u00df zu fassen.\" \/>\n<meta property=\"og:url\" content=\"https:\/\/blog.zeit.de\/stoerungsmelder\/2011\/08\/25\/\u201ekeine-gnade-fur-kinderschander\u201c-rechtsextreme-propaganda-auf-facebook_7030\" \/>\n<meta property=\"og:site_name\" content=\"St\u00f6rungsmelder\" \/>\n<meta property=\"article:published_time\" content=\"2011-08-25T08:03:32+00:00\" \/>\n<meta property=\"article:modified_time\" content=\"2011-08-31T13:39:38+00:00\" \/>\n<meta property=\"og:image\" content=\"https:\/\/blog.zeit.de\/stoerungsmelder\/files\/2011\/08\/0008_Aufzeichnen.jpg\" \/>\n<meta name=\"author\" content=\"Johannes Hartl\" \/>\n<meta name=\"twitter:card\" content=\"summary_large_image\" \/>\n<meta name=\"twitter:label1\" content=\"Geschrieben von\" \/>\n\t<meta name=\"twitter:data1\" content=\"Johannes Hartl\" \/>\n\t<meta name=\"twitter:label2\" content=\"Gesch\u00e4tzte Lesezeit\" \/>\n\t<meta name=\"twitter:data2\" content=\"5\u00a0Minuten\" \/>\n<script type=\"application\/ld+json\" class=\"yoast-schema-graph\">{\"@context\":\"https:\/\/schema.org\",\"@graph\":[{\"@type\":\"WebPage\",\"@id\":\"https:\/\/blog.zeit.de\/stoerungsmelder\/2011\/08\/25\/%e2%80%9ekeine-gnade-fur-kinderschander%e2%80%9c-rechtsextreme-propaganda-auf-facebook_7030\",\"url\":\"https:\/\/blog.zeit.de\/stoerungsmelder\/2011\/08\/25\/%e2%80%9ekeine-gnade-fur-kinderschander%e2%80%9c-rechtsextreme-propaganda-auf-facebook_7030\",\"name\":\"\u201eKeine Gnade f\u00fcr Kindersch\u00e4nder\u201c - Rechtsextreme Propaganda auf Facebook - St\u00f6rungsmelder\",\"isPartOf\":{\"@id\":\"https:\/\/blog.zeit.de\/stoerungsmelder\/#website\"},\"datePublished\":\"2011-08-25T08:03:32+00:00\",\"dateModified\":\"2011-08-31T13:39:38+00:00\",\"author\":{\"@id\":\"https:\/\/blog.zeit.de\/stoerungsmelder\/#\/schema\/person\/9954cab4408a20467ff5685876ef2be2\"},\"breadcrumb\":{\"@id\":\"https:\/\/blog.zeit.de\/stoerungsmelder\/2011\/08\/25\/%e2%80%9ekeine-gnade-fur-kinderschander%e2%80%9c-rechtsextreme-propaganda-auf-facebook_7030#breadcrumb\"},\"inLanguage\":\"de\",\"potentialAction\":[{\"@type\":\"ReadAction\",\"target\":[\"https:\/\/blog.zeit.de\/stoerungsmelder\/2011\/08\/25\/%e2%80%9ekeine-gnade-fur-kinderschander%e2%80%9c-rechtsextreme-propaganda-auf-facebook_7030\"]}]},{\"@type\":\"BreadcrumbList\",\"@id\":\"https:\/\/blog.zeit.de\/stoerungsmelder\/2011\/08\/25\/%e2%80%9ekeine-gnade-fur-kinderschander%e2%80%9c-rechtsextreme-propaganda-auf-facebook_7030#breadcrumb\",\"itemListElement\":[{\"@type\":\"ListItem\",\"position\":1,\"name\":\"Startseite\",\"item\":\"https:\/\/blog.zeit.de\/stoerungsmelder\"},{\"@type\":\"ListItem\",\"position\":2,\"name\":\"\u201eKeine Gnade f\u00fcr Kindersch\u00e4nder\u201c &#8211; Rechtsextreme Propaganda auf Facebook\"}]},{\"@type\":\"WebSite\",\"@id\":\"https:\/\/blog.zeit.de\/stoerungsmelder\/#website\",\"url\":\"https:\/\/blog.zeit.de\/stoerungsmelder\/\",\"name\":\"St\u00f6rungsmelder\",\"description\":\"Recherchen und Analysen \u00fcber die extreme Rechte\",\"potentialAction\":[{\"@type\":\"SearchAction\",\"target\":{\"@type\":\"EntryPoint\",\"urlTemplate\":\"https:\/\/blog.zeit.de\/stoerungsmelder\/?s={search_term_string}\"},\"query-input\":\"required name=search_term_string\"}],\"inLanguage\":\"de\"},{\"@type\":\"Person\",\"@id\":\"https:\/\/blog.zeit.de\/stoerungsmelder\/#\/schema\/person\/9954cab4408a20467ff5685876ef2be2\",\"name\":\"Johannes Hartl\",\"image\":{\"@type\":\"ImageObject\",\"inLanguage\":\"de\",\"@id\":\"https:\/\/blog.zeit.de\/stoerungsmelder\/#\/schema\/person\/image\/\",\"url\":\"https:\/\/secure.gravatar.com\/avatar\/aa76c6547229f48516cca421db00a6c0f8d4ce93e33efa645b42c6f7baec7518?s=96&d=mm&r=pg\",\"contentUrl\":\"https:\/\/secure.gravatar.com\/avatar\/aa76c6547229f48516cca421db00a6c0f8d4ce93e33efa645b42c6f7baec7518?s=96&d=mm&r=pg\",\"caption\":\"Johannes Hartl\"},\"sameAs\":[\"https:\/\/blog.zeit.de\/stoerungsmelder\/author\/jhartl\"],\"url\":\"https:\/\/blog.zeit.de\/stoerungsmelder\/author\/jhartl\"}]}<\/script>\n<!-- \/ Yoast SEO plugin. -->","yoast_head_json":{"title":"\u201eKeine Gnade f\u00fcr Kindersch\u00e4nder\u201c - Rechtsextreme Propaganda auf Facebook - St\u00f6rungsmelder","robots":{"index":"index","follow":"follow","max-snippet":"max-snippet:-1","max-image-preview":"max-image-preview:large","max-video-preview":"max-video-preview:-1"},"canonical":"https:\/\/blog.zeit.de\/stoerungsmelder\/2011\/08\/25\/\u201ekeine-gnade-fur-kinderschander\u201c-rechtsextreme-propaganda-auf-facebook_7030","og_locale":"de_DE","og_type":"article","og_title":"\u201eKeine Gnade f\u00fcr Kindersch\u00e4nder\u201c - Rechtsextreme Propaganda auf Facebook - St\u00f6rungsmelder","og_description":"\u201eKeine Gnade f\u00fcr Kindersch\u00e4nder\u201c &#8211; so lautet der Titel einer gut getarnten Facebook-Seite, mit der Rechtsextremisten versuchen ihre menschenverachtenden Ideologien salonf\u00e4hig zu machen. Alarmierend ist dabei der \u00fcberraschende Erfolg der Seite. \u00dcber soziale Netzwerke versuchen die Neonazis in der Mitte der Gesellschaft Fu\u00df zu fassen.","og_url":"https:\/\/blog.zeit.de\/stoerungsmelder\/2011\/08\/25\/\u201ekeine-gnade-fur-kinderschander\u201c-rechtsextreme-propaganda-auf-facebook_7030","og_site_name":"St\u00f6rungsmelder","article_published_time":"2011-08-25T08:03:32+00:00","article_modified_time":"2011-08-31T13:39:38+00:00","og_image":[{"url":"https:\/\/blog.zeit.de\/stoerungsmelder\/files\/2011\/08\/0008_Aufzeichnen.jpg"}],"author":"Johannes Hartl","twitter_card":"summary_large_image","twitter_misc":{"Geschrieben von":"Johannes Hartl","Gesch\u00e4tzte Lesezeit":"5\u00a0Minuten"},"schema":{"@context":"https:\/\/schema.org","@graph":[{"@type":"WebPage","@id":"https:\/\/blog.zeit.de\/stoerungsmelder\/2011\/08\/25\/%e2%80%9ekeine-gnade-fur-kinderschander%e2%80%9c-rechtsextreme-propaganda-auf-facebook_7030","url":"https:\/\/blog.zeit.de\/stoerungsmelder\/2011\/08\/25\/%e2%80%9ekeine-gnade-fur-kinderschander%e2%80%9c-rechtsextreme-propaganda-auf-facebook_7030","name":"\u201eKeine Gnade f\u00fcr Kindersch\u00e4nder\u201c - Rechtsextreme Propaganda auf Facebook - St\u00f6rungsmelder","isPartOf":{"@id":"https:\/\/blog.zeit.de\/stoerungsmelder\/#website"},"datePublished":"2011-08-25T08:03:32+00:00","dateModified":"2011-08-31T13:39:38+00:00","author":{"@id":"https:\/\/blog.zeit.de\/stoerungsmelder\/#\/schema\/person\/9954cab4408a20467ff5685876ef2be2"},"breadcrumb":{"@id":"https:\/\/blog.zeit.de\/stoerungsmelder\/2011\/08\/25\/%e2%80%9ekeine-gnade-fur-kinderschander%e2%80%9c-rechtsextreme-propaganda-auf-facebook_7030#breadcrumb"},"inLanguage":"de","potentialAction":[{"@type":"ReadAction","target":["https:\/\/blog.zeit.de\/stoerungsmelder\/2011\/08\/25\/%e2%80%9ekeine-gnade-fur-kinderschander%e2%80%9c-rechtsextreme-propaganda-auf-facebook_7030"]}]},{"@type":"BreadcrumbList","@id":"https:\/\/blog.zeit.de\/stoerungsmelder\/2011\/08\/25\/%e2%80%9ekeine-gnade-fur-kinderschander%e2%80%9c-rechtsextreme-propaganda-auf-facebook_7030#breadcrumb","itemListElement":[{"@type":"ListItem","position":1,"name":"Startseite","item":"https:\/\/blog.zeit.de\/stoerungsmelder"},{"@type":"ListItem","position":2,"name":"\u201eKeine Gnade f\u00fcr Kindersch\u00e4nder\u201c &#8211; Rechtsextreme Propaganda auf Facebook"}]},{"@type":"WebSite","@id":"https:\/\/blog.zeit.de\/stoerungsmelder\/#website","url":"https:\/\/blog.zeit.de\/stoerungsmelder\/","name":"St\u00f6rungsmelder","description":"Recherchen und Analysen \u00fcber die extreme Rechte","potentialAction":[{"@type":"SearchAction","target":{"@type":"EntryPoint","urlTemplate":"https:\/\/blog.zeit.de\/stoerungsmelder\/?s={search_term_string}"},"query-input":"required name=search_term_string"}],"inLanguage":"de"},{"@type":"Person","@id":"https:\/\/blog.zeit.de\/stoerungsmelder\/#\/schema\/person\/9954cab4408a20467ff5685876ef2be2","name":"Johannes Hartl","image":{"@type":"ImageObject","inLanguage":"de","@id":"https:\/\/blog.zeit.de\/stoerungsmelder\/#\/schema\/person\/image\/","url":"https:\/\/secure.gravatar.com\/avatar\/aa76c6547229f48516cca421db00a6c0f8d4ce93e33efa645b42c6f7baec7518?s=96&d=mm&r=pg","contentUrl":"https:\/\/secure.gravatar.com\/avatar\/aa76c6547229f48516cca421db00a6c0f8d4ce93e33efa645b42c6f7baec7518?s=96&d=mm&r=pg","caption":"Johannes Hartl"},"sameAs":["https:\/\/blog.zeit.de\/stoerungsmelder\/author\/jhartl"],"url":"https:\/\/blog.zeit.de\/stoerungsmelder\/author\/jhartl"}]}},"jetpack_featured_media_url":"","jetpack_sharing_enabled":true,"_links":{"self":[{"href":"https:\/\/blog.zeit.de\/stoerungsmelder\/wp-json\/wp\/v2\/posts\/7030","targetHints":{"allow":["GET"]}}],"collection":[{"href":"https:\/\/blog.zeit.de\/stoerungsmelder\/wp-json\/wp\/v2\/posts"}],"about":[{"href":"https:\/\/blog.zeit.de\/stoerungsmelder\/wp-json\/wp\/v2\/types\/post"}],"author":[{"embeddable":true,"href":"https:\/\/blog.zeit.de\/stoerungsmelder\/wp-json\/wp\/v2\/users\/335"}],"replies":[{"embeddable":true,"href":"https:\/\/blog.zeit.de\/stoerungsmelder\/wp-json\/wp\/v2\/comments?post=7030"}],"version-history":[{"count":9,"href":"https:\/\/blog.zeit.de\/stoerungsmelder\/wp-json\/wp\/v2\/posts\/7030\/revisions"}],"predecessor-version":[{"id":7038,"href":"https:\/\/blog.zeit.de\/stoerungsmelder\/wp-json\/wp\/v2\/posts\/7030\/revisions\/7038"}],"wp:attachment":[{"href":"https:\/\/blog.zeit.de\/stoerungsmelder\/wp-json\/wp\/v2\/media?parent=7030"}],"wp:term":[{"taxonomy":"category","embeddable":true,"href":"https:\/\/blog.zeit.de\/stoerungsmelder\/wp-json\/wp\/v2\/categories?post=7030"},{"taxonomy":"post_tag","embeddable":true,"href":"https:\/\/blog.zeit.de\/stoerungsmelder\/wp-json\/wp\/v2\/tags?post=7030"}],"curies":[{"name":"wp","href":"https:\/\/api.w.org\/{rel}","templated":true}]}}