{"id":7102,"date":"2011-09-07T19:48:42","date_gmt":"2011-09-07T17:48:42","guid":{"rendered":"http:\/\/blog.zeit.de\/stoerungsmelder\/?p=7102"},"modified":"2017-07-08T16:38:27","modified_gmt":"2017-07-08T14:38:27","slug":"nazikonzert-als-wahlkampfprogramm","status":"publish","type":"post","link":"https:\/\/blog.zeit.de\/stoerungsmelder\/2011\/09\/07\/nazikonzert-als-wahlkampfprogramm_7102","title":{"rendered":"Nazikonzert als Wahlkampfprogramm"},"content":{"rendered":"<p style=\"text-align: center\">\n<p><figure id=\"attachment_5338\" aria-describedby=\"caption-attachment-5338\" style=\"width: 540px\" class=\"wp-caption aligncenter\"><a href=\"https:\/\/blog.zeit.de\/stoerungsmelder\/files\/2011\/01\/npd1-540.jpg\"><img loading=\"lazy\" decoding=\"async\" class=\"size-full wp-image-5338 \" src=\"https:\/\/blog.zeit.de\/stoerungsmelder\/files\/2011\/01\/npd1-540.jpg\" alt=\"\" width=\"540\" height=\"200\" srcset=\"https:\/\/blog.zeit.de\/stoerungsmelder\/files\/2011\/01\/npd1-540.jpg 540w, https:\/\/blog.zeit.de\/stoerungsmelder\/files\/2011\/01\/npd1-540-300x111.jpg 300w\" sizes=\"auto, (max-width: 540px) 100vw, 540px\" \/><\/a><figcaption id=\"caption-attachment-5338\" class=\"wp-caption-text\">Nazirock kommt bei den &quot;Kameraden&quot; immer gut an \u00a9 Getty<\/figcaption><\/figure><\/p>\n<p>Ein \u00f6ffentliches Nazikonzert will die NPD am Sonntag am S-Bahnhof Sch\u00f6neweide in Berlin veranstalten. Ab 12 Uhr ist eine Kundgebung unter dem Motto \u201eSicherheit durch Recht und Ordnung\u201c angemeldet. Auftreten sollen unter anderem der rechtsextreme Liedermacher Toralf Wegner und die bekannte <a href=\"http:\/\/www.netz-gegen-nazis.de\/artikel\/rechtsextreme-bands-sleipnir-4704\">Neonaziband Sleipnir<\/a>. Mehrere Alben der Band stehen wegen rassistischer Hetze auf dem Index.<!--more--><\/p>\n<p><a href=\"https:\/\/blog.zeit.de\/stoerungsmelder\/files\/2011\/09\/sleipnir.jpg\"><img loading=\"lazy\" decoding=\"async\" class=\"alignleft size-full wp-image-7103\" src=\"https:\/\/blog.zeit.de\/stoerungsmelder\/files\/2011\/09\/sleipnir.jpg\" alt=\"\" width=\"200\" height=\"200\" srcset=\"https:\/\/blog.zeit.de\/stoerungsmelder\/files\/2011\/09\/sleipnir.jpg 200w, https:\/\/blog.zeit.de\/stoerungsmelder\/files\/2011\/09\/sleipnir-150x150.jpg 150w\" sizes=\"auto, (max-width: 200px) 100vw, 200px\" \/><\/a>Das Album &#8222;Das rechte Wort&#8220; wurde 2004 verboten und auf die Liste zur Beschlagnahmung gesetzt. Das erste Album des Sleipnir S\u00e4ngers Marco Laszcz &#8222;Mein bester Kamerad&#8220; wurde 1998 indiziert, weil die Lieder \u201ein  menschenverachtender Weise gegen Ausl\u00e4nder&#8220; hetzen, indem der S\u00e4nger &#8222;sie zu  Parasiten herabw\u00fcrdigt, die kein Recht h\u00e4tten in Deutschland zu leben\u201c.<\/p>\n<p>Als Redner werden Parteichef Udo Voigt, Nazikader Sebastian Schmidtke und der NPD-Fraktionsvorsitzende Udo Past\u00f6rs aus Mecklenburg-Vorpommern angek\u00fcndigt. Antifa-Gruppen rufen zu <a href=\"http:\/\/www.antifa-berlin.info\/auf-die-pelle-ruecken\/index.php?option=com_content&amp;view=article&amp;id=73:antifademo-weg-mit-dem-qnw-berlinq-stuetzpunkt&amp;catid=1:aktuelle-nachrichten&amp;Itemid=58\">Protestaktionen gegen das Konzert<\/a> auf. Um 18 Uhr beginnt zudem am S-Bahnhof Ostkreuz eine Demonstration nach Lichtenberg, die sich gegen das <a href=\"https:\/\/blog.zeit.de\/stoerungsmelder\/2011\/09\/02\/berliner-nazitreffpunkt-fristlos-gekundigt_7077\">neue Nazizentrum in der L\u00fcckstra\u00dfe<\/a> richtet.<\/p>\n<p><img alt=\"\" \/><\/p>\n","protected":false},"excerpt":{"rendered":"<p>Ein \u00f6ffentliches Nazikonzert will die NPD am Sonntag am S-Bahnhof Sch\u00f6neweide in Berlin veranstalten. Ab 12 Uhr ist eine Kundgebung unter dem Motto \u201eSicherheit durch Recht und Ordnung\u201c angemeldet. Auftreten sollen unter anderem der rechtsextreme Liedermacher Toralf Wegner und die bekannte Neonaziband Sleipnir. Mehrere Alben der Band stehen wegen rassistischer Hetze auf dem Index.<\/p>\n","protected":false},"author":229,"featured_media":0,"comment_status":"open","ping_status":"open","sticky":false,"template":"","format":"standard","meta":{"_jetpack_memberships_contains_paid_content":false,"footnotes":""},"categories":[249],"tags":[11362,1716,1791,11414,1827,1830,2442],"class_list":["post-7102","post","type-post","status-publish","format-standard","hentry","category-berlin","tag-marco-laszcz","tag-npd","tag-sebastian-schmidtke","tag-sleipnir","tag-udo-pastors","tag-udo-voigt","tag-uwe-meenen"],"yoast_head":"<!-- This site is optimized with the Yoast SEO plugin v21.0 - https:\/\/yoast.com\/wordpress\/plugins\/seo\/ -->\n<title>Nazikonzert als Wahlkampfprogramm - St\u00f6rungsmelder<\/title>\n<meta name=\"robots\" content=\"index, follow, max-snippet:-1, max-image-preview:large, max-video-preview:-1\" \/>\n<link rel=\"canonical\" href=\"https:\/\/blog.zeit.de\/stoerungsmelder\/2011\/09\/07\/nazikonzert-als-wahlkampfprogramm_7102\" \/>\n<meta property=\"og:locale\" content=\"de_DE\" \/>\n<meta property=\"og:type\" content=\"article\" \/>\n<meta property=\"og:title\" content=\"Nazikonzert als Wahlkampfprogramm - St\u00f6rungsmelder\" \/>\n<meta property=\"og:description\" content=\"Ein \u00f6ffentliches Nazikonzert will die NPD am Sonntag am S-Bahnhof Sch\u00f6neweide in Berlin veranstalten. Ab 12 Uhr ist eine Kundgebung unter dem Motto \u201eSicherheit durch Recht und Ordnung\u201c angemeldet. Auftreten sollen unter anderem der rechtsextreme Liedermacher Toralf Wegner und die bekannte Neonaziband Sleipnir. Mehrere Alben der Band stehen wegen rassistischer Hetze auf dem Index.\" \/>\n<meta property=\"og:url\" content=\"https:\/\/blog.zeit.de\/stoerungsmelder\/2011\/09\/07\/nazikonzert-als-wahlkampfprogramm_7102\" \/>\n<meta property=\"og:site_name\" content=\"St\u00f6rungsmelder\" \/>\n<meta property=\"article:published_time\" content=\"2011-09-07T17:48:42+00:00\" \/>\n<meta property=\"article:modified_time\" content=\"2017-07-08T14:38:27+00:00\" \/>\n<meta property=\"og:image\" content=\"https:\/\/blog.zeit.de\/stoerungsmelder\/files\/2011\/01\/npd1-540.jpg\" \/>\n<meta name=\"author\" content=\"St\u00f6rungsmelder\" \/>\n<meta name=\"twitter:card\" content=\"summary_large_image\" \/>\n<meta name=\"twitter:label1\" content=\"Geschrieben von\" \/>\n\t<meta name=\"twitter:data1\" content=\"St\u00f6rungsmelder\" \/>\n\t<meta name=\"twitter:label2\" content=\"Gesch\u00e4tzte Lesezeit\" \/>\n\t<meta name=\"twitter:data2\" content=\"1\u00a0Minute\" \/>\n<script type=\"application\/ld+json\" class=\"yoast-schema-graph\">{\"@context\":\"https:\/\/schema.org\",\"@graph\":[{\"@type\":\"WebPage\",\"@id\":\"https:\/\/blog.zeit.de\/stoerungsmelder\/2011\/09\/07\/nazikonzert-als-wahlkampfprogramm_7102\",\"url\":\"https:\/\/blog.zeit.de\/stoerungsmelder\/2011\/09\/07\/nazikonzert-als-wahlkampfprogramm_7102\",\"name\":\"Nazikonzert als Wahlkampfprogramm - St\u00f6rungsmelder\",\"isPartOf\":{\"@id\":\"https:\/\/blog.zeit.de\/stoerungsmelder\/#website\"},\"datePublished\":\"2011-09-07T17:48:42+00:00\",\"dateModified\":\"2017-07-08T14:38:27+00:00\",\"author\":{\"@id\":\"https:\/\/blog.zeit.de\/stoerungsmelder\/#\/schema\/person\/fdd0b9818f65738672810b6d6f037f71\"},\"breadcrumb\":{\"@id\":\"https:\/\/blog.zeit.de\/stoerungsmelder\/2011\/09\/07\/nazikonzert-als-wahlkampfprogramm_7102#breadcrumb\"},\"inLanguage\":\"de\",\"potentialAction\":[{\"@type\":\"ReadAction\",\"target\":[\"https:\/\/blog.zeit.de\/stoerungsmelder\/2011\/09\/07\/nazikonzert-als-wahlkampfprogramm_7102\"]}]},{\"@type\":\"BreadcrumbList\",\"@id\":\"https:\/\/blog.zeit.de\/stoerungsmelder\/2011\/09\/07\/nazikonzert-als-wahlkampfprogramm_7102#breadcrumb\",\"itemListElement\":[{\"@type\":\"ListItem\",\"position\":1,\"name\":\"Startseite\",\"item\":\"https:\/\/blog.zeit.de\/stoerungsmelder\"},{\"@type\":\"ListItem\",\"position\":2,\"name\":\"Nazikonzert als Wahlkampfprogramm\"}]},{\"@type\":\"WebSite\",\"@id\":\"https:\/\/blog.zeit.de\/stoerungsmelder\/#website\",\"url\":\"https:\/\/blog.zeit.de\/stoerungsmelder\/\",\"name\":\"St\u00f6rungsmelder\",\"description\":\"Recherchen und Analysen \u00fcber die extreme Rechte\",\"potentialAction\":[{\"@type\":\"SearchAction\",\"target\":{\"@type\":\"EntryPoint\",\"urlTemplate\":\"https:\/\/blog.zeit.de\/stoerungsmelder\/?s={search_term_string}\"},\"query-input\":\"required name=search_term_string\"}],\"inLanguage\":\"de\"},{\"@type\":\"Person\",\"@id\":\"https:\/\/blog.zeit.de\/stoerungsmelder\/#\/schema\/person\/fdd0b9818f65738672810b6d6f037f71\",\"name\":\"St\u00f6rungsmelder\",\"image\":{\"@type\":\"ImageObject\",\"inLanguage\":\"de\",\"@id\":\"https:\/\/blog.zeit.de\/stoerungsmelder\/#\/schema\/person\/image\/\",\"url\":\"https:\/\/secure.gravatar.com\/avatar\/dfa4be514c3e82a71e4f9a0020035d38192d080ccaa5e4e6d7a1472c763535c5?s=96&d=mm&r=pg\",\"contentUrl\":\"https:\/\/secure.gravatar.com\/avatar\/dfa4be514c3e82a71e4f9a0020035d38192d080ccaa5e4e6d7a1472c763535c5?s=96&d=mm&r=pg\",\"caption\":\"St\u00f6rungsmelder\"},\"url\":\"https:\/\/blog.zeit.de\/stoerungsmelder\/author\/stoerungsmelder\"}]}<\/script>\n<!-- \/ Yoast SEO plugin. -->","yoast_head_json":{"title":"Nazikonzert als Wahlkampfprogramm - St\u00f6rungsmelder","robots":{"index":"index","follow":"follow","max-snippet":"max-snippet:-1","max-image-preview":"max-image-preview:large","max-video-preview":"max-video-preview:-1"},"canonical":"https:\/\/blog.zeit.de\/stoerungsmelder\/2011\/09\/07\/nazikonzert-als-wahlkampfprogramm_7102","og_locale":"de_DE","og_type":"article","og_title":"Nazikonzert als Wahlkampfprogramm - St\u00f6rungsmelder","og_description":"Ein \u00f6ffentliches Nazikonzert will die NPD am Sonntag am S-Bahnhof Sch\u00f6neweide in Berlin veranstalten. Ab 12 Uhr ist eine Kundgebung unter dem Motto \u201eSicherheit durch Recht und Ordnung\u201c angemeldet. Auftreten sollen unter anderem der rechtsextreme Liedermacher Toralf Wegner und die bekannte Neonaziband Sleipnir. Mehrere Alben der Band stehen wegen rassistischer Hetze auf dem Index.","og_url":"https:\/\/blog.zeit.de\/stoerungsmelder\/2011\/09\/07\/nazikonzert-als-wahlkampfprogramm_7102","og_site_name":"St\u00f6rungsmelder","article_published_time":"2011-09-07T17:48:42+00:00","article_modified_time":"2017-07-08T14:38:27+00:00","og_image":[{"url":"https:\/\/blog.zeit.de\/stoerungsmelder\/files\/2011\/01\/npd1-540.jpg"}],"author":"St\u00f6rungsmelder","twitter_card":"summary_large_image","twitter_misc":{"Geschrieben von":"St\u00f6rungsmelder","Gesch\u00e4tzte Lesezeit":"1\u00a0Minute"},"schema":{"@context":"https:\/\/schema.org","@graph":[{"@type":"WebPage","@id":"https:\/\/blog.zeit.de\/stoerungsmelder\/2011\/09\/07\/nazikonzert-als-wahlkampfprogramm_7102","url":"https:\/\/blog.zeit.de\/stoerungsmelder\/2011\/09\/07\/nazikonzert-als-wahlkampfprogramm_7102","name":"Nazikonzert als Wahlkampfprogramm - St\u00f6rungsmelder","isPartOf":{"@id":"https:\/\/blog.zeit.de\/stoerungsmelder\/#website"},"datePublished":"2011-09-07T17:48:42+00:00","dateModified":"2017-07-08T14:38:27+00:00","author":{"@id":"https:\/\/blog.zeit.de\/stoerungsmelder\/#\/schema\/person\/fdd0b9818f65738672810b6d6f037f71"},"breadcrumb":{"@id":"https:\/\/blog.zeit.de\/stoerungsmelder\/2011\/09\/07\/nazikonzert-als-wahlkampfprogramm_7102#breadcrumb"},"inLanguage":"de","potentialAction":[{"@type":"ReadAction","target":["https:\/\/blog.zeit.de\/stoerungsmelder\/2011\/09\/07\/nazikonzert-als-wahlkampfprogramm_7102"]}]},{"@type":"BreadcrumbList","@id":"https:\/\/blog.zeit.de\/stoerungsmelder\/2011\/09\/07\/nazikonzert-als-wahlkampfprogramm_7102#breadcrumb","itemListElement":[{"@type":"ListItem","position":1,"name":"Startseite","item":"https:\/\/blog.zeit.de\/stoerungsmelder"},{"@type":"ListItem","position":2,"name":"Nazikonzert als Wahlkampfprogramm"}]},{"@type":"WebSite","@id":"https:\/\/blog.zeit.de\/stoerungsmelder\/#website","url":"https:\/\/blog.zeit.de\/stoerungsmelder\/","name":"St\u00f6rungsmelder","description":"Recherchen und Analysen \u00fcber die extreme Rechte","potentialAction":[{"@type":"SearchAction","target":{"@type":"EntryPoint","urlTemplate":"https:\/\/blog.zeit.de\/stoerungsmelder\/?s={search_term_string}"},"query-input":"required name=search_term_string"}],"inLanguage":"de"},{"@type":"Person","@id":"https:\/\/blog.zeit.de\/stoerungsmelder\/#\/schema\/person\/fdd0b9818f65738672810b6d6f037f71","name":"St\u00f6rungsmelder","image":{"@type":"ImageObject","inLanguage":"de","@id":"https:\/\/blog.zeit.de\/stoerungsmelder\/#\/schema\/person\/image\/","url":"https:\/\/secure.gravatar.com\/avatar\/dfa4be514c3e82a71e4f9a0020035d38192d080ccaa5e4e6d7a1472c763535c5?s=96&d=mm&r=pg","contentUrl":"https:\/\/secure.gravatar.com\/avatar\/dfa4be514c3e82a71e4f9a0020035d38192d080ccaa5e4e6d7a1472c763535c5?s=96&d=mm&r=pg","caption":"St\u00f6rungsmelder"},"url":"https:\/\/blog.zeit.de\/stoerungsmelder\/author\/stoerungsmelder"}]}},"jetpack_featured_media_url":"","jetpack_sharing_enabled":true,"_links":{"self":[{"href":"https:\/\/blog.zeit.de\/stoerungsmelder\/wp-json\/wp\/v2\/posts\/7102","targetHints":{"allow":["GET"]}}],"collection":[{"href":"https:\/\/blog.zeit.de\/stoerungsmelder\/wp-json\/wp\/v2\/posts"}],"about":[{"href":"https:\/\/blog.zeit.de\/stoerungsmelder\/wp-json\/wp\/v2\/types\/post"}],"author":[{"embeddable":true,"href":"https:\/\/blog.zeit.de\/stoerungsmelder\/wp-json\/wp\/v2\/users\/229"}],"replies":[{"embeddable":true,"href":"https:\/\/blog.zeit.de\/stoerungsmelder\/wp-json\/wp\/v2\/comments?post=7102"}],"version-history":[{"count":8,"href":"https:\/\/blog.zeit.de\/stoerungsmelder\/wp-json\/wp\/v2\/posts\/7102\/revisions"}],"predecessor-version":[{"id":24142,"href":"https:\/\/blog.zeit.de\/stoerungsmelder\/wp-json\/wp\/v2\/posts\/7102\/revisions\/24142"}],"wp:attachment":[{"href":"https:\/\/blog.zeit.de\/stoerungsmelder\/wp-json\/wp\/v2\/media?parent=7102"}],"wp:term":[{"taxonomy":"category","embeddable":true,"href":"https:\/\/blog.zeit.de\/stoerungsmelder\/wp-json\/wp\/v2\/categories?post=7102"},{"taxonomy":"post_tag","embeddable":true,"href":"https:\/\/blog.zeit.de\/stoerungsmelder\/wp-json\/wp\/v2\/tags?post=7102"}],"curies":[{"name":"wp","href":"https:\/\/api.w.org\/{rel}","templated":true}]}}