{"id":718,"date":"2009-01-19T12:41:35","date_gmt":"2009-01-19T11:41:35","guid":{"rendered":"http:\/\/blog.zeit.de\/stoerungsmelder\/?p=718"},"modified":"2009-01-19T12:41:35","modified_gmt":"2009-01-19T11:41:35","slug":"antisemitismus-hat-viele-gesichter","status":"publish","type":"post","link":"https:\/\/blog.zeit.de\/stoerungsmelder\/2009\/01\/19\/antisemitismus-hat-viele-gesichter_718","title":{"rendered":"Antisemitismus hat viele Gesichter"},"content":{"rendered":"<p>Im Zuge des Krieges Israels gegen die Hamas im Gaza-Streifen schlagen vielerorts die Wellen hoch: Demonstrationen, Kundgebungen, Protestresolutionen \u00fcberall. Der Protest gegen den Krieg schl\u00e4gt leider mancherorts in antisemitische Stereotype und zum Teil sogar in Gewalt um &#8211; es w\u00e4re Aufgabe von den Teilnehmenden der Veranstaltungen sich deutlich von diesem Teil des Protestes zu distanzieren.<!--more--><\/p>\n<p style=\"center;\"><strong>\u00dcbergriffe gegen j\u00fcdische Menschen<\/strong><\/p>\n<p>In der EU w\u00e4chst dabei die Sorge angesichts vermehrter \u00dcbergriffe gegen Juden seit Beginn der israelischen Gaza-Offensive. Negative H\u00f6hepunkte waren w\u00e4hrend der letzten Wochen <a href=\"http:\/\/www.zeit.de\/online\/2009\/03\/frankreich-banlieus-antisemitismus\">Brandanschl\u00e4ge<\/a> auf Synagogen in Frankreich und zahlreiche Zwischenf\u00e4lle u.a.  in Gro\u00dfbritannien, Belgien und D\u00e4nemark, wo am Neujahrstag in einem Einkaufszentrum auf zwei Israelis geschossen wurde. In Italien rief ein Gewerkschaftsverband dazu auf, nicht mehr bei Juden zu kaufen. Hinzu kommen ungez\u00e4hlte verbale Angriffe gegen j\u00fcdische Menschen (hier Beispiele aus der <a href=\"http:\/\/www.tagesanzeiger.ch\/schweiz\/standard\/Antisemitische-Sprayereien-nehmen-zu\/story\/17178704\">Schweiz<\/a>). Vielerorts findet zudem in keiner Form eine deutliche Abgrenzung zu der Hamas oder zur Hisbollah statt.<\/p>\n<p style=\"center;\"><strong>Die Situation in Deutschland<\/strong><\/p>\n<p>Auch in Deutschland ist die Situation sehr aufgeladen. Wahrscheinlich haben viele noch die Presseberichte von vergangener Woche vor Augen, als in Duisburg w\u00e4hrend einer Demo gegen den Krieg, die Polizei unter dem Jubel der Demo-Teilnehmer die Wohnung eines Studenten st\u00fcrmte, nur weil dieser eine Israel-Flagge im Fenster h\u00e4ngen hatte  <em><em>(<a class=\"extern\" title=\"http:\/\/www.spiegel.de\/politik\/deutschland\/0,1518,601058,00.html\" href=\"http:\/\/www.spiegel.de\/politik\/deutschland\/0,1518,601058,00.html\">spiegel, 13.1.)<\/a>. <\/em><\/em><\/p>\n<p>So berichtet <a href=\"http:\/\/www.mut-gegen-rechte-gewalt.de\/debatte\/rechtsblog\/erfahrungen-bei-einer-mahnwache-gegen-den-krieg\/\">MUT gegen rechte Gewalt<\/a> auch von verschiedenen handgreiflichen \u00dcbergriffen mit antisemitischem Hintergrund im Zusammenhang mit Demonstrationen gegen den Krieg im Gaza-Streifen.<\/p>\n<p style=\"center;\"><strong>Relativierung des Holocausts<\/strong><\/p>\n<p>Eine leider h\u00e4ufig zu sehende Form des Protestes  ist die Gleichsetzung Israels mit dem NS und die Situation der pal\u00e4stinensischen Bev\u00f6lkerung mit der des Holocaust an den europ\u00e4ischen Juden. Dies ist eine antismetische Form der Israelkritik. Die <a href=\"http:\/\/www.bpb.de\/themen\/W7JJP4,0,0,Wie_erkennt_man_Antisemitismus.html\">Bundeszentrale f\u00fcr politische Bildung<\/a> schreibt dazu sehr treffend:<\/p>\n<p><em><span class=\"fliesstext_m\" style=\"x-small;\">&#8222;Solche Vergleiche dienen nicht selten im Sinne einer T\u00e4ter-Opfer-Umkehr der Verdr\u00e4ngung und Distanzierung einer Auseinandersetzung mit dem Holocaust. Indem die einstigen Opfer \u2013 so jedenfalls h\u00e4ufig die Rezeption der israelischen Gesellschaft bzw. des Existenzrechts des Staates Israel \u2013 zu vermeintlichen T\u00e4tern gestempelt werden, lassen sich Schuld- und Schamgef\u00fchle als Last aus der Vergangenheit leicht verdr\u00e4ngen. Dazu dienen h\u00e4ufig auch Zuschreibungen aus der NS-Terminologie wie Israel w\u00fcrde einen &#8222;Vernichtungskrieg&#8220; f\u00fchren, die Titulierung pal\u00e4stinensischer Fl\u00fcchtlingslager als Konzentrationslager, die Bezeichnung der Israelis als &#8222;Herrenrasse&#8220;, die Pogrome und Deportationen ver\u00fcbe bis hin zu Stereotypisierungen der israelischen Politik als Genozid an den Pal\u00e4stinensern oder die F\u00fchrung eines &#8222;totalen Krieges&#8220;.<\/span><\/em><\/p>\n<p><em>Solche Vergleiche sind ein willkommener Mechanismus, in der \u00d6ffentlichkeit tabuisierte antisemitische Vorurteile zu \u00e4u\u00dfern und sich auf den Satz &#8222;man wird doch wohl noch kritisieren d\u00fcrfen&#8220; zur\u00fcckzuziehen. Wobei es nicht relevant ist, ob jemand tats\u00e4chlich Antisemit ist, sondern ob er antisemitische Stereotype bedient, die als willkommen aufgenommen werden und denjenigen, der sich solcher Konstrukte bedient als mutig bezeichnen, weil er endlich wagt, etwas &#8222;gegen Juden&#8220; zu sagen.<\/em><\/p>\n<p>Gerade heute bekam ich eine Rundmail, in der diese Gleichsetzung von NS und Israel eins zu eins umgesetzt wurde. Ein wirklich heftiges St\u00fcck Propaganda, das selbst vor dem Vergleich der Situation der pal\u00e4stinensischen Bev\u00f6lkerung mit Auschwitz nicht Halt machte.<\/p>\n<p style=\"center;\"><strong>Sekund\u00e4rer Antisemitismus<\/strong><\/p>\n<p>Nazis nutzen die Situation ebenfalls gezielt, um ihre Form des sekund\u00e4ren Antisemitismus zu verbreiten, der in einer Schuldabwehr bei der deutschen Bev\u00f6lkerung ansetzt:<\/p>\n<p><span class=\"fliesstext_m\" style=\"x-small;\"><em>Man kann das Ph\u00e4nomen &#8222;Sekund\u00e4rer Antisemitismus&#8220; ein wenig \u00fcberspitzt so auf den Punkt bringen: Judenhass nicht trotz, sondern wegen Auschwitz. Oder, wie es der israelische Psychoanalytiker Zvi Rex sarkastisch sagte: &#8222;Die Deutschen werden den Juden Auschwitz nicht verzeihen.&#8220;<\/em><\/span><\/p>\n<p>Auch hierzu gibt es interessante Informationen bei der Bundeszentrale (<a href=\"http:\/\/www.bpb.de\/themen\/6SQ26W,0,Sekund%E4rer_Antisemitismus.html\">hier<\/a>).<\/p>\n<p>Es bleibt zu w\u00fcnschen, dass sich die Demo-Teilnehmer\/innen in Zukunft deutlicher von antisemitischen Positionen abgrenzen, um keine Missverst\u00e4ndnisse aufkommen zu lassen. Eine Debatte um verschiedene Formen antisemitischer Argumentationslinien scheint in jedem Falle hilfreich zu sein, um klare Trennungslinien ziehen zu k\u00f6nnen.<\/p>\n","protected":false},"excerpt":{"rendered":"<p>Im Zuge des Krieges Israels gegen die Hamas im Gaza-Streifen schlagen vielerorts die Wellen hoch: Demonstrationen, Kundgebungen, Protestresolutionen \u00fcberall. Der Protest gegen den Krieg schl\u00e4gt leider mancherorts in antisemitische Stereotype und zum Teil sogar in Gewalt um &#8211; es w\u00e4re Aufgabe von den Teilnehmenden der Veranstaltungen sich deutlich von diesem Teil des Protestes zu distanzieren.<\/p>\n","protected":false},"author":222,"featured_media":0,"comment_status":"open","ping_status":"open","sticky":false,"template":"","format":"standard","meta":{"_jetpack_memberships_contains_paid_content":false,"footnotes":""},"categories":[1515],"tags":[1479],"class_list":["post-718","post","type-post","status-publish","format-standard","hentry","category-bundesweit","tag-antisemitismus"],"yoast_head":"<!-- This site is optimized with the Yoast SEO plugin v21.0 - https:\/\/yoast.com\/wordpress\/plugins\/seo\/ -->\n<title>Antisemitismus hat viele Gesichter - St\u00f6rungsmelder<\/title>\n<meta name=\"robots\" content=\"index, follow, max-snippet:-1, max-image-preview:large, max-video-preview:-1\" \/>\n<link rel=\"canonical\" href=\"https:\/\/blog.zeit.de\/stoerungsmelder\/2009\/01\/19\/antisemitismus-hat-viele-gesichter_718\" \/>\n<meta property=\"og:locale\" content=\"de_DE\" \/>\n<meta property=\"og:type\" content=\"article\" \/>\n<meta property=\"og:title\" content=\"Antisemitismus hat viele Gesichter - St\u00f6rungsmelder\" \/>\n<meta property=\"og:description\" content=\"Im Zuge des Krieges Israels gegen die Hamas im Gaza-Streifen schlagen vielerorts die Wellen hoch: Demonstrationen, Kundgebungen, Protestresolutionen \u00fcberall. Der Protest gegen den Krieg schl\u00e4gt leider mancherorts in antisemitische Stereotype und zum Teil sogar in Gewalt um &#8211; es w\u00e4re Aufgabe von den Teilnehmenden der Veranstaltungen sich deutlich von diesem Teil des Protestes zu distanzieren.\" \/>\n<meta property=\"og:url\" content=\"https:\/\/blog.zeit.de\/stoerungsmelder\/2009\/01\/19\/antisemitismus-hat-viele-gesichter_718\" \/>\n<meta property=\"og:site_name\" content=\"St\u00f6rungsmelder\" \/>\n<meta property=\"article:published_time\" content=\"2009-01-19T11:41:35+00:00\" \/>\n<meta name=\"author\" content=\"Jan Jetter\" \/>\n<meta name=\"twitter:card\" content=\"summary_large_image\" \/>\n<meta name=\"twitter:label1\" content=\"Geschrieben von\" \/>\n\t<meta name=\"twitter:data1\" content=\"Jan Jetter\" \/>\n\t<meta name=\"twitter:label2\" content=\"Gesch\u00e4tzte Lesezeit\" \/>\n\t<meta name=\"twitter:data2\" content=\"3\u00a0Minuten\" \/>\n<script type=\"application\/ld+json\" class=\"yoast-schema-graph\">{\"@context\":\"https:\/\/schema.org\",\"@graph\":[{\"@type\":\"WebPage\",\"@id\":\"https:\/\/blog.zeit.de\/stoerungsmelder\/2009\/01\/19\/antisemitismus-hat-viele-gesichter_718\",\"url\":\"https:\/\/blog.zeit.de\/stoerungsmelder\/2009\/01\/19\/antisemitismus-hat-viele-gesichter_718\",\"name\":\"Antisemitismus hat viele Gesichter - St\u00f6rungsmelder\",\"isPartOf\":{\"@id\":\"https:\/\/blog.zeit.de\/stoerungsmelder\/#website\"},\"datePublished\":\"2009-01-19T11:41:35+00:00\",\"dateModified\":\"2009-01-19T11:41:35+00:00\",\"author\":{\"@id\":\"https:\/\/blog.zeit.de\/stoerungsmelder\/#\/schema\/person\/a7da6ffb04f4cd2c86b3e3ef179aa17a\"},\"breadcrumb\":{\"@id\":\"https:\/\/blog.zeit.de\/stoerungsmelder\/2009\/01\/19\/antisemitismus-hat-viele-gesichter_718#breadcrumb\"},\"inLanguage\":\"de\",\"potentialAction\":[{\"@type\":\"ReadAction\",\"target\":[\"https:\/\/blog.zeit.de\/stoerungsmelder\/2009\/01\/19\/antisemitismus-hat-viele-gesichter_718\"]}]},{\"@type\":\"BreadcrumbList\",\"@id\":\"https:\/\/blog.zeit.de\/stoerungsmelder\/2009\/01\/19\/antisemitismus-hat-viele-gesichter_718#breadcrumb\",\"itemListElement\":[{\"@type\":\"ListItem\",\"position\":1,\"name\":\"Startseite\",\"item\":\"https:\/\/blog.zeit.de\/stoerungsmelder\"},{\"@type\":\"ListItem\",\"position\":2,\"name\":\"Antisemitismus hat viele Gesichter\"}]},{\"@type\":\"WebSite\",\"@id\":\"https:\/\/blog.zeit.de\/stoerungsmelder\/#website\",\"url\":\"https:\/\/blog.zeit.de\/stoerungsmelder\/\",\"name\":\"St\u00f6rungsmelder\",\"description\":\"Recherchen und Analysen \u00fcber die extreme Rechte\",\"potentialAction\":[{\"@type\":\"SearchAction\",\"target\":{\"@type\":\"EntryPoint\",\"urlTemplate\":\"https:\/\/blog.zeit.de\/stoerungsmelder\/?s={search_term_string}\"},\"query-input\":\"required name=search_term_string\"}],\"inLanguage\":\"de\"},{\"@type\":\"Person\",\"@id\":\"https:\/\/blog.zeit.de\/stoerungsmelder\/#\/schema\/person\/a7da6ffb04f4cd2c86b3e3ef179aa17a\",\"name\":\"Jan Jetter\",\"image\":{\"@type\":\"ImageObject\",\"inLanguage\":\"de\",\"@id\":\"https:\/\/blog.zeit.de\/stoerungsmelder\/#\/schema\/person\/image\/\",\"url\":\"https:\/\/secure.gravatar.com\/avatar\/e0e4e181dfdaf618bd1e60990afe2a233c3d74deccf13e756c794ec8311b50a5?s=96&d=mm&r=pg\",\"contentUrl\":\"https:\/\/secure.gravatar.com\/avatar\/e0e4e181dfdaf618bd1e60990afe2a233c3d74deccf13e756c794ec8311b50a5?s=96&d=mm&r=pg\",\"caption\":\"Jan Jetter\"},\"url\":\"https:\/\/blog.zeit.de\/stoerungsmelder\/author\/jan-jetter\"}]}<\/script>\n<!-- \/ Yoast SEO plugin. -->","yoast_head_json":{"title":"Antisemitismus hat viele Gesichter - St\u00f6rungsmelder","robots":{"index":"index","follow":"follow","max-snippet":"max-snippet:-1","max-image-preview":"max-image-preview:large","max-video-preview":"max-video-preview:-1"},"canonical":"https:\/\/blog.zeit.de\/stoerungsmelder\/2009\/01\/19\/antisemitismus-hat-viele-gesichter_718","og_locale":"de_DE","og_type":"article","og_title":"Antisemitismus hat viele Gesichter - St\u00f6rungsmelder","og_description":"Im Zuge des Krieges Israels gegen die Hamas im Gaza-Streifen schlagen vielerorts die Wellen hoch: Demonstrationen, Kundgebungen, Protestresolutionen \u00fcberall. Der Protest gegen den Krieg schl\u00e4gt leider mancherorts in antisemitische Stereotype und zum Teil sogar in Gewalt um &#8211; es w\u00e4re Aufgabe von den Teilnehmenden der Veranstaltungen sich deutlich von diesem Teil des Protestes zu distanzieren.","og_url":"https:\/\/blog.zeit.de\/stoerungsmelder\/2009\/01\/19\/antisemitismus-hat-viele-gesichter_718","og_site_name":"St\u00f6rungsmelder","article_published_time":"2009-01-19T11:41:35+00:00","author":"Jan Jetter","twitter_card":"summary_large_image","twitter_misc":{"Geschrieben von":"Jan Jetter","Gesch\u00e4tzte Lesezeit":"3\u00a0Minuten"},"schema":{"@context":"https:\/\/schema.org","@graph":[{"@type":"WebPage","@id":"https:\/\/blog.zeit.de\/stoerungsmelder\/2009\/01\/19\/antisemitismus-hat-viele-gesichter_718","url":"https:\/\/blog.zeit.de\/stoerungsmelder\/2009\/01\/19\/antisemitismus-hat-viele-gesichter_718","name":"Antisemitismus hat viele Gesichter - St\u00f6rungsmelder","isPartOf":{"@id":"https:\/\/blog.zeit.de\/stoerungsmelder\/#website"},"datePublished":"2009-01-19T11:41:35+00:00","dateModified":"2009-01-19T11:41:35+00:00","author":{"@id":"https:\/\/blog.zeit.de\/stoerungsmelder\/#\/schema\/person\/a7da6ffb04f4cd2c86b3e3ef179aa17a"},"breadcrumb":{"@id":"https:\/\/blog.zeit.de\/stoerungsmelder\/2009\/01\/19\/antisemitismus-hat-viele-gesichter_718#breadcrumb"},"inLanguage":"de","potentialAction":[{"@type":"ReadAction","target":["https:\/\/blog.zeit.de\/stoerungsmelder\/2009\/01\/19\/antisemitismus-hat-viele-gesichter_718"]}]},{"@type":"BreadcrumbList","@id":"https:\/\/blog.zeit.de\/stoerungsmelder\/2009\/01\/19\/antisemitismus-hat-viele-gesichter_718#breadcrumb","itemListElement":[{"@type":"ListItem","position":1,"name":"Startseite","item":"https:\/\/blog.zeit.de\/stoerungsmelder"},{"@type":"ListItem","position":2,"name":"Antisemitismus hat viele Gesichter"}]},{"@type":"WebSite","@id":"https:\/\/blog.zeit.de\/stoerungsmelder\/#website","url":"https:\/\/blog.zeit.de\/stoerungsmelder\/","name":"St\u00f6rungsmelder","description":"Recherchen und Analysen \u00fcber die extreme Rechte","potentialAction":[{"@type":"SearchAction","target":{"@type":"EntryPoint","urlTemplate":"https:\/\/blog.zeit.de\/stoerungsmelder\/?s={search_term_string}"},"query-input":"required name=search_term_string"}],"inLanguage":"de"},{"@type":"Person","@id":"https:\/\/blog.zeit.de\/stoerungsmelder\/#\/schema\/person\/a7da6ffb04f4cd2c86b3e3ef179aa17a","name":"Jan Jetter","image":{"@type":"ImageObject","inLanguage":"de","@id":"https:\/\/blog.zeit.de\/stoerungsmelder\/#\/schema\/person\/image\/","url":"https:\/\/secure.gravatar.com\/avatar\/e0e4e181dfdaf618bd1e60990afe2a233c3d74deccf13e756c794ec8311b50a5?s=96&d=mm&r=pg","contentUrl":"https:\/\/secure.gravatar.com\/avatar\/e0e4e181dfdaf618bd1e60990afe2a233c3d74deccf13e756c794ec8311b50a5?s=96&d=mm&r=pg","caption":"Jan Jetter"},"url":"https:\/\/blog.zeit.de\/stoerungsmelder\/author\/jan-jetter"}]}},"jetpack_featured_media_url":"","jetpack_sharing_enabled":true,"_links":{"self":[{"href":"https:\/\/blog.zeit.de\/stoerungsmelder\/wp-json\/wp\/v2\/posts\/718","targetHints":{"allow":["GET"]}}],"collection":[{"href":"https:\/\/blog.zeit.de\/stoerungsmelder\/wp-json\/wp\/v2\/posts"}],"about":[{"href":"https:\/\/blog.zeit.de\/stoerungsmelder\/wp-json\/wp\/v2\/types\/post"}],"author":[{"embeddable":true,"href":"https:\/\/blog.zeit.de\/stoerungsmelder\/wp-json\/wp\/v2\/users\/222"}],"replies":[{"embeddable":true,"href":"https:\/\/blog.zeit.de\/stoerungsmelder\/wp-json\/wp\/v2\/comments?post=718"}],"version-history":[{"count":0,"href":"https:\/\/blog.zeit.de\/stoerungsmelder\/wp-json\/wp\/v2\/posts\/718\/revisions"}],"wp:attachment":[{"href":"https:\/\/blog.zeit.de\/stoerungsmelder\/wp-json\/wp\/v2\/media?parent=718"}],"wp:term":[{"taxonomy":"category","embeddable":true,"href":"https:\/\/blog.zeit.de\/stoerungsmelder\/wp-json\/wp\/v2\/categories?post=718"},{"taxonomy":"post_tag","embeddable":true,"href":"https:\/\/blog.zeit.de\/stoerungsmelder\/wp-json\/wp\/v2\/tags?post=718"}],"curies":[{"name":"wp","href":"https:\/\/api.w.org\/{rel}","templated":true}]}}