{"id":7219,"date":"2011-09-27T07:45:22","date_gmt":"2011-09-27T05:45:22","guid":{"rendered":"http:\/\/blog.zeit.de\/stoerungsmelder\/?p=7219"},"modified":"2011-09-27T15:25:25","modified_gmt":"2011-09-27T13:25:25","slug":"proteste-gegen-%e2%80%9enationales-zentrum%e2%80%9c-in-leipzig","status":"publish","type":"post","link":"https:\/\/blog.zeit.de\/stoerungsmelder\/2011\/09\/27\/proteste-gegen-%e2%80%9enationales-zentrum%e2%80%9c-in-leipzig_7219","title":{"rendered":"Proteste gegen \u201eNationales Zentrum\u201c in Leipzig"},"content":{"rendered":"<p><figure id=\"attachment_7220\" aria-describedby=\"caption-attachment-7220\" style=\"width: 540px\" class=\"wp-caption aligncenter\"><a href=\"https:\/\/blog.zeit.de\/stoerungsmelder\/files\/2011\/09\/leipzig2.jpg\"><img loading=\"lazy\" decoding=\"async\" class=\"size-full wp-image-7220\" title=\"leipzig2\" src=\"https:\/\/blog.zeit.de\/stoerungsmelder\/files\/2011\/09\/leipzig2.jpg\" alt=\"\" width=\"540\" height=\"299\" srcset=\"https:\/\/blog.zeit.de\/stoerungsmelder\/files\/2011\/09\/leipzig2.jpg 540w, https:\/\/blog.zeit.de\/stoerungsmelder\/files\/2011\/09\/leipzig2-300x166.jpg 300w\" sizes=\"auto, (max-width: 540px) 100vw, 540px\" \/><\/a><figcaption id=\"caption-attachment-7220\" class=\"wp-caption-text\">Erst provozierten die Neonazis, dann flogen Farbbeutel \u00a9 Fabian Biastoch<\/figcaption><\/figure><\/p>\n<p>Mehr als 2000 Menschen haben am vergangenen Samstag in Leipzig gegen ein von der NPD betriebenes Nazizentrum demonstriert. In den R\u00e4umen f\u00fchren die Rechtsextremisten regelm\u00e4\u00dfig Seminare und Schulungen f\u00fcr ihre Parteikader durch. Auch die NPD-Jugendorganisation \u201eJungen Nationaldemokraten\u201c hat dort ihren \u201eSt\u00fctzpunkt\u201c. Das <a href=\"http:\/\/www.fenceoff.org\/\">B\u00fcndnis &#8222;Fence Off&#8220;<\/a>, bestehend aus Antifagruppen und Initiativen gegen Rechts, mobilisierte in den letzten Monaten in ganz Deutschland f\u00fcr die Demonstration.<!--more--><\/p>\n<p>Die Auftaktkundgebung begann in der Mitte der Stadt direkt auf dem Augustusplatz. Von dort aus ging es durch die Innenstadt \u00fcber die K\u00e4the-Kollwitz-Stra\u00dfe und Karl-Heine-Stra\u00dfe gen Westen in die Odermannstra\u00dfe, in der das Zentrum beheimatet ist. Dort warteten bereits eine Handvoll Neonazis, um die Demonstranten von den D\u00e4chern des Zentrums aus zu fotografieren. Auf die Provokation der Rechtsextremisten folgten Farbbeutelw\u00fcrfe aus der Demonstration heraus. Dann folgten pl\u00f6tzlich noch Raketen und ein bei\u00dfender Qualm machte sich breit. Die Polizei schritt sofort ein und trennte den Protestzug. Es kam zu mehreren Festnahmen.<\/p>\n<p>Nach einer Viertelstunde wurde die Situation entsch\u00e4rft und die Demo konnte fortgesetzt werden. Bei diesen Auseinandersetzungen wurden einige Demonstranten leicht verletzt, auch zwei Polizisten sind unter den Gesch\u00e4digten. Nach Polizeiangaben wurden vier Einsatzfahrzeuge besch\u00e4digt. F\u00fcnf Personen wurden in Gewahrsam genommen und zahlreiche Personalien aufgenommen.<\/p>\n<p><figure id=\"attachment_7221\" aria-describedby=\"caption-attachment-7221\" style=\"width: 540px\" class=\"wp-caption aligncenter\"><a href=\"https:\/\/blog.zeit.de\/stoerungsmelder\/files\/2011\/09\/leipzig1.jpg\"><img loading=\"lazy\" decoding=\"async\" class=\"size-full wp-image-7221\" title=\"leipzig1\" src=\"https:\/\/blog.zeit.de\/stoerungsmelder\/files\/2011\/09\/leipzig1.jpg\" alt=\"\" width=\"540\" height=\"299\" srcset=\"https:\/\/blog.zeit.de\/stoerungsmelder\/files\/2011\/09\/leipzig1.jpg 540w, https:\/\/blog.zeit.de\/stoerungsmelder\/files\/2011\/09\/leipzig1-300x166.jpg 300w\" sizes=\"auto, (max-width: 540px) 100vw, 540px\" \/><\/a><figcaption id=\"caption-attachment-7221\" class=\"wp-caption-text\">2000 Menschen protestierten gegen den Nazist\u00fctzpunkt \u00a9 Fabian Biastoch<\/figcaption><\/figure><\/p>\n<p>Der Zug setzte sich in Richtung Cottaweg fort. Zwischendurch kam es am Lindenauer Markt erneut zu einem kurzen Zwischenfall, wobei ein weiterer Demonstrant kurzzeitig in Gewahrsam genommen wurde. Den restlichen Weg zur Abschlusskundgebung verlief ruhig. Am Zielort angekommen, wurde die Demo von der Versammlungsleiterin f\u00fcr beendet erkl\u00e4rt, da der Ort der Kundgebung blockiert war. Die Anmelderin bedankte sich f\u00fcr die gro\u00dfe Resonanz, auch in der Bev\u00f6lkerung, von der sich einige im Verlauf der Demo dem Protest anschlossen.<\/p>\n<p>\u201eIch bedauere dass es Verletzte gab und dass einige wenige DemonstrantInnen sich nicht an die im Vorfeld mit den Beh\u00f6rden vereinbarten Auflagen gehalten haben\u201c, sagte Juliane Nagel, Mitglied des Landesvorstandes der Linken Sachsen und Anmelderin der Demonstration. \u201eDer Gro\u00dfteil der DemonstrantInnen und auch der Demonstration selbst allerdings blieb friedlich.\u201c Die kraftvolle Demonstration sei ein \u201ewichtiges Zeichen gegen das Treiben der Nazis hinter dem Metallzaun&#8220; gewesen.<\/p>\n","protected":false},"excerpt":{"rendered":"<p>Mehr als 2000 Menschen haben am vergangenen Samstag in Leipzig gegen ein von der NPD betriebenes Nazizentrum demonstriert. In den R\u00e4umen f\u00fchren die Rechtsextremisten regelm\u00e4\u00dfig Seminare und Schulungen f\u00fcr ihre Parteikader durch. Auch die NPD-Jugendorganisation \u201eJungen Nationaldemokraten\u201c hat dort ihren \u201eSt\u00fctzpunkt\u201c. Das B\u00fcndnis &#8222;Fence Off&#8220;, bestehend aus Antifagruppen und Initiativen gegen Rechts, mobilisierte in den [&hellip;]<\/p>\n","protected":false},"author":341,"featured_media":0,"comment_status":"open","ping_status":"open","sticky":false,"template":"","format":"standard","meta":{"_jetpack_memberships_contains_paid_content":false,"footnotes":""},"categories":[1456],"tags":[1716,1752],"class_list":["post-7219","post","type-post","status-publish","format-standard","hentry","category-sachsen","tag-npd","tag-protest"],"yoast_head":"<!-- This site is optimized with the Yoast SEO plugin v21.0 - https:\/\/yoast.com\/wordpress\/plugins\/seo\/ -->\n<title>Proteste gegen \u201eNationales Zentrum\u201c in Leipzig - St\u00f6rungsmelder<\/title>\n<meta name=\"robots\" content=\"index, follow, max-snippet:-1, max-image-preview:large, max-video-preview:-1\" \/>\n<link rel=\"canonical\" href=\"https:\/\/blog.zeit.de\/stoerungsmelder\/2011\/09\/27\/proteste-gegen-\u201enationales-zentrum\u201c-in-leipzig_7219\" \/>\n<meta property=\"og:locale\" content=\"de_DE\" \/>\n<meta property=\"og:type\" content=\"article\" \/>\n<meta property=\"og:title\" content=\"Proteste gegen \u201eNationales Zentrum\u201c in Leipzig - St\u00f6rungsmelder\" \/>\n<meta property=\"og:description\" content=\"Mehr als 2000 Menschen haben am vergangenen Samstag in Leipzig gegen ein von der NPD betriebenes Nazizentrum demonstriert. In den R\u00e4umen f\u00fchren die Rechtsextremisten regelm\u00e4\u00dfig Seminare und Schulungen f\u00fcr ihre Parteikader durch. Auch die NPD-Jugendorganisation \u201eJungen Nationaldemokraten\u201c hat dort ihren \u201eSt\u00fctzpunkt\u201c. Das B\u00fcndnis &#8222;Fence Off&#8220;, bestehend aus Antifagruppen und Initiativen gegen Rechts, mobilisierte in den [&hellip;]\" \/>\n<meta property=\"og:url\" content=\"https:\/\/blog.zeit.de\/stoerungsmelder\/2011\/09\/27\/proteste-gegen-\u201enationales-zentrum\u201c-in-leipzig_7219\" \/>\n<meta property=\"og:site_name\" content=\"St\u00f6rungsmelder\" \/>\n<meta property=\"article:published_time\" content=\"2011-09-27T05:45:22+00:00\" \/>\n<meta property=\"article:modified_time\" content=\"2011-09-27T13:25:25+00:00\" \/>\n<meta property=\"og:image\" content=\"https:\/\/blog.zeit.de\/stoerungsmelder\/files\/2011\/09\/leipzig2.jpg\" \/>\n<meta name=\"author\" content=\"Fabian Biastoch\" \/>\n<meta name=\"twitter:card\" content=\"summary_large_image\" \/>\n<meta name=\"twitter:label1\" content=\"Geschrieben von\" \/>\n\t<meta name=\"twitter:data1\" content=\"Fabian Biastoch\" \/>\n\t<meta name=\"twitter:label2\" content=\"Gesch\u00e4tzte Lesezeit\" \/>\n\t<meta name=\"twitter:data2\" content=\"2\u00a0Minuten\" \/>\n<script type=\"application\/ld+json\" class=\"yoast-schema-graph\">{\"@context\":\"https:\/\/schema.org\",\"@graph\":[{\"@type\":\"WebPage\",\"@id\":\"https:\/\/blog.zeit.de\/stoerungsmelder\/2011\/09\/27\/proteste-gegen-%e2%80%9enationales-zentrum%e2%80%9c-in-leipzig_7219\",\"url\":\"https:\/\/blog.zeit.de\/stoerungsmelder\/2011\/09\/27\/proteste-gegen-%e2%80%9enationales-zentrum%e2%80%9c-in-leipzig_7219\",\"name\":\"Proteste gegen \u201eNationales Zentrum\u201c in Leipzig - St\u00f6rungsmelder\",\"isPartOf\":{\"@id\":\"https:\/\/blog.zeit.de\/stoerungsmelder\/#website\"},\"datePublished\":\"2011-09-27T05:45:22+00:00\",\"dateModified\":\"2011-09-27T13:25:25+00:00\",\"author\":{\"@id\":\"https:\/\/blog.zeit.de\/stoerungsmelder\/#\/schema\/person\/5505ac626a4780c40105dc5fb8cd018d\"},\"breadcrumb\":{\"@id\":\"https:\/\/blog.zeit.de\/stoerungsmelder\/2011\/09\/27\/proteste-gegen-%e2%80%9enationales-zentrum%e2%80%9c-in-leipzig_7219#breadcrumb\"},\"inLanguage\":\"de\",\"potentialAction\":[{\"@type\":\"ReadAction\",\"target\":[\"https:\/\/blog.zeit.de\/stoerungsmelder\/2011\/09\/27\/proteste-gegen-%e2%80%9enationales-zentrum%e2%80%9c-in-leipzig_7219\"]}]},{\"@type\":\"BreadcrumbList\",\"@id\":\"https:\/\/blog.zeit.de\/stoerungsmelder\/2011\/09\/27\/proteste-gegen-%e2%80%9enationales-zentrum%e2%80%9c-in-leipzig_7219#breadcrumb\",\"itemListElement\":[{\"@type\":\"ListItem\",\"position\":1,\"name\":\"Startseite\",\"item\":\"https:\/\/blog.zeit.de\/stoerungsmelder\"},{\"@type\":\"ListItem\",\"position\":2,\"name\":\"Proteste gegen \u201eNationales Zentrum\u201c in Leipzig\"}]},{\"@type\":\"WebSite\",\"@id\":\"https:\/\/blog.zeit.de\/stoerungsmelder\/#website\",\"url\":\"https:\/\/blog.zeit.de\/stoerungsmelder\/\",\"name\":\"St\u00f6rungsmelder\",\"description\":\"Recherchen und Analysen \u00fcber die extreme Rechte\",\"potentialAction\":[{\"@type\":\"SearchAction\",\"target\":{\"@type\":\"EntryPoint\",\"urlTemplate\":\"https:\/\/blog.zeit.de\/stoerungsmelder\/?s={search_term_string}\"},\"query-input\":\"required name=search_term_string\"}],\"inLanguage\":\"de\"},{\"@type\":\"Person\",\"@id\":\"https:\/\/blog.zeit.de\/stoerungsmelder\/#\/schema\/person\/5505ac626a4780c40105dc5fb8cd018d\",\"name\":\"Fabian Biastoch\",\"image\":{\"@type\":\"ImageObject\",\"inLanguage\":\"de\",\"@id\":\"https:\/\/blog.zeit.de\/stoerungsmelder\/#\/schema\/person\/image\/\",\"url\":\"https:\/\/secure.gravatar.com\/avatar\/cdd46207fdb39b0c5617d36b231bcbb9bc9c8507f3038704b331cde30ec7b2f5?s=96&d=mm&r=pg\",\"contentUrl\":\"https:\/\/secure.gravatar.com\/avatar\/cdd46207fdb39b0c5617d36b231bcbb9bc9c8507f3038704b331cde30ec7b2f5?s=96&d=mm&r=pg\",\"caption\":\"Fabian Biastoch\"},\"description\":\"Ich studiere Politik- und Verwaltungswissenschaften und wohne in Leipzig. Durch meinen Wohnort komme ich leider immer wieder in Kontakt mit Rechtsradikalen. Schon lange k\u00e4mpfe ich gegen dieses Gedankengut. Zuerst in meiner alten Heimat, in der ich auf ein Gymnasium ging, welches den Titel \\\"Schule ohne Rassismus - Schule mit Courage\\\" verliehen bekam und nun in Leipzig. Aber all dies sollte \u00f6ffentlich werden und genau das m\u00f6chte ich erreichen, das alle Menschen von diesen Dingen erfahren und sie reden werden, \u00fcber Nazis.\",\"sameAs\":[\"http:\/\/www.facebook.com\/fabianbiastoch\"],\"url\":\"https:\/\/blog.zeit.de\/stoerungsmelder\/author\/fabianbiastoch\"}]}<\/script>\n<!-- \/ Yoast SEO plugin. -->","yoast_head_json":{"title":"Proteste gegen \u201eNationales Zentrum\u201c in Leipzig - St\u00f6rungsmelder","robots":{"index":"index","follow":"follow","max-snippet":"max-snippet:-1","max-image-preview":"max-image-preview:large","max-video-preview":"max-video-preview:-1"},"canonical":"https:\/\/blog.zeit.de\/stoerungsmelder\/2011\/09\/27\/proteste-gegen-\u201enationales-zentrum\u201c-in-leipzig_7219","og_locale":"de_DE","og_type":"article","og_title":"Proteste gegen \u201eNationales Zentrum\u201c in Leipzig - St\u00f6rungsmelder","og_description":"Mehr als 2000 Menschen haben am vergangenen Samstag in Leipzig gegen ein von der NPD betriebenes Nazizentrum demonstriert. In den R\u00e4umen f\u00fchren die Rechtsextremisten regelm\u00e4\u00dfig Seminare und Schulungen f\u00fcr ihre Parteikader durch. Auch die NPD-Jugendorganisation \u201eJungen Nationaldemokraten\u201c hat dort ihren \u201eSt\u00fctzpunkt\u201c. Das B\u00fcndnis &#8222;Fence Off&#8220;, bestehend aus Antifagruppen und Initiativen gegen Rechts, mobilisierte in den [&hellip;]","og_url":"https:\/\/blog.zeit.de\/stoerungsmelder\/2011\/09\/27\/proteste-gegen-\u201enationales-zentrum\u201c-in-leipzig_7219","og_site_name":"St\u00f6rungsmelder","article_published_time":"2011-09-27T05:45:22+00:00","article_modified_time":"2011-09-27T13:25:25+00:00","og_image":[{"url":"https:\/\/blog.zeit.de\/stoerungsmelder\/files\/2011\/09\/leipzig2.jpg"}],"author":"Fabian Biastoch","twitter_card":"summary_large_image","twitter_misc":{"Geschrieben von":"Fabian Biastoch","Gesch\u00e4tzte Lesezeit":"2\u00a0Minuten"},"schema":{"@context":"https:\/\/schema.org","@graph":[{"@type":"WebPage","@id":"https:\/\/blog.zeit.de\/stoerungsmelder\/2011\/09\/27\/proteste-gegen-%e2%80%9enationales-zentrum%e2%80%9c-in-leipzig_7219","url":"https:\/\/blog.zeit.de\/stoerungsmelder\/2011\/09\/27\/proteste-gegen-%e2%80%9enationales-zentrum%e2%80%9c-in-leipzig_7219","name":"Proteste gegen \u201eNationales Zentrum\u201c in Leipzig - St\u00f6rungsmelder","isPartOf":{"@id":"https:\/\/blog.zeit.de\/stoerungsmelder\/#website"},"datePublished":"2011-09-27T05:45:22+00:00","dateModified":"2011-09-27T13:25:25+00:00","author":{"@id":"https:\/\/blog.zeit.de\/stoerungsmelder\/#\/schema\/person\/5505ac626a4780c40105dc5fb8cd018d"},"breadcrumb":{"@id":"https:\/\/blog.zeit.de\/stoerungsmelder\/2011\/09\/27\/proteste-gegen-%e2%80%9enationales-zentrum%e2%80%9c-in-leipzig_7219#breadcrumb"},"inLanguage":"de","potentialAction":[{"@type":"ReadAction","target":["https:\/\/blog.zeit.de\/stoerungsmelder\/2011\/09\/27\/proteste-gegen-%e2%80%9enationales-zentrum%e2%80%9c-in-leipzig_7219"]}]},{"@type":"BreadcrumbList","@id":"https:\/\/blog.zeit.de\/stoerungsmelder\/2011\/09\/27\/proteste-gegen-%e2%80%9enationales-zentrum%e2%80%9c-in-leipzig_7219#breadcrumb","itemListElement":[{"@type":"ListItem","position":1,"name":"Startseite","item":"https:\/\/blog.zeit.de\/stoerungsmelder"},{"@type":"ListItem","position":2,"name":"Proteste gegen \u201eNationales Zentrum\u201c in Leipzig"}]},{"@type":"WebSite","@id":"https:\/\/blog.zeit.de\/stoerungsmelder\/#website","url":"https:\/\/blog.zeit.de\/stoerungsmelder\/","name":"St\u00f6rungsmelder","description":"Recherchen und Analysen \u00fcber die extreme Rechte","potentialAction":[{"@type":"SearchAction","target":{"@type":"EntryPoint","urlTemplate":"https:\/\/blog.zeit.de\/stoerungsmelder\/?s={search_term_string}"},"query-input":"required name=search_term_string"}],"inLanguage":"de"},{"@type":"Person","@id":"https:\/\/blog.zeit.de\/stoerungsmelder\/#\/schema\/person\/5505ac626a4780c40105dc5fb8cd018d","name":"Fabian Biastoch","image":{"@type":"ImageObject","inLanguage":"de","@id":"https:\/\/blog.zeit.de\/stoerungsmelder\/#\/schema\/person\/image\/","url":"https:\/\/secure.gravatar.com\/avatar\/cdd46207fdb39b0c5617d36b231bcbb9bc9c8507f3038704b331cde30ec7b2f5?s=96&d=mm&r=pg","contentUrl":"https:\/\/secure.gravatar.com\/avatar\/cdd46207fdb39b0c5617d36b231bcbb9bc9c8507f3038704b331cde30ec7b2f5?s=96&d=mm&r=pg","caption":"Fabian Biastoch"},"description":"Ich studiere Politik- und Verwaltungswissenschaften und wohne in Leipzig. Durch meinen Wohnort komme ich leider immer wieder in Kontakt mit Rechtsradikalen. Schon lange k\u00e4mpfe ich gegen dieses Gedankengut. Zuerst in meiner alten Heimat, in der ich auf ein Gymnasium ging, welches den Titel \"Schule ohne Rassismus - Schule mit Courage\" verliehen bekam und nun in Leipzig. Aber all dies sollte \u00f6ffentlich werden und genau das m\u00f6chte ich erreichen, das alle Menschen von diesen Dingen erfahren und sie reden werden, \u00fcber Nazis.","sameAs":["http:\/\/www.facebook.com\/fabianbiastoch"],"url":"https:\/\/blog.zeit.de\/stoerungsmelder\/author\/fabianbiastoch"}]}},"jetpack_featured_media_url":"","jetpack_sharing_enabled":true,"_links":{"self":[{"href":"https:\/\/blog.zeit.de\/stoerungsmelder\/wp-json\/wp\/v2\/posts\/7219","targetHints":{"allow":["GET"]}}],"collection":[{"href":"https:\/\/blog.zeit.de\/stoerungsmelder\/wp-json\/wp\/v2\/posts"}],"about":[{"href":"https:\/\/blog.zeit.de\/stoerungsmelder\/wp-json\/wp\/v2\/types\/post"}],"author":[{"embeddable":true,"href":"https:\/\/blog.zeit.de\/stoerungsmelder\/wp-json\/wp\/v2\/users\/341"}],"replies":[{"embeddable":true,"href":"https:\/\/blog.zeit.de\/stoerungsmelder\/wp-json\/wp\/v2\/comments?post=7219"}],"version-history":[{"count":5,"href":"https:\/\/blog.zeit.de\/stoerungsmelder\/wp-json\/wp\/v2\/posts\/7219\/revisions"}],"predecessor-version":[{"id":7229,"href":"https:\/\/blog.zeit.de\/stoerungsmelder\/wp-json\/wp\/v2\/posts\/7219\/revisions\/7229"}],"wp:attachment":[{"href":"https:\/\/blog.zeit.de\/stoerungsmelder\/wp-json\/wp\/v2\/media?parent=7219"}],"wp:term":[{"taxonomy":"category","embeddable":true,"href":"https:\/\/blog.zeit.de\/stoerungsmelder\/wp-json\/wp\/v2\/categories?post=7219"},{"taxonomy":"post_tag","embeddable":true,"href":"https:\/\/blog.zeit.de\/stoerungsmelder\/wp-json\/wp\/v2\/tags?post=7219"}],"curies":[{"name":"wp","href":"https:\/\/api.w.org\/{rel}","templated":true}]}}