{"id":7230,"date":"2011-09-28T09:00:03","date_gmt":"2011-09-28T07:00:03","guid":{"rendered":"http:\/\/blog.zeit.de\/stoerungsmelder\/?p=7230"},"modified":"2011-09-28T09:00:03","modified_gmt":"2011-09-28T07:00:03","slug":"wahlniederlage-frustet-berliner-neonazi-szene","status":"publish","type":"post","link":"https:\/\/blog.zeit.de\/stoerungsmelder\/2011\/09\/28\/wahlniederlage-frustet-berliner-neonazi-szene_7230","title":{"rendered":"Wahlniederlage frustet Berliner Neonazi-Szene"},"content":{"rendered":"<p><figure id=\"attachment_7185\" aria-describedby=\"caption-attachment-7185\" style=\"width: 540px\" class=\"wp-caption aligncenter\"><a href=\"https:\/\/blog.zeit.de\/stoerungsmelder\/files\/2011\/09\/npd_e.jpg\"><img loading=\"lazy\" decoding=\"async\" class=\"size-full wp-image-7185\" title=\"NPD-Propaganda in Berlin\" src=\"https:\/\/blog.zeit.de\/stoerungsmelder\/files\/2011\/09\/npd_e.jpg\" alt=\"\" width=\"540\" height=\"301\" srcset=\"https:\/\/blog.zeit.de\/stoerungsmelder\/files\/2011\/09\/npd_e.jpg 540w, https:\/\/blog.zeit.de\/stoerungsmelder\/files\/2011\/09\/npd_e-300x167.jpg 300w\" sizes=\"auto, (max-width: 540px) 100vw, 540px\" \/><\/a><figcaption id=\"caption-attachment-7185\" class=\"wp-caption-text\">Viel Provokation, wenig Erfolg - die NPD verlor 0,5 Prozent \u00a9 Getty<\/figcaption><\/figure><\/p>\n<p>Fraktions\u00fcbergreifend hat Berlins Neonaziszene den NPD-Wahlkampf gestemmt. Egal ob NPD-Kader, Aktivist aus dem Spektrum der Autonomen Nationalisten (AN), Rechtsrocker oder ehemalige Mitglieder der NPD-Abweichler vom Frontbann 24: Alle waren sie in den letzten Monaten auf Berlins Stra\u00dfen als Plakataufh\u00e4nger und Flugblattverteiler unterwegs. Auffallend ist, dass es in der Wahlkampfzeit kaum n\u00e4chtliche Anschl\u00e4ge auf den &#8222;politischen Gegner&#8220; gab. Offenbar hat der anstrengende Wahlkampf die Szene so besch\u00e4ftigt, dass keine Zeit f\u00fcr Angriffe blieb.<!--more--><\/p>\n<p>Beinahe in der ganzen Stadt war NPD-Propaganda zu sehen. Das Ergebnis war f\u00fcr die stattliche M\u00fche blieb mit 2,1 Prozent aber bekanntlich mager. Die NPD musste 0,5 Prozent Verluste hinnehmen und verlor einige Mandate in den Bezirksverordnetenversammlungen (BVV). Im Bezirk Neuk\u00f6lln flog sie ganz aus der BVV. Der Frust in der Neonazi-Szene sitzt tief.<\/p>\n<p>Jetzt, wo der Wahlkampf vorbei ist, setzen die AN der \u201eFreien Kr\u00e4fte\u201c offensichtlich wieder auf ihre altbekannten Mittel, um sich selbst zu inszenieren. Im Schutz der Nacht werden neuerdings wieder Scheiben eingeworfen und Parolen gespr\u00fcht. Ziel der Attacken sind alternative Caf\u00e9s, Jugendzentren und Parteib\u00fcros.<\/p>\n<p>Erst vor wenigen Tagen traf es erneut die Gesch\u00e4ftsstelle der Linken im Bezirk Berlin-Lichtenberg. Farbbeutel flogen, ein Oberlicht wurde besch\u00e4digt und auf den Gehweg mit Teer \u201eSolidarit\u00e4t\u201c und \u201eHNG\u201c aufgetragen. \u201eHNG\u201c ist das K\u00fcrzel, der vor einigen Tagen verbotenen \u201eHilfsgemeinschaft nationalpolitischer Gefangener\u201c. In mehren Bundesl\u00e4nder war das Verbot mit Hausdurchsuchungen umgesetzt worden. In Berlin schritt die Polizei nicht gegen HNG Strukturen ein, obwohl es auch in der Hauptstadt eine Ortsgruppe geben soll. So fand in der Kneipe \u201eZum Henker\u201c im vergangenen Jahr eine Solidarit\u00e4tsveranstaltung f\u00fcr die HNG statt.<\/p>\n<p>Attacken wie die vom Wochenende gibt es in Berlin seit 2009 regelm\u00e4\u00dfig. Die Polizei konnte noch keine T\u00e4ter ausfindig machen. Opfer sind neben B\u00fcros der Linken und der Gr\u00fcnen vor allem alternative Projekte, die als \u201eLinke L\u00e4den\u201c auf Berlins wichtigsten Neonaziportal ver\u00f6ffentlicht wurden. W\u00e4hrend der hei\u00dfen Phase des Wahlkampfs war es auff\u00e4llig ruhig gewesen. Obwohl in dieser Zeit das f\u00fcr die Szene bedeutende Datum, des Selbstmords vom Rudolf He\u00df fiel. Nun scheinen Berliner Neonazis wieder zu versuchen ihre gesellschaftliche Irrelevanz in der gr\u00f6\u00dften Stadt Deutschlands mit n\u00e4chtlichen Angriffen wett machen zu wollen.<\/p>\n","protected":false},"excerpt":{"rendered":"<p>Fraktions\u00fcbergreifend hat Berlins Neonaziszene den NPD-Wahlkampf gestemmt. Egal ob NPD-Kader, Aktivist aus dem Spektrum der Autonomen Nationalisten (AN), Rechtsrocker oder ehemalige Mitglieder der NPD-Abweichler vom Frontbann 24: Alle waren sie in den letzten Monaten auf Berlins Stra\u00dfen als Plakataufh\u00e4nger und Flugblattverteiler unterwegs. Auffallend ist, dass es in der Wahlkampfzeit kaum n\u00e4chtliche Anschl\u00e4ge auf den &#8222;politischen [&hellip;]<\/p>\n","protected":false},"author":258,"featured_media":0,"comment_status":"open","ping_status":"open","sticky":false,"template":"","format":"standard","meta":{"_jetpack_memberships_contains_paid_content":false,"footnotes":""},"categories":[249],"tags":[1493,1716,1755],"class_list":["post-7230","post","type-post","status-publish","format-standard","hentry","category-berlin","tag-autonome-nationalisten","tag-npd","tag-rechte-gewalt"],"yoast_head":"<!-- This site is optimized with the Yoast SEO plugin v21.0 - https:\/\/yoast.com\/wordpress\/plugins\/seo\/ -->\n<title>Wahlniederlage frustet Berliner Neonazi-Szene - St\u00f6rungsmelder<\/title>\n<meta name=\"robots\" content=\"index, follow, max-snippet:-1, max-image-preview:large, max-video-preview:-1\" \/>\n<link rel=\"canonical\" href=\"https:\/\/blog.zeit.de\/stoerungsmelder\/2011\/09\/28\/wahlniederlage-frustet-berliner-neonazi-szene_7230\" \/>\n<meta property=\"og:locale\" content=\"de_DE\" \/>\n<meta property=\"og:type\" content=\"article\" \/>\n<meta property=\"og:title\" content=\"Wahlniederlage frustet Berliner Neonazi-Szene - St\u00f6rungsmelder\" \/>\n<meta property=\"og:description\" content=\"Fraktions\u00fcbergreifend hat Berlins Neonaziszene den NPD-Wahlkampf gestemmt. Egal ob NPD-Kader, Aktivist aus dem Spektrum der Autonomen Nationalisten (AN), Rechtsrocker oder ehemalige Mitglieder der NPD-Abweichler vom Frontbann 24: Alle waren sie in den letzten Monaten auf Berlins Stra\u00dfen als Plakataufh\u00e4nger und Flugblattverteiler unterwegs. Auffallend ist, dass es in der Wahlkampfzeit kaum n\u00e4chtliche Anschl\u00e4ge auf den &#8222;politischen [&hellip;]\" \/>\n<meta property=\"og:url\" content=\"https:\/\/blog.zeit.de\/stoerungsmelder\/2011\/09\/28\/wahlniederlage-frustet-berliner-neonazi-szene_7230\" \/>\n<meta property=\"og:site_name\" content=\"St\u00f6rungsmelder\" \/>\n<meta property=\"article:published_time\" content=\"2011-09-28T07:00:03+00:00\" \/>\n<meta property=\"og:image\" content=\"https:\/\/blog.zeit.de\/stoerungsmelder\/files\/2011\/09\/npd_e.jpg\" \/>\n<meta name=\"author\" content=\"Fabian Kunow\" \/>\n<meta name=\"twitter:card\" content=\"summary_large_image\" \/>\n<meta name=\"twitter:label1\" content=\"Geschrieben von\" \/>\n\t<meta name=\"twitter:data1\" content=\"Fabian Kunow\" \/>\n\t<meta name=\"twitter:label2\" content=\"Gesch\u00e4tzte Lesezeit\" \/>\n\t<meta name=\"twitter:data2\" content=\"2\u00a0Minuten\" \/>\n<script type=\"application\/ld+json\" class=\"yoast-schema-graph\">{\"@context\":\"https:\/\/schema.org\",\"@graph\":[{\"@type\":\"WebPage\",\"@id\":\"https:\/\/blog.zeit.de\/stoerungsmelder\/2011\/09\/28\/wahlniederlage-frustet-berliner-neonazi-szene_7230\",\"url\":\"https:\/\/blog.zeit.de\/stoerungsmelder\/2011\/09\/28\/wahlniederlage-frustet-berliner-neonazi-szene_7230\",\"name\":\"Wahlniederlage frustet Berliner Neonazi-Szene - St\u00f6rungsmelder\",\"isPartOf\":{\"@id\":\"https:\/\/blog.zeit.de\/stoerungsmelder\/#website\"},\"datePublished\":\"2011-09-28T07:00:03+00:00\",\"dateModified\":\"2011-09-28T07:00:03+00:00\",\"author\":{\"@id\":\"https:\/\/blog.zeit.de\/stoerungsmelder\/#\/schema\/person\/686c0f1b023624d4a5fc183aeea54fe5\"},\"breadcrumb\":{\"@id\":\"https:\/\/blog.zeit.de\/stoerungsmelder\/2011\/09\/28\/wahlniederlage-frustet-berliner-neonazi-szene_7230#breadcrumb\"},\"inLanguage\":\"de\",\"potentialAction\":[{\"@type\":\"ReadAction\",\"target\":[\"https:\/\/blog.zeit.de\/stoerungsmelder\/2011\/09\/28\/wahlniederlage-frustet-berliner-neonazi-szene_7230\"]}]},{\"@type\":\"BreadcrumbList\",\"@id\":\"https:\/\/blog.zeit.de\/stoerungsmelder\/2011\/09\/28\/wahlniederlage-frustet-berliner-neonazi-szene_7230#breadcrumb\",\"itemListElement\":[{\"@type\":\"ListItem\",\"position\":1,\"name\":\"Startseite\",\"item\":\"https:\/\/blog.zeit.de\/stoerungsmelder\"},{\"@type\":\"ListItem\",\"position\":2,\"name\":\"Wahlniederlage frustet Berliner Neonazi-Szene\"}]},{\"@type\":\"WebSite\",\"@id\":\"https:\/\/blog.zeit.de\/stoerungsmelder\/#website\",\"url\":\"https:\/\/blog.zeit.de\/stoerungsmelder\/\",\"name\":\"St\u00f6rungsmelder\",\"description\":\"Recherchen und Analysen \u00fcber die extreme Rechte\",\"potentialAction\":[{\"@type\":\"SearchAction\",\"target\":{\"@type\":\"EntryPoint\",\"urlTemplate\":\"https:\/\/blog.zeit.de\/stoerungsmelder\/?s={search_term_string}\"},\"query-input\":\"required name=search_term_string\"}],\"inLanguage\":\"de\"},{\"@type\":\"Person\",\"@id\":\"https:\/\/blog.zeit.de\/stoerungsmelder\/#\/schema\/person\/686c0f1b023624d4a5fc183aeea54fe5\",\"name\":\"Fabian Kunow\",\"image\":{\"@type\":\"ImageObject\",\"inLanguage\":\"de\",\"@id\":\"https:\/\/blog.zeit.de\/stoerungsmelder\/#\/schema\/person\/image\/\",\"url\":\"https:\/\/secure.gravatar.com\/avatar\/43018aefc8bfcaadd6a43ca3a0b264eeb64ed92a101e0d742fa260071838275e?s=96&d=mm&r=pg\",\"contentUrl\":\"https:\/\/secure.gravatar.com\/avatar\/43018aefc8bfcaadd6a43ca3a0b264eeb64ed92a101e0d742fa260071838275e?s=96&d=mm&r=pg\",\"caption\":\"Fabian Kunow\"},\"url\":\"https:\/\/blog.zeit.de\/stoerungsmelder\/author\/fabian-kunow\"}]}<\/script>\n<!-- \/ Yoast SEO plugin. -->","yoast_head_json":{"title":"Wahlniederlage frustet Berliner Neonazi-Szene - St\u00f6rungsmelder","robots":{"index":"index","follow":"follow","max-snippet":"max-snippet:-1","max-image-preview":"max-image-preview:large","max-video-preview":"max-video-preview:-1"},"canonical":"https:\/\/blog.zeit.de\/stoerungsmelder\/2011\/09\/28\/wahlniederlage-frustet-berliner-neonazi-szene_7230","og_locale":"de_DE","og_type":"article","og_title":"Wahlniederlage frustet Berliner Neonazi-Szene - St\u00f6rungsmelder","og_description":"Fraktions\u00fcbergreifend hat Berlins Neonaziszene den NPD-Wahlkampf gestemmt. Egal ob NPD-Kader, Aktivist aus dem Spektrum der Autonomen Nationalisten (AN), Rechtsrocker oder ehemalige Mitglieder der NPD-Abweichler vom Frontbann 24: Alle waren sie in den letzten Monaten auf Berlins Stra\u00dfen als Plakataufh\u00e4nger und Flugblattverteiler unterwegs. Auffallend ist, dass es in der Wahlkampfzeit kaum n\u00e4chtliche Anschl\u00e4ge auf den &#8222;politischen [&hellip;]","og_url":"https:\/\/blog.zeit.de\/stoerungsmelder\/2011\/09\/28\/wahlniederlage-frustet-berliner-neonazi-szene_7230","og_site_name":"St\u00f6rungsmelder","article_published_time":"2011-09-28T07:00:03+00:00","og_image":[{"url":"https:\/\/blog.zeit.de\/stoerungsmelder\/files\/2011\/09\/npd_e.jpg"}],"author":"Fabian Kunow","twitter_card":"summary_large_image","twitter_misc":{"Geschrieben von":"Fabian Kunow","Gesch\u00e4tzte Lesezeit":"2\u00a0Minuten"},"schema":{"@context":"https:\/\/schema.org","@graph":[{"@type":"WebPage","@id":"https:\/\/blog.zeit.de\/stoerungsmelder\/2011\/09\/28\/wahlniederlage-frustet-berliner-neonazi-szene_7230","url":"https:\/\/blog.zeit.de\/stoerungsmelder\/2011\/09\/28\/wahlniederlage-frustet-berliner-neonazi-szene_7230","name":"Wahlniederlage frustet Berliner Neonazi-Szene - St\u00f6rungsmelder","isPartOf":{"@id":"https:\/\/blog.zeit.de\/stoerungsmelder\/#website"},"datePublished":"2011-09-28T07:00:03+00:00","dateModified":"2011-09-28T07:00:03+00:00","author":{"@id":"https:\/\/blog.zeit.de\/stoerungsmelder\/#\/schema\/person\/686c0f1b023624d4a5fc183aeea54fe5"},"breadcrumb":{"@id":"https:\/\/blog.zeit.de\/stoerungsmelder\/2011\/09\/28\/wahlniederlage-frustet-berliner-neonazi-szene_7230#breadcrumb"},"inLanguage":"de","potentialAction":[{"@type":"ReadAction","target":["https:\/\/blog.zeit.de\/stoerungsmelder\/2011\/09\/28\/wahlniederlage-frustet-berliner-neonazi-szene_7230"]}]},{"@type":"BreadcrumbList","@id":"https:\/\/blog.zeit.de\/stoerungsmelder\/2011\/09\/28\/wahlniederlage-frustet-berliner-neonazi-szene_7230#breadcrumb","itemListElement":[{"@type":"ListItem","position":1,"name":"Startseite","item":"https:\/\/blog.zeit.de\/stoerungsmelder"},{"@type":"ListItem","position":2,"name":"Wahlniederlage frustet Berliner Neonazi-Szene"}]},{"@type":"WebSite","@id":"https:\/\/blog.zeit.de\/stoerungsmelder\/#website","url":"https:\/\/blog.zeit.de\/stoerungsmelder\/","name":"St\u00f6rungsmelder","description":"Recherchen und Analysen \u00fcber die extreme Rechte","potentialAction":[{"@type":"SearchAction","target":{"@type":"EntryPoint","urlTemplate":"https:\/\/blog.zeit.de\/stoerungsmelder\/?s={search_term_string}"},"query-input":"required name=search_term_string"}],"inLanguage":"de"},{"@type":"Person","@id":"https:\/\/blog.zeit.de\/stoerungsmelder\/#\/schema\/person\/686c0f1b023624d4a5fc183aeea54fe5","name":"Fabian Kunow","image":{"@type":"ImageObject","inLanguage":"de","@id":"https:\/\/blog.zeit.de\/stoerungsmelder\/#\/schema\/person\/image\/","url":"https:\/\/secure.gravatar.com\/avatar\/43018aefc8bfcaadd6a43ca3a0b264eeb64ed92a101e0d742fa260071838275e?s=96&d=mm&r=pg","contentUrl":"https:\/\/secure.gravatar.com\/avatar\/43018aefc8bfcaadd6a43ca3a0b264eeb64ed92a101e0d742fa260071838275e?s=96&d=mm&r=pg","caption":"Fabian Kunow"},"url":"https:\/\/blog.zeit.de\/stoerungsmelder\/author\/fabian-kunow"}]}},"jetpack_featured_media_url":"","jetpack_sharing_enabled":true,"_links":{"self":[{"href":"https:\/\/blog.zeit.de\/stoerungsmelder\/wp-json\/wp\/v2\/posts\/7230","targetHints":{"allow":["GET"]}}],"collection":[{"href":"https:\/\/blog.zeit.de\/stoerungsmelder\/wp-json\/wp\/v2\/posts"}],"about":[{"href":"https:\/\/blog.zeit.de\/stoerungsmelder\/wp-json\/wp\/v2\/types\/post"}],"author":[{"embeddable":true,"href":"https:\/\/blog.zeit.de\/stoerungsmelder\/wp-json\/wp\/v2\/users\/258"}],"replies":[{"embeddable":true,"href":"https:\/\/blog.zeit.de\/stoerungsmelder\/wp-json\/wp\/v2\/comments?post=7230"}],"version-history":[{"count":1,"href":"https:\/\/blog.zeit.de\/stoerungsmelder\/wp-json\/wp\/v2\/posts\/7230\/revisions"}],"predecessor-version":[{"id":7231,"href":"https:\/\/blog.zeit.de\/stoerungsmelder\/wp-json\/wp\/v2\/posts\/7230\/revisions\/7231"}],"wp:attachment":[{"href":"https:\/\/blog.zeit.de\/stoerungsmelder\/wp-json\/wp\/v2\/media?parent=7230"}],"wp:term":[{"taxonomy":"category","embeddable":true,"href":"https:\/\/blog.zeit.de\/stoerungsmelder\/wp-json\/wp\/v2\/categories?post=7230"},{"taxonomy":"post_tag","embeddable":true,"href":"https:\/\/blog.zeit.de\/stoerungsmelder\/wp-json\/wp\/v2\/tags?post=7230"}],"curies":[{"name":"wp","href":"https:\/\/api.w.org\/{rel}","templated":true}]}}